{"id":28333,"date":"2016-11-25T18:50:46","date_gmt":"2016-11-26T00:50:46","guid":{"rendered":"http:\/\/www.lospoliticosveracruz.com.mx\/?p=28333"},"modified":"2016-11-25T18:50:46","modified_gmt":"2016-11-26T00:50:46","slug":"urge-que-caiga-la-lana-a-municipios","status":"publish","type":"post","link":"https:\/\/lospoliticosveracruz.com\/?p=28333","title":{"rendered":"\u00a1Urge que caiga la lana a municipios!"},"content":{"rendered":"<p>Sabemos que hay muchos compromisos por parte de la administraci\u00f3n estatal, pero el adeudo con los municipios debe de ser prioritario, porque los Ayuntamientos tienen a su cargo los servicios p\u00fablicos, como limpia, alumbrado, distribuci\u00f3n de agua potable, seguridad, entre muchos otros, que deben de ser atendidos, as\u00ed lo expres\u00f3 el alcalde Am\u00e9rico Z\u00fa\u00f1iga Mart\u00ednez.<\/p>\n<p>Entrevistado sobre la reuni\u00f3n de alcaldes sostenida con el gobernador Flavino R\u00edos Alvarado este jueves, explic\u00f3 que le exigieron al jefe del ejecutivo estatal que, antes de que se vaya, se reconozcan formalmente y por escrito los adeudos que se tienen con los 212 municipios, porque este es un adeudo institucional, producto de aportaciones, participaciones y convenios espec\u00edficos entre los gobiernos municipales y la federaci\u00f3n.<\/p>\n<p>\u201cEn la minuta de trabajo firmada por el Ejecutivo estatal y la Secretaria de Finanzas y Planeaci\u00f3n, Clementina Guerrero Garc\u00eda, se acord\u00f3 que antes del d\u00eda lunes 28 de noviembre nos estar\u00e1 entregando este documento, mismo que nos permitir\u00e1 seguir con esta lucha por el rescate de los fondos que no se ministraron a los Ayuntamientos\u201d.<\/p>\n<p>Z\u00fa\u00f1iga Mart\u00ednez explic\u00f3 que estuvieron presentes cerca de 70 presidentes municipales de diferentes partidos pol\u00edticos, quienes representan casi al 70 por ciento de la poblaci\u00f3n veracruzana, para solicitar al Gobierno del Estado que busque los mecanismos financieros necesarios para cubrir los adeudos con los212 ayuntamientos, porque esta situaci\u00f3n tiene a muchos municipios trabajando en circunstancias adversas.<\/p>\n<p>No hemos solicitado un rescate ni un pr\u00e9stamo, sino el adelanto de las participaciones federales del gobierno del estado, para cubrir el pago de los m\u00e1s de 3 mil millones que se adeudan a los municipios, aclar\u00f3.<\/p>\n<p>Asimismo, puntualiz\u00f3, demandamos el dep\u00f3sito inmediato de 138 millones de pesos de los remanentes de la bursatilizaci\u00f3n y la distribuci\u00f3n del fondo de hidrocarburos al que han accedido muchos municipios, as\u00ed como del Subsidio para el Fortalecimiento de la Seguridad P\u00fablica (Fortaseg), mismos que recientemente fueron entregados a la Secretar\u00eda de Finanzas y Planeaci\u00f3n (Sefiplan) y que no han sido dispersados a los municipios.<\/p>\n<p>Esto es de gran urgencia, porque muchos de estos fondos tienen que invertirse antes de que acabe el a\u00f1o y de no hacerlo as\u00ed, la federaci\u00f3n pedir\u00e1 esos recursos de vuelta, coment\u00f3.<\/p>\n","protected":false},"excerpt":{"rendered":"<p>Sabemos que hay muchos compromisos por parte de la administraci\u00f3n estatal, pero el adeudo con los municipios debe de ser prioritario, porque los Ayuntamientos tienen a su cargo los servicios p\u00fablicos, como limpia, alumbrado, distribuci\u00f3n de agua potable, seguridad, entre muchos otros, que deben de ser atendidos, as\u00ed lo expres\u00f3 el alcalde Am\u00e9rico Z\u00fa\u00f1iga Mart\u00ednez. [&hellip;]<\/p>\n","protected":false},"author":2,"featured_media":0,"comment_status":"open","ping_status":"open","sticky":false,"template":"","format":"standard","meta":{"tdm_status":"","tdm_grid_status":"","footnotes":""},"categories":[73],"tags":[483,6801,1761,6802],"class_list":{"0":"post-28333","1":"post","2":"type-post","3":"status-publish","4":"format-standard","6":"category-de-boleto","7":"tag-americo-zuniga","8":"tag-deudas-municipios","9":"tag-flavino-rios","10":"tag-fortaseg"},"yoast_head":"<!-- This site is optimized with the Yoast SEO plugin v27.4 - https:\/\/yoast.com\/product\/yoast-seo-wordpress\/ -->\n<title>\u00a1Urge que caiga la lana a municipios! - Los pol\u00edticos Veracruz<\/title>\n<meta name=\"robots\" content=\"index, follow, max-snippet:-1, max-image-preview:large, max-video-preview:-1\" \/>\n<link rel=\"canonical\" href=\"https:\/\/lospoliticosveracruz.com\/?p=28333\" \/>\n<meta property=\"og:locale\" content=\"es_ES\" \/>\n<meta property=\"og:type\" content=\"article\" \/>\n<meta property=\"og:title\" content=\"\u00a1Urge que caiga la lana a municipios! - Los pol\u00edticos Veracruz\" \/>\n<meta property=\"og:description\" content=\"Sabemos que hay muchos compromisos por parte de la administraci\u00f3n estatal, pero el adeudo con los municipios debe de ser prioritario, porque los Ayuntamientos tienen a su cargo los servicios p\u00fablicos, como limpia, alumbrado, distribuci\u00f3n de agua potable, seguridad, entre muchos otros, que deben de ser atendidos, as\u00ed lo expres\u00f3 el alcalde Am\u00e9rico Z\u00fa\u00f1iga Mart\u00ednez. [&hellip;]\" \/>\n<meta property=\"og:url\" content=\"https:\/\/lospoliticosveracruz.com\/?p=28333\" \/>\n<meta property=\"og:site_name\" content=\"Los pol\u00edticos Veracruz\" \/>\n<meta property=\"article:publisher\" content=\"https:\/\/www.facebook.com\/people\/Notimemes-de-los-Polticos\/61565672886568\/\" \/>\n<meta property=\"article:published_time\" content=\"2016-11-26T00:50:46+00:00\" \/>\n<meta property=\"og:image\" content=\"https:\/\/lospoliticosveracruz.com\/wp-content\/uploads\/2016\/07\/Logo-Dor.jpg\" \/>\n\t<meta property=\"og:image:width\" content=\"200\" \/>\n\t<meta property=\"og:image:height\" content=\"200\" \/>\n\t<meta property=\"og:image:type\" content=\"image\/jpeg\" \/>\n<meta name=\"author\" content=\"Lo viste en Los Pol\u00edticos\" \/>\n<meta name=\"twitter:card\" content=\"summary_large_image\" \/>\n<meta name=\"twitter:creator\" content=\"@LosPoliticosVer\" \/>\n<meta name=\"twitter:site\" content=\"@LosPoliticosVer\" \/>\n<meta name=\"twitter:label1\" content=\"Escrito por\" \/>\n\t<meta name=\"twitter:data1\" content=\"Lo viste en Los Pol\u00edticos\" \/>\n\t<meta name=\"twitter:label2\" content=\"Tiempo de lectura\" \/>\n\t<meta name=\"twitter:data2\" content=\"2 minutos\" \/>\n<script type=\"application\/ld+json\" class=\"yoast-schema-graph\">{\"@context\":\"https:\\\/\\\/schema.org\",\"@graph\":[{\"@type\":\"Article\",\"@id\":\"https:\\\/\\\/lospoliticosveracruz.com\\\/?p=28333#article\",\"isPartOf\":{\"@id\":\"https:\\\/\\\/lospoliticosveracruz.com\\\/?p=28333\"},\"author\":{\"name\":\"Lo viste en Los Pol\u00edticos\",\"@id\":\"https:\\\/\\\/lospoliticosveracruz.com\\\/#\\\/schema\\\/person\\\/b8702bb0e538456e6efd07080bf2a4a2\"},\"headline\":\"\u00a1Urge que caiga la lana a municipios!\",\"datePublished\":\"2016-11-26T00:50:46+00:00\",\"mainEntityOfPage\":{\"@id\":\"https:\\\/\\\/lospoliticosveracruz.com\\\/?p=28333\"},\"wordCount\":394,\"commentCount\":0,\"publisher\":{\"@id\":\"https:\\\/\\\/lospoliticosveracruz.com\\\/#organization\"},\"keywords\":[\"Am\u00e9rico Z\u00fa\u00f1iga\",\"Deudas municipios\",\"Flavino R\u00edos\",\"Fortaseg\"],\"articleSection\":[\"De Boleto\"],\"inLanguage\":\"es\",\"potentialAction\":[{\"@type\":\"CommentAction\",\"name\":\"Comment\",\"target\":[\"https:\\\/\\\/lospoliticosveracruz.com\\\/?p=28333#respond\"]}]},{\"@type\":\"WebPage\",\"@id\":\"https:\\\/\\\/lospoliticosveracruz.com\\\/?p=28333\",\"url\":\"https:\\\/\\\/lospoliticosveracruz.com\\\/?p=28333\",\"name\":\"\u00a1Urge que caiga la lana a municipios! - Los pol\u00edticos Veracruz\",\"isPartOf\":{\"@id\":\"https:\\\/\\\/lospoliticosveracruz.com\\\/#website\"},\"datePublished\":\"2016-11-26T00:50:46+00:00\",\"breadcrumb\":{\"@id\":\"https:\\\/\\\/lospoliticosveracruz.com\\\/?p=28333#breadcrumb\"},\"inLanguage\":\"es\",\"potentialAction\":[{\"@type\":\"ReadAction\",\"target\":[\"https:\\\/\\\/lospoliticosveracruz.com\\\/?p=28333\"]}]},{\"@type\":\"BreadcrumbList\",\"@id\":\"https:\\\/\\\/lospoliticosveracruz.com\\\/?p=28333#breadcrumb\",\"itemListElement\":[{\"@type\":\"ListItem\",\"position\":1,\"name\":\"Portada\",\"item\":\"https:\\\/\\\/lospoliticosveracruz.com\\\/\"},{\"@type\":\"ListItem\",\"position\":2,\"name\":\"\u00a1Urge que caiga la lana a municipios!\"}]},{\"@type\":\"WebSite\",\"@id\":\"https:\\\/\\\/lospoliticosveracruz.com\\\/#website\",\"url\":\"https:\\\/\\\/lospoliticosveracruz.com\\\/\",\"name\":\"Los pol\u00edticos Veracruz\",\"description\":\"\",\"publisher\":{\"@id\":\"https:\\\/\\\/lospoliticosveracruz.com\\\/#organization\"},\"potentialAction\":[{\"@type\":\"SearchAction\",\"target\":{\"@type\":\"EntryPoint\",\"urlTemplate\":\"https:\\\/\\\/lospoliticosveracruz.com\\\/?s={search_term_string}\"},\"query-input\":{\"@type\":\"PropertyValueSpecification\",\"valueRequired\":true,\"valueName\":\"search_term_string\"}}],\"inLanguage\":\"es\"},{\"@type\":\"Organization\",\"@id\":\"https:\\\/\\\/lospoliticosveracruz.com\\\/#organization\",\"name\":\"Los pol\u00edticos Veracruz\",\"url\":\"https:\\\/\\\/lospoliticosveracruz.com\\\/\",\"logo\":{\"@type\":\"ImageObject\",\"inLanguage\":\"es\",\"@id\":\"https:\\\/\\\/lospoliticosveracruz.com\\\/#\\\/schema\\\/logo\\\/image\\\/\",\"url\":\"https:\\\/\\\/lospoliticosveracruz.com\\\/wp-content\\\/uploads\\\/2025\\\/12\\\/Logo-Nuevo-LOS-POLITICOS-1.jpg\",\"contentUrl\":\"https:\\\/\\\/lospoliticosveracruz.com\\\/wp-content\\\/uploads\\\/2025\\\/12\\\/Logo-Nuevo-LOS-POLITICOS-1.jpg\",\"width\":260,\"height\":70,\"caption\":\"Los pol\u00edticos Veracruz\"},\"image\":{\"@id\":\"https:\\\/\\\/lospoliticosveracruz.com\\\/#\\\/schema\\\/logo\\\/image\\\/\"},\"sameAs\":[\"https:\\\/\\\/www.facebook.com\\\/people\\\/Notimemes-de-los-Polticos\\\/61565672886568\\\/\",\"https:\\\/\\\/x.com\\\/LosPoliticosVer\"]},{\"@type\":\"Person\",\"@id\":\"https:\\\/\\\/lospoliticosveracruz.com\\\/#\\\/schema\\\/person\\\/b8702bb0e538456e6efd07080bf2a4a2\",\"name\":\"Lo viste en Los Pol\u00edticos\",\"image\":{\"@type\":\"ImageObject\",\"inLanguage\":\"es\",\"@id\":\"https:\\\/\\\/secure.gravatar.com\\\/avatar\\\/3a8de04a2656d44082be478bd6c086daa447c4651605818287b9532d3d0bd435?s=96&d=mm&r=g\",\"url\":\"https:\\\/\\\/secure.gravatar.com\\\/avatar\\\/3a8de04a2656d44082be478bd6c086daa447c4651605818287b9532d3d0bd435?s=96&d=mm&r=g\",\"contentUrl\":\"https:\\\/\\\/secure.gravatar.com\\\/avatar\\\/3a8de04a2656d44082be478bd6c086daa447c4651605818287b9532d3d0bd435?s=96&d=mm&r=g\",\"caption\":\"Lo viste en Los Pol\u00edticos\"},\"url\":\"https:\\\/\\\/lospoliticosveracruz.com\\\/?author=2\"}]}<\/script>\n<!-- \/ Yoast SEO plugin. -->","yoast_head_json":{"title":"\u00a1Urge que caiga la lana a municipios! - Los pol\u00edticos Veracruz","robots":{"index":"index","follow":"follow","max-snippet":"max-snippet:-1","max-image-preview":"max-image-preview:large","max-video-preview":"max-video-preview:-1"},"canonical":"https:\/\/lospoliticosveracruz.com\/?p=28333","og_locale":"es_ES","og_type":"article","og_title":"\u00a1Urge que caiga la lana a municipios! - Los pol\u00edticos Veracruz","og_description":"Sabemos que hay muchos compromisos por parte de la administraci\u00f3n estatal, pero el adeudo con los municipios debe de ser prioritario, porque los Ayuntamientos tienen a su cargo los servicios p\u00fablicos, como limpia, alumbrado, distribuci\u00f3n de agua potable, seguridad, entre muchos otros, que deben de ser atendidos, as\u00ed lo expres\u00f3 el alcalde Am\u00e9rico Z\u00fa\u00f1iga Mart\u00ednez. [&hellip;]","og_url":"https:\/\/lospoliticosveracruz.com\/?p=28333","og_site_name":"Los pol\u00edticos Veracruz","article_publisher":"https:\/\/www.facebook.com\/people\/Notimemes-de-los-Polticos\/61565672886568\/","article_published_time":"2016-11-26T00:50:46+00:00","og_image":[{"width":200,"height":200,"url":"https:\/\/lospoliticosveracruz.com\/wp-content\/uploads\/2016\/07\/Logo-Dor.jpg","type":"image\/jpeg"}],"author":"Lo viste en Los Pol\u00edticos","twitter_card":"summary_large_image","twitter_creator":"@LosPoliticosVer","twitter_site":"@LosPoliticosVer","twitter_misc":{"Escrito por":"Lo viste en Los Pol\u00edticos","Tiempo de lectura":"2 minutos"},"schema":{"@context":"https:\/\/schema.org","@graph":[{"@type":"Article","@id":"https:\/\/lospoliticosveracruz.com\/?p=28333#article","isPartOf":{"@id":"https:\/\/lospoliticosveracruz.com\/?p=28333"},"author":{"name":"Lo viste en Los Pol\u00edticos","@id":"https:\/\/lospoliticosveracruz.com\/#\/schema\/person\/b8702bb0e538456e6efd07080bf2a4a2"},"headline":"\u00a1Urge que caiga la lana a municipios!","datePublished":"2016-11-26T00:50:46+00:00","mainEntityOfPage":{"@id":"https:\/\/lospoliticosveracruz.com\/?p=28333"},"wordCount":394,"commentCount":0,"publisher":{"@id":"https:\/\/lospoliticosveracruz.com\/#organization"},"keywords":["Am\u00e9rico Z\u00fa\u00f1iga","Deudas municipios","Flavino R\u00edos","Fortaseg"],"articleSection":["De Boleto"],"inLanguage":"es","potentialAction":[{"@type":"CommentAction","name":"Comment","target":["https:\/\/lospoliticosveracruz.com\/?p=28333#respond"]}]},{"@type":"WebPage","@id":"https:\/\/lospoliticosveracruz.com\/?p=28333","url":"https:\/\/lospoliticosveracruz.com\/?p=28333","name":"\u00a1Urge que caiga la lana a municipios! - Los pol\u00edticos Veracruz","isPartOf":{"@id":"https:\/\/lospoliticosveracruz.com\/#website"},"datePublished":"2016-11-26T00:50:46+00:00","breadcrumb":{"@id":"https:\/\/lospoliticosveracruz.com\/?p=28333#breadcrumb"},"inLanguage":"es","potentialAction":[{"@type":"ReadAction","target":["https:\/\/lospoliticosveracruz.com\/?p=28333"]}]},{"@type":"BreadcrumbList","@id":"https:\/\/lospoliticosveracruz.com\/?p=28333#breadcrumb","itemListElement":[{"@type":"ListItem","position":1,"name":"Portada","item":"https:\/\/lospoliticosveracruz.com\/"},{"@type":"ListItem","position":2,"name":"\u00a1Urge que caiga la lana a municipios!"}]},{"@type":"WebSite","@id":"https:\/\/lospoliticosveracruz.com\/#website","url":"https:\/\/lospoliticosveracruz.com\/","name":"Los pol\u00edticos Veracruz","description":"","publisher":{"@id":"https:\/\/lospoliticosveracruz.com\/#organization"},"potentialAction":[{"@type":"SearchAction","target":{"@type":"EntryPoint","urlTemplate":"https:\/\/lospoliticosveracruz.com\/?s={search_term_string}"},"query-input":{"@type":"PropertyValueSpecification","valueRequired":true,"valueName":"search_term_string"}}],"inLanguage":"es"},{"@type":"Organization","@id":"https:\/\/lospoliticosveracruz.com\/#organization","name":"Los pol\u00edticos Veracruz","url":"https:\/\/lospoliticosveracruz.com\/","logo":{"@type":"ImageObject","inLanguage":"es","@id":"https:\/\/lospoliticosveracruz.com\/#\/schema\/logo\/image\/","url":"https:\/\/lospoliticosveracruz.com\/wp-content\/uploads\/2025\/12\/Logo-Nuevo-LOS-POLITICOS-1.jpg","contentUrl":"https:\/\/lospoliticosveracruz.com\/wp-content\/uploads\/2025\/12\/Logo-Nuevo-LOS-POLITICOS-1.jpg","width":260,"height":70,"caption":"Los pol\u00edticos Veracruz"},"image":{"@id":"https:\/\/lospoliticosveracruz.com\/#\/schema\/logo\/image\/"},"sameAs":["https:\/\/www.facebook.com\/people\/Notimemes-de-los-Polticos\/61565672886568\/","https:\/\/x.com\/LosPoliticosVer"]},{"@type":"Person","@id":"https:\/\/lospoliticosveracruz.com\/#\/schema\/person\/b8702bb0e538456e6efd07080bf2a4a2","name":"Lo viste en Los Pol\u00edticos","image":{"@type":"ImageObject","inLanguage":"es","@id":"https:\/\/secure.gravatar.com\/avatar\/3a8de04a2656d44082be478bd6c086daa447c4651605818287b9532d3d0bd435?s=96&d=mm&r=g","url":"https:\/\/secure.gravatar.com\/avatar\/3a8de04a2656d44082be478bd6c086daa447c4651605818287b9532d3d0bd435?s=96&d=mm&r=g","contentUrl":"https:\/\/secure.gravatar.com\/avatar\/3a8de04a2656d44082be478bd6c086daa447c4651605818287b9532d3d0bd435?s=96&d=mm&r=g","caption":"Lo viste en Los Pol\u00edticos"},"url":"https:\/\/lospoliticosveracruz.com\/?author=2"}]}},"_links":{"self":[{"href":"https:\/\/lospoliticosveracruz.com\/index.php?rest_route=\/wp\/v2\/posts\/28333","targetHints":{"allow":["GET"]}}],"collection":[{"href":"https:\/\/lospoliticosveracruz.com\/index.php?rest_route=\/wp\/v2\/posts"}],"about":[{"href":"https:\/\/lospoliticosveracruz.com\/index.php?rest_route=\/wp\/v2\/types\/post"}],"author":[{"embeddable":true,"href":"https:\/\/lospoliticosveracruz.com\/index.php?rest_route=\/wp\/v2\/users\/2"}],"replies":[{"embeddable":true,"href":"https:\/\/lospoliticosveracruz.com\/index.php?rest_route=%2Fwp%2Fv2%2Fcomments&post=28333"}],"version-history":[{"count":1,"href":"https:\/\/lospoliticosveracruz.com\/index.php?rest_route=\/wp\/v2\/posts\/28333\/revisions"}],"predecessor-version":[{"id":28336,"href":"https:\/\/lospoliticosveracruz.com\/index.php?rest_route=\/wp\/v2\/posts\/28333\/revisions\/28336"}],"wp:attachment":[{"href":"https:\/\/lospoliticosveracruz.com\/index.php?rest_route=%2Fwp%2Fv2%2Fmedia&parent=28333"}],"wp:term":[{"taxonomy":"category","embeddable":true,"href":"https:\/\/lospoliticosveracruz.com\/index.php?rest_route=%2Fwp%2Fv2%2Fcategories&post=28333"},{"taxonomy":"post_tag","embeddable":true,"href":"https:\/\/lospoliticosveracruz.com\/index.php?rest_route=%2Fwp%2Fv2%2Ftags&post=28333"}],"curies":[{"name":"wp","href":"https:\/\/api.w.org\/{rel}","templated":true}]}}