{"id":28360,"date":"2016-11-27T16:13:21","date_gmt":"2016-11-27T22:13:21","guid":{"rendered":"http:\/\/www.lospoliticosveracruz.com.mx\/?p=28360"},"modified":"2016-11-27T16:13:21","modified_gmt":"2016-11-27T22:13:21","slug":"el-largo-camino-por-recorrer","status":"publish","type":"post","link":"https:\/\/lospoliticosveracruz.com\/?p=28360","title":{"rendered":"EL LARGO CAMINO POR RECORRER"},"content":{"rendered":"<p><strong>Elena C\u00f3rdova<\/strong><\/p>\n<p><em>Luna Nueva<\/em><\/p>\n<p>&nbsp;<\/p>\n<p>&nbsp;<\/p>\n<p>Un d\u00eda m\u00e1s, una fecha m\u00e1s para recordar y celebrar -si es que es v\u00e1lida la palabra- nuevamente el 25 de noviembre que es el D\u00eda Internacional de la Violencia contra la Mujer. Mismo que desde 1981, donde la mayor\u00eda de los pa\u00edses latinoamericanos conmemora cada 25 de noviembre el d\u00eda contra la violencia de g\u00e9nero. Siendo los movimientos feministas de la regi\u00f3n, con una de las tasas m\u00e1s altas de violencia contra la mujer en aquellos a\u00f1os, las que acu\u00f1aron esta fecha en honor a las dominicanas Minerva, Patria y Mar\u00eda Teresa Mirabal, tres hermanas asesinadas el 25 de noviembre de 1960 por orden del dictador Rafael Le\u00f3nidas Trujillo, del que eran opositoras. A\u00f1os m\u00e1s tarde, en 1999, la ONU se sum\u00f3 a la jornada reivindicativa y declar\u00f3 cada 25 de noviembre D\u00eda Internacional para la Eliminaci\u00f3n de la Violencia contra la Mujer, en un merecido honor a las hermanas Mirabal.<\/p>\n<p>El fin de semana, en la soledad de mi viaje, en mi feliz retorno temporal a Xalapa por cuestiones laborales, en el camino, hago un breve recuento de lo que he visto y vivido hasta hoy en mi vida familiar y profesional; hace poco inmersa en la actividad pol\u00edtica y en el presente en el gobierno federal en un \u00e1rea que disfruto y aprendo, pues tiene mucho que ver con mis ra\u00edces: el campo.<\/p>\n<p>De mis gratas experiencias puedo platicar el valioso tiempo que he pasado al lado de valiosas y valientes mujeres productoras del campo; peque\u00f1as empresarias que con su tes\u00f3n, fuerza y habilidad han logrado construir un patrimonio familiar y empresarial. De ellas se aprende mucho y se comparten tiempos valiosos llenos de experiencias, buenas y malas. Y han sido estas importantes y destacadas mujeres mexicanas, de muchos estados de la rep\u00fablica, empresarias todas quienes tambi\u00e9n me han hablado de como la discriminaci\u00f3n -con cierto grado de violencia- que han sufrido en su trayecto de vida, mientras iban construyendo su empresa, su negocio. Tal y como lo he citado otras veces, estas experiencias de vida, estas historias de<\/p>\n<p>\u00e9xito no est\u00e1n exentas de sinsabores, e incre\u00edblemente, en algunos casos, estos l\u00edmites o restricciones no han sido en raz\u00f3n de su capacidad como personas, sino por el hecho, as\u00ed como lo lee y en pleno siglo XXI, por ser mujeres.<\/p>\n<p>A pesar de lo que se diga, no importante el nivel o sector social, siguen persistiendo tab\u00faes o formas de pensar de muchos varones en cuanto a las capacidades femeninas.<\/p>\n<p>Para muestra basta un bot\u00f3n, recientemente un alto funcionario federal no acepto adecuadamente la observaci\u00f3n que le hiciera una legisladora federal y sin m\u00e1s, se comport\u00f3 de una manera inadecuada en su respuesta, tal y como lo reconoci\u00f3 p\u00fablicamente tiempo m\u00e1s tarde.<\/p>\n<p>No es necesario entrar en debates inacabados sobre el comportamiento masculino en cuanto a la mujer en el terreno profesional. Es evidente que siguen persistiendo las conductas discriminatorias, de una forma m\u00e1s evidente en algunos casos, y este se da en un trato diferencial hacia las mujeres fundando en creencias, educaci\u00f3n o formaci\u00f3n de los varones durante su crecimiento personal, en su formaci\u00f3n pedag\u00f3gica. Cabe se\u00f1alar que la mayor\u00eda de estos perjuicios e ideas preconcebidas, surgen, como dicen los expertos \u201cen los reg\u00edmenes pol\u00edticos y al contexto cultural de cada pa\u00eds\u00bb. Curiosa e ir\u00f3nicamente -espero ser clara en mi idea- mientras m\u00e1s patanes, m\u00e1s varones nos agraden verbalmente y de manera p\u00fablica, gracias a los medios, a las redes sociales y dem\u00e1s mecanismos de difusi\u00f3n masiva, logramos destacar, ser vistas y m\u00e1s respetadas cada d\u00eda. En pocas palabras lo que antes era un signo de debilidad hoy se est\u00e1 convirtiendo en nuestra mejor fortaleza. No es una forma adecuada, lo reconozco, pero todo sea por seguir avanzando en el largo camino que falta por recorrer\u2026hasta llegar a la ansiada y justa igualdad de g\u00e9nero.<\/p>\n","protected":false},"excerpt":{"rendered":"<p>Elena C\u00f3rdova Luna Nueva &nbsp; &nbsp; Un d\u00eda m\u00e1s, una fecha m\u00e1s para recordar y celebrar -si es que es v\u00e1lida la palabra- nuevamente el 25 de noviembre que es el D\u00eda Internacional de la Violencia contra la Mujer. Mismo que desde 1981, donde la mayor\u00eda de los pa\u00edses latinoamericanos conmemora cada 25 de noviembre [&hellip;]<\/p>\n","protected":false},"author":2,"featured_media":0,"comment_status":"open","ping_status":"open","sticky":false,"template":"","format":"standard","meta":{"tdm_status":"","tdm_grid_status":"","footnotes":""},"categories":[70],"tags":[6807,4843,4190,4191,6808,4194],"class_list":{"0":"post-28360","1":"post","2":"type-post","3":"status-publish","4":"format-standard","6":"category-de-opinion","7":"tag-dia-internacional-de-la-violencia-contra-la-mujer","8":"tag-igualdad-de-genero","9":"tag-maria-teresa-mirabal","10":"tag-minerva-mirabal","11":"tag-patricia-mirabal","12":"tag-rafael-leonidas-trujillo"},"yoast_head":"<!-- This site is optimized with the Yoast SEO plugin v27.4 - https:\/\/yoast.com\/product\/yoast-seo-wordpress\/ -->\n<title>EL LARGO CAMINO POR RECORRER - Los pol\u00edticos Veracruz<\/title>\n<meta name=\"robots\" content=\"index, follow, max-snippet:-1, max-image-preview:large, max-video-preview:-1\" \/>\n<link rel=\"canonical\" href=\"https:\/\/lospoliticosveracruz.com\/?p=28360\" \/>\n<meta property=\"og:locale\" content=\"es_ES\" \/>\n<meta property=\"og:type\" content=\"article\" \/>\n<meta property=\"og:title\" content=\"EL LARGO CAMINO POR RECORRER - Los pol\u00edticos Veracruz\" \/>\n<meta property=\"og:description\" content=\"Elena C\u00f3rdova Luna Nueva &nbsp; &nbsp; Un d\u00eda m\u00e1s, una fecha m\u00e1s para recordar y celebrar -si es que es v\u00e1lida la palabra- nuevamente el 25 de noviembre que es el D\u00eda Internacional de la Violencia contra la Mujer. Mismo que desde 1981, donde la mayor\u00eda de los pa\u00edses latinoamericanos conmemora cada 25 de noviembre [&hellip;]\" \/>\n<meta property=\"og:url\" content=\"https:\/\/lospoliticosveracruz.com\/?p=28360\" \/>\n<meta property=\"og:site_name\" content=\"Los pol\u00edticos Veracruz\" \/>\n<meta property=\"article:publisher\" content=\"https:\/\/www.facebook.com\/people\/Notimemes-de-los-Polticos\/61565672886568\/\" \/>\n<meta property=\"article:published_time\" content=\"2016-11-27T22:13:21+00:00\" \/>\n<meta property=\"og:image\" content=\"https:\/\/lospoliticosveracruz.com\/wp-content\/uploads\/2016\/07\/Logo-Dor.jpg\" \/>\n\t<meta property=\"og:image:width\" content=\"200\" \/>\n\t<meta property=\"og:image:height\" content=\"200\" \/>\n\t<meta property=\"og:image:type\" content=\"image\/jpeg\" \/>\n<meta name=\"author\" content=\"Lo viste en Los Pol\u00edticos\" \/>\n<meta name=\"twitter:card\" content=\"summary_large_image\" \/>\n<meta name=\"twitter:creator\" content=\"@LosPoliticosVer\" \/>\n<meta name=\"twitter:site\" content=\"@LosPoliticosVer\" \/>\n<meta name=\"twitter:label1\" content=\"Escrito por\" \/>\n\t<meta name=\"twitter:data1\" content=\"Lo viste en Los Pol\u00edticos\" \/>\n\t<meta name=\"twitter:label2\" content=\"Tiempo de lectura\" \/>\n\t<meta name=\"twitter:data2\" content=\"3 minutos\" \/>\n<script type=\"application\/ld+json\" class=\"yoast-schema-graph\">{\"@context\":\"https:\\\/\\\/schema.org\",\"@graph\":[{\"@type\":\"Article\",\"@id\":\"https:\\\/\\\/lospoliticosveracruz.com\\\/?p=28360#article\",\"isPartOf\":{\"@id\":\"https:\\\/\\\/lospoliticosveracruz.com\\\/?p=28360\"},\"author\":{\"name\":\"Lo viste en Los Pol\u00edticos\",\"@id\":\"https:\\\/\\\/lospoliticosveracruz.com\\\/#\\\/schema\\\/person\\\/b8702bb0e538456e6efd07080bf2a4a2\"},\"headline\":\"EL LARGO CAMINO POR RECORRER\",\"datePublished\":\"2016-11-27T22:13:21+00:00\",\"mainEntityOfPage\":{\"@id\":\"https:\\\/\\\/lospoliticosveracruz.com\\\/?p=28360\"},\"wordCount\":700,\"commentCount\":0,\"publisher\":{\"@id\":\"https:\\\/\\\/lospoliticosveracruz.com\\\/#organization\"},\"keywords\":[\"D\u00eda Internacional de la Violencia contra la Mujer\",\"igualdad de g\u00e9nero\",\"Mar\u00eda Teresa Mirabal\",\"Minerva Mirabal\",\"Patricia Mirabal\",\"Rafael Le\u00f3nidas Trujillo\"],\"articleSection\":[\"De Opini\u00f3n\"],\"inLanguage\":\"es\",\"potentialAction\":[{\"@type\":\"CommentAction\",\"name\":\"Comment\",\"target\":[\"https:\\\/\\\/lospoliticosveracruz.com\\\/?p=28360#respond\"]}]},{\"@type\":\"WebPage\",\"@id\":\"https:\\\/\\\/lospoliticosveracruz.com\\\/?p=28360\",\"url\":\"https:\\\/\\\/lospoliticosveracruz.com\\\/?p=28360\",\"name\":\"EL LARGO CAMINO POR RECORRER - Los pol\u00edticos Veracruz\",\"isPartOf\":{\"@id\":\"https:\\\/\\\/lospoliticosveracruz.com\\\/#website\"},\"datePublished\":\"2016-11-27T22:13:21+00:00\",\"breadcrumb\":{\"@id\":\"https:\\\/\\\/lospoliticosveracruz.com\\\/?p=28360#breadcrumb\"},\"inLanguage\":\"es\",\"potentialAction\":[{\"@type\":\"ReadAction\",\"target\":[\"https:\\\/\\\/lospoliticosveracruz.com\\\/?p=28360\"]}]},{\"@type\":\"BreadcrumbList\",\"@id\":\"https:\\\/\\\/lospoliticosveracruz.com\\\/?p=28360#breadcrumb\",\"itemListElement\":[{\"@type\":\"ListItem\",\"position\":1,\"name\":\"Portada\",\"item\":\"https:\\\/\\\/lospoliticosveracruz.com\\\/\"},{\"@type\":\"ListItem\",\"position\":2,\"name\":\"EL LARGO CAMINO POR RECORRER\"}]},{\"@type\":\"WebSite\",\"@id\":\"https:\\\/\\\/lospoliticosveracruz.com\\\/#website\",\"url\":\"https:\\\/\\\/lospoliticosveracruz.com\\\/\",\"name\":\"Los pol\u00edticos Veracruz\",\"description\":\"\",\"publisher\":{\"@id\":\"https:\\\/\\\/lospoliticosveracruz.com\\\/#organization\"},\"potentialAction\":[{\"@type\":\"SearchAction\",\"target\":{\"@type\":\"EntryPoint\",\"urlTemplate\":\"https:\\\/\\\/lospoliticosveracruz.com\\\/?s={search_term_string}\"},\"query-input\":{\"@type\":\"PropertyValueSpecification\",\"valueRequired\":true,\"valueName\":\"search_term_string\"}}],\"inLanguage\":\"es\"},{\"@type\":\"Organization\",\"@id\":\"https:\\\/\\\/lospoliticosveracruz.com\\\/#organization\",\"name\":\"Los pol\u00edticos Veracruz\",\"url\":\"https:\\\/\\\/lospoliticosveracruz.com\\\/\",\"logo\":{\"@type\":\"ImageObject\",\"inLanguage\":\"es\",\"@id\":\"https:\\\/\\\/lospoliticosveracruz.com\\\/#\\\/schema\\\/logo\\\/image\\\/\",\"url\":\"https:\\\/\\\/lospoliticosveracruz.com\\\/wp-content\\\/uploads\\\/2025\\\/12\\\/Logo-Nuevo-LOS-POLITICOS-1.jpg\",\"contentUrl\":\"https:\\\/\\\/lospoliticosveracruz.com\\\/wp-content\\\/uploads\\\/2025\\\/12\\\/Logo-Nuevo-LOS-POLITICOS-1.jpg\",\"width\":260,\"height\":70,\"caption\":\"Los pol\u00edticos Veracruz\"},\"image\":{\"@id\":\"https:\\\/\\\/lospoliticosveracruz.com\\\/#\\\/schema\\\/logo\\\/image\\\/\"},\"sameAs\":[\"https:\\\/\\\/www.facebook.com\\\/people\\\/Notimemes-de-los-Polticos\\\/61565672886568\\\/\",\"https:\\\/\\\/x.com\\\/LosPoliticosVer\"]},{\"@type\":\"Person\",\"@id\":\"https:\\\/\\\/lospoliticosveracruz.com\\\/#\\\/schema\\\/person\\\/b8702bb0e538456e6efd07080bf2a4a2\",\"name\":\"Lo viste en Los Pol\u00edticos\",\"image\":{\"@type\":\"ImageObject\",\"inLanguage\":\"es\",\"@id\":\"https:\\\/\\\/secure.gravatar.com\\\/avatar\\\/3a8de04a2656d44082be478bd6c086daa447c4651605818287b9532d3d0bd435?s=96&d=mm&r=g\",\"url\":\"https:\\\/\\\/secure.gravatar.com\\\/avatar\\\/3a8de04a2656d44082be478bd6c086daa447c4651605818287b9532d3d0bd435?s=96&d=mm&r=g\",\"contentUrl\":\"https:\\\/\\\/secure.gravatar.com\\\/avatar\\\/3a8de04a2656d44082be478bd6c086daa447c4651605818287b9532d3d0bd435?s=96&d=mm&r=g\",\"caption\":\"Lo viste en Los Pol\u00edticos\"},\"url\":\"https:\\\/\\\/lospoliticosveracruz.com\\\/?author=2\"}]}<\/script>\n<!-- \/ Yoast SEO plugin. -->","yoast_head_json":{"title":"EL LARGO CAMINO POR RECORRER - Los pol\u00edticos Veracruz","robots":{"index":"index","follow":"follow","max-snippet":"max-snippet:-1","max-image-preview":"max-image-preview:large","max-video-preview":"max-video-preview:-1"},"canonical":"https:\/\/lospoliticosveracruz.com\/?p=28360","og_locale":"es_ES","og_type":"article","og_title":"EL LARGO CAMINO POR RECORRER - Los pol\u00edticos Veracruz","og_description":"Elena C\u00f3rdova Luna Nueva &nbsp; &nbsp; Un d\u00eda m\u00e1s, una fecha m\u00e1s para recordar y celebrar -si es que es v\u00e1lida la palabra- nuevamente el 25 de noviembre que es el D\u00eda Internacional de la Violencia contra la Mujer. Mismo que desde 1981, donde la mayor\u00eda de los pa\u00edses latinoamericanos conmemora cada 25 de noviembre [&hellip;]","og_url":"https:\/\/lospoliticosveracruz.com\/?p=28360","og_site_name":"Los pol\u00edticos Veracruz","article_publisher":"https:\/\/www.facebook.com\/people\/Notimemes-de-los-Polticos\/61565672886568\/","article_published_time":"2016-11-27T22:13:21+00:00","og_image":[{"width":200,"height":200,"url":"https:\/\/lospoliticosveracruz.com\/wp-content\/uploads\/2016\/07\/Logo-Dor.jpg","type":"image\/jpeg"}],"author":"Lo viste en Los Pol\u00edticos","twitter_card":"summary_large_image","twitter_creator":"@LosPoliticosVer","twitter_site":"@LosPoliticosVer","twitter_misc":{"Escrito por":"Lo viste en Los Pol\u00edticos","Tiempo de lectura":"3 minutos"},"schema":{"@context":"https:\/\/schema.org","@graph":[{"@type":"Article","@id":"https:\/\/lospoliticosveracruz.com\/?p=28360#article","isPartOf":{"@id":"https:\/\/lospoliticosveracruz.com\/?p=28360"},"author":{"name":"Lo viste en Los Pol\u00edticos","@id":"https:\/\/lospoliticosveracruz.com\/#\/schema\/person\/b8702bb0e538456e6efd07080bf2a4a2"},"headline":"EL LARGO CAMINO POR RECORRER","datePublished":"2016-11-27T22:13:21+00:00","mainEntityOfPage":{"@id":"https:\/\/lospoliticosveracruz.com\/?p=28360"},"wordCount":700,"commentCount":0,"publisher":{"@id":"https:\/\/lospoliticosveracruz.com\/#organization"},"keywords":["D\u00eda Internacional de la Violencia contra la Mujer","igualdad de g\u00e9nero","Mar\u00eda Teresa Mirabal","Minerva Mirabal","Patricia Mirabal","Rafael Le\u00f3nidas Trujillo"],"articleSection":["De Opini\u00f3n"],"inLanguage":"es","potentialAction":[{"@type":"CommentAction","name":"Comment","target":["https:\/\/lospoliticosveracruz.com\/?p=28360#respond"]}]},{"@type":"WebPage","@id":"https:\/\/lospoliticosveracruz.com\/?p=28360","url":"https:\/\/lospoliticosveracruz.com\/?p=28360","name":"EL LARGO CAMINO POR RECORRER - Los pol\u00edticos Veracruz","isPartOf":{"@id":"https:\/\/lospoliticosveracruz.com\/#website"},"datePublished":"2016-11-27T22:13:21+00:00","breadcrumb":{"@id":"https:\/\/lospoliticosveracruz.com\/?p=28360#breadcrumb"},"inLanguage":"es","potentialAction":[{"@type":"ReadAction","target":["https:\/\/lospoliticosveracruz.com\/?p=28360"]}]},{"@type":"BreadcrumbList","@id":"https:\/\/lospoliticosveracruz.com\/?p=28360#breadcrumb","itemListElement":[{"@type":"ListItem","position":1,"name":"Portada","item":"https:\/\/lospoliticosveracruz.com\/"},{"@type":"ListItem","position":2,"name":"EL LARGO CAMINO POR RECORRER"}]},{"@type":"WebSite","@id":"https:\/\/lospoliticosveracruz.com\/#website","url":"https:\/\/lospoliticosveracruz.com\/","name":"Los pol\u00edticos Veracruz","description":"","publisher":{"@id":"https:\/\/lospoliticosveracruz.com\/#organization"},"potentialAction":[{"@type":"SearchAction","target":{"@type":"EntryPoint","urlTemplate":"https:\/\/lospoliticosveracruz.com\/?s={search_term_string}"},"query-input":{"@type":"PropertyValueSpecification","valueRequired":true,"valueName":"search_term_string"}}],"inLanguage":"es"},{"@type":"Organization","@id":"https:\/\/lospoliticosveracruz.com\/#organization","name":"Los pol\u00edticos Veracruz","url":"https:\/\/lospoliticosveracruz.com\/","logo":{"@type":"ImageObject","inLanguage":"es","@id":"https:\/\/lospoliticosveracruz.com\/#\/schema\/logo\/image\/","url":"https:\/\/lospoliticosveracruz.com\/wp-content\/uploads\/2025\/12\/Logo-Nuevo-LOS-POLITICOS-1.jpg","contentUrl":"https:\/\/lospoliticosveracruz.com\/wp-content\/uploads\/2025\/12\/Logo-Nuevo-LOS-POLITICOS-1.jpg","width":260,"height":70,"caption":"Los pol\u00edticos Veracruz"},"image":{"@id":"https:\/\/lospoliticosveracruz.com\/#\/schema\/logo\/image\/"},"sameAs":["https:\/\/www.facebook.com\/people\/Notimemes-de-los-Polticos\/61565672886568\/","https:\/\/x.com\/LosPoliticosVer"]},{"@type":"Person","@id":"https:\/\/lospoliticosveracruz.com\/#\/schema\/person\/b8702bb0e538456e6efd07080bf2a4a2","name":"Lo viste en Los Pol\u00edticos","image":{"@type":"ImageObject","inLanguage":"es","@id":"https:\/\/secure.gravatar.com\/avatar\/3a8de04a2656d44082be478bd6c086daa447c4651605818287b9532d3d0bd435?s=96&d=mm&r=g","url":"https:\/\/secure.gravatar.com\/avatar\/3a8de04a2656d44082be478bd6c086daa447c4651605818287b9532d3d0bd435?s=96&d=mm&r=g","contentUrl":"https:\/\/secure.gravatar.com\/avatar\/3a8de04a2656d44082be478bd6c086daa447c4651605818287b9532d3d0bd435?s=96&d=mm&r=g","caption":"Lo viste en Los Pol\u00edticos"},"url":"https:\/\/lospoliticosveracruz.com\/?author=2"}]}},"_links":{"self":[{"href":"https:\/\/lospoliticosveracruz.com\/index.php?rest_route=\/wp\/v2\/posts\/28360","targetHints":{"allow":["GET"]}}],"collection":[{"href":"https:\/\/lospoliticosveracruz.com\/index.php?rest_route=\/wp\/v2\/posts"}],"about":[{"href":"https:\/\/lospoliticosveracruz.com\/index.php?rest_route=\/wp\/v2\/types\/post"}],"author":[{"embeddable":true,"href":"https:\/\/lospoliticosveracruz.com\/index.php?rest_route=\/wp\/v2\/users\/2"}],"replies":[{"embeddable":true,"href":"https:\/\/lospoliticosveracruz.com\/index.php?rest_route=%2Fwp%2Fv2%2Fcomments&post=28360"}],"version-history":[{"count":1,"href":"https:\/\/lospoliticosveracruz.com\/index.php?rest_route=\/wp\/v2\/posts\/28360\/revisions"}],"predecessor-version":[{"id":28363,"href":"https:\/\/lospoliticosveracruz.com\/index.php?rest_route=\/wp\/v2\/posts\/28360\/revisions\/28363"}],"wp:attachment":[{"href":"https:\/\/lospoliticosveracruz.com\/index.php?rest_route=%2Fwp%2Fv2%2Fmedia&parent=28360"}],"wp:term":[{"taxonomy":"category","embeddable":true,"href":"https:\/\/lospoliticosveracruz.com\/index.php?rest_route=%2Fwp%2Fv2%2Fcategories&post=28360"},{"taxonomy":"post_tag","embeddable":true,"href":"https:\/\/lospoliticosveracruz.com\/index.php?rest_route=%2Fwp%2Fv2%2Ftags&post=28360"}],"curies":[{"name":"wp","href":"https:\/\/api.w.org\/{rel}","templated":true}]}}