{"id":28453,"date":"2016-11-29T18:29:46","date_gmt":"2016-11-30T00:29:46","guid":{"rendered":"http:\/\/www.lospoliticosveracruz.com.mx\/?p=28453"},"modified":"2016-11-29T18:29:46","modified_gmt":"2016-11-30T00:29:46","slug":"la-pension-de-tula-y-su-salario","status":"publish","type":"post","link":"https:\/\/lospoliticosveracruz.com\/?p=28453","title":{"rendered":"La pensi\u00f3n de Tula y su salario"},"content":{"rendered":"<p class=\"x_m_8194547064093345372MsoNoSpacing\"><strong>Fanny Y\u00e9pez<u><\/u><u><\/u><\/strong><\/p>\n<p><em>La Columna<\/em><\/p>\n<div class=\"x_gmail_quote\">\n<div dir=\"ltr\">\n<div id=\"x_m_8194547064093345372divtagdefaultwrapper\" dir=\"ltr\">\n<p class=\"x_m_8194547064093345372MsoNoSpacing\">\n<p class=\"x_m_8194547064093345372MsoNoSpacing\"><u><\/u>\u00a0<u><\/u><\/p>\n<p class=\"x_m_8194547064093345372MsoNoSpacing\"><b><\/b>El problema de la secretaria de Finanzas y Planeaci\u00f3n, Clementina Guerrero Garc\u00eda se resuelve de manera muy f\u00e1cil, sencillamente suspendi\u00e9ndole el pago por jubilaci\u00f3n que le autorizaron en el mes de septiembre pasado.<u><\/u><u><\/u><\/p>\n<p class=\"x_m_8194547064093345372MsoNoSpacing\">Esa mensualidad de 76 mil 101 pesos la tendr\u00e1n que suspender, de acuerdo a la pol\u00edtica que lleva a cabo la Sefiplan y el Instituto de Pensiones del Estado, denominada Incompatibilidad de la percepci\u00f3n de una pensi\u00f3n con el desempe\u00f1o de cualquier cargo, empleo o comisi\u00f3n remunerados a cargo de los entes p\u00fablicos incorporados.<u><\/u><u><\/u><\/p>\n<p class=\"x_m_8194547064093345372MsoNoSpacing\">La otra soluci\u00f3n ser\u00eda que contin\u00fae con el pago de la jubilaci\u00f3n, pero renunciando al cargo que\u00a0 ostenta como secretaria de Finanzas y Planeaci\u00f3n.<u><\/u><u><\/u><\/p>\n<p class=\"x_m_8194547064093345372MsoNoSpacing\">Los sueldos de los secretarios, hasta hace dos meses, eran de 60 mil 540 pesos y el de gobernador era de 74 mil 938 pesos, supongo que as\u00ed contin\u00faan, es decir, la percepci\u00f3n de Clementina Guerrero como jubilada, es mayor que lo que se supone podr\u00eda estar ganando como titular de la Sefiplan.<u><\/u><u><\/u><\/p>\n<p class=\"x_m_8194547064093345372MsoNoSpacing\">Estas alternativas de soluci\u00f3n no me las estoy inventando, la propia dependencia que ella dirige y el IPE, se encargaron de localizar a aquellos jubilados que permanec\u00edan activos en alguna dependencia del gobierno estatal, les dieron a escoger entre esas dos opciones y muchos pidieron permiso al IPE, otros de plano renunciaron a la plaza en la que se ven\u00edan desempe\u00f1ando.<u><\/u><u><\/u><\/p>\n<p class=\"x_m_8194547064093345372MsoNoSpacing\">Tal vez la vocaci\u00f3n de servicio sea mayor en su interior y la se\u00f1ora Clementina prefiera ganar menos, para servirle a los veracruzanos con toda su capacidad, desde esas oficinas de la avenida Xalapa 301 en la Unidad del Bosque.<u><\/u><u><\/u><\/p>\n<p class=\"x_m_8194547064093345372MsoNoSpacing\">Se vale apostar.<u><\/u><u><\/u><\/p>\n<p class=\"x_m_8194547064093345372MsoNoSpacing\"><u><\/u>\u00a0<u><\/u><\/p>\n<p class=\"x_m_8194547064093345372MsoNoSpacing\"><b>Por culpa de un plant\u00f3n falleci\u00f3 una persona que necesitaba servicio m\u00e9dico<u><\/u><u><\/u><\/b><\/p>\n<p class=\"x_m_8194547064093345372MsoNoSpacing\">Los l\u00edderes de esas marchas y manifestaciones que se vienen presentando desde hace varias semanas en la ciudad de Xalapa, y otros puntos del estado, tendr\u00e1n que ir pensando en otras acciones, porque por obstruir el paso ayer por la tarde falleci\u00f3 una persona que esperaba la atenci\u00f3n de un m\u00e9dico, pero este no pudo llegar por un plant\u00f3n.<u><\/u><u><\/u><\/p>\n<p class=\"x_m_8194547064093345372MsoNoSpacing\">Otro caso se present\u00f3 por la noche, frente al vel\u00f3dromo, donde se suscit\u00f3 un conato de pleito entre los manifestantes del DIF y algunos automovilistas, por la misma situaci\u00f3n, no los dejaban pasar y todos llevaban prisa por asuntos personales.<u><\/u><u><\/u><\/p>\n<p class=\"x_m_8194547064093345372MsoNoSpacing\">No es malo que se manifiesten, incluso es un derecho que nos da la Constituci\u00f3n Pol\u00edtica, pero no es posible que se violen los derechos de otros y se puedan registrar situaciones como las que mencionamos.<u><\/u><u><\/u><\/p>\n<p class=\"x_m_8194547064093345372MsoNoSpacing\">Pueden optar por los \u201cbrazos ca\u00eddos\u201d y permanecer en sus centros de trabajo pero sin trabajar.<u><\/u><u><\/u><\/p>\n<p class=\"x_m_8194547064093345372MsoNoSpacing\">Buscar otros parques para ah\u00ed manifestarse, tal como lo hacen la Plaza Lerdo.<u><\/u><u><\/u><\/p>\n<p class=\"x_m_8194547064093345372MsoNoSpacing\">Lanzar llamados de apoyo a trav\u00e9s de las redes sociales.<u><\/u><u><\/u><\/p>\n<p class=\"x_m_8194547064093345372MsoNoSpacing\">Son muchas otras formas las que pueden utilizar y no perjudicar al resto de los ciudadanos, que no tenemos culpa de nada de esos atrasos en los pagos a los empleados y proveedores.<u><\/u><u><\/u><\/p>\n<p class=\"x_m_8194547064093345372MsoNoSpacing\"><u><\/u>\u00a0<u><\/u><\/p>\n<p class=\"x_m_8194547064093345372MsoNoSpacing\"><b>Descanse en paz Don Rafael Arroyo Ju\u00e1rez<u><\/u><u><\/u><\/b><\/p>\n<p class=\"x_m_8194547064093345372MsoNoSpacing\">La persona que falleci\u00f3 llevaba por nombre Rafael Arroyo Ju\u00e1rez, de 61 a\u00f1os de edad y se encontraba en su domicilio en la colonia Arroyo Blanco de esta ciudad, de repente se comenz\u00f3 a sentir mal y de inmediato llamaron al m\u00e9dico Javier Barba, pero por m\u00e1s velocidad con que se trasladaba para llegar hasta ese domicilio, un plant\u00f3n no se lo permiti\u00f3 y Don Rafael falleci\u00f3.<u><\/u><u><\/u><\/p>\n<p class=\"x_m_8194547064093345372MsoNoSpacing\">Es un momento amargo para toda la familia del finado y es necesario comentarlo en este espacio, porque igual podr\u00eda suscitarse otro caso similar y podr\u00eda tratarse de un familiar nuestro o de los mismos manifestantes, porque todos estamos expuestos a sufrir un malestar de ese tipo.<u><\/u><u><\/u><\/p>\n<p class=\"x_m_8194547064093345372MsoNoSpacing\">Con frecuencia hemos sabido de otros casos de mujeres embarazadas, que dan a luz a bordo de un transporte particular o p\u00fablico y ese tipo de situaciones es importante valorarlas.<u><\/u><u><\/u><\/p>\n<p class=\"x_m_8194547064093345372MsoNoSpacing\">Recomendable ser\u00eda que se nombrara un coordinador con criterio para que diera las facilidades a quien las solicitara, en este tipo de eventos para evitar llegar hasta esos extremos que ya estamos viviendo.<u><\/u><u><\/u><\/p>\n<p class=\"x_m_8194547064093345372MsoNoSpacing\">Quisi\u00e9ramos que a todos les pagaran lo que les adeudan, pero lamentablemente eso no est\u00e1 en nuestras manos y solo tenemos que esperar, a que las cosas se compongan en este estado y en otros estados del pa\u00eds.<u><\/u><u><\/u><\/p>\n<p class=\"x_m_8194547064093345372MsoNoSpacing\"><u><\/u>\u00a0<u><\/u><\/p>\n<p class=\"x_m_8194547064093345372MsoNoSpacing\"><b>La Rectora de la UV, Sara Ladr\u00f3n, podr\u00eda solicitar otro amparo<u><\/u><u><\/u><\/b><\/p>\n<p class=\"x_m_8194547064093345372MsoNoSpacing\">Otra vez el petate del muerto con la Rectora de la Universidad Veracruzana, Sara Ladr\u00f3n de Guevara, que amenaza con solicitar otro amparo en caso de que le reduzcan el presupuesto a la M\u00e1xima Casa de Estudios.<u><\/u><u><\/u><\/p>\n<p class=\"x_m_8194547064093345372MsoNoSpacing\">Ya va a depender del actual Congreso estatal la decisi\u00f3n y aquella promesa de dejar el 4 por ciento del presupuesto estatal para la Universidad, tambi\u00e9n va a ser otro tema, porque la idea no fue mala, lo dif\u00edcil va a ser poder cumplir con ese ofrecimiento.\u00a0<u><\/u><u><\/u><\/p>\n<p class=\"x_m_8194547064093345372MsoNoSpacing\">Lo cierto es que fueron precisamente los aliados pol\u00edticos de la Rectora PAN\/PRD quienes en la legislatura decidieron reducir el presupuesto a la Universidad Veracruzana, entonces donde quedo eso que \u201cel afecto en efectivo\u201d.\u00a0\u00a0\u00a0\u00a0\u00a0\u00a0<u><\/u><u><\/u><\/p>\n<p class=\"x_m_8194547064093345372MsoNoSpacing\">Nada dif\u00edcil ver de nueva cuenta esas megamarchas que ha encabezado la se\u00f1ora Rectora, para exigir que le paguen lo que seg\u00fan ella le corresponde la UV.<u><\/u><u><\/u><\/p>\n<p class=\"x_m_8194547064093345372MsoNoSpacing\">Tal vez no adopte esas medidas porque los tiempos y el gobierno cambiar\u00e1n este jueves, adem\u00e1s ya no andamos en campa\u00f1a pol\u00edtica, as\u00ed es que ya que no hay dinero, a lo mejor la convencen de que espere a que las cosas mejoren.<u><\/u><u><\/u><\/p>\n<p class=\"x_m_8194547064093345372MsoNoSpacing\">Solo es cuesti\u00f3n de ver c\u00f3mo se van a dar las cosas en esa Universidad Aut\u00f3noma de Veracruz, porque mucho de lo que se prometi\u00f3 hace cinco meses no se est\u00e1 cumpliendo y la Universidad no creo que sea la excepci\u00f3n.<u><\/u><u><\/u><\/p>\n<p class=\"x_m_8194547064093345372MsoNoSpacing\"><u><\/u>\u00a0<u><\/u><\/p>\n<p class=\"x_m_8194547064093345372MsoNoSpacing\"><b>Cuitl\u00e1huac Garc\u00eda sabe su cuento, es discreto pero constante<u><\/u><u><\/u><\/b><\/p>\n<p class=\"x_m_8194547064093345372MsoNoSpacing\">Quien se muestra tranquilo y jovial, saludando a la gente que se encuentra en el centro de Xalapa, es Cuitl\u00e1huac Garc\u00eda Jim\u00e9nez, el diputado federal que contin\u00faa haciendo presencia en distintos sitios de manera sencilla y sin comitiva.<u><\/u><u><\/u><\/p>\n<p class=\"x_m_8194547064093345372MsoNoSpacing\">Su estilo lo refuerza solamente con una sonrisa, d\u00e1ndoles la mano a todos los que se encuentra y que de inmediato lo identifican.<u><\/u><u><\/u><\/p>\n<p class=\"x_m_8194547064093345372MsoNoSpacing\">\u00c9l sabe su cuento, es discreto pero constante.<u><\/u><u><\/u><\/p>\n<p class=\"x_m_8194547064093345372MsoNoSpacing\">Su proyecto de llegar a la gubernatura no lo ha abandonado, por el contrario, sabe de la fuerza que hoy tiene con el real electorado, ese que se ha cansado de las siglas de los partidos tradicionales y esperan la oportunidad de desquitarse en las urnas.<u><\/u><u><\/u><\/p>\n<p class=\"x_m_8194547064093345372MsoNoSpacing\">Podr\u00eda apostar que no le interesa la alcald\u00eda, su visi\u00f3n va m\u00e1s all\u00e1, por eso su constancia y su presencia todas las veces que puede. Una campa\u00f1a silenciosa que ya est\u00e1 causando efecto. No lo pierdan de vista, puede dar la sorpresa en menos de dos a\u00f1os.<u><\/u><u><\/u><\/p>\n<p class=\"x_m_8194547064093345372MsoNoSpacing\"><u><\/u>\u00a0<u><\/u><\/p>\n<p class=\"x_m_8194547064093345372MsoNoSpacing\"><b>En manos de la legislatura la elecci\u00f3n del Fiscal<u><\/u><u><\/u><\/b><\/p>\n<p class=\"x_m_8194547064093345372MsoNoSpacing\">Tal parece que Jorge Winckler Ortiz, no tiene totalmente segura la titularidad de la Fiscal\u00eda del estado, aunque el ser primer visitador de este organismo judicial no le impide ser parte de los candidatos que comparecer\u00e1n ante el poder legislativo.\u00a0\u00a0\u00a0\u00a0\u00a0\u00a0\u00a0 \u00a0<u><\/u><u><\/u><\/p>\n<p class=\"x_m_8194547064093345372MsoNoSpacing\">La legislatura estatal tendr\u00e1 20 d\u00edas h\u00e1biles a partir del 1 de diciembre para integrar la terna de 10 candidatos para Titular de la Fiscal\u00eda General del estado.<u><\/u><u><\/u><\/p>\n<p class=\"x_m_8194547064093345372MsoNoSpacing\">Los 10 candidatos que aspiren a ocupar la Fiscal\u00eda de Veracruz deber\u00e1n comparecer ante la Legislatura estatal. El nuevo Fiscal requerir\u00e1 del voto de las dos terceras partes de los 50 diputados que integran el Congreso.<u><\/u><u><\/u><\/p>\n<p class=\"x_m_8194547064093345372MsoNoSpacing\">Aqu\u00ed es donde salta la liebre, \u00a0los 13 diputados de Movimiento de Regeneraci\u00f3n Nacional, quien ya anunciaron su rechazo a Winckler como posible titular de la Fiscal\u00eda podr\u00edan aliarse con la bancada priista que son 14 diputados con ello sumarian 27 votos en contra y con ello el protegido de Yunes Linares, no tendr\u00eda ninguna posibilidad de ocupar este organismo judicial. \u00a0\u00a0\u00a0\u00a0\u00a0\u00a0\u00a0<u><\/u><u><\/u><\/p>\n<p class=\"x_m_8194547064093345372MsoNoSpacing\">Si Congreso NO env\u00eda la lista o terna, el Gobernador propondr\u00e1 10 candidatos que deber\u00e1n ser votados en un plazo de 10 d\u00edas h\u00e1biles.<u><\/u><u><\/u><\/p>\n<p class=\"x_m_8194547064093345372MsoNoSpacing\">De no configurarse la lista o terna en los d\u00edas se\u00f1alados, el Gobernador designar\u00e1 libremente al nuevo Fiscal de Veracruz.<u><\/u><u><\/u><\/p>\n<p class=\"x_m_8194547064093345372MsoNoSpacing\">La interrogante que se crea entorno a este importante tema que si desde el palacio de gobierno se tirara l\u00ednea para que la mayor\u00eda de los diputados demoren la creaci\u00f3n de la terna o sea implementen t\u00e1cticas dilatoria en la elecci\u00f3n del pr\u00f3ximo Fiscal y con ello dejar libre el camino para que sea el ejecutivo el que lo designe. \u00a0\u00a0\u00a0<u><\/u><u><\/u><\/p>\n<p class=\"x_m_8194547064093345372MsoNoSpacing\">Otro tema que ha se criticado es que Jorge Winckler es abogado de las familias Yunes Linares y Yunes M\u00e1rquez y como en la fiscal\u00eda se siguen desahogando denuncias en contra de estos personajes, se convertir\u00eda en juez y parte. H\u00e1game usted el favor , cual equidad y cual justicia.<\/p>\n<\/div>\n<\/div>\n<\/div>\n","protected":false},"excerpt":{"rendered":"<p>Fanny Y\u00e9pez La Columna \u00a0 El problema de la secretaria de Finanzas y Planeaci\u00f3n, Clementina Guerrero Garc\u00eda se resuelve de manera muy f\u00e1cil, sencillamente suspendi\u00e9ndole el pago por jubilaci\u00f3n que le autorizaron en el mes de septiembre pasado. Esa mensualidad de 76 mil 101 pesos la tendr\u00e1n que suspender, de acuerdo a la pol\u00edtica que [&hellip;]<\/p>\n","protected":false},"author":2,"featured_media":0,"comment_status":"open","ping_status":"open","sticky":false,"template":"","format":"standard","meta":{"tdm_status":"","tdm_grid_status":"","footnotes":""},"categories":[70],"tags":[1277,3236,640],"class_list":{"0":"post-28453","1":"post","2":"type-post","3":"status-publish","4":"format-standard","6":"category-de-opinion","7":"tag-clementina-guerrero","8":"tag-pension","9":"tag-sefiplan"},"yoast_head":"<!-- This site is optimized with the Yoast SEO plugin v27.4 - https:\/\/yoast.com\/product\/yoast-seo-wordpress\/ -->\n<title>La pensi\u00f3n de Tula y su salario - Los pol\u00edticos Veracruz<\/title>\n<meta name=\"robots\" content=\"index, follow, max-snippet:-1, max-image-preview:large, max-video-preview:-1\" \/>\n<link rel=\"canonical\" href=\"https:\/\/lospoliticosveracruz.com\/?p=28453\" \/>\n<meta property=\"og:locale\" content=\"es_ES\" \/>\n<meta property=\"og:type\" content=\"article\" \/>\n<meta property=\"og:title\" content=\"La pensi\u00f3n de Tula y su salario - Los pol\u00edticos Veracruz\" \/>\n<meta property=\"og:description\" content=\"Fanny Y\u00e9pez La Columna \u00a0 El problema de la secretaria de Finanzas y Planeaci\u00f3n, Clementina Guerrero Garc\u00eda se resuelve de manera muy f\u00e1cil, sencillamente suspendi\u00e9ndole el pago por jubilaci\u00f3n que le autorizaron en el mes de septiembre pasado. Esa mensualidad de 76 mil 101 pesos la tendr\u00e1n que suspender, de acuerdo a la pol\u00edtica que [&hellip;]\" \/>\n<meta property=\"og:url\" content=\"https:\/\/lospoliticosveracruz.com\/?p=28453\" \/>\n<meta property=\"og:site_name\" content=\"Los pol\u00edticos Veracruz\" \/>\n<meta property=\"article:publisher\" content=\"https:\/\/www.facebook.com\/people\/Notimemes-de-los-Polticos\/61565672886568\/\" \/>\n<meta property=\"article:published_time\" content=\"2016-11-30T00:29:46+00:00\" \/>\n<meta property=\"og:image\" content=\"https:\/\/lospoliticosveracruz.com\/wp-content\/uploads\/2016\/07\/Logo-Dor.jpg\" \/>\n\t<meta property=\"og:image:width\" content=\"200\" \/>\n\t<meta property=\"og:image:height\" content=\"200\" \/>\n\t<meta property=\"og:image:type\" content=\"image\/jpeg\" \/>\n<meta name=\"author\" content=\"Lo viste en Los Pol\u00edticos\" \/>\n<meta name=\"twitter:card\" content=\"summary_large_image\" \/>\n<meta name=\"twitter:creator\" content=\"@LosPoliticosVer\" \/>\n<meta name=\"twitter:site\" content=\"@LosPoliticosVer\" \/>\n<meta name=\"twitter:label1\" content=\"Escrito por\" \/>\n\t<meta name=\"twitter:data1\" content=\"Lo viste en Los Pol\u00edticos\" \/>\n\t<meta name=\"twitter:label2\" content=\"Tiempo de lectura\" \/>\n\t<meta name=\"twitter:data2\" content=\"8 minutos\" \/>\n<script type=\"application\/ld+json\" class=\"yoast-schema-graph\">{\"@context\":\"https:\\\/\\\/schema.org\",\"@graph\":[{\"@type\":\"Article\",\"@id\":\"https:\\\/\\\/lospoliticosveracruz.com\\\/?p=28453#article\",\"isPartOf\":{\"@id\":\"https:\\\/\\\/lospoliticosveracruz.com\\\/?p=28453\"},\"author\":{\"name\":\"Lo viste en Los Pol\u00edticos\",\"@id\":\"https:\\\/\\\/lospoliticosveracruz.com\\\/#\\\/schema\\\/person\\\/b8702bb0e538456e6efd07080bf2a4a2\"},\"headline\":\"La pensi\u00f3n de Tula y su salario\",\"datePublished\":\"2016-11-30T00:29:46+00:00\",\"mainEntityOfPage\":{\"@id\":\"https:\\\/\\\/lospoliticosveracruz.com\\\/?p=28453\"},\"wordCount\":1553,\"commentCount\":0,\"publisher\":{\"@id\":\"https:\\\/\\\/lospoliticosveracruz.com\\\/#organization\"},\"keywords\":[\"Clementina Guerrero\",\"pensi\u00f3n\",\"Sefiplan\"],\"articleSection\":[\"De Opini\u00f3n\"],\"inLanguage\":\"es\",\"potentialAction\":[{\"@type\":\"CommentAction\",\"name\":\"Comment\",\"target\":[\"https:\\\/\\\/lospoliticosveracruz.com\\\/?p=28453#respond\"]}]},{\"@type\":\"WebPage\",\"@id\":\"https:\\\/\\\/lospoliticosveracruz.com\\\/?p=28453\",\"url\":\"https:\\\/\\\/lospoliticosveracruz.com\\\/?p=28453\",\"name\":\"La pensi\u00f3n de Tula y su salario - Los pol\u00edticos Veracruz\",\"isPartOf\":{\"@id\":\"https:\\\/\\\/lospoliticosveracruz.com\\\/#website\"},\"datePublished\":\"2016-11-30T00:29:46+00:00\",\"breadcrumb\":{\"@id\":\"https:\\\/\\\/lospoliticosveracruz.com\\\/?p=28453#breadcrumb\"},\"inLanguage\":\"es\",\"potentialAction\":[{\"@type\":\"ReadAction\",\"target\":[\"https:\\\/\\\/lospoliticosveracruz.com\\\/?p=28453\"]}]},{\"@type\":\"BreadcrumbList\",\"@id\":\"https:\\\/\\\/lospoliticosveracruz.com\\\/?p=28453#breadcrumb\",\"itemListElement\":[{\"@type\":\"ListItem\",\"position\":1,\"name\":\"Portada\",\"item\":\"https:\\\/\\\/lospoliticosveracruz.com\\\/\"},{\"@type\":\"ListItem\",\"position\":2,\"name\":\"La pensi\u00f3n de Tula y su salario\"}]},{\"@type\":\"WebSite\",\"@id\":\"https:\\\/\\\/lospoliticosveracruz.com\\\/#website\",\"url\":\"https:\\\/\\\/lospoliticosveracruz.com\\\/\",\"name\":\"Los pol\u00edticos Veracruz\",\"description\":\"\",\"publisher\":{\"@id\":\"https:\\\/\\\/lospoliticosveracruz.com\\\/#organization\"},\"potentialAction\":[{\"@type\":\"SearchAction\",\"target\":{\"@type\":\"EntryPoint\",\"urlTemplate\":\"https:\\\/\\\/lospoliticosveracruz.com\\\/?s={search_term_string}\"},\"query-input\":{\"@type\":\"PropertyValueSpecification\",\"valueRequired\":true,\"valueName\":\"search_term_string\"}}],\"inLanguage\":\"es\"},{\"@type\":\"Organization\",\"@id\":\"https:\\\/\\\/lospoliticosveracruz.com\\\/#organization\",\"name\":\"Los pol\u00edticos Veracruz\",\"url\":\"https:\\\/\\\/lospoliticosveracruz.com\\\/\",\"logo\":{\"@type\":\"ImageObject\",\"inLanguage\":\"es\",\"@id\":\"https:\\\/\\\/lospoliticosveracruz.com\\\/#\\\/schema\\\/logo\\\/image\\\/\",\"url\":\"https:\\\/\\\/lospoliticosveracruz.com\\\/wp-content\\\/uploads\\\/2025\\\/12\\\/Logo-Nuevo-LOS-POLITICOS-1.jpg\",\"contentUrl\":\"https:\\\/\\\/lospoliticosveracruz.com\\\/wp-content\\\/uploads\\\/2025\\\/12\\\/Logo-Nuevo-LOS-POLITICOS-1.jpg\",\"width\":260,\"height\":70,\"caption\":\"Los pol\u00edticos Veracruz\"},\"image\":{\"@id\":\"https:\\\/\\\/lospoliticosveracruz.com\\\/#\\\/schema\\\/logo\\\/image\\\/\"},\"sameAs\":[\"https:\\\/\\\/www.facebook.com\\\/people\\\/Notimemes-de-los-Polticos\\\/61565672886568\\\/\",\"https:\\\/\\\/x.com\\\/LosPoliticosVer\"]},{\"@type\":\"Person\",\"@id\":\"https:\\\/\\\/lospoliticosveracruz.com\\\/#\\\/schema\\\/person\\\/b8702bb0e538456e6efd07080bf2a4a2\",\"name\":\"Lo viste en Los Pol\u00edticos\",\"image\":{\"@type\":\"ImageObject\",\"inLanguage\":\"es\",\"@id\":\"https:\\\/\\\/secure.gravatar.com\\\/avatar\\\/3a8de04a2656d44082be478bd6c086daa447c4651605818287b9532d3d0bd435?s=96&d=mm&r=g\",\"url\":\"https:\\\/\\\/secure.gravatar.com\\\/avatar\\\/3a8de04a2656d44082be478bd6c086daa447c4651605818287b9532d3d0bd435?s=96&d=mm&r=g\",\"contentUrl\":\"https:\\\/\\\/secure.gravatar.com\\\/avatar\\\/3a8de04a2656d44082be478bd6c086daa447c4651605818287b9532d3d0bd435?s=96&d=mm&r=g\",\"caption\":\"Lo viste en Los Pol\u00edticos\"},\"url\":\"https:\\\/\\\/lospoliticosveracruz.com\\\/?author=2\"}]}<\/script>\n<!-- \/ Yoast SEO plugin. -->","yoast_head_json":{"title":"La pensi\u00f3n de Tula y su salario - Los pol\u00edticos Veracruz","robots":{"index":"index","follow":"follow","max-snippet":"max-snippet:-1","max-image-preview":"max-image-preview:large","max-video-preview":"max-video-preview:-1"},"canonical":"https:\/\/lospoliticosveracruz.com\/?p=28453","og_locale":"es_ES","og_type":"article","og_title":"La pensi\u00f3n de Tula y su salario - Los pol\u00edticos Veracruz","og_description":"Fanny Y\u00e9pez La Columna \u00a0 El problema de la secretaria de Finanzas y Planeaci\u00f3n, Clementina Guerrero Garc\u00eda se resuelve de manera muy f\u00e1cil, sencillamente suspendi\u00e9ndole el pago por jubilaci\u00f3n que le autorizaron en el mes de septiembre pasado. Esa mensualidad de 76 mil 101 pesos la tendr\u00e1n que suspender, de acuerdo a la pol\u00edtica que [&hellip;]","og_url":"https:\/\/lospoliticosveracruz.com\/?p=28453","og_site_name":"Los pol\u00edticos Veracruz","article_publisher":"https:\/\/www.facebook.com\/people\/Notimemes-de-los-Polticos\/61565672886568\/","article_published_time":"2016-11-30T00:29:46+00:00","og_image":[{"width":200,"height":200,"url":"https:\/\/lospoliticosveracruz.com\/wp-content\/uploads\/2016\/07\/Logo-Dor.jpg","type":"image\/jpeg"}],"author":"Lo viste en Los Pol\u00edticos","twitter_card":"summary_large_image","twitter_creator":"@LosPoliticosVer","twitter_site":"@LosPoliticosVer","twitter_misc":{"Escrito por":"Lo viste en Los Pol\u00edticos","Tiempo de lectura":"8 minutos"},"schema":{"@context":"https:\/\/schema.org","@graph":[{"@type":"Article","@id":"https:\/\/lospoliticosveracruz.com\/?p=28453#article","isPartOf":{"@id":"https:\/\/lospoliticosveracruz.com\/?p=28453"},"author":{"name":"Lo viste en Los Pol\u00edticos","@id":"https:\/\/lospoliticosveracruz.com\/#\/schema\/person\/b8702bb0e538456e6efd07080bf2a4a2"},"headline":"La pensi\u00f3n de Tula y su salario","datePublished":"2016-11-30T00:29:46+00:00","mainEntityOfPage":{"@id":"https:\/\/lospoliticosveracruz.com\/?p=28453"},"wordCount":1553,"commentCount":0,"publisher":{"@id":"https:\/\/lospoliticosveracruz.com\/#organization"},"keywords":["Clementina Guerrero","pensi\u00f3n","Sefiplan"],"articleSection":["De Opini\u00f3n"],"inLanguage":"es","potentialAction":[{"@type":"CommentAction","name":"Comment","target":["https:\/\/lospoliticosveracruz.com\/?p=28453#respond"]}]},{"@type":"WebPage","@id":"https:\/\/lospoliticosveracruz.com\/?p=28453","url":"https:\/\/lospoliticosveracruz.com\/?p=28453","name":"La pensi\u00f3n de Tula y su salario - Los pol\u00edticos Veracruz","isPartOf":{"@id":"https:\/\/lospoliticosveracruz.com\/#website"},"datePublished":"2016-11-30T00:29:46+00:00","breadcrumb":{"@id":"https:\/\/lospoliticosveracruz.com\/?p=28453#breadcrumb"},"inLanguage":"es","potentialAction":[{"@type":"ReadAction","target":["https:\/\/lospoliticosveracruz.com\/?p=28453"]}]},{"@type":"BreadcrumbList","@id":"https:\/\/lospoliticosveracruz.com\/?p=28453#breadcrumb","itemListElement":[{"@type":"ListItem","position":1,"name":"Portada","item":"https:\/\/lospoliticosveracruz.com\/"},{"@type":"ListItem","position":2,"name":"La pensi\u00f3n de Tula y su salario"}]},{"@type":"WebSite","@id":"https:\/\/lospoliticosveracruz.com\/#website","url":"https:\/\/lospoliticosveracruz.com\/","name":"Los pol\u00edticos Veracruz","description":"","publisher":{"@id":"https:\/\/lospoliticosveracruz.com\/#organization"},"potentialAction":[{"@type":"SearchAction","target":{"@type":"EntryPoint","urlTemplate":"https:\/\/lospoliticosveracruz.com\/?s={search_term_string}"},"query-input":{"@type":"PropertyValueSpecification","valueRequired":true,"valueName":"search_term_string"}}],"inLanguage":"es"},{"@type":"Organization","@id":"https:\/\/lospoliticosveracruz.com\/#organization","name":"Los pol\u00edticos Veracruz","url":"https:\/\/lospoliticosveracruz.com\/","logo":{"@type":"ImageObject","inLanguage":"es","@id":"https:\/\/lospoliticosveracruz.com\/#\/schema\/logo\/image\/","url":"https:\/\/lospoliticosveracruz.com\/wp-content\/uploads\/2025\/12\/Logo-Nuevo-LOS-POLITICOS-1.jpg","contentUrl":"https:\/\/lospoliticosveracruz.com\/wp-content\/uploads\/2025\/12\/Logo-Nuevo-LOS-POLITICOS-1.jpg","width":260,"height":70,"caption":"Los pol\u00edticos Veracruz"},"image":{"@id":"https:\/\/lospoliticosveracruz.com\/#\/schema\/logo\/image\/"},"sameAs":["https:\/\/www.facebook.com\/people\/Notimemes-de-los-Polticos\/61565672886568\/","https:\/\/x.com\/LosPoliticosVer"]},{"@type":"Person","@id":"https:\/\/lospoliticosveracruz.com\/#\/schema\/person\/b8702bb0e538456e6efd07080bf2a4a2","name":"Lo viste en Los Pol\u00edticos","image":{"@type":"ImageObject","inLanguage":"es","@id":"https:\/\/secure.gravatar.com\/avatar\/3a8de04a2656d44082be478bd6c086daa447c4651605818287b9532d3d0bd435?s=96&d=mm&r=g","url":"https:\/\/secure.gravatar.com\/avatar\/3a8de04a2656d44082be478bd6c086daa447c4651605818287b9532d3d0bd435?s=96&d=mm&r=g","contentUrl":"https:\/\/secure.gravatar.com\/avatar\/3a8de04a2656d44082be478bd6c086daa447c4651605818287b9532d3d0bd435?s=96&d=mm&r=g","caption":"Lo viste en Los Pol\u00edticos"},"url":"https:\/\/lospoliticosveracruz.com\/?author=2"}]}},"_links":{"self":[{"href":"https:\/\/lospoliticosveracruz.com\/index.php?rest_route=\/wp\/v2\/posts\/28453","targetHints":{"allow":["GET"]}}],"collection":[{"href":"https:\/\/lospoliticosveracruz.com\/index.php?rest_route=\/wp\/v2\/posts"}],"about":[{"href":"https:\/\/lospoliticosveracruz.com\/index.php?rest_route=\/wp\/v2\/types\/post"}],"author":[{"embeddable":true,"href":"https:\/\/lospoliticosveracruz.com\/index.php?rest_route=\/wp\/v2\/users\/2"}],"replies":[{"embeddable":true,"href":"https:\/\/lospoliticosveracruz.com\/index.php?rest_route=%2Fwp%2Fv2%2Fcomments&post=28453"}],"version-history":[{"count":1,"href":"https:\/\/lospoliticosveracruz.com\/index.php?rest_route=\/wp\/v2\/posts\/28453\/revisions"}],"predecessor-version":[{"id":28454,"href":"https:\/\/lospoliticosveracruz.com\/index.php?rest_route=\/wp\/v2\/posts\/28453\/revisions\/28454"}],"wp:attachment":[{"href":"https:\/\/lospoliticosveracruz.com\/index.php?rest_route=%2Fwp%2Fv2%2Fmedia&parent=28453"}],"wp:term":[{"taxonomy":"category","embeddable":true,"href":"https:\/\/lospoliticosveracruz.com\/index.php?rest_route=%2Fwp%2Fv2%2Fcategories&post=28453"},{"taxonomy":"post_tag","embeddable":true,"href":"https:\/\/lospoliticosveracruz.com\/index.php?rest_route=%2Fwp%2Fv2%2Ftags&post=28453"}],"curies":[{"name":"wp","href":"https:\/\/api.w.org\/{rel}","templated":true}]}}