{"id":28544,"date":"2016-12-02T09:08:59","date_gmt":"2016-12-02T15:08:59","guid":{"rendered":"http:\/\/www.lospoliticosveracruz.com.mx\/?p=28544"},"modified":"2016-12-02T09:08:59","modified_gmt":"2016-12-02T15:08:59","slug":"yunes-linares-y-los-anuncios-del-primer-dia","status":"publish","type":"post","link":"https:\/\/lospoliticosveracruz.com\/?p=28544","title":{"rendered":"Yunes Linares y los anuncios del primer d\u00eda"},"content":{"rendered":"<p class=\"x_m_7597343489383923658xmsonospacing\"><strong>Luis Alberto Romero<\/strong><u><\/u><u><\/u><\/p>\n<p class=\"x_m_7597343489383923658xmsonospacing\">\u00a0<em>Hora Cero<\/em><u><\/u><u><\/u><\/p>\n<p class=\"x_m_7597343489383923658xmsonospacing\"><b>\u00a0<\/b><u><\/u><u><\/u><\/p>\n<p class=\"x_m_7597343489383923658xmsonospacing\"><b><\/b><\/p>\n<p class=\"x_m_7597343489383923658xmsonospacing\">Miguel \u00c1ngel Yunes Linares alcanz\u00f3 el status de ejecutivo en funciones, gobernador constitucional del estado; en su primer d\u00eda como mandatario veracruzano, lanz\u00f3 se\u00f1alamientos contra dos ex gobernadores, Javier Duarte de Ochoa, hoy pr\u00f3fugo de la justicia; y Fidel Herrera Beltr\u00e1n, actual c\u00f3nsul en Barcelona.<u><\/u><u><\/u><\/p>\n<p class=\"x_m_7597343489383923658xmsonospacing\">Al margen del acto protocolario, lo destacado del primer d\u00eda de funciones de Yunes Linares como gobernador fueron los anuncios sobre la recuperaci\u00f3n de mil 200 millones de pesos entre bienes inmuebles, muebles, dinero y hasta piezas de arte.<u><\/u><u><\/u><\/p>\n<p class=\"x_m_7597343489383923658xmsonospacing\">De igual manera, destac\u00f3 que se logr\u00f3 recuperar el rancho \u201cEl Faunito\u201d, ubicado en Fort\u00edn de las Flores, que tiene un valor aproximado de 200 millones de pesos; y \u201cLas Mesas\u201d, que tendr\u00eda un precio de 300 millones. La lista de bienes incluye el dinero que lograron recuperar el gobierno federal , a trav\u00e9s de la PGR, 421 millones de pesos; y el estatal, otros 200.<u><\/u><u><\/u><\/p>\n<p class=\"x_m_7597343489383923658xmsonospacing\">Yunes Linares anunci\u00f3, de igual manera, que uno de los objetivos de la administraci\u00f3n ser\u00e1 rescatar las sesenta hect\u00e1reas de la reserva territorial de Coatzacoalcos, que fueron donadas por el ex gobernador Fidel Herrera a Tony Mac\u00edas, suegro de Javier Duarte; son tierras cuyo precio estimado supera los mil millones de pesos.<u><\/u><u><\/u><\/p>\n<p class=\"x_m_7597343489383923658xmsonospacing\">Todo eso resulta escandaloso por la dimensi\u00f3n del saqueo, debido a que los ranchos, bienes y dinero efectivo que se logr\u00f3 recuperar corresponden a recursos p\u00fablicos que fueron desviados; a capital que no lleg\u00f3 a su destino porque fue utilizado para engordar la billetera de quienes ocuparon el gobierno estatal.<u><\/u><u><\/u><\/p>\n<p class=\"x_m_7597343489383923658xmsonospacing\">Sin embargo, los recursos incautados, aunque son una verdadera fortuna para cualquier mortal, son muy poco si se considera la magnitud del da\u00f1o a Veracruz.\u00a0 El propio gobernador, en ese contexto, ha se\u00f1alado que el quebrando financiero contra Veracruz es superior a los 100 mil millones de pesos. As\u00ed las cosas, podr\u00edamos decir que el anuncio de lo recuperado hasta hoy apenas supera el uno por ciento.<u><\/u><u><\/u><\/p>\n<p class=\"x_m_7597343489383923658xmsonospacing\">Lo deseable es que noticias como las que se dieron a conocer este jueves sobre los bienes recuperados se registren con frecuencia en los pr\u00f3ximos meses; en\u00a0 la medida en que ello ocurra, la confianza de los veracruzanos en el nuevo gobierno aumentar\u00e1 de forma significativa, sobre todo si esos anuncios se acompa\u00f1an con la llegada a tiempo de los recursos federales a los municipios; con polic\u00edas patrullando las calles; con hospitales y escuelas funcionando de manera normal; y con el pago oportuno a la burocracia estatal y a los muchos acreedores del gobierno del estado.<\/p>\n<p class=\"x_m_7597343489383923658xmsonospacing\"><b>La defensa de Duarte<\/b><u><\/u><u><\/u><\/p>\n<p class=\"x_m_7597343489383923658xmsonospacing\">El abogado Alejandro Francisco Jaimes Guti\u00e9rrez, quien lleva la defensa jur\u00eddica del ex gobernador Javier Duarte de Ochoa, declar\u00f3 este jueves que su defendido no se entregar\u00e1 a la justicia; dijo tambi\u00e9n que la PGR no cuenta con pruebas contra el ex mandatario veracruzano y que no existen condiciones que garanticen un juicio justo.<u><\/u><u><\/u><\/p>\n<p class=\"x_m_7597343489383923658xmsonospacing\">Pero \u00bfc\u00f3mo va el asunto del ex gobernador?. Hace unos d\u00edas, Duarte obtuvo una suspensi\u00f3n provisional, aunque ello de nada le sirvi\u00f3, dado que esta figura no aplica en los casos de delitos graves, como los que pesan sobre el ex gobernador de Veracruz.<u><\/u><u><\/u><\/p>\n<p class=\"x_m_7597343489383923658xmsonospacing\">El pasado 16 de noviembre, el Juzgado Sexto de Distrito de Amparo en Materia Penal recibi\u00f3 la demanda de garant\u00edas de Javier Duarte, bajo el n\u00famero 1031\/2016. El d\u00eda 18 le fue concedida la suspensi\u00f3n provisional a cambio de una garant\u00eda de 100 mil pesos.<u><\/u><u><\/u><\/p>\n<p class=\"x_m_7597343489383923658xmsonospacing\">El pr\u00f3fugo se inconform\u00f3 porque sabe que la suspensi\u00f3n provisional no le sirve, as\u00ed que solicit\u00f3 una suspensi\u00f3n m\u00e1s amplia y tramit\u00f3 un recurso de queja para que el Tribunal Colegiado en Materia Penal conozca su petici\u00f3n.<u><\/u><u><\/u><\/p>\n<p class=\"x_m_7597343489383923658xmsonospacing\">Este jueves se inform\u00f3 que el Primer Tribunal Colegiado Penal de la Ciudad de M\u00e9xico<u><\/u><u><\/u><\/p>\n<p class=\"x_m_7597343489383923658xmsonospacing\">determin\u00f3<span class=\"x_m_7597343489383923658apple-converted-space\">\u00a0<\/span>que<span class=\"x_m_7597343489383923658apple-converted-space\">\u00a0<\/span>la queja<span class=\"x_m_7597343489383923658apple-converted-space\">\u00a0<\/span>presentada por<span class=\"x_m_7597343489383923658apple-converted-space\">\u00a0<\/span>el ex gobernador de Veracruz<span class=\"x_m_7597343489383923658apple-converted-space\">\u00a0<\/span>es infundada.<u><\/u><u><\/u><\/p>\n<p class=\"x_m_7597343489383923658xmsonospacing\">Duarte solicit\u00f3 que<span class=\"x_m_7597343489383923658apple-converted-space\">\u00a0<\/span>se<span class=\"x_m_7597343489383923658apple-converted-space\">\u00a0<\/span>le<span class=\"x_m_7597343489383923658apple-converted-space\">\u00a0<\/span>otorgara una suspensi\u00f3n<span class=\"x_m_7597343489383923658apple-converted-space\">\u00a0<\/span>contra la orden de captura, planteamiento que no procedi\u00f3.<u><\/u><u><\/u><\/p>\n<p class=\"x_m_7597343489383923658xmsonospacing\">El ex mandatario tambi\u00e9n pidi\u00f3, mediante la solicitud de amparo, que se echara abajo la recompensa que la PGR ofrece a quien brinde informaci\u00f3n para dar con su paradero y lograr su captura.<u><\/u><u><\/u><\/p>\n<p class=\"x_m_7597343489383923658xmsonospacing\">Esa fue la \u00faltima instancia, el \u00faltimo recurso de Javier Duarte para frenar la orden de aprensi\u00f3n librada en su contra por los delitos de delincuencia organizada y lavado de dinero, as\u00ed como la recompensa de 15 millones que se ofrece en su contra.<u><\/u><u><\/u><\/p>\n<p class=\"x_m_7597343489383923658xmsonospacing\">A prop\u00f3sito del caso, nos dicen que Alejandro Jaimes, el abogado de Duarte, es considerado como un especialista de prestigio en el derecho penal; es experto en amparo y en juicios de extradici\u00f3n; en Nuevo Sistema Penal Acusatorio y en Leyes Especiales; y se ha dedicado durante m\u00e1s de dos d\u00e9cadas al litigio.<u><\/u><u><\/u><\/p>\n<p class=\"x_m_7597343489383923658xmsonospacing\">Sin embargo, a pesar de que sin duda Javier Duarte cuenta con los recursos suficientes para cubrir los honorarios de ese y de cualquier otro abogado de peso y prestigio nacional, su camino jur\u00eddico est\u00e1 cuesta arriba y cubierto de jab\u00f3n; en cualquier momento podr\u00eda ser detenido.<\/p>\n<p class=\"x_m_7597343489383923658xmsonospacing\">\n<p class=\"x_m_7597343489383923658xmsonospacing\">@luisromero85<\/p>\n","protected":false},"excerpt":{"rendered":"<p>Luis Alberto Romero \u00a0Hora Cero \u00a0 Miguel \u00c1ngel Yunes Linares alcanz\u00f3 el status de ejecutivo en funciones, gobernador constitucional del estado; en su primer d\u00eda como mandatario veracruzano, lanz\u00f3 se\u00f1alamientos contra dos ex gobernadores, Javier Duarte de Ochoa, hoy pr\u00f3fugo de la justicia; y Fidel Herrera Beltr\u00e1n, actual c\u00f3nsul en Barcelona. Al margen del acto [&hellip;]<\/p>\n","protected":false},"author":2,"featured_media":0,"comment_status":"open","ping_status":"open","sticky":false,"template":"","format":"standard","meta":{"tdm_status":"","tdm_grid_status":"","footnotes":""},"categories":[70],"tags":[6553,162,6826,428,6827],"class_list":{"0":"post-28544","1":"post","2":"type-post","3":"status-publish","4":"format-standard","6":"category-de-opinion","7":"tag-el-faunito","8":"tag-javier-duarte","9":"tag-las-mesas","10":"tag-miguel-angel-yunes-linares","11":"tag-reserva-territorial-de-coatzacoalcos"},"yoast_head":"<!-- This site is optimized with the Yoast SEO plugin v27.4 - https:\/\/yoast.com\/product\/yoast-seo-wordpress\/ -->\n<title>Yunes Linares y los anuncios del primer d\u00eda - Los pol\u00edticos Veracruz<\/title>\n<meta name=\"robots\" content=\"index, follow, max-snippet:-1, max-image-preview:large, max-video-preview:-1\" \/>\n<link rel=\"canonical\" href=\"https:\/\/lospoliticosveracruz.com\/?p=28544\" \/>\n<meta property=\"og:locale\" content=\"es_ES\" \/>\n<meta property=\"og:type\" content=\"article\" \/>\n<meta property=\"og:title\" content=\"Yunes Linares y los anuncios del primer d\u00eda - Los pol\u00edticos Veracruz\" \/>\n<meta property=\"og:description\" content=\"Luis Alberto Romero \u00a0Hora Cero \u00a0 Miguel \u00c1ngel Yunes Linares alcanz\u00f3 el status de ejecutivo en funciones, gobernador constitucional del estado; en su primer d\u00eda como mandatario veracruzano, lanz\u00f3 se\u00f1alamientos contra dos ex gobernadores, Javier Duarte de Ochoa, hoy pr\u00f3fugo de la justicia; y Fidel Herrera Beltr\u00e1n, actual c\u00f3nsul en Barcelona. Al margen del acto [&hellip;]\" \/>\n<meta property=\"og:url\" content=\"https:\/\/lospoliticosveracruz.com\/?p=28544\" \/>\n<meta property=\"og:site_name\" content=\"Los pol\u00edticos Veracruz\" \/>\n<meta property=\"article:publisher\" content=\"https:\/\/www.facebook.com\/people\/Notimemes-de-los-Polticos\/61565672886568\/\" \/>\n<meta property=\"article:published_time\" content=\"2016-12-02T15:08:59+00:00\" \/>\n<meta property=\"og:image\" content=\"https:\/\/lospoliticosveracruz.com\/wp-content\/uploads\/2016\/07\/Logo-Dor.jpg\" \/>\n\t<meta property=\"og:image:width\" content=\"200\" \/>\n\t<meta property=\"og:image:height\" content=\"200\" \/>\n\t<meta property=\"og:image:type\" content=\"image\/jpeg\" \/>\n<meta name=\"author\" content=\"Lo viste en Los Pol\u00edticos\" \/>\n<meta name=\"twitter:card\" content=\"summary_large_image\" \/>\n<meta name=\"twitter:creator\" content=\"@LosPoliticosVer\" \/>\n<meta name=\"twitter:site\" content=\"@LosPoliticosVer\" \/>\n<meta name=\"twitter:label1\" content=\"Escrito por\" \/>\n\t<meta name=\"twitter:data1\" content=\"Lo viste en Los Pol\u00edticos\" \/>\n\t<meta name=\"twitter:label2\" content=\"Tiempo de lectura\" \/>\n\t<meta name=\"twitter:data2\" content=\"4 minutos\" \/>\n<script type=\"application\/ld+json\" class=\"yoast-schema-graph\">{\"@context\":\"https:\\\/\\\/schema.org\",\"@graph\":[{\"@type\":\"Article\",\"@id\":\"https:\\\/\\\/lospoliticosveracruz.com\\\/?p=28544#article\",\"isPartOf\":{\"@id\":\"https:\\\/\\\/lospoliticosveracruz.com\\\/?p=28544\"},\"author\":{\"name\":\"Lo viste en Los Pol\u00edticos\",\"@id\":\"https:\\\/\\\/lospoliticosveracruz.com\\\/#\\\/schema\\\/person\\\/b8702bb0e538456e6efd07080bf2a4a2\"},\"headline\":\"Yunes Linares y los anuncios del primer d\u00eda\",\"datePublished\":\"2016-12-02T15:08:59+00:00\",\"mainEntityOfPage\":{\"@id\":\"https:\\\/\\\/lospoliticosveracruz.com\\\/?p=28544\"},\"wordCount\":873,\"commentCount\":0,\"publisher\":{\"@id\":\"https:\\\/\\\/lospoliticosveracruz.com\\\/#organization\"},\"keywords\":[\"El Faunito\",\"Javier Duarte\",\"Las Mesas\",\"Miguel Angel Yunes Linares\",\"Reserva territorial de Coatzacoalcos\"],\"articleSection\":[\"De Opini\u00f3n\"],\"inLanguage\":\"es\",\"potentialAction\":[{\"@type\":\"CommentAction\",\"name\":\"Comment\",\"target\":[\"https:\\\/\\\/lospoliticosveracruz.com\\\/?p=28544#respond\"]}]},{\"@type\":\"WebPage\",\"@id\":\"https:\\\/\\\/lospoliticosveracruz.com\\\/?p=28544\",\"url\":\"https:\\\/\\\/lospoliticosveracruz.com\\\/?p=28544\",\"name\":\"Yunes Linares y los anuncios del primer d\u00eda - Los pol\u00edticos Veracruz\",\"isPartOf\":{\"@id\":\"https:\\\/\\\/lospoliticosveracruz.com\\\/#website\"},\"datePublished\":\"2016-12-02T15:08:59+00:00\",\"breadcrumb\":{\"@id\":\"https:\\\/\\\/lospoliticosveracruz.com\\\/?p=28544#breadcrumb\"},\"inLanguage\":\"es\",\"potentialAction\":[{\"@type\":\"ReadAction\",\"target\":[\"https:\\\/\\\/lospoliticosveracruz.com\\\/?p=28544\"]}]},{\"@type\":\"BreadcrumbList\",\"@id\":\"https:\\\/\\\/lospoliticosveracruz.com\\\/?p=28544#breadcrumb\",\"itemListElement\":[{\"@type\":\"ListItem\",\"position\":1,\"name\":\"Portada\",\"item\":\"https:\\\/\\\/lospoliticosveracruz.com\\\/\"},{\"@type\":\"ListItem\",\"position\":2,\"name\":\"Yunes Linares y los anuncios del primer d\u00eda\"}]},{\"@type\":\"WebSite\",\"@id\":\"https:\\\/\\\/lospoliticosveracruz.com\\\/#website\",\"url\":\"https:\\\/\\\/lospoliticosveracruz.com\\\/\",\"name\":\"Los pol\u00edticos Veracruz\",\"description\":\"\",\"publisher\":{\"@id\":\"https:\\\/\\\/lospoliticosveracruz.com\\\/#organization\"},\"potentialAction\":[{\"@type\":\"SearchAction\",\"target\":{\"@type\":\"EntryPoint\",\"urlTemplate\":\"https:\\\/\\\/lospoliticosveracruz.com\\\/?s={search_term_string}\"},\"query-input\":{\"@type\":\"PropertyValueSpecification\",\"valueRequired\":true,\"valueName\":\"search_term_string\"}}],\"inLanguage\":\"es\"},{\"@type\":\"Organization\",\"@id\":\"https:\\\/\\\/lospoliticosveracruz.com\\\/#organization\",\"name\":\"Los pol\u00edticos Veracruz\",\"url\":\"https:\\\/\\\/lospoliticosveracruz.com\\\/\",\"logo\":{\"@type\":\"ImageObject\",\"inLanguage\":\"es\",\"@id\":\"https:\\\/\\\/lospoliticosveracruz.com\\\/#\\\/schema\\\/logo\\\/image\\\/\",\"url\":\"https:\\\/\\\/lospoliticosveracruz.com\\\/wp-content\\\/uploads\\\/2025\\\/12\\\/Logo-Nuevo-LOS-POLITICOS-1.jpg\",\"contentUrl\":\"https:\\\/\\\/lospoliticosveracruz.com\\\/wp-content\\\/uploads\\\/2025\\\/12\\\/Logo-Nuevo-LOS-POLITICOS-1.jpg\",\"width\":260,\"height\":70,\"caption\":\"Los pol\u00edticos Veracruz\"},\"image\":{\"@id\":\"https:\\\/\\\/lospoliticosveracruz.com\\\/#\\\/schema\\\/logo\\\/image\\\/\"},\"sameAs\":[\"https:\\\/\\\/www.facebook.com\\\/people\\\/Notimemes-de-los-Polticos\\\/61565672886568\\\/\",\"https:\\\/\\\/x.com\\\/LosPoliticosVer\"]},{\"@type\":\"Person\",\"@id\":\"https:\\\/\\\/lospoliticosveracruz.com\\\/#\\\/schema\\\/person\\\/b8702bb0e538456e6efd07080bf2a4a2\",\"name\":\"Lo viste en Los Pol\u00edticos\",\"image\":{\"@type\":\"ImageObject\",\"inLanguage\":\"es\",\"@id\":\"https:\\\/\\\/secure.gravatar.com\\\/avatar\\\/3a8de04a2656d44082be478bd6c086daa447c4651605818287b9532d3d0bd435?s=96&d=mm&r=g\",\"url\":\"https:\\\/\\\/secure.gravatar.com\\\/avatar\\\/3a8de04a2656d44082be478bd6c086daa447c4651605818287b9532d3d0bd435?s=96&d=mm&r=g\",\"contentUrl\":\"https:\\\/\\\/secure.gravatar.com\\\/avatar\\\/3a8de04a2656d44082be478bd6c086daa447c4651605818287b9532d3d0bd435?s=96&d=mm&r=g\",\"caption\":\"Lo viste en Los Pol\u00edticos\"},\"url\":\"https:\\\/\\\/lospoliticosveracruz.com\\\/?author=2\"}]}<\/script>\n<!-- \/ Yoast SEO plugin. -->","yoast_head_json":{"title":"Yunes Linares y los anuncios del primer d\u00eda - Los pol\u00edticos Veracruz","robots":{"index":"index","follow":"follow","max-snippet":"max-snippet:-1","max-image-preview":"max-image-preview:large","max-video-preview":"max-video-preview:-1"},"canonical":"https:\/\/lospoliticosveracruz.com\/?p=28544","og_locale":"es_ES","og_type":"article","og_title":"Yunes Linares y los anuncios del primer d\u00eda - Los pol\u00edticos Veracruz","og_description":"Luis Alberto Romero \u00a0Hora Cero \u00a0 Miguel \u00c1ngel Yunes Linares alcanz\u00f3 el status de ejecutivo en funciones, gobernador constitucional del estado; en su primer d\u00eda como mandatario veracruzano, lanz\u00f3 se\u00f1alamientos contra dos ex gobernadores, Javier Duarte de Ochoa, hoy pr\u00f3fugo de la justicia; y Fidel Herrera Beltr\u00e1n, actual c\u00f3nsul en Barcelona. Al margen del acto [&hellip;]","og_url":"https:\/\/lospoliticosveracruz.com\/?p=28544","og_site_name":"Los pol\u00edticos Veracruz","article_publisher":"https:\/\/www.facebook.com\/people\/Notimemes-de-los-Polticos\/61565672886568\/","article_published_time":"2016-12-02T15:08:59+00:00","og_image":[{"width":200,"height":200,"url":"https:\/\/lospoliticosveracruz.com\/wp-content\/uploads\/2016\/07\/Logo-Dor.jpg","type":"image\/jpeg"}],"author":"Lo viste en Los Pol\u00edticos","twitter_card":"summary_large_image","twitter_creator":"@LosPoliticosVer","twitter_site":"@LosPoliticosVer","twitter_misc":{"Escrito por":"Lo viste en Los Pol\u00edticos","Tiempo de lectura":"4 minutos"},"schema":{"@context":"https:\/\/schema.org","@graph":[{"@type":"Article","@id":"https:\/\/lospoliticosveracruz.com\/?p=28544#article","isPartOf":{"@id":"https:\/\/lospoliticosveracruz.com\/?p=28544"},"author":{"name":"Lo viste en Los Pol\u00edticos","@id":"https:\/\/lospoliticosveracruz.com\/#\/schema\/person\/b8702bb0e538456e6efd07080bf2a4a2"},"headline":"Yunes Linares y los anuncios del primer d\u00eda","datePublished":"2016-12-02T15:08:59+00:00","mainEntityOfPage":{"@id":"https:\/\/lospoliticosveracruz.com\/?p=28544"},"wordCount":873,"commentCount":0,"publisher":{"@id":"https:\/\/lospoliticosveracruz.com\/#organization"},"keywords":["El Faunito","Javier Duarte","Las Mesas","Miguel Angel Yunes Linares","Reserva territorial de Coatzacoalcos"],"articleSection":["De Opini\u00f3n"],"inLanguage":"es","potentialAction":[{"@type":"CommentAction","name":"Comment","target":["https:\/\/lospoliticosveracruz.com\/?p=28544#respond"]}]},{"@type":"WebPage","@id":"https:\/\/lospoliticosveracruz.com\/?p=28544","url":"https:\/\/lospoliticosveracruz.com\/?p=28544","name":"Yunes Linares y los anuncios del primer d\u00eda - Los pol\u00edticos Veracruz","isPartOf":{"@id":"https:\/\/lospoliticosveracruz.com\/#website"},"datePublished":"2016-12-02T15:08:59+00:00","breadcrumb":{"@id":"https:\/\/lospoliticosveracruz.com\/?p=28544#breadcrumb"},"inLanguage":"es","potentialAction":[{"@type":"ReadAction","target":["https:\/\/lospoliticosveracruz.com\/?p=28544"]}]},{"@type":"BreadcrumbList","@id":"https:\/\/lospoliticosveracruz.com\/?p=28544#breadcrumb","itemListElement":[{"@type":"ListItem","position":1,"name":"Portada","item":"https:\/\/lospoliticosveracruz.com\/"},{"@type":"ListItem","position":2,"name":"Yunes Linares y los anuncios del primer d\u00eda"}]},{"@type":"WebSite","@id":"https:\/\/lospoliticosveracruz.com\/#website","url":"https:\/\/lospoliticosveracruz.com\/","name":"Los pol\u00edticos Veracruz","description":"","publisher":{"@id":"https:\/\/lospoliticosveracruz.com\/#organization"},"potentialAction":[{"@type":"SearchAction","target":{"@type":"EntryPoint","urlTemplate":"https:\/\/lospoliticosveracruz.com\/?s={search_term_string}"},"query-input":{"@type":"PropertyValueSpecification","valueRequired":true,"valueName":"search_term_string"}}],"inLanguage":"es"},{"@type":"Organization","@id":"https:\/\/lospoliticosveracruz.com\/#organization","name":"Los pol\u00edticos Veracruz","url":"https:\/\/lospoliticosveracruz.com\/","logo":{"@type":"ImageObject","inLanguage":"es","@id":"https:\/\/lospoliticosveracruz.com\/#\/schema\/logo\/image\/","url":"https:\/\/lospoliticosveracruz.com\/wp-content\/uploads\/2025\/12\/Logo-Nuevo-LOS-POLITICOS-1.jpg","contentUrl":"https:\/\/lospoliticosveracruz.com\/wp-content\/uploads\/2025\/12\/Logo-Nuevo-LOS-POLITICOS-1.jpg","width":260,"height":70,"caption":"Los pol\u00edticos Veracruz"},"image":{"@id":"https:\/\/lospoliticosveracruz.com\/#\/schema\/logo\/image\/"},"sameAs":["https:\/\/www.facebook.com\/people\/Notimemes-de-los-Polticos\/61565672886568\/","https:\/\/x.com\/LosPoliticosVer"]},{"@type":"Person","@id":"https:\/\/lospoliticosveracruz.com\/#\/schema\/person\/b8702bb0e538456e6efd07080bf2a4a2","name":"Lo viste en Los Pol\u00edticos","image":{"@type":"ImageObject","inLanguage":"es","@id":"https:\/\/secure.gravatar.com\/avatar\/3a8de04a2656d44082be478bd6c086daa447c4651605818287b9532d3d0bd435?s=96&d=mm&r=g","url":"https:\/\/secure.gravatar.com\/avatar\/3a8de04a2656d44082be478bd6c086daa447c4651605818287b9532d3d0bd435?s=96&d=mm&r=g","contentUrl":"https:\/\/secure.gravatar.com\/avatar\/3a8de04a2656d44082be478bd6c086daa447c4651605818287b9532d3d0bd435?s=96&d=mm&r=g","caption":"Lo viste en Los Pol\u00edticos"},"url":"https:\/\/lospoliticosveracruz.com\/?author=2"}]}},"_links":{"self":[{"href":"https:\/\/lospoliticosveracruz.com\/index.php?rest_route=\/wp\/v2\/posts\/28544","targetHints":{"allow":["GET"]}}],"collection":[{"href":"https:\/\/lospoliticosveracruz.com\/index.php?rest_route=\/wp\/v2\/posts"}],"about":[{"href":"https:\/\/lospoliticosveracruz.com\/index.php?rest_route=\/wp\/v2\/types\/post"}],"author":[{"embeddable":true,"href":"https:\/\/lospoliticosveracruz.com\/index.php?rest_route=\/wp\/v2\/users\/2"}],"replies":[{"embeddable":true,"href":"https:\/\/lospoliticosveracruz.com\/index.php?rest_route=%2Fwp%2Fv2%2Fcomments&post=28544"}],"version-history":[{"count":1,"href":"https:\/\/lospoliticosveracruz.com\/index.php?rest_route=\/wp\/v2\/posts\/28544\/revisions"}],"predecessor-version":[{"id":28552,"href":"https:\/\/lospoliticosveracruz.com\/index.php?rest_route=\/wp\/v2\/posts\/28544\/revisions\/28552"}],"wp:attachment":[{"href":"https:\/\/lospoliticosveracruz.com\/index.php?rest_route=%2Fwp%2Fv2%2Fmedia&parent=28544"}],"wp:term":[{"taxonomy":"category","embeddable":true,"href":"https:\/\/lospoliticosveracruz.com\/index.php?rest_route=%2Fwp%2Fv2%2Fcategories&post=28544"},{"taxonomy":"post_tag","embeddable":true,"href":"https:\/\/lospoliticosveracruz.com\/index.php?rest_route=%2Fwp%2Fv2%2Ftags&post=28544"}],"curies":[{"name":"wp","href":"https:\/\/api.w.org\/{rel}","templated":true}]}}