{"id":28557,"date":"2016-12-02T11:45:37","date_gmt":"2016-12-02T17:45:37","guid":{"rendered":"http:\/\/www.lospoliticosveracruz.com.mx\/?p=28557"},"modified":"2016-12-02T11:45:37","modified_gmt":"2016-12-02T17:45:37","slug":"los-toros-desde-la-barrera","status":"publish","type":"post","link":"https:\/\/lospoliticosveracruz.com\/?p=28557","title":{"rendered":"Los toros desde la barrera"},"content":{"rendered":"<p align=\"JUSTIFY\"><strong>Naldy Rodr\u00edguez<\/strong><\/p>\n<p align=\"JUSTIFY\"><em>Transparencia 3.0<\/em><\/p>\n<p align=\"JUSTIFY\">Mientras se disputan los cargos en la nueva administraci\u00f3n estatal de dos a\u00f1os, se desgarran las vestiduras por etiquetar a \u201cduartistas\u201d y \u201cyunistas\u201d \u2013como si se tratara de la final de futbol mexicano\u2013 y se lanzan la \u201cbolita\u201d unos a otros de las responsabilidades, observo de lejos. Tengo un nuevo vicio, debo confesarlo y me distrae de mis funciones laborales y de casa.<\/p>\n<p align=\"JUSTIFY\">Durante largo tiempo me quedo observando mi m\u00f3vil, con unos aud\u00edfonos que me abstraen de todo lo que sucede a mi alrededor, de los gritos de las bodoques, de las constantes quejas del hombre e incluso del trabajo\u2026 de todo, pero no tiene que ver con mi otra obsesi\u00f3n, las redes sociales.<\/p>\n<p align=\"JUSTIFY\">Mi vicio se llama Netflix, soy nueva en este servicio multimedia por internet pero sobre todo nunca hab\u00eda visto una serie en mi tel\u00e9fono celular. Para m\u00ed son unos cuantos minutos, pero para la gente a mi alrededor parecen horas.<\/p>\n<p align=\"JUSTIFY\">Tan f\u00e1cil como abrir una cuenta de correo y entras al mundo de Netflix que pone a tu disposici\u00f3n una colecci\u00f3n de 13 mil 600 t\u00edtulos, entre series y pel\u00edculas, algunas nuevas y ya producidas por esta empresa.<\/p>\n<p align=\"JUSTIFY\">Para el primer trimestre de 2015, este servicio ten\u00eda m\u00e1s de 60 millones de suscriptores en todo el mundo y se estima que este a\u00f1o ya alcanz\u00f3 los 81.5 millones, superando ligeramente sus propias previsiones. Solo son estimaciones porque la plataforma de streaming nunca ha revelado cifras exactas sobre la cantidad de espectadores que ve sus programa.<\/p>\n<p align=\"JUSTIFY\">Tambi\u00e9n vi de lejos la toma de protesta del nuevo gobernador Miguel \u00c1ngel Yunes Linares con un discurso de justicia, pero m\u00e1s conciliador. Eso es bueno para todos, lo que no es tan bueno es que muchos depositen la confianza en un solo hombre, se requiere liderazgo pero tambi\u00e9n de la voluntad de los ciudadanos para salir a flote.<\/p>\n<p align=\"JUSTIFY\">A la distancia observo la disputa por la Comisi\u00f3n Estatal de Atenci\u00f3n y Protecci\u00f3n a Periodistas (Ceapp). Como si se tratara de un bot\u00edn, una canonj\u00eda o prebenda, algunos tratan de obtener la titularidad, otros optan por la pugna como medio para llegar y algunos m\u00e1s por el cabildeo.<\/p>\n<p align=\"JUSTIFY\">La comisi\u00f3n surgi\u00f3 de la nada, en un momento triste y doloroso para muchos, para tratar de calmar las voces que clamaban justicia para Regina, V\u00edctor, Milo, Yolanda, Gabriel y Ra\u00fal Alfonso. Y tambi\u00e9n de la nada podr\u00eda desaparecer.<\/p>\n<p align=\"JUSTIFY\">Por lo pronto, como dicen en la jerga taurina, \u201cveo los toros desde la barrera\u201d; presencio la vor\u00e1gine pol\u00edtica sin correr peligro, y me entretengo con Netflix, mientras las aguas se apaciguan y toman su cauce.<\/p>\n<p align=\"JUSTIFY\">***<\/p>\n<p align=\"JUSTIFY\">Pd1. Por cierto, criticar a diestra y siniestra, en muchos casos sin fundamento, no es hacer periodismo. Periodismo de investigaci\u00f3n en su definici\u00f3n aceptada por la Unesco se\u00f1ala que es \u201cla tarea de revelar cuestiones encubiertas de manera deliberada, por alguien en una posici\u00f3n de poder, o de manera accidental, detr\u00e1s de una masa ca\u00f3tica de datos y circunstancias que dificultan la comprensi\u00f3n. Es una actividad que requiere el uso de fuentes y documentos tanto p\u00fablicos como secretos\u201d.<\/p>\n<p align=\"JUSTIFY\">****<\/p>\n<p align=\"JUSTIFY\">Pd2. Promet\u00ed contar de mi visita a Comunicaci\u00f3n Social de Gobierno del Estado. Me encontr\u00e9 con algunos buenos conocidos, personas que salud\u00e9 con mucho gusto y afecto, casi seis a\u00f1os sin verlas.<\/p>\n<p align=\"JUSTIFY\">No fue lo mismo con el titular de la Unidad de Acceso a la Informaci\u00f3n, quien para estas fechas tal vez ya no se encuentre en su cargo o tal vez este preparando la informaci\u00f3n que entregar\u00e1 de los convenios de publicidad en los \u00faltimos seis a\u00f1os.<\/p>\n<p align=\"JUSTIFY\">Como lo imaginaba, la consigna era dejar esta tarea para la nueva administraci\u00f3n; si bien ya estaba corriendo el plazo para la entrega de la informaci\u00f3n, dejar\u00e1n que se agote el tiempo y que llegue el \u00faltimo minuto para valerse de argucias legales y posponer el cumplimiento de la resoluci\u00f3n. Claro con el aval del IVAI.<\/p>\n<p align=\"JUSTIFY\">Transparencia3.0@hotmail.com<\/p>\n<p align=\"JUSTIFY\">Twitter: @ydlan<\/p>\n","protected":false},"excerpt":{"rendered":"<p>Naldy Rodr\u00edguez Transparencia 3.0 Mientras se disputan los cargos en la nueva administraci\u00f3n estatal de dos a\u00f1os, se desgarran las vestiduras por etiquetar a \u201cduartistas\u201d y \u201cyunistas\u201d \u2013como si se tratara de la final de futbol mexicano\u2013 y se lanzan la \u201cbolita\u201d unos a otros de las responsabilidades, observo de lejos. Tengo un nuevo vicio, [&hellip;]<\/p>\n","protected":false},"author":2,"featured_media":0,"comment_status":"open","ping_status":"open","sticky":false,"template":"","format":"standard","meta":{"tdm_status":"","tdm_grid_status":"","footnotes":""},"categories":[70],"tags":[4476,4166,428,288],"class_list":{"0":"post-28557","1":"post","2":"type-post","3":"status-publish","4":"format-standard","6":"category-de-opinion","7":"tag-ceapp","8":"tag-comision-estatal-de-atencion-y-proteccion-a-periodistas","9":"tag-miguel-angel-yunes-linares","10":"tag-netflix"},"yoast_head":"<!-- This site is optimized with the Yoast SEO plugin v27.4 - https:\/\/yoast.com\/product\/yoast-seo-wordpress\/ -->\n<title>Los toros desde la barrera - Los pol\u00edticos Veracruz<\/title>\n<meta name=\"robots\" content=\"index, follow, max-snippet:-1, max-image-preview:large, max-video-preview:-1\" \/>\n<link rel=\"canonical\" href=\"https:\/\/lospoliticosveracruz.com\/?p=28557\" \/>\n<meta property=\"og:locale\" content=\"es_ES\" \/>\n<meta property=\"og:type\" content=\"article\" \/>\n<meta property=\"og:title\" content=\"Los toros desde la barrera - Los pol\u00edticos Veracruz\" \/>\n<meta property=\"og:description\" content=\"Naldy Rodr\u00edguez Transparencia 3.0 Mientras se disputan los cargos en la nueva administraci\u00f3n estatal de dos a\u00f1os, se desgarran las vestiduras por etiquetar a \u201cduartistas\u201d y \u201cyunistas\u201d \u2013como si se tratara de la final de futbol mexicano\u2013 y se lanzan la \u201cbolita\u201d unos a otros de las responsabilidades, observo de lejos. Tengo un nuevo vicio, [&hellip;]\" \/>\n<meta property=\"og:url\" content=\"https:\/\/lospoliticosveracruz.com\/?p=28557\" \/>\n<meta property=\"og:site_name\" content=\"Los pol\u00edticos Veracruz\" \/>\n<meta property=\"article:publisher\" content=\"https:\/\/www.facebook.com\/people\/Notimemes-de-los-Polticos\/61565672886568\/\" \/>\n<meta property=\"article:published_time\" content=\"2016-12-02T17:45:37+00:00\" \/>\n<meta property=\"og:image\" content=\"https:\/\/lospoliticosveracruz.com\/wp-content\/uploads\/2016\/07\/Logo-Dor.jpg\" \/>\n\t<meta property=\"og:image:width\" content=\"200\" \/>\n\t<meta property=\"og:image:height\" content=\"200\" \/>\n\t<meta property=\"og:image:type\" content=\"image\/jpeg\" \/>\n<meta name=\"author\" content=\"Lo viste en Los Pol\u00edticos\" \/>\n<meta name=\"twitter:card\" content=\"summary_large_image\" \/>\n<meta name=\"twitter:creator\" content=\"@LosPoliticosVer\" \/>\n<meta name=\"twitter:site\" content=\"@LosPoliticosVer\" \/>\n<meta name=\"twitter:label1\" content=\"Escrito por\" \/>\n\t<meta name=\"twitter:data1\" content=\"Lo viste en Los Pol\u00edticos\" \/>\n\t<meta name=\"twitter:label2\" content=\"Tiempo de lectura\" \/>\n\t<meta name=\"twitter:data2\" content=\"3 minutos\" \/>\n<script type=\"application\/ld+json\" class=\"yoast-schema-graph\">{\"@context\":\"https:\\\/\\\/schema.org\",\"@graph\":[{\"@type\":\"Article\",\"@id\":\"https:\\\/\\\/lospoliticosveracruz.com\\\/?p=28557#article\",\"isPartOf\":{\"@id\":\"https:\\\/\\\/lospoliticosveracruz.com\\\/?p=28557\"},\"author\":{\"name\":\"Lo viste en Los Pol\u00edticos\",\"@id\":\"https:\\\/\\\/lospoliticosveracruz.com\\\/#\\\/schema\\\/person\\\/b8702bb0e538456e6efd07080bf2a4a2\"},\"headline\":\"Los toros desde la barrera\",\"datePublished\":\"2016-12-02T17:45:37+00:00\",\"mainEntityOfPage\":{\"@id\":\"https:\\\/\\\/lospoliticosveracruz.com\\\/?p=28557\"},\"wordCount\":703,\"commentCount\":0,\"publisher\":{\"@id\":\"https:\\\/\\\/lospoliticosveracruz.com\\\/#organization\"},\"keywords\":[\"CEAPP\",\"Comisi\u00f3n Estatal de Atenci\u00f3n y Protecci\u00f3n a Periodistas\",\"Miguel Angel Yunes Linares\",\"Netflix\"],\"articleSection\":[\"De Opini\u00f3n\"],\"inLanguage\":\"es\",\"potentialAction\":[{\"@type\":\"CommentAction\",\"name\":\"Comment\",\"target\":[\"https:\\\/\\\/lospoliticosveracruz.com\\\/?p=28557#respond\"]}]},{\"@type\":\"WebPage\",\"@id\":\"https:\\\/\\\/lospoliticosveracruz.com\\\/?p=28557\",\"url\":\"https:\\\/\\\/lospoliticosveracruz.com\\\/?p=28557\",\"name\":\"Los toros desde la barrera - Los pol\u00edticos Veracruz\",\"isPartOf\":{\"@id\":\"https:\\\/\\\/lospoliticosveracruz.com\\\/#website\"},\"datePublished\":\"2016-12-02T17:45:37+00:00\",\"breadcrumb\":{\"@id\":\"https:\\\/\\\/lospoliticosveracruz.com\\\/?p=28557#breadcrumb\"},\"inLanguage\":\"es\",\"potentialAction\":[{\"@type\":\"ReadAction\",\"target\":[\"https:\\\/\\\/lospoliticosveracruz.com\\\/?p=28557\"]}]},{\"@type\":\"BreadcrumbList\",\"@id\":\"https:\\\/\\\/lospoliticosveracruz.com\\\/?p=28557#breadcrumb\",\"itemListElement\":[{\"@type\":\"ListItem\",\"position\":1,\"name\":\"Portada\",\"item\":\"https:\\\/\\\/lospoliticosveracruz.com\\\/\"},{\"@type\":\"ListItem\",\"position\":2,\"name\":\"Los toros desde la barrera\"}]},{\"@type\":\"WebSite\",\"@id\":\"https:\\\/\\\/lospoliticosveracruz.com\\\/#website\",\"url\":\"https:\\\/\\\/lospoliticosveracruz.com\\\/\",\"name\":\"Los pol\u00edticos Veracruz\",\"description\":\"\",\"publisher\":{\"@id\":\"https:\\\/\\\/lospoliticosveracruz.com\\\/#organization\"},\"potentialAction\":[{\"@type\":\"SearchAction\",\"target\":{\"@type\":\"EntryPoint\",\"urlTemplate\":\"https:\\\/\\\/lospoliticosveracruz.com\\\/?s={search_term_string}\"},\"query-input\":{\"@type\":\"PropertyValueSpecification\",\"valueRequired\":true,\"valueName\":\"search_term_string\"}}],\"inLanguage\":\"es\"},{\"@type\":\"Organization\",\"@id\":\"https:\\\/\\\/lospoliticosveracruz.com\\\/#organization\",\"name\":\"Los pol\u00edticos Veracruz\",\"url\":\"https:\\\/\\\/lospoliticosveracruz.com\\\/\",\"logo\":{\"@type\":\"ImageObject\",\"inLanguage\":\"es\",\"@id\":\"https:\\\/\\\/lospoliticosveracruz.com\\\/#\\\/schema\\\/logo\\\/image\\\/\",\"url\":\"https:\\\/\\\/lospoliticosveracruz.com\\\/wp-content\\\/uploads\\\/2025\\\/12\\\/Logo-Nuevo-LOS-POLITICOS-1.jpg\",\"contentUrl\":\"https:\\\/\\\/lospoliticosveracruz.com\\\/wp-content\\\/uploads\\\/2025\\\/12\\\/Logo-Nuevo-LOS-POLITICOS-1.jpg\",\"width\":260,\"height\":70,\"caption\":\"Los pol\u00edticos Veracruz\"},\"image\":{\"@id\":\"https:\\\/\\\/lospoliticosveracruz.com\\\/#\\\/schema\\\/logo\\\/image\\\/\"},\"sameAs\":[\"https:\\\/\\\/www.facebook.com\\\/people\\\/Notimemes-de-los-Polticos\\\/61565672886568\\\/\",\"https:\\\/\\\/x.com\\\/LosPoliticosVer\"]},{\"@type\":\"Person\",\"@id\":\"https:\\\/\\\/lospoliticosveracruz.com\\\/#\\\/schema\\\/person\\\/b8702bb0e538456e6efd07080bf2a4a2\",\"name\":\"Lo viste en Los Pol\u00edticos\",\"image\":{\"@type\":\"ImageObject\",\"inLanguage\":\"es\",\"@id\":\"https:\\\/\\\/secure.gravatar.com\\\/avatar\\\/3a8de04a2656d44082be478bd6c086daa447c4651605818287b9532d3d0bd435?s=96&d=mm&r=g\",\"url\":\"https:\\\/\\\/secure.gravatar.com\\\/avatar\\\/3a8de04a2656d44082be478bd6c086daa447c4651605818287b9532d3d0bd435?s=96&d=mm&r=g\",\"contentUrl\":\"https:\\\/\\\/secure.gravatar.com\\\/avatar\\\/3a8de04a2656d44082be478bd6c086daa447c4651605818287b9532d3d0bd435?s=96&d=mm&r=g\",\"caption\":\"Lo viste en Los Pol\u00edticos\"},\"url\":\"https:\\\/\\\/lospoliticosveracruz.com\\\/?author=2\"}]}<\/script>\n<!-- \/ Yoast SEO plugin. -->","yoast_head_json":{"title":"Los toros desde la barrera - Los pol\u00edticos Veracruz","robots":{"index":"index","follow":"follow","max-snippet":"max-snippet:-1","max-image-preview":"max-image-preview:large","max-video-preview":"max-video-preview:-1"},"canonical":"https:\/\/lospoliticosveracruz.com\/?p=28557","og_locale":"es_ES","og_type":"article","og_title":"Los toros desde la barrera - Los pol\u00edticos Veracruz","og_description":"Naldy Rodr\u00edguez Transparencia 3.0 Mientras se disputan los cargos en la nueva administraci\u00f3n estatal de dos a\u00f1os, se desgarran las vestiduras por etiquetar a \u201cduartistas\u201d y \u201cyunistas\u201d \u2013como si se tratara de la final de futbol mexicano\u2013 y se lanzan la \u201cbolita\u201d unos a otros de las responsabilidades, observo de lejos. Tengo un nuevo vicio, [&hellip;]","og_url":"https:\/\/lospoliticosveracruz.com\/?p=28557","og_site_name":"Los pol\u00edticos Veracruz","article_publisher":"https:\/\/www.facebook.com\/people\/Notimemes-de-los-Polticos\/61565672886568\/","article_published_time":"2016-12-02T17:45:37+00:00","og_image":[{"width":200,"height":200,"url":"https:\/\/lospoliticosveracruz.com\/wp-content\/uploads\/2016\/07\/Logo-Dor.jpg","type":"image\/jpeg"}],"author":"Lo viste en Los Pol\u00edticos","twitter_card":"summary_large_image","twitter_creator":"@LosPoliticosVer","twitter_site":"@LosPoliticosVer","twitter_misc":{"Escrito por":"Lo viste en Los Pol\u00edticos","Tiempo de lectura":"3 minutos"},"schema":{"@context":"https:\/\/schema.org","@graph":[{"@type":"Article","@id":"https:\/\/lospoliticosveracruz.com\/?p=28557#article","isPartOf":{"@id":"https:\/\/lospoliticosveracruz.com\/?p=28557"},"author":{"name":"Lo viste en Los Pol\u00edticos","@id":"https:\/\/lospoliticosveracruz.com\/#\/schema\/person\/b8702bb0e538456e6efd07080bf2a4a2"},"headline":"Los toros desde la barrera","datePublished":"2016-12-02T17:45:37+00:00","mainEntityOfPage":{"@id":"https:\/\/lospoliticosveracruz.com\/?p=28557"},"wordCount":703,"commentCount":0,"publisher":{"@id":"https:\/\/lospoliticosveracruz.com\/#organization"},"keywords":["CEAPP","Comisi\u00f3n Estatal de Atenci\u00f3n y Protecci\u00f3n a Periodistas","Miguel Angel Yunes Linares","Netflix"],"articleSection":["De Opini\u00f3n"],"inLanguage":"es","potentialAction":[{"@type":"CommentAction","name":"Comment","target":["https:\/\/lospoliticosveracruz.com\/?p=28557#respond"]}]},{"@type":"WebPage","@id":"https:\/\/lospoliticosveracruz.com\/?p=28557","url":"https:\/\/lospoliticosveracruz.com\/?p=28557","name":"Los toros desde la barrera - Los pol\u00edticos Veracruz","isPartOf":{"@id":"https:\/\/lospoliticosveracruz.com\/#website"},"datePublished":"2016-12-02T17:45:37+00:00","breadcrumb":{"@id":"https:\/\/lospoliticosveracruz.com\/?p=28557#breadcrumb"},"inLanguage":"es","potentialAction":[{"@type":"ReadAction","target":["https:\/\/lospoliticosveracruz.com\/?p=28557"]}]},{"@type":"BreadcrumbList","@id":"https:\/\/lospoliticosveracruz.com\/?p=28557#breadcrumb","itemListElement":[{"@type":"ListItem","position":1,"name":"Portada","item":"https:\/\/lospoliticosveracruz.com\/"},{"@type":"ListItem","position":2,"name":"Los toros desde la barrera"}]},{"@type":"WebSite","@id":"https:\/\/lospoliticosveracruz.com\/#website","url":"https:\/\/lospoliticosveracruz.com\/","name":"Los pol\u00edticos Veracruz","description":"","publisher":{"@id":"https:\/\/lospoliticosveracruz.com\/#organization"},"potentialAction":[{"@type":"SearchAction","target":{"@type":"EntryPoint","urlTemplate":"https:\/\/lospoliticosveracruz.com\/?s={search_term_string}"},"query-input":{"@type":"PropertyValueSpecification","valueRequired":true,"valueName":"search_term_string"}}],"inLanguage":"es"},{"@type":"Organization","@id":"https:\/\/lospoliticosveracruz.com\/#organization","name":"Los pol\u00edticos Veracruz","url":"https:\/\/lospoliticosveracruz.com\/","logo":{"@type":"ImageObject","inLanguage":"es","@id":"https:\/\/lospoliticosveracruz.com\/#\/schema\/logo\/image\/","url":"https:\/\/lospoliticosveracruz.com\/wp-content\/uploads\/2025\/12\/Logo-Nuevo-LOS-POLITICOS-1.jpg","contentUrl":"https:\/\/lospoliticosveracruz.com\/wp-content\/uploads\/2025\/12\/Logo-Nuevo-LOS-POLITICOS-1.jpg","width":260,"height":70,"caption":"Los pol\u00edticos Veracruz"},"image":{"@id":"https:\/\/lospoliticosveracruz.com\/#\/schema\/logo\/image\/"},"sameAs":["https:\/\/www.facebook.com\/people\/Notimemes-de-los-Polticos\/61565672886568\/","https:\/\/x.com\/LosPoliticosVer"]},{"@type":"Person","@id":"https:\/\/lospoliticosveracruz.com\/#\/schema\/person\/b8702bb0e538456e6efd07080bf2a4a2","name":"Lo viste en Los Pol\u00edticos","image":{"@type":"ImageObject","inLanguage":"es","@id":"https:\/\/secure.gravatar.com\/avatar\/3a8de04a2656d44082be478bd6c086daa447c4651605818287b9532d3d0bd435?s=96&d=mm&r=g","url":"https:\/\/secure.gravatar.com\/avatar\/3a8de04a2656d44082be478bd6c086daa447c4651605818287b9532d3d0bd435?s=96&d=mm&r=g","contentUrl":"https:\/\/secure.gravatar.com\/avatar\/3a8de04a2656d44082be478bd6c086daa447c4651605818287b9532d3d0bd435?s=96&d=mm&r=g","caption":"Lo viste en Los Pol\u00edticos"},"url":"https:\/\/lospoliticosveracruz.com\/?author=2"}]}},"_links":{"self":[{"href":"https:\/\/lospoliticosveracruz.com\/index.php?rest_route=\/wp\/v2\/posts\/28557","targetHints":{"allow":["GET"]}}],"collection":[{"href":"https:\/\/lospoliticosveracruz.com\/index.php?rest_route=\/wp\/v2\/posts"}],"about":[{"href":"https:\/\/lospoliticosveracruz.com\/index.php?rest_route=\/wp\/v2\/types\/post"}],"author":[{"embeddable":true,"href":"https:\/\/lospoliticosveracruz.com\/index.php?rest_route=\/wp\/v2\/users\/2"}],"replies":[{"embeddable":true,"href":"https:\/\/lospoliticosveracruz.com\/index.php?rest_route=%2Fwp%2Fv2%2Fcomments&post=28557"}],"version-history":[{"count":1,"href":"https:\/\/lospoliticosveracruz.com\/index.php?rest_route=\/wp\/v2\/posts\/28557\/revisions"}],"predecessor-version":[{"id":28562,"href":"https:\/\/lospoliticosveracruz.com\/index.php?rest_route=\/wp\/v2\/posts\/28557\/revisions\/28562"}],"wp:attachment":[{"href":"https:\/\/lospoliticosveracruz.com\/index.php?rest_route=%2Fwp%2Fv2%2Fmedia&parent=28557"}],"wp:term":[{"taxonomy":"category","embeddable":true,"href":"https:\/\/lospoliticosveracruz.com\/index.php?rest_route=%2Fwp%2Fv2%2Fcategories&post=28557"},{"taxonomy":"post_tag","embeddable":true,"href":"https:\/\/lospoliticosveracruz.com\/index.php?rest_route=%2Fwp%2Fv2%2Ftags&post=28557"}],"curies":[{"name":"wp","href":"https:\/\/api.w.org\/{rel}","templated":true}]}}