{"id":28572,"date":"2016-12-04T09:22:12","date_gmt":"2016-12-04T15:22:12","guid":{"rendered":"http:\/\/www.lospoliticosveracruz.com.mx\/?p=28572"},"modified":"2016-12-04T09:23:13","modified_gmt":"2016-12-04T15:23:13","slug":"mexico-alimentaria-2016-food-show","status":"publish","type":"post","link":"https:\/\/lospoliticosveracruz.com\/?p=28572","title":{"rendered":"M\u00e9xico Alimentaria 2016 Food Show"},"content":{"rendered":"<p><strong>Elena C\u00f3rdova<\/strong><\/p>\n<p><em>Luna Nueva<\/em><\/p>\n<p>&nbsp;<\/p>\n<p>\u00bfSab\u00eda usted que M\u00e9xico es el doceavo productor de alimentos en el mundo? O que las industrias agroalimentarias agregan valor y precio e incrementan m\u00e1s demanda de los productos agr\u00edcolas, y que de esta forma contribuyen a reducir la pobreza, dan empleo y pueden mejorar la seguridad alimentaria en las zonas rurales que son numerosas y muy importantes en nuestro pa\u00eds.<\/p>\n<p>Del 8 al 10 de diciembre, en el Centro Banamex, se realizar\u00e1 en la Ciudad de M\u00e9xico la fiesta m\u00e1s grande del sector agroalimentario con la M\u00e9xico Alimentaria 2016 Food Show. Sera un evento en el que productores, inversionistas, compradores y p\u00fablico se reunir\u00e1n en este espacio y la gente podr\u00e1 conocer el potencial y las bondades productivas que tiene M\u00e9xico para el mundo.<\/p>\n<p>Como lo se\u00f1ala y bien dice el secretario Jos\u00e9 Eduardo \u201cPepe\u201d Calzada Rovirosa en el video-promocional de invitaci\u00f3n al p\u00fablico mexicano para que acudan con sus familias al punto de encuentro de M\u00e9xico Alimentaria, donde exhibir\u00e1n todos los productos que se elaboran del campo, contando con la presencia de m\u00e1s de seiscientos productores, as\u00ed como diez Chefs que elaborar\u00e1n alimentos de talla internacional con insumos nacionales y as\u00ed, la gente pruebe ah\u00ed mismo la calidad de los productos que se siembran y cosechan en M\u00e9xico.<\/p>\n<p>Lo m\u00e1s destacado, repito, es que no s\u00f3lo es para productores y ganaderos, sino para el p\u00fablico en general. Como dice el secretario Pepe Calzada, es una gran feria familiar.<\/p>\n<p>Ah\u00ed encontraremos varios pabellones tem\u00e1ticos tales como los de productos org\u00e1nicos, innovaci\u00f3n y sustentabilidad, desarollo rural, agricultura, insumos y servicios, la presencia de los estados, exportaciones, pesca y acuacultura, ganadero, eventos, institucionalidad, demostraciones y bebidas nacionales. Igual podr\u00e1n ver y visitar los 24 stands de los estados de la Rep\u00fablica donde la gente podr\u00e1 encontrar informaci\u00f3n, expresiones gastron\u00f3micas de excelente calidad y oportunidades de negocio especializadas por producto y regiones. Conocer la riqueza de nuestro pa\u00eds a trav\u00e9s de los estados permitir\u00e1 a los asistentes redescubrir el potencial productivo de las entidades federativas que nos colocan en los primeros lugares a nivel mundial en producci\u00f3n de productos como tequila, pepino, mango, lim\u00f3n, aguacate, entre otros\u2026<\/p>\n<p>Como se puede leer en la p\u00e1gina oficial de la Secretar\u00eda de Agricultura, Ganader\u00eda, Desarrollo Rural, Pesca y Alimentaci\u00f3n (Sagarpa), el evento \u201cM\u00e9xico Alimentaria 2016 Food Show\u201d \u202fbuscar\u00e1 ubicarse como un referente internacional de negocio, \u202fimpulso \u202fy conocimiento para que cada visitante viva una experiencia de acercamiento con el campo, los modelos de negocios y las acciones de impulso, a efecto de generar \u202fempat\u00eda \u202fcon los productores. En los \u202ftres \u202fd\u00edas que durar\u00e1 el evento, se pretende recibir alrededor de \u202f50 mil visitantes que interactuar\u00e1n con 600 productores que estar\u00e1n atendiendo nueve pabellones dedicados a agricultura, ganader\u00eda, pesca y acuacultura; desarrollo rural, productos de exportaci\u00f3n, bebidas espirituosas, insumos y servicios, productos org\u00e1nicos. Asimismo, se considera incluir \u202fstands\u202f con informaci\u00f3n sobre sanidad e inocuidad y proyectos estrat\u00e9gicos; un paseo virtual, un \u00e1rea comercial, exhibiciones \u202fganaderas y de maquinaria, y talleres.<\/p>\n<p>Bueno, dada la naturaleza, importancia y posibilidades abiertas de conocer mejor y m\u00e1s c\u00f3mo estamos en materia alimentaria, no quise dejar pasar y hacerles una invitaci\u00f3n. Ojal\u00e1 y mis paisanos de Veracruz puedan admirar estas bellezas que produce el campo mexicano y veracruzano.<\/p>\n<p>Es aqu\u00ed adonde me aviento un comercial para que asistan al panel \u201cEl reto de la seguridad alimentaria en el mundo\u201d, donde participar\u00e1 como moderadora Mely Romero, subsecretaria de Desarrollo Rural, que se llevar\u00e1 a cabo el viernes 9 de diciembre a las 09:30 horas en el sal\u00f3n Exportadores; y a las 10.30 horas, la presentaci\u00f3n del libro \u201cHistoria de \u00e9xito de peque\u00f1os productores\u201d.<\/p>\n","protected":false},"excerpt":{"rendered":"<p>Elena C\u00f3rdova Luna Nueva &nbsp; \u00bfSab\u00eda usted que M\u00e9xico es el doceavo productor de alimentos en el mundo? O que las industrias agroalimentarias agregan valor y precio e incrementan m\u00e1s demanda de los productos agr\u00edcolas, y que de esta forma contribuyen a reducir la pobreza, dan empleo y pueden mejorar la seguridad alimentaria en las [&hellip;]<\/p>\n","protected":false},"author":2,"featured_media":0,"comment_status":"open","ping_status":"open","sticky":false,"template":"","format":"standard","meta":{"tdm_status":"","tdm_grid_status":"","footnotes":""},"categories":[70],"tags":[6833,5938,6834,6832,5500],"class_list":{"0":"post-28572","1":"post","2":"type-post","3":"status-publish","4":"format-standard","6":"category-de-opinion","7":"tag-el-reto-de-la-seguridad-alimentaria-en-el-mundo","8":"tag-jose-eduardo-calzada-rovirosa","9":"tag-mely-romero","10":"tag-mexico-alimentaria-2016-food-show","11":"tag-sagarpa"},"yoast_head":"<!-- This site is optimized with the Yoast SEO plugin v27.4 - https:\/\/yoast.com\/product\/yoast-seo-wordpress\/ -->\n<title>M\u00e9xico Alimentaria 2016 Food Show - Los pol\u00edticos Veracruz<\/title>\n<meta name=\"robots\" content=\"index, follow, max-snippet:-1, max-image-preview:large, max-video-preview:-1\" \/>\n<link rel=\"canonical\" href=\"https:\/\/lospoliticosveracruz.com\/?p=28572\" \/>\n<meta property=\"og:locale\" content=\"es_ES\" \/>\n<meta property=\"og:type\" content=\"article\" \/>\n<meta property=\"og:title\" content=\"M\u00e9xico Alimentaria 2016 Food Show - Los pol\u00edticos Veracruz\" \/>\n<meta property=\"og:description\" content=\"Elena C\u00f3rdova Luna Nueva &nbsp; \u00bfSab\u00eda usted que M\u00e9xico es el doceavo productor de alimentos en el mundo? O que las industrias agroalimentarias agregan valor y precio e incrementan m\u00e1s demanda de los productos agr\u00edcolas, y que de esta forma contribuyen a reducir la pobreza, dan empleo y pueden mejorar la seguridad alimentaria en las [&hellip;]\" \/>\n<meta property=\"og:url\" content=\"https:\/\/lospoliticosveracruz.com\/?p=28572\" \/>\n<meta property=\"og:site_name\" content=\"Los pol\u00edticos Veracruz\" \/>\n<meta property=\"article:publisher\" content=\"https:\/\/www.facebook.com\/people\/Notimemes-de-los-Polticos\/61565672886568\/\" \/>\n<meta property=\"article:published_time\" content=\"2016-12-04T15:22:12+00:00\" \/>\n<meta property=\"article:modified_time\" content=\"2016-12-04T15:23:13+00:00\" \/>\n<meta property=\"og:image\" content=\"https:\/\/lospoliticosveracruz.com\/wp-content\/uploads\/2016\/07\/Logo-Dor.jpg\" \/>\n\t<meta property=\"og:image:width\" content=\"200\" \/>\n\t<meta property=\"og:image:height\" content=\"200\" \/>\n\t<meta property=\"og:image:type\" content=\"image\/jpeg\" \/>\n<meta name=\"author\" content=\"Lo viste en Los Pol\u00edticos\" \/>\n<meta name=\"twitter:card\" content=\"summary_large_image\" \/>\n<meta name=\"twitter:creator\" content=\"@LosPoliticosVer\" \/>\n<meta name=\"twitter:site\" content=\"@LosPoliticosVer\" \/>\n<meta name=\"twitter:label1\" content=\"Escrito por\" \/>\n\t<meta name=\"twitter:data1\" content=\"Lo viste en Los Pol\u00edticos\" \/>\n\t<meta name=\"twitter:label2\" content=\"Tiempo de lectura\" \/>\n\t<meta name=\"twitter:data2\" content=\"3 minutos\" \/>\n<script type=\"application\/ld+json\" class=\"yoast-schema-graph\">{\"@context\":\"https:\\\/\\\/schema.org\",\"@graph\":[{\"@type\":\"Article\",\"@id\":\"https:\\\/\\\/lospoliticosveracruz.com\\\/?p=28572#article\",\"isPartOf\":{\"@id\":\"https:\\\/\\\/lospoliticosveracruz.com\\\/?p=28572\"},\"author\":{\"name\":\"Lo viste en Los Pol\u00edticos\",\"@id\":\"https:\\\/\\\/lospoliticosveracruz.com\\\/#\\\/schema\\\/person\\\/b8702bb0e538456e6efd07080bf2a4a2\"},\"headline\":\"M\u00e9xico Alimentaria 2016 Food Show\",\"datePublished\":\"2016-12-04T15:22:12+00:00\",\"dateModified\":\"2016-12-04T15:23:13+00:00\",\"mainEntityOfPage\":{\"@id\":\"https:\\\/\\\/lospoliticosveracruz.com\\\/?p=28572\"},\"wordCount\":655,\"commentCount\":0,\"publisher\":{\"@id\":\"https:\\\/\\\/lospoliticosveracruz.com\\\/#organization\"},\"keywords\":[\"El reto de la seguridad alimentaria en el mundo\",\"Jos\u00e9 Eduardo Calzada Rovirosa\",\"Mely Romero\",\"M\u00e9xico Alimentaria 2016 Food Show\",\"Sagarpa\"],\"articleSection\":[\"De Opini\u00f3n\"],\"inLanguage\":\"es\",\"potentialAction\":[{\"@type\":\"CommentAction\",\"name\":\"Comment\",\"target\":[\"https:\\\/\\\/lospoliticosveracruz.com\\\/?p=28572#respond\"]}]},{\"@type\":\"WebPage\",\"@id\":\"https:\\\/\\\/lospoliticosveracruz.com\\\/?p=28572\",\"url\":\"https:\\\/\\\/lospoliticosveracruz.com\\\/?p=28572\",\"name\":\"M\u00e9xico Alimentaria 2016 Food Show - Los pol\u00edticos Veracruz\",\"isPartOf\":{\"@id\":\"https:\\\/\\\/lospoliticosveracruz.com\\\/#website\"},\"datePublished\":\"2016-12-04T15:22:12+00:00\",\"dateModified\":\"2016-12-04T15:23:13+00:00\",\"breadcrumb\":{\"@id\":\"https:\\\/\\\/lospoliticosveracruz.com\\\/?p=28572#breadcrumb\"},\"inLanguage\":\"es\",\"potentialAction\":[{\"@type\":\"ReadAction\",\"target\":[\"https:\\\/\\\/lospoliticosveracruz.com\\\/?p=28572\"]}]},{\"@type\":\"BreadcrumbList\",\"@id\":\"https:\\\/\\\/lospoliticosveracruz.com\\\/?p=28572#breadcrumb\",\"itemListElement\":[{\"@type\":\"ListItem\",\"position\":1,\"name\":\"Portada\",\"item\":\"https:\\\/\\\/lospoliticosveracruz.com\\\/\"},{\"@type\":\"ListItem\",\"position\":2,\"name\":\"M\u00e9xico Alimentaria 2016 Food Show\"}]},{\"@type\":\"WebSite\",\"@id\":\"https:\\\/\\\/lospoliticosveracruz.com\\\/#website\",\"url\":\"https:\\\/\\\/lospoliticosveracruz.com\\\/\",\"name\":\"Los pol\u00edticos Veracruz\",\"description\":\"\",\"publisher\":{\"@id\":\"https:\\\/\\\/lospoliticosveracruz.com\\\/#organization\"},\"potentialAction\":[{\"@type\":\"SearchAction\",\"target\":{\"@type\":\"EntryPoint\",\"urlTemplate\":\"https:\\\/\\\/lospoliticosveracruz.com\\\/?s={search_term_string}\"},\"query-input\":{\"@type\":\"PropertyValueSpecification\",\"valueRequired\":true,\"valueName\":\"search_term_string\"}}],\"inLanguage\":\"es\"},{\"@type\":\"Organization\",\"@id\":\"https:\\\/\\\/lospoliticosveracruz.com\\\/#organization\",\"name\":\"Los pol\u00edticos Veracruz\",\"url\":\"https:\\\/\\\/lospoliticosveracruz.com\\\/\",\"logo\":{\"@type\":\"ImageObject\",\"inLanguage\":\"es\",\"@id\":\"https:\\\/\\\/lospoliticosveracruz.com\\\/#\\\/schema\\\/logo\\\/image\\\/\",\"url\":\"https:\\\/\\\/lospoliticosveracruz.com\\\/wp-content\\\/uploads\\\/2025\\\/12\\\/Logo-Nuevo-LOS-POLITICOS-1.jpg\",\"contentUrl\":\"https:\\\/\\\/lospoliticosveracruz.com\\\/wp-content\\\/uploads\\\/2025\\\/12\\\/Logo-Nuevo-LOS-POLITICOS-1.jpg\",\"width\":260,\"height\":70,\"caption\":\"Los pol\u00edticos Veracruz\"},\"image\":{\"@id\":\"https:\\\/\\\/lospoliticosveracruz.com\\\/#\\\/schema\\\/logo\\\/image\\\/\"},\"sameAs\":[\"https:\\\/\\\/www.facebook.com\\\/people\\\/Notimemes-de-los-Polticos\\\/61565672886568\\\/\",\"https:\\\/\\\/x.com\\\/LosPoliticosVer\"]},{\"@type\":\"Person\",\"@id\":\"https:\\\/\\\/lospoliticosveracruz.com\\\/#\\\/schema\\\/person\\\/b8702bb0e538456e6efd07080bf2a4a2\",\"name\":\"Lo viste en Los Pol\u00edticos\",\"image\":{\"@type\":\"ImageObject\",\"inLanguage\":\"es\",\"@id\":\"https:\\\/\\\/secure.gravatar.com\\\/avatar\\\/3a8de04a2656d44082be478bd6c086daa447c4651605818287b9532d3d0bd435?s=96&d=mm&r=g\",\"url\":\"https:\\\/\\\/secure.gravatar.com\\\/avatar\\\/3a8de04a2656d44082be478bd6c086daa447c4651605818287b9532d3d0bd435?s=96&d=mm&r=g\",\"contentUrl\":\"https:\\\/\\\/secure.gravatar.com\\\/avatar\\\/3a8de04a2656d44082be478bd6c086daa447c4651605818287b9532d3d0bd435?s=96&d=mm&r=g\",\"caption\":\"Lo viste en Los Pol\u00edticos\"},\"url\":\"https:\\\/\\\/lospoliticosveracruz.com\\\/?author=2\"}]}<\/script>\n<!-- \/ Yoast SEO plugin. -->","yoast_head_json":{"title":"M\u00e9xico Alimentaria 2016 Food Show - Los pol\u00edticos Veracruz","robots":{"index":"index","follow":"follow","max-snippet":"max-snippet:-1","max-image-preview":"max-image-preview:large","max-video-preview":"max-video-preview:-1"},"canonical":"https:\/\/lospoliticosveracruz.com\/?p=28572","og_locale":"es_ES","og_type":"article","og_title":"M\u00e9xico Alimentaria 2016 Food Show - Los pol\u00edticos Veracruz","og_description":"Elena C\u00f3rdova Luna Nueva &nbsp; \u00bfSab\u00eda usted que M\u00e9xico es el doceavo productor de alimentos en el mundo? O que las industrias agroalimentarias agregan valor y precio e incrementan m\u00e1s demanda de los productos agr\u00edcolas, y que de esta forma contribuyen a reducir la pobreza, dan empleo y pueden mejorar la seguridad alimentaria en las [&hellip;]","og_url":"https:\/\/lospoliticosveracruz.com\/?p=28572","og_site_name":"Los pol\u00edticos Veracruz","article_publisher":"https:\/\/www.facebook.com\/people\/Notimemes-de-los-Polticos\/61565672886568\/","article_published_time":"2016-12-04T15:22:12+00:00","article_modified_time":"2016-12-04T15:23:13+00:00","og_image":[{"width":200,"height":200,"url":"https:\/\/lospoliticosveracruz.com\/wp-content\/uploads\/2016\/07\/Logo-Dor.jpg","type":"image\/jpeg"}],"author":"Lo viste en Los Pol\u00edticos","twitter_card":"summary_large_image","twitter_creator":"@LosPoliticosVer","twitter_site":"@LosPoliticosVer","twitter_misc":{"Escrito por":"Lo viste en Los Pol\u00edticos","Tiempo de lectura":"3 minutos"},"schema":{"@context":"https:\/\/schema.org","@graph":[{"@type":"Article","@id":"https:\/\/lospoliticosveracruz.com\/?p=28572#article","isPartOf":{"@id":"https:\/\/lospoliticosveracruz.com\/?p=28572"},"author":{"name":"Lo viste en Los Pol\u00edticos","@id":"https:\/\/lospoliticosveracruz.com\/#\/schema\/person\/b8702bb0e538456e6efd07080bf2a4a2"},"headline":"M\u00e9xico Alimentaria 2016 Food Show","datePublished":"2016-12-04T15:22:12+00:00","dateModified":"2016-12-04T15:23:13+00:00","mainEntityOfPage":{"@id":"https:\/\/lospoliticosveracruz.com\/?p=28572"},"wordCount":655,"commentCount":0,"publisher":{"@id":"https:\/\/lospoliticosveracruz.com\/#organization"},"keywords":["El reto de la seguridad alimentaria en el mundo","Jos\u00e9 Eduardo Calzada Rovirosa","Mely Romero","M\u00e9xico Alimentaria 2016 Food Show","Sagarpa"],"articleSection":["De Opini\u00f3n"],"inLanguage":"es","potentialAction":[{"@type":"CommentAction","name":"Comment","target":["https:\/\/lospoliticosveracruz.com\/?p=28572#respond"]}]},{"@type":"WebPage","@id":"https:\/\/lospoliticosveracruz.com\/?p=28572","url":"https:\/\/lospoliticosveracruz.com\/?p=28572","name":"M\u00e9xico Alimentaria 2016 Food Show - Los pol\u00edticos Veracruz","isPartOf":{"@id":"https:\/\/lospoliticosveracruz.com\/#website"},"datePublished":"2016-12-04T15:22:12+00:00","dateModified":"2016-12-04T15:23:13+00:00","breadcrumb":{"@id":"https:\/\/lospoliticosveracruz.com\/?p=28572#breadcrumb"},"inLanguage":"es","potentialAction":[{"@type":"ReadAction","target":["https:\/\/lospoliticosveracruz.com\/?p=28572"]}]},{"@type":"BreadcrumbList","@id":"https:\/\/lospoliticosveracruz.com\/?p=28572#breadcrumb","itemListElement":[{"@type":"ListItem","position":1,"name":"Portada","item":"https:\/\/lospoliticosveracruz.com\/"},{"@type":"ListItem","position":2,"name":"M\u00e9xico Alimentaria 2016 Food Show"}]},{"@type":"WebSite","@id":"https:\/\/lospoliticosveracruz.com\/#website","url":"https:\/\/lospoliticosveracruz.com\/","name":"Los pol\u00edticos Veracruz","description":"","publisher":{"@id":"https:\/\/lospoliticosveracruz.com\/#organization"},"potentialAction":[{"@type":"SearchAction","target":{"@type":"EntryPoint","urlTemplate":"https:\/\/lospoliticosveracruz.com\/?s={search_term_string}"},"query-input":{"@type":"PropertyValueSpecification","valueRequired":true,"valueName":"search_term_string"}}],"inLanguage":"es"},{"@type":"Organization","@id":"https:\/\/lospoliticosveracruz.com\/#organization","name":"Los pol\u00edticos Veracruz","url":"https:\/\/lospoliticosveracruz.com\/","logo":{"@type":"ImageObject","inLanguage":"es","@id":"https:\/\/lospoliticosveracruz.com\/#\/schema\/logo\/image\/","url":"https:\/\/lospoliticosveracruz.com\/wp-content\/uploads\/2025\/12\/Logo-Nuevo-LOS-POLITICOS-1.jpg","contentUrl":"https:\/\/lospoliticosveracruz.com\/wp-content\/uploads\/2025\/12\/Logo-Nuevo-LOS-POLITICOS-1.jpg","width":260,"height":70,"caption":"Los pol\u00edticos Veracruz"},"image":{"@id":"https:\/\/lospoliticosveracruz.com\/#\/schema\/logo\/image\/"},"sameAs":["https:\/\/www.facebook.com\/people\/Notimemes-de-los-Polticos\/61565672886568\/","https:\/\/x.com\/LosPoliticosVer"]},{"@type":"Person","@id":"https:\/\/lospoliticosveracruz.com\/#\/schema\/person\/b8702bb0e538456e6efd07080bf2a4a2","name":"Lo viste en Los Pol\u00edticos","image":{"@type":"ImageObject","inLanguage":"es","@id":"https:\/\/secure.gravatar.com\/avatar\/3a8de04a2656d44082be478bd6c086daa447c4651605818287b9532d3d0bd435?s=96&d=mm&r=g","url":"https:\/\/secure.gravatar.com\/avatar\/3a8de04a2656d44082be478bd6c086daa447c4651605818287b9532d3d0bd435?s=96&d=mm&r=g","contentUrl":"https:\/\/secure.gravatar.com\/avatar\/3a8de04a2656d44082be478bd6c086daa447c4651605818287b9532d3d0bd435?s=96&d=mm&r=g","caption":"Lo viste en Los Pol\u00edticos"},"url":"https:\/\/lospoliticosveracruz.com\/?author=2"}]}},"_links":{"self":[{"href":"https:\/\/lospoliticosveracruz.com\/index.php?rest_route=\/wp\/v2\/posts\/28572","targetHints":{"allow":["GET"]}}],"collection":[{"href":"https:\/\/lospoliticosveracruz.com\/index.php?rest_route=\/wp\/v2\/posts"}],"about":[{"href":"https:\/\/lospoliticosveracruz.com\/index.php?rest_route=\/wp\/v2\/types\/post"}],"author":[{"embeddable":true,"href":"https:\/\/lospoliticosveracruz.com\/index.php?rest_route=\/wp\/v2\/users\/2"}],"replies":[{"embeddable":true,"href":"https:\/\/lospoliticosveracruz.com\/index.php?rest_route=%2Fwp%2Fv2%2Fcomments&post=28572"}],"version-history":[{"count":2,"href":"https:\/\/lospoliticosveracruz.com\/index.php?rest_route=\/wp\/v2\/posts\/28572\/revisions"}],"predecessor-version":[{"id":28575,"href":"https:\/\/lospoliticosveracruz.com\/index.php?rest_route=\/wp\/v2\/posts\/28572\/revisions\/28575"}],"wp:attachment":[{"href":"https:\/\/lospoliticosveracruz.com\/index.php?rest_route=%2Fwp%2Fv2%2Fmedia&parent=28572"}],"wp:term":[{"taxonomy":"category","embeddable":true,"href":"https:\/\/lospoliticosveracruz.com\/index.php?rest_route=%2Fwp%2Fv2%2Fcategories&post=28572"},{"taxonomy":"post_tag","embeddable":true,"href":"https:\/\/lospoliticosveracruz.com\/index.php?rest_route=%2Fwp%2Fv2%2Ftags&post=28572"}],"curies":[{"name":"wp","href":"https:\/\/api.w.org\/{rel}","templated":true}]}}