{"id":28602,"date":"2016-12-04T19:02:39","date_gmt":"2016-12-05T01:02:39","guid":{"rendered":"http:\/\/www.lospoliticosveracruz.com.mx\/?p=28602"},"modified":"2016-12-04T19:06:15","modified_gmt":"2016-12-05T01:06:15","slug":"empleados-de-gobierno-votaron-por-mayl","status":"publish","type":"post","link":"https:\/\/lospoliticosveracruz.com\/?p=28602","title":{"rendered":"Empleados de gobierno votaron por MAYL"},"content":{"rendered":"<p class=\"x_m_2080552493929025419MsoNoSpacing x_gmail_msg\"><strong><span class=\"x_gmail_msg\">Fanny Y\u00e9pez<\/span><\/strong><\/p>\n<p class=\"x_m_2080552493929025419MsoNoSpacing x_gmail_msg\"><em><span class=\"x_gmail_msg\">La Columna<\/span><\/em><\/p>\n<p class=\"x_m_2080552493929025419MsoNoSpacing x_gmail_msg\"><em><span class=\"x_gmail_msg\"><u class=\"x_gmail_msg\"><\/u>\u00a0<\/span><\/em><\/p>\n<p class=\"x_m_2080552493929025419MsoNoSpacing x_gmail_msg\"><b class=\"x_gmail_msg\"><\/b><span class=\"x_gmail_msg\">Dos d\u00edas antes del 5 de junio de este a\u00f1o, d\u00eda de las elecciones para gobernador y diputados locales, los comentarios en las oficinas del gobierno estatal eran recurrentes en el sentido de que muchos de los empleados votar\u00edan por Miguel \u00c1ngel Yunes Linares, porque el desv\u00edo de recursos y el gran dispendio de algunos funcionarios, los hab\u00eda llevado a retrasarles sus pagos y a suspenderles algunos apoyos para desempe\u00f1ar su trabajo.<u class=\"x_gmail_msg\"><\/u><u class=\"x_gmail_msg\"><\/u><\/span><\/p>\n<p class=\"x_m_2080552493929025419MsoNoSpacing x_gmail_msg\"><span class=\"x_gmail_msg\">Al interior de esas dependencias ya exist\u00eda malestar, era muy evidente que entre los trabajadores hicieran memes del gobernador Javier Duarte de Ochoa, desde meses atr\u00e1s.<u class=\"x_gmail_msg\"><\/u><u class=\"x_gmail_msg\"><\/u><\/span><\/p>\n<p class=\"x_m_2080552493929025419MsoNoSpacing x_gmail_msg\"><span class=\"x_gmail_msg\">En junio, cuando los priista supieron los resultados de esas elecciones, los comentarios m\u00e1s frecuentes eran que los hab\u00edan traicionado y que el grueso de los empleados hab\u00eda votado por Yunes Linares.<u class=\"x_gmail_msg\"><\/u><u class=\"x_gmail_msg\"><\/u><\/span><\/p>\n<p class=\"x_m_2080552493929025419MsoNoSpacing x_gmail_msg\"><span class=\"x_gmail_msg\">Solo ellos lo sabr\u00e1n si as\u00ed fue, pero as\u00ed es como se manejaban esas versiones.<u class=\"x_gmail_msg\"><\/u><u class=\"x_gmail_msg\"><\/u><\/span><\/p>\n<p class=\"x_m_2080552493929025419MsoNoSpacing x_gmail_msg\"><span class=\"x_gmail_msg\">En plena campa\u00f1a pol\u00edtica, en el mes de mayo, el candidato de la coalici\u00f3n PAN-PRD, Yunes Linares, asegur\u00f3 que los trabajadores de Gobierno del Estado que no sean corruptos mantendr\u00edan su trabajo, en caso de que \u00e9l llegara a ocupar el poder ejecutivo.<u class=\"x_gmail_msg\"><\/u><u class=\"x_gmail_msg\"><\/u><\/span><\/p>\n<p class=\"x_m_2080552493929025419MsoNoSpacing x_gmail_msg\"><span class=\"x_gmail_msg\">Textualmente dijo: \u201cDesde aqu\u00ed mando un mensaje a los honestos trabajadores del Gobierno de Veracruz sus puestos no est\u00e1n en riesgo, que no los amenacen, quienes trabajan bien, quienes han actuado con honestidad, quienes desempe\u00f1an honestamente su trabajo no tendr\u00e1n ning\u00fan problema con el nuevo Gobierno, seremos respetuosos de las plazas laborales, seremos respetuosos de cada uno de los trabajadores\u201d ah\u00ed mismo dijo que solo sacar\u00eda a las personas corruptas, que har\u00eda una limpia.<\/span><\/p>\n<p class=\"x_m_2080552493929025419MsoNoSpacing x_gmail_msg\"><b class=\"x_gmail_msg\"><span class=\"x_gmail_msg\">La prepotencia de directivos de Sedarpa no ayuda al gobernador<u class=\"x_gmail_msg\"><\/u><u class=\"x_gmail_msg\"><\/u><\/span><\/b><\/p>\n<p class=\"x_m_2080552493929025419MsoNoSpacing x_gmail_msg\"><span class=\"x_gmail_msg\">Lamentablemente cuando toma posesi\u00f3n se encuentra con una crisis econ\u00f3mica terrible, que lo obliga a reducir la plantilla laboral, no hay dinero con que pagar a todos los empleados y hasta ah\u00ed eso se entiende, se tendr\u00e1 que hacer un recorte.<u class=\"x_gmail_msg\"><\/u><u class=\"x_gmail_msg\"><\/u><\/span><\/p>\n<p class=\"x_m_2080552493929025419MsoNoSpacing x_gmail_msg\"><span class=\"x_gmail_msg\">Lo reprobable es la forma como se comportaron los directivos de la Secretar\u00eda de Desarrollo Agropecuario, Rural y Pesca (Sedarpa), que con actitud prepotente y ofensiva el jueves pasado mantuvieron fuera de las oficinas a esos empleados, que son ciudadanos respetables, ajenos a esos famosos desv\u00edos y que muchos se dedicaron solamente a trabajar y, tal vez, hasta el voto le dieron a Yunes Linares.<u class=\"x_gmail_msg\"><\/u><u class=\"x_gmail_msg\"><\/u><\/span><\/p>\n<p class=\"x_m_2080552493929025419MsoNoSpacing x_gmail_msg\"><span class=\"x_gmail_msg\">No es necesaria tanta rudeza, se entiende que el m\u00e9dico cirujano y partero, Joaqu\u00edn Guzm\u00e1n Avil\u00e9s, tiene educaci\u00f3n y experiencia en la representaci\u00f3n del pueblo veracruzano, al menos en el Congreso local; se supo que fue el coordinador de la campa\u00f1a pol\u00edtica, entonces no es posible que hoy con ese cargo muestre tanta arrogancia.<u class=\"x_gmail_msg\"><\/u><u class=\"x_gmail_msg\"><\/u><\/span><\/p>\n<p class=\"x_m_2080552493929025419MsoNoSpacing x_gmail_msg\"><span class=\"x_gmail_msg\">Los van a dar de baja, est\u00e1 bien. Hay que explicarlo de manera atenta, porque no son ningunos delincuentes, seguramente todos tienen familia, pero adem\u00e1s de todo eso, son Mexicanos y veracruzanos, por eso hay que tratarlos con respeto.<u class=\"x_gmail_msg\"><\/u><u class=\"x_gmail_msg\"><\/u><\/span><\/p>\n<p class=\"x_m_2080552493929025419MsoNoSpacing x_gmail_msg\"><span class=\"x_gmail_msg\">Actuar de esa forma en nada ayuda a la imagen del gobernador que tom\u00f3 posesi\u00f3n apenas hace tres d\u00edas, que ha dicho hasta el cansancio que trae todas las ganas de hacer las cosas bien, pero necesita que su equipo entienda, comprenda que no pueden ir en contra de la t\u00f3nica que \u00e9l ha adoptado para posicionarse.<u class=\"x_gmail_msg\"><\/u><u class=\"x_gmail_msg\"><\/u><\/span><\/p>\n<p class=\"x_m_2080552493929025419MsoNoSpacing x_gmail_msg\"><span class=\"x_gmail_msg\">Es muy f\u00e1cil ser atento y amable, no caigan en los mismos errores de los que se fueron, que se volvieron insolentes, fatuos y distantes.<u class=\"x_gmail_msg\"><\/u><u class=\"x_gmail_msg\"><\/u><\/span><\/p>\n<p class=\"x_m_2080552493929025419MsoNoSpacing x_gmail_msg\"><span class=\"x_gmail_msg\">La segregaci\u00f3n en M\u00e9xico qued\u00f3 en la historia, nadie va a ver bien o le van a aumentar el sueldo al partero por adoptar esas acciones, por el contrario, solamente se exhibe mal y echa abajo su nivel de funcionario.<\/span><\/p>\n<p class=\"x_m_2080552493929025419MsoNoSpacing x_gmail_msg\"><b class=\"x_gmail_msg\"><span class=\"x_gmail_msg\">Jes\u00fas Alberto Vel\u00e1zquez y Rogelio Franco Cast\u00e1n.<u class=\"x_gmail_msg\"><\/u><u class=\"x_gmail_msg\"><\/u><\/span><\/b><\/p>\n<p class=\"x_m_2080552493929025419MsoNoSpacing x_gmail_msg\"><span class=\"x_gmail_msg\">Jes\u00fas Alberto Vel\u00e1zquez Flores es el nuevo dirigente del Partido de la Revoluci\u00f3n Democr\u00e1tica. Con 196 votos de los delegados logr\u00f3 por unanimidad este domingo, obtener la presidencia del PRD en el estado de Veracruz.<u class=\"x_gmail_msg\"><\/u><u class=\"x_gmail_msg\"><\/u><\/span><\/p>\n<p class=\"x_m_2080552493929025419MsoNoSpacing x_gmail_msg\"><span class=\"x_gmail_msg\">Puede ser un partido peque\u00f1o, pero encontr\u00f3 la f\u00f3rmula para acomodarse en una buena posici\u00f3n en el estado de Veracruz, ahora quien fuera dirigente del PRD durante la pasada campa\u00f1a pol\u00edtica, por sostener esa alianza, se convirti\u00f3 en el secretario de Gobierno, Rogelio Franco Cast\u00e1n y otros directivos de ese partido pol\u00edtico, est\u00e1n siendo tomados en cuenta para otros importantes cargos en esta administraci\u00f3n.<u class=\"x_gmail_msg\"><\/u><u class=\"x_gmail_msg\"><\/u><\/span><\/p>\n<p class=\"x_m_2080552493929025419MsoNoSpacing x_gmail_msg\"><span class=\"x_gmail_msg\">Le llovieron las cr\u00edticas a Franco Cast\u00e1n pero ya est\u00e1 instalado, supo comportarse ante ese embate, no dio respuestas ni se alter\u00f3 y as\u00ed las cosas se han ido apaciguando.<u class=\"x_gmail_msg\"><\/u><u class=\"x_gmail_msg\"><\/u><\/span><\/p>\n<p class=\"x_m_2080552493929025419MsoNoSpacing x_gmail_msg\"><span class=\"x_gmail_msg\">As\u00ed es la pol\u00edtica, el que se mete sabe a lo que le tira, por eso es importante hacer las cosas bien, para que esa balanza natural que se hace acerca de una persona, tenga m\u00e1s bolas buenas que malas a la hora de hacer una evaluaci\u00f3n.<u class=\"x_gmail_msg\"><\/u><u class=\"x_gmail_msg\"><\/u><\/span><\/p>\n<p class=\"x_m_2080552493929025419MsoNoSpacing x_gmail_msg\"><span class=\"x_gmail_msg\">Finalmente ayer apareci\u00f3 en su cuenta de Facebook un mensaje que dice: \u201cDe conformidad con el Art\u00edculo 50 de la Constituci\u00f3n Pol\u00edtica del Estado Libre y Soberano de Veracruz; hago constar que cumplo con el requisito de titulaci\u00f3n exigida legalmente para asumir el cargo como Secretario General de Gobierno de la entidad.<u class=\"x_gmail_msg\"><\/u><u class=\"x_gmail_msg\"><\/u><\/span><\/p>\n<p class=\"x_m_2080552493929025419MsoNoSpacing x_gmail_msg\"><span class=\"x_gmail_msg\">Apegados a la Ley, Veracruz transita por la ruta del progreso\u201d.<u class=\"x_gmail_msg\"><\/u><u class=\"x_gmail_msg\"><\/u><\/span><\/p>\n<p class=\"x_m_2080552493929025419MsoNoSpacing x_gmail_msg\"><span class=\"x_gmail_msg\">Ah\u00ed mismo aparece una fotograf\u00eda del t\u00edtulo profesional de licenciado en Derecho, otorgado por la Universidad Veracruzana.<\/span><\/p>\n<p class=\"x_m_2080552493929025419MsoNoSpacing x_gmail_msg\"><b class=\"x_gmail_msg\"><span class=\"x_gmail_msg\">Para no variar, otra del PRI el fin de semana pasado<u class=\"x_gmail_msg\"><\/u><u class=\"x_gmail_msg\"><\/u><\/span><\/b><\/p>\n<p class=\"x_m_2080552493929025419MsoNoSpacing x_gmail_msg\"><span class=\"x_gmail_msg\">Ya pasaron dos d\u00edas de que se llev\u00f3 a cabo la reuni\u00f3n de unidad del Partido Revolucionario Institucional (PRI), en la ciudad de Veracruz, pero los comentarios los segu\u00ed viendo en Facebook, lamentablemente todos en contra, me refiero a los de la militancia.<u class=\"x_gmail_msg\"><\/u><u class=\"x_gmail_msg\"><\/u><\/span><\/p>\n<p class=\"x_m_2080552493929025419MsoNoSpacing x_gmail_msg\"><span class=\"x_gmail_msg\">Uno de los partidos m\u00e1s antiguos, pero a sus organizadores se les volvi\u00f3 a ver demasiado confiados, desorganizados e irrespetuosos con los militantes, muchos de estos llegaron desde las 12 del d\u00eda, provenientes de las colonias y la periferia para que el dirigente nacional, Enrique Ochoa Reza, llegara hasta las 4 de la tarde. No se vale.<u class=\"x_gmail_msg\"><\/u><u class=\"x_gmail_msg\"><\/u><\/span><\/p>\n<p class=\"x_m_2080552493929025419MsoNoSpacing x_gmail_msg\"><span class=\"x_gmail_msg\">El calor sofocante, el sonido p\u00e9simo, el sal\u00f3n cerrado con ventanas muy altas, sin clima y a las 14 horas parec\u00eda que est\u00e1bamos en un horno. S\u00ed, porque ah\u00ed estuve tambi\u00e9n.<u class=\"x_gmail_msg\"><\/u><u class=\"x_gmail_msg\"><\/u><\/span><\/p>\n<p class=\"x_m_2080552493929025419MsoNoSpacing x_gmail_msg\"><span class=\"x_gmail_msg\">A las 14 horas hab\u00eda cuando menos 4 mil personas, cuando lleg\u00f3 el l\u00edder nacional apenas habr\u00eda unas mil 500, se perdi\u00f3 el control y muchos decidieron retirarse.<u class=\"x_gmail_msg\"><\/u><u class=\"x_gmail_msg\"><\/u><\/span><\/p>\n<p class=\"x_m_2080552493929025419MsoNoSpacing x_gmail_msg\"><span class=\"x_gmail_msg\">Que lamentable, que mal trabajo del hombre de Cotaxtla, Felipe Amadeo Flores, pero ya no le pueden pedir m\u00e1s, hasta ah\u00ed lleg\u00f3 su nivel y \u00e9l lo sabe.<u class=\"x_gmail_msg\"><\/u><u class=\"x_gmail_msg\"><\/u><\/span><\/p>\n<p class=\"x_m_2080552493929025419MsoNoSpacing x_gmail_msg\"><span class=\"x_gmail_msg\">Fue un desperdicio de ese entusiasmo de esos que todav\u00eda creen en ese partido pol\u00edtico; echan todo por la borda a dos d\u00edas de que tom\u00f3 posesi\u00f3n el gobernador panista, el que vino a romper la tradici\u00f3n del triunfo priista.<u class=\"x_gmail_msg\"><\/u><u class=\"x_gmail_msg\"><\/u><\/span><\/p>\n<p class=\"x_m_2080552493929025419MsoNoSpacing x_gmail_msg\"><span class=\"x_gmail_msg\">Ni eso les provoc\u00f3 que le pusieran tantitas m\u00e1s ganas. Nada. Nada de nada.<u class=\"x_gmail_msg\"><\/u><u class=\"x_gmail_msg\"><\/u><\/span><\/p>\n<p class=\"x_m_2080552493929025419MsoNoSpacing x_gmail_msg\"><span class=\"x_gmail_msg\">Ya no jueguen con los sentimientos de esas personas.<u class=\"x_gmail_msg\"><\/u><u class=\"x_gmail_msg\"><\/u><\/span><\/p>\n<p class=\"x_m_2080552493929025419MsoNoSpacing x_gmail_msg\"><span class=\"x_gmail_msg\">Al dirigente estatal que le puede preocupar, si ha ocupado tantos cargos, incluso fue mencionado hace doce a\u00f1os para ser candidato a gobernador.<u class=\"x_gmail_msg\"><\/u><u class=\"x_gmail_msg\"><\/u><\/span><\/p>\n<p class=\"x_m_2080552493929025419MsoNoSpacing x_gmail_msg\"><span class=\"x_gmail_msg\">Hay muchos hombres y mujeres que quisieran la oportunidad de inyectarle br\u00edo a ese Instituto Pol\u00edtico pero no los dejan, en la mesa de honor de ese viernes los mismos de siempre, las mismas caras y eso ya no \u201cvende\u201d entre el electorado.<\/span><\/p>\n","protected":false},"excerpt":{"rendered":"<p>Fanny Y\u00e9pez La Columna \u00a0 Dos d\u00edas antes del 5 de junio de este a\u00f1o, d\u00eda de las elecciones para gobernador y diputados locales, los comentarios en las oficinas del gobierno estatal eran recurrentes en el sentido de que muchos de los empleados votar\u00edan por Miguel \u00c1ngel Yunes Linares, porque el desv\u00edo de recursos y [&hellip;]<\/p>\n","protected":false},"author":2,"featured_media":0,"comment_status":"open","ping_status":"open","sticky":false,"template":"","format":"standard","meta":{"tdm_status":"","tdm_grid_status":"","footnotes":""},"categories":[70],"tags":[6839,6835,6840,428,808,1189],"class_list":{"0":"post-28602","1":"post","2":"type-post","3":"status-publish","4":"format-standard","6":"category-de-opinion","7":"tag-empleados-gobierno","8":"tag-jesus-alberto-velazquez","9":"tag-memes-javier-duarte","10":"tag-miguel-angel-yunes-linares","11":"tag-rogelio-franco-castan","12":"tag-sedarpa"},"yoast_head":"<!-- This site is optimized with the Yoast SEO plugin v27.4 - https:\/\/yoast.com\/product\/yoast-seo-wordpress\/ -->\n<title>Empleados de gobierno votaron por MAYL - Los pol\u00edticos Veracruz<\/title>\n<meta name=\"robots\" content=\"index, follow, max-snippet:-1, max-image-preview:large, max-video-preview:-1\" \/>\n<link rel=\"canonical\" href=\"https:\/\/lospoliticosveracruz.com\/?p=28602\" \/>\n<meta property=\"og:locale\" content=\"es_ES\" \/>\n<meta property=\"og:type\" content=\"article\" \/>\n<meta property=\"og:title\" content=\"Empleados de gobierno votaron por MAYL - Los pol\u00edticos Veracruz\" \/>\n<meta property=\"og:description\" content=\"Fanny Y\u00e9pez La Columna \u00a0 Dos d\u00edas antes del 5 de junio de este a\u00f1o, d\u00eda de las elecciones para gobernador y diputados locales, los comentarios en las oficinas del gobierno estatal eran recurrentes en el sentido de que muchos de los empleados votar\u00edan por Miguel \u00c1ngel Yunes Linares, porque el desv\u00edo de recursos y [&hellip;]\" \/>\n<meta property=\"og:url\" content=\"https:\/\/lospoliticosveracruz.com\/?p=28602\" \/>\n<meta property=\"og:site_name\" content=\"Los pol\u00edticos Veracruz\" \/>\n<meta property=\"article:publisher\" content=\"https:\/\/www.facebook.com\/people\/Notimemes-de-los-Polticos\/61565672886568\/\" \/>\n<meta property=\"article:published_time\" content=\"2016-12-05T01:02:39+00:00\" \/>\n<meta property=\"article:modified_time\" content=\"2016-12-05T01:06:15+00:00\" \/>\n<meta property=\"og:image\" content=\"https:\/\/lospoliticosveracruz.com\/wp-content\/uploads\/2016\/07\/Logo-Dor.jpg\" \/>\n\t<meta property=\"og:image:width\" content=\"200\" \/>\n\t<meta property=\"og:image:height\" content=\"200\" \/>\n\t<meta property=\"og:image:type\" content=\"image\/jpeg\" \/>\n<meta name=\"author\" content=\"Lo viste en Los Pol\u00edticos\" \/>\n<meta name=\"twitter:card\" content=\"summary_large_image\" \/>\n<meta name=\"twitter:creator\" content=\"@LosPoliticosVer\" \/>\n<meta name=\"twitter:site\" content=\"@LosPoliticosVer\" \/>\n<meta name=\"twitter:label1\" content=\"Escrito por\" \/>\n\t<meta name=\"twitter:data1\" content=\"Lo viste en Los Pol\u00edticos\" \/>\n\t<meta name=\"twitter:label2\" content=\"Tiempo de lectura\" \/>\n\t<meta name=\"twitter:data2\" content=\"6 minutos\" \/>\n<script type=\"application\/ld+json\" class=\"yoast-schema-graph\">{\"@context\":\"https:\\\/\\\/schema.org\",\"@graph\":[{\"@type\":\"Article\",\"@id\":\"https:\\\/\\\/lospoliticosveracruz.com\\\/?p=28602#article\",\"isPartOf\":{\"@id\":\"https:\\\/\\\/lospoliticosveracruz.com\\\/?p=28602\"},\"author\":{\"name\":\"Lo viste en Los Pol\u00edticos\",\"@id\":\"https:\\\/\\\/lospoliticosveracruz.com\\\/#\\\/schema\\\/person\\\/b8702bb0e538456e6efd07080bf2a4a2\"},\"headline\":\"Empleados de gobierno votaron por MAYL\",\"datePublished\":\"2016-12-05T01:02:39+00:00\",\"dateModified\":\"2016-12-05T01:06:15+00:00\",\"mainEntityOfPage\":{\"@id\":\"https:\\\/\\\/lospoliticosveracruz.com\\\/?p=28602\"},\"wordCount\":1276,\"commentCount\":0,\"publisher\":{\"@id\":\"https:\\\/\\\/lospoliticosveracruz.com\\\/#organization\"},\"keywords\":[\"Empleados Gobierno\",\"Jes\u00fas Alberto Vel\u00e1zquez\",\"Memes Javier Duarte\",\"Miguel Angel Yunes Linares\",\"Rogelio Franco Cast\u00e1n\",\"Sedarpa\"],\"articleSection\":[\"De Opini\u00f3n\"],\"inLanguage\":\"es\",\"potentialAction\":[{\"@type\":\"CommentAction\",\"name\":\"Comment\",\"target\":[\"https:\\\/\\\/lospoliticosveracruz.com\\\/?p=28602#respond\"]}]},{\"@type\":\"WebPage\",\"@id\":\"https:\\\/\\\/lospoliticosveracruz.com\\\/?p=28602\",\"url\":\"https:\\\/\\\/lospoliticosveracruz.com\\\/?p=28602\",\"name\":\"Empleados de gobierno votaron por MAYL - Los pol\u00edticos Veracruz\",\"isPartOf\":{\"@id\":\"https:\\\/\\\/lospoliticosveracruz.com\\\/#website\"},\"datePublished\":\"2016-12-05T01:02:39+00:00\",\"dateModified\":\"2016-12-05T01:06:15+00:00\",\"breadcrumb\":{\"@id\":\"https:\\\/\\\/lospoliticosveracruz.com\\\/?p=28602#breadcrumb\"},\"inLanguage\":\"es\",\"potentialAction\":[{\"@type\":\"ReadAction\",\"target\":[\"https:\\\/\\\/lospoliticosveracruz.com\\\/?p=28602\"]}]},{\"@type\":\"BreadcrumbList\",\"@id\":\"https:\\\/\\\/lospoliticosveracruz.com\\\/?p=28602#breadcrumb\",\"itemListElement\":[{\"@type\":\"ListItem\",\"position\":1,\"name\":\"Portada\",\"item\":\"https:\\\/\\\/lospoliticosveracruz.com\\\/\"},{\"@type\":\"ListItem\",\"position\":2,\"name\":\"Empleados de gobierno votaron por MAYL\"}]},{\"@type\":\"WebSite\",\"@id\":\"https:\\\/\\\/lospoliticosveracruz.com\\\/#website\",\"url\":\"https:\\\/\\\/lospoliticosveracruz.com\\\/\",\"name\":\"Los pol\u00edticos Veracruz\",\"description\":\"\",\"publisher\":{\"@id\":\"https:\\\/\\\/lospoliticosveracruz.com\\\/#organization\"},\"potentialAction\":[{\"@type\":\"SearchAction\",\"target\":{\"@type\":\"EntryPoint\",\"urlTemplate\":\"https:\\\/\\\/lospoliticosveracruz.com\\\/?s={search_term_string}\"},\"query-input\":{\"@type\":\"PropertyValueSpecification\",\"valueRequired\":true,\"valueName\":\"search_term_string\"}}],\"inLanguage\":\"es\"},{\"@type\":\"Organization\",\"@id\":\"https:\\\/\\\/lospoliticosveracruz.com\\\/#organization\",\"name\":\"Los pol\u00edticos Veracruz\",\"url\":\"https:\\\/\\\/lospoliticosveracruz.com\\\/\",\"logo\":{\"@type\":\"ImageObject\",\"inLanguage\":\"es\",\"@id\":\"https:\\\/\\\/lospoliticosveracruz.com\\\/#\\\/schema\\\/logo\\\/image\\\/\",\"url\":\"https:\\\/\\\/lospoliticosveracruz.com\\\/wp-content\\\/uploads\\\/2025\\\/12\\\/Logo-Nuevo-LOS-POLITICOS-1.jpg\",\"contentUrl\":\"https:\\\/\\\/lospoliticosveracruz.com\\\/wp-content\\\/uploads\\\/2025\\\/12\\\/Logo-Nuevo-LOS-POLITICOS-1.jpg\",\"width\":260,\"height\":70,\"caption\":\"Los pol\u00edticos Veracruz\"},\"image\":{\"@id\":\"https:\\\/\\\/lospoliticosveracruz.com\\\/#\\\/schema\\\/logo\\\/image\\\/\"},\"sameAs\":[\"https:\\\/\\\/www.facebook.com\\\/people\\\/Notimemes-de-los-Polticos\\\/61565672886568\\\/\",\"https:\\\/\\\/x.com\\\/LosPoliticosVer\"]},{\"@type\":\"Person\",\"@id\":\"https:\\\/\\\/lospoliticosveracruz.com\\\/#\\\/schema\\\/person\\\/b8702bb0e538456e6efd07080bf2a4a2\",\"name\":\"Lo viste en Los Pol\u00edticos\",\"image\":{\"@type\":\"ImageObject\",\"inLanguage\":\"es\",\"@id\":\"https:\\\/\\\/secure.gravatar.com\\\/avatar\\\/3a8de04a2656d44082be478bd6c086daa447c4651605818287b9532d3d0bd435?s=96&d=mm&r=g\",\"url\":\"https:\\\/\\\/secure.gravatar.com\\\/avatar\\\/3a8de04a2656d44082be478bd6c086daa447c4651605818287b9532d3d0bd435?s=96&d=mm&r=g\",\"contentUrl\":\"https:\\\/\\\/secure.gravatar.com\\\/avatar\\\/3a8de04a2656d44082be478bd6c086daa447c4651605818287b9532d3d0bd435?s=96&d=mm&r=g\",\"caption\":\"Lo viste en Los Pol\u00edticos\"},\"url\":\"https:\\\/\\\/lospoliticosveracruz.com\\\/?author=2\"}]}<\/script>\n<!-- \/ Yoast SEO plugin. -->","yoast_head_json":{"title":"Empleados de gobierno votaron por MAYL - Los pol\u00edticos Veracruz","robots":{"index":"index","follow":"follow","max-snippet":"max-snippet:-1","max-image-preview":"max-image-preview:large","max-video-preview":"max-video-preview:-1"},"canonical":"https:\/\/lospoliticosveracruz.com\/?p=28602","og_locale":"es_ES","og_type":"article","og_title":"Empleados de gobierno votaron por MAYL - Los pol\u00edticos Veracruz","og_description":"Fanny Y\u00e9pez La Columna \u00a0 Dos d\u00edas antes del 5 de junio de este a\u00f1o, d\u00eda de las elecciones para gobernador y diputados locales, los comentarios en las oficinas del gobierno estatal eran recurrentes en el sentido de que muchos de los empleados votar\u00edan por Miguel \u00c1ngel Yunes Linares, porque el desv\u00edo de recursos y [&hellip;]","og_url":"https:\/\/lospoliticosveracruz.com\/?p=28602","og_site_name":"Los pol\u00edticos Veracruz","article_publisher":"https:\/\/www.facebook.com\/people\/Notimemes-de-los-Polticos\/61565672886568\/","article_published_time":"2016-12-05T01:02:39+00:00","article_modified_time":"2016-12-05T01:06:15+00:00","og_image":[{"width":200,"height":200,"url":"https:\/\/lospoliticosveracruz.com\/wp-content\/uploads\/2016\/07\/Logo-Dor.jpg","type":"image\/jpeg"}],"author":"Lo viste en Los Pol\u00edticos","twitter_card":"summary_large_image","twitter_creator":"@LosPoliticosVer","twitter_site":"@LosPoliticosVer","twitter_misc":{"Escrito por":"Lo viste en Los Pol\u00edticos","Tiempo de lectura":"6 minutos"},"schema":{"@context":"https:\/\/schema.org","@graph":[{"@type":"Article","@id":"https:\/\/lospoliticosveracruz.com\/?p=28602#article","isPartOf":{"@id":"https:\/\/lospoliticosveracruz.com\/?p=28602"},"author":{"name":"Lo viste en Los Pol\u00edticos","@id":"https:\/\/lospoliticosveracruz.com\/#\/schema\/person\/b8702bb0e538456e6efd07080bf2a4a2"},"headline":"Empleados de gobierno votaron por MAYL","datePublished":"2016-12-05T01:02:39+00:00","dateModified":"2016-12-05T01:06:15+00:00","mainEntityOfPage":{"@id":"https:\/\/lospoliticosveracruz.com\/?p=28602"},"wordCount":1276,"commentCount":0,"publisher":{"@id":"https:\/\/lospoliticosveracruz.com\/#organization"},"keywords":["Empleados Gobierno","Jes\u00fas Alberto Vel\u00e1zquez","Memes Javier Duarte","Miguel Angel Yunes Linares","Rogelio Franco Cast\u00e1n","Sedarpa"],"articleSection":["De Opini\u00f3n"],"inLanguage":"es","potentialAction":[{"@type":"CommentAction","name":"Comment","target":["https:\/\/lospoliticosveracruz.com\/?p=28602#respond"]}]},{"@type":"WebPage","@id":"https:\/\/lospoliticosveracruz.com\/?p=28602","url":"https:\/\/lospoliticosveracruz.com\/?p=28602","name":"Empleados de gobierno votaron por MAYL - Los pol\u00edticos Veracruz","isPartOf":{"@id":"https:\/\/lospoliticosveracruz.com\/#website"},"datePublished":"2016-12-05T01:02:39+00:00","dateModified":"2016-12-05T01:06:15+00:00","breadcrumb":{"@id":"https:\/\/lospoliticosveracruz.com\/?p=28602#breadcrumb"},"inLanguage":"es","potentialAction":[{"@type":"ReadAction","target":["https:\/\/lospoliticosveracruz.com\/?p=28602"]}]},{"@type":"BreadcrumbList","@id":"https:\/\/lospoliticosveracruz.com\/?p=28602#breadcrumb","itemListElement":[{"@type":"ListItem","position":1,"name":"Portada","item":"https:\/\/lospoliticosveracruz.com\/"},{"@type":"ListItem","position":2,"name":"Empleados de gobierno votaron por MAYL"}]},{"@type":"WebSite","@id":"https:\/\/lospoliticosveracruz.com\/#website","url":"https:\/\/lospoliticosveracruz.com\/","name":"Los pol\u00edticos Veracruz","description":"","publisher":{"@id":"https:\/\/lospoliticosveracruz.com\/#organization"},"potentialAction":[{"@type":"SearchAction","target":{"@type":"EntryPoint","urlTemplate":"https:\/\/lospoliticosveracruz.com\/?s={search_term_string}"},"query-input":{"@type":"PropertyValueSpecification","valueRequired":true,"valueName":"search_term_string"}}],"inLanguage":"es"},{"@type":"Organization","@id":"https:\/\/lospoliticosveracruz.com\/#organization","name":"Los pol\u00edticos Veracruz","url":"https:\/\/lospoliticosveracruz.com\/","logo":{"@type":"ImageObject","inLanguage":"es","@id":"https:\/\/lospoliticosveracruz.com\/#\/schema\/logo\/image\/","url":"https:\/\/lospoliticosveracruz.com\/wp-content\/uploads\/2025\/12\/Logo-Nuevo-LOS-POLITICOS-1.jpg","contentUrl":"https:\/\/lospoliticosveracruz.com\/wp-content\/uploads\/2025\/12\/Logo-Nuevo-LOS-POLITICOS-1.jpg","width":260,"height":70,"caption":"Los pol\u00edticos Veracruz"},"image":{"@id":"https:\/\/lospoliticosveracruz.com\/#\/schema\/logo\/image\/"},"sameAs":["https:\/\/www.facebook.com\/people\/Notimemes-de-los-Polticos\/61565672886568\/","https:\/\/x.com\/LosPoliticosVer"]},{"@type":"Person","@id":"https:\/\/lospoliticosveracruz.com\/#\/schema\/person\/b8702bb0e538456e6efd07080bf2a4a2","name":"Lo viste en Los Pol\u00edticos","image":{"@type":"ImageObject","inLanguage":"es","@id":"https:\/\/secure.gravatar.com\/avatar\/3a8de04a2656d44082be478bd6c086daa447c4651605818287b9532d3d0bd435?s=96&d=mm&r=g","url":"https:\/\/secure.gravatar.com\/avatar\/3a8de04a2656d44082be478bd6c086daa447c4651605818287b9532d3d0bd435?s=96&d=mm&r=g","contentUrl":"https:\/\/secure.gravatar.com\/avatar\/3a8de04a2656d44082be478bd6c086daa447c4651605818287b9532d3d0bd435?s=96&d=mm&r=g","caption":"Lo viste en Los Pol\u00edticos"},"url":"https:\/\/lospoliticosveracruz.com\/?author=2"}]}},"_links":{"self":[{"href":"https:\/\/lospoliticosveracruz.com\/index.php?rest_route=\/wp\/v2\/posts\/28602","targetHints":{"allow":["GET"]}}],"collection":[{"href":"https:\/\/lospoliticosveracruz.com\/index.php?rest_route=\/wp\/v2\/posts"}],"about":[{"href":"https:\/\/lospoliticosveracruz.com\/index.php?rest_route=\/wp\/v2\/types\/post"}],"author":[{"embeddable":true,"href":"https:\/\/lospoliticosveracruz.com\/index.php?rest_route=\/wp\/v2\/users\/2"}],"replies":[{"embeddable":true,"href":"https:\/\/lospoliticosveracruz.com\/index.php?rest_route=%2Fwp%2Fv2%2Fcomments&post=28602"}],"version-history":[{"count":2,"href":"https:\/\/lospoliticosveracruz.com\/index.php?rest_route=\/wp\/v2\/posts\/28602\/revisions"}],"predecessor-version":[{"id":28606,"href":"https:\/\/lospoliticosveracruz.com\/index.php?rest_route=\/wp\/v2\/posts\/28602\/revisions\/28606"}],"wp:attachment":[{"href":"https:\/\/lospoliticosveracruz.com\/index.php?rest_route=%2Fwp%2Fv2%2Fmedia&parent=28602"}],"wp:term":[{"taxonomy":"category","embeddable":true,"href":"https:\/\/lospoliticosveracruz.com\/index.php?rest_route=%2Fwp%2Fv2%2Fcategories&post=28602"},{"taxonomy":"post_tag","embeddable":true,"href":"https:\/\/lospoliticosveracruz.com\/index.php?rest_route=%2Fwp%2Fv2%2Ftags&post=28602"}],"curies":[{"name":"wp","href":"https:\/\/api.w.org\/{rel}","templated":true}]}}