{"id":28612,"date":"2016-12-04T22:22:58","date_gmt":"2016-12-05T04:22:58","guid":{"rendered":"http:\/\/www.lospoliticosveracruz.com.mx\/?p=28612"},"modified":"2016-12-04T22:22:58","modified_gmt":"2016-12-05T04:22:58","slug":"pendiente-que-hable-solalinde","status":"publish","type":"post","link":"https:\/\/lospoliticosveracruz.com\/?p=28612","title":{"rendered":"Pendiente que hable Solalinde"},"content":{"rendered":"<p class=\"x_m_8000991141168549990Standard x_gmail_msg\" style=\"text-align: left;\" align=\"center\"><strong><span class=\"x_gmail_msg\" lang=\"ES-MX\">Ricardo V\u00e1zquez Salazar<\/span><\/strong><\/p>\n<p class=\"x_m_8000991141168549990Standard x_gmail_msg\" style=\"text-align: left;\" align=\"center\"><em><span class=\"x_gmail_msg\" lang=\"ES-MX\">Esfera Pol\u00edtica<\/span><\/em><\/p>\n<p class=\"x_m_8000991141168549990Standard x_gmail_msg\" style=\"text-align: left;\" align=\"center\">\n<p class=\"x_m_8000991141168549990Standard x_gmail_msg\" style=\"text-align: left;\" align=\"center\">\n<p class=\"x_m_8000991141168549990Standard x_gmail_msg\" style=\"text-align: left;\" align=\"center\"><b class=\"x_gmail_msg\"><\/b><span class=\"x_gmail_msg\" lang=\"ES-MX\">Todav\u00eda no ha habido quien le d\u00e9 un manotazo sobre la mesa a la clase pol\u00edtica veracruzana del partido tricolor, quienes permanecen en la mazmorra, rehenes de una aparente indiferencia, con la que desear\u00edan se esfumaran las consecuencias del atraco a las arcas estatales y de la ingobernabilidad; con ansias de que se generalizara el olvido de todo el mal provocado en el pasado reciente. \u00a0<\/span><\/p>\n<p class=\"x_MsoNormal x_gmail_msg\"><span class=\"x_gmail_msg\" lang=\"ES-MX\">Muchos actores del tricolor -aunque tambi\u00e9n de otros partidos y sectores- , conscientes de sus transgresiones, han ca\u00eddo en la desesperaci\u00f3n. Entre unos y otros se reclaman, se acusan, se denuncian; utilizan el golpeteo en un vano intento de justificarse o con el af\u00e1n de quedar bien y treparse a otro cargo. Pese a que a\u00fan falta mucha putrefacci\u00f3n por salir, la lucha encarnizada por sobrevivir y librarse de la justicia est\u00e1 en su apogeo.\u00a0 \u00a0<\/span><\/p>\n<p class=\"x_MsoNormal x_gmail_msg\"><span class=\"x_gmail_msg\" lang=\"ES-MX\">Javier Duarte goza de libertad, de esa misma forma, gradual, el PRI en Veracruz sigue perdiendo la escasa confianza que le resta.<\/span><\/p>\n<p class=\"x_MsoNormal x_gmail_msg\"><span class=\"x_gmail_msg\" lang=\"ES-MX\">El manotazo que requiere el partido tricolor en Veracruz debe ser contundente, de hechos, no de palabras.<\/span><\/p>\n<p class=\"x_MsoNormal x_gmail_msg\"><span class=\"x_gmail_msg\" lang=\"ES-MX\">Se requiere mucho m\u00e1s de lo que vino a decir Enrique Ochoa Reza, l\u00edder nacional del Revolucionario Institucional: \u201cEl PRI iniciar\u00e1 un proceso de renovaci\u00f3n en la entidad para volver a conectar con la poblaci\u00f3n y presentarse como una opci\u00f3n pol\u00edtica seria en pr\u00f3ximos procesos electorales\u201d. Que en su partido se encuentran al pendiente de las investigaciones contra el exgobernador Javier Duarte, acusado de lavado de dinero, delincuencia organizada y otros delitos.<\/span><\/p>\n<p class=\"x_MsoNormal x_gmail_msg\"><span class=\"x_gmail_msg\" lang=\"ES-MX\">Necesitaran ir m\u00e1s all\u00e1 de \u201c\u00a1Compa\u00f1eros y compa\u00f1eras, que viva el PRI en Veracruz!\u201d, como remat\u00f3 Ochoa Reza. Mientras no se demuestre voluntad para cambiar, el tricolor corre el riesgo de seguir en ca\u00edda libre.<\/span><\/p>\n<p class=\"x_MsoNormal x_gmail_msg\"><span class=\"x_gmail_msg\" lang=\"ES-MX\">La poblaci\u00f3n exige que Javier Duarte y cuando menos una veintena de sus c\u00f3mplices sean aprehendidos. Que dentro de \u00e9stos, procedan los desafueros para rendir cuentas; la ciudadan\u00eda considera una burla que despu\u00e9s de todo lo que se robaron, del da\u00f1o que ocasionaron los responsables sigan disfrutando de m\u00e1s privilegios. \u00a0<\/span><\/p>\n<p class=\"x_MsoNormal x_gmail_msg\"><span class=\"x_gmail_msg\" lang=\"ES-MX\">El tema de los desaparecidos en Veracruz es adem\u00e1s de doloroso, delicado. El padre Alejandro Solalinde, defensor de migrantes, debe tener informaci\u00f3n valiosa sobre esto; ha sido sujeto de amenazas y burlas por sus se\u00f1alamientos precisos. Todo apunta a que una vez m\u00e1s tuvo raz\u00f3n cuando dio el pitazo de que Javier Duarte se encontraba escondido en Chiapas.<\/span><\/p>\n<p class=\"x_MsoNormal x_gmail_msg\"><span class=\"x_gmail_msg\" lang=\"ES-MX\">En mayo de 2011, el padre Solalinde dijo que Veracruz es el cementerio de migrantes m\u00e1s grande de M\u00e9xico. \u201cTiene que abrirse el suelo veracruzano, porque yo creo ha de ser el hervidero de esqueletos por donde quiera\u201d, declar\u00f3 el sacerdote.<\/span><\/p>\n<p class=\"x_MsoNormal x_gmail_msg\"><span class=\"x_gmail_msg\" lang=\"ES-MX\">No s\u00f3lo es cementerio de migrantes, como lo asever\u00f3 Solalinde, es de miles de veracruzanos. El tiradero de un centenar cad\u00e1veres sin identificar en el pante\u00f3n \u201cPalo Verde\u201d en plena capital veracruzana, as\u00ed como las m\u00faltiples fosas con incuantificables v\u00edctimas en colinas de Santa Fe, en Veracruz, lo confirman.\u00a0\u00a0 \u00a0<\/span><\/p>\n<p class=\"x_MsoNormal x_gmail_msg\"><span class=\"x_gmail_msg\" lang=\"ES-MX\">En mayo pasado, Solalinde Guerra expuso: \u00abEn Veracruz debe haber cambio de color en el gobierno y si cambia el gobierno yo me voy a animar a decir en d\u00f3nde est\u00e1n los dos puntos en donde hay restos humanos, pero mientras siga quien est\u00e1 en el gobierno, no lo voy a decir porque van a destruir esa evidencia y ni siquiera tendremos la esperanza que alg\u00fan d\u00eda al menos los familiares sepan de su familiar\u00bb.<\/span><\/p>\n<p class=\"x_MsoNormal x_gmail_msg\"><span class=\"x_gmail_msg\" lang=\"ES-MX\">En esa ocasi\u00f3n record\u00f3 lo que le confi\u00f3 un migrante: \u00abLos \u00fanicos que no est\u00e1n metidos en la agresi\u00f3n contra migrantes son el Ej\u00e9rcito, la CNDH, la iglesia cat\u00f3lica, todos los dem\u00e1s est\u00e1n embarrados y est\u00e1n metidos\u00bb.<\/span><\/p>\n<p class=\"x_MsoNormal x_gmail_msg\"><span class=\"x_gmail_msg\" lang=\"ES-MX\">En la ceremonia del s\u00e1bado pasado en el Congreso local, en la que se entreg\u00f3 la Medalla \u201cAdolfo Ru\u00edz Cortines\u201d a los colectivos de familiares en b\u00fasqueda de desaparecidos, imposible que ocultaran sus rostros de dolor, tristeza que invadi\u00f3 el sal\u00f3n pleno.\u00a0<\/span><\/p>\n<p class=\"x_MsoNormal x_gmail_msg\"><span class=\"x_gmail_msg\" lang=\"ES-MX\">\u201cNo podemos de ninguna manera ser fr\u00edos e indiferentes ante una causa tan noble como esta\u201d, afirm\u00f3 el gobernador Miguel \u00c1ngel Yunes Linares. \u00a0\u00a0<\/span><\/p>\n<p class=\"x_MsoNormal x_gmail_msg\"><span class=\"x_gmail_msg\" lang=\"ES-MX\">Crearemos la Comisi\u00f3n Estatal de B\u00fasqueda y la \u201cComisi\u00f3n de la Verdad\u201d, que estar\u00e1 integrada por las madres, por los padres, que sea independiente, aut\u00f3nomo del gobierno, que investigue lo que realmente sucedi\u00f3 estos a\u00f1os y peri\u00f3dicamente informe y d\u00e9 posibilidad a la autoridad para proceder de la manera m\u00e1s estricta, de la manera m\u00e1s dura, de la manera que lo ordena la ley, en contra de quienes hayan utilizado alguna responsabilidad p\u00fablica para desaparecer a una persona, se comprometi\u00f3 Yunes Linares.\u00a0\u00a0\u00a0<\/span><\/p>\n<p class=\"x_MsoNormal x_gmail_msg\"><span class=\"x_gmail_msg\" lang=\"ES-MX\">\u201cVeracruz se ha convertido en una \u201cf\u00e1brica de desaparecidos\u201d, donde predominan los \u201ccentros de sicariato\u201d y un \u201cEstado criminal\u201d que atenta contra los periodistas, dijo hace poco m\u00e1s de un a\u00f1o Alejandro Solalinde.<\/span><\/p>\n<p class=\"x_MsoNormal x_gmail_msg\"><span class=\"x_gmail_msg\" lang=\"ES-MX\">Ya se fueron los que usted no ten\u00eda confianza, padre Solalinde.<\/span><\/p>\n<p class=\"x_MsoNormal x_gmail_msg\"><span class=\"x_gmail_msg\" lang=\"ES-MX\">Los familiares de desaparecidos, de Veracruz, de otras entidades y de Centroam\u00e9rica contin\u00faan desesperados en busca de sus seres queridos.<\/span><\/p>\n<p class=\"x_MsoNormal x_gmail_msg\"><span class=\"x_gmail_msg\" lang=\"ES-MX\">Eternizada frase del movimiento espa\u00f1ol M15 conocido como los \u201cindignados\u201d, en el 2011: \u00abNos quitaron tanto, tanto, que acabaron quit\u00e1ndonos el miedo\u00bb. As\u00ed los familiares de miles de desaparecidos en Veracruz, les quitaron tanto, tanto, lo m\u00e1s preciado: sus seres queridos, que acabaron quit\u00e1ndoles hasta el miedo.<\/span><\/p>\n<p class=\"x_MsoNormal x_gmail_msg\"><span class=\"x_gmail_msg\" lang=\"ES-MX\">Y no van a parar.\u00a0<\/span><\/p>\n<p><span class=\"x_gmail_msg\"><a class=\"x_gmail_msg\" href=\"mailto:rvazquez002@yahoo.com.mx\" target=\"_blank\"><span class=\"x_gmail_msg\" lang=\"ES-MX\">rvazquez002@yahoo.com.mx<\/span><\/a><\/span><\/p>\n","protected":false},"excerpt":{"rendered":"<p>Ricardo V\u00e1zquez Salazar Esfera Pol\u00edtica Todav\u00eda no ha habido quien le d\u00e9 un manotazo sobre la mesa a la clase pol\u00edtica veracruzana del partido tricolor, quienes permanecen en la mazmorra, rehenes de una aparente indiferencia, con la que desear\u00edan se esfumaran las consecuencias del atraco a las arcas estatales y de la ingobernabilidad; con ansias [&hellip;]<\/p>\n","protected":false},"author":2,"featured_media":0,"comment_status":"open","ping_status":"open","sticky":false,"template":"","format":"standard","meta":{"tdm_status":"","tdm_grid_status":"","footnotes":""},"categories":[70],"tags":[5674,162,251],"class_list":{"0":"post-28612","1":"post","2":"type-post","3":"status-publish","4":"format-standard","6":"category-de-opinion","7":"tag-enrique-ochoa-reza","8":"tag-javier-duarte","9":"tag-pri"},"yoast_head":"<!-- This site is optimized with the Yoast SEO plugin v27.4 - https:\/\/yoast.com\/product\/yoast-seo-wordpress\/ -->\n<title>Pendiente que hable Solalinde - Los pol\u00edticos Veracruz<\/title>\n<meta name=\"robots\" content=\"index, follow, max-snippet:-1, max-image-preview:large, max-video-preview:-1\" \/>\n<link rel=\"canonical\" href=\"https:\/\/lospoliticosveracruz.com\/?p=28612\" \/>\n<meta property=\"og:locale\" content=\"es_ES\" \/>\n<meta property=\"og:type\" content=\"article\" \/>\n<meta property=\"og:title\" content=\"Pendiente que hable Solalinde - Los pol\u00edticos Veracruz\" \/>\n<meta property=\"og:description\" content=\"Ricardo V\u00e1zquez Salazar Esfera Pol\u00edtica Todav\u00eda no ha habido quien le d\u00e9 un manotazo sobre la mesa a la clase pol\u00edtica veracruzana del partido tricolor, quienes permanecen en la mazmorra, rehenes de una aparente indiferencia, con la que desear\u00edan se esfumaran las consecuencias del atraco a las arcas estatales y de la ingobernabilidad; con ansias [&hellip;]\" \/>\n<meta property=\"og:url\" content=\"https:\/\/lospoliticosveracruz.com\/?p=28612\" \/>\n<meta property=\"og:site_name\" content=\"Los pol\u00edticos Veracruz\" \/>\n<meta property=\"article:publisher\" content=\"https:\/\/www.facebook.com\/people\/Notimemes-de-los-Polticos\/61565672886568\/\" \/>\n<meta property=\"article:published_time\" content=\"2016-12-05T04:22:58+00:00\" \/>\n<meta property=\"og:image\" content=\"https:\/\/lospoliticosveracruz.com\/wp-content\/uploads\/2016\/07\/Logo-Dor.jpg\" \/>\n\t<meta property=\"og:image:width\" content=\"200\" \/>\n\t<meta property=\"og:image:height\" content=\"200\" \/>\n\t<meta property=\"og:image:type\" content=\"image\/jpeg\" \/>\n<meta name=\"author\" content=\"Lo viste en Los Pol\u00edticos\" \/>\n<meta name=\"twitter:card\" content=\"summary_large_image\" \/>\n<meta name=\"twitter:creator\" content=\"@LosPoliticosVer\" \/>\n<meta name=\"twitter:site\" content=\"@LosPoliticosVer\" \/>\n<meta name=\"twitter:label1\" content=\"Escrito por\" \/>\n\t<meta name=\"twitter:data1\" content=\"Lo viste en Los Pol\u00edticos\" \/>\n\t<meta name=\"twitter:label2\" content=\"Tiempo de lectura\" \/>\n\t<meta name=\"twitter:data2\" content=\"5 minutos\" \/>\n<script type=\"application\/ld+json\" class=\"yoast-schema-graph\">{\"@context\":\"https:\\\/\\\/schema.org\",\"@graph\":[{\"@type\":\"Article\",\"@id\":\"https:\\\/\\\/lospoliticosveracruz.com\\\/?p=28612#article\",\"isPartOf\":{\"@id\":\"https:\\\/\\\/lospoliticosveracruz.com\\\/?p=28612\"},\"author\":{\"name\":\"Lo viste en Los Pol\u00edticos\",\"@id\":\"https:\\\/\\\/lospoliticosveracruz.com\\\/#\\\/schema\\\/person\\\/b8702bb0e538456e6efd07080bf2a4a2\"},\"headline\":\"Pendiente que hable Solalinde\",\"datePublished\":\"2016-12-05T04:22:58+00:00\",\"mainEntityOfPage\":{\"@id\":\"https:\\\/\\\/lospoliticosveracruz.com\\\/?p=28612\"},\"wordCount\":945,\"commentCount\":0,\"publisher\":{\"@id\":\"https:\\\/\\\/lospoliticosveracruz.com\\\/#organization\"},\"keywords\":[\"Enrique Ochoa Reza\",\"Javier Duarte\",\"PRI\"],\"articleSection\":[\"De Opini\u00f3n\"],\"inLanguage\":\"es\",\"potentialAction\":[{\"@type\":\"CommentAction\",\"name\":\"Comment\",\"target\":[\"https:\\\/\\\/lospoliticosveracruz.com\\\/?p=28612#respond\"]}]},{\"@type\":\"WebPage\",\"@id\":\"https:\\\/\\\/lospoliticosveracruz.com\\\/?p=28612\",\"url\":\"https:\\\/\\\/lospoliticosveracruz.com\\\/?p=28612\",\"name\":\"Pendiente que hable Solalinde - Los pol\u00edticos Veracruz\",\"isPartOf\":{\"@id\":\"https:\\\/\\\/lospoliticosveracruz.com\\\/#website\"},\"datePublished\":\"2016-12-05T04:22:58+00:00\",\"breadcrumb\":{\"@id\":\"https:\\\/\\\/lospoliticosveracruz.com\\\/?p=28612#breadcrumb\"},\"inLanguage\":\"es\",\"potentialAction\":[{\"@type\":\"ReadAction\",\"target\":[\"https:\\\/\\\/lospoliticosveracruz.com\\\/?p=28612\"]}]},{\"@type\":\"BreadcrumbList\",\"@id\":\"https:\\\/\\\/lospoliticosveracruz.com\\\/?p=28612#breadcrumb\",\"itemListElement\":[{\"@type\":\"ListItem\",\"position\":1,\"name\":\"Portada\",\"item\":\"https:\\\/\\\/lospoliticosveracruz.com\\\/\"},{\"@type\":\"ListItem\",\"position\":2,\"name\":\"Pendiente que hable Solalinde\"}]},{\"@type\":\"WebSite\",\"@id\":\"https:\\\/\\\/lospoliticosveracruz.com\\\/#website\",\"url\":\"https:\\\/\\\/lospoliticosveracruz.com\\\/\",\"name\":\"Los pol\u00edticos Veracruz\",\"description\":\"\",\"publisher\":{\"@id\":\"https:\\\/\\\/lospoliticosveracruz.com\\\/#organization\"},\"potentialAction\":[{\"@type\":\"SearchAction\",\"target\":{\"@type\":\"EntryPoint\",\"urlTemplate\":\"https:\\\/\\\/lospoliticosveracruz.com\\\/?s={search_term_string}\"},\"query-input\":{\"@type\":\"PropertyValueSpecification\",\"valueRequired\":true,\"valueName\":\"search_term_string\"}}],\"inLanguage\":\"es\"},{\"@type\":\"Organization\",\"@id\":\"https:\\\/\\\/lospoliticosveracruz.com\\\/#organization\",\"name\":\"Los pol\u00edticos Veracruz\",\"url\":\"https:\\\/\\\/lospoliticosveracruz.com\\\/\",\"logo\":{\"@type\":\"ImageObject\",\"inLanguage\":\"es\",\"@id\":\"https:\\\/\\\/lospoliticosveracruz.com\\\/#\\\/schema\\\/logo\\\/image\\\/\",\"url\":\"https:\\\/\\\/lospoliticosveracruz.com\\\/wp-content\\\/uploads\\\/2025\\\/12\\\/Logo-Nuevo-LOS-POLITICOS-1.jpg\",\"contentUrl\":\"https:\\\/\\\/lospoliticosveracruz.com\\\/wp-content\\\/uploads\\\/2025\\\/12\\\/Logo-Nuevo-LOS-POLITICOS-1.jpg\",\"width\":260,\"height\":70,\"caption\":\"Los pol\u00edticos Veracruz\"},\"image\":{\"@id\":\"https:\\\/\\\/lospoliticosveracruz.com\\\/#\\\/schema\\\/logo\\\/image\\\/\"},\"sameAs\":[\"https:\\\/\\\/www.facebook.com\\\/people\\\/Notimemes-de-los-Polticos\\\/61565672886568\\\/\",\"https:\\\/\\\/x.com\\\/LosPoliticosVer\"]},{\"@type\":\"Person\",\"@id\":\"https:\\\/\\\/lospoliticosveracruz.com\\\/#\\\/schema\\\/person\\\/b8702bb0e538456e6efd07080bf2a4a2\",\"name\":\"Lo viste en Los Pol\u00edticos\",\"image\":{\"@type\":\"ImageObject\",\"inLanguage\":\"es\",\"@id\":\"https:\\\/\\\/secure.gravatar.com\\\/avatar\\\/3a8de04a2656d44082be478bd6c086daa447c4651605818287b9532d3d0bd435?s=96&d=mm&r=g\",\"url\":\"https:\\\/\\\/secure.gravatar.com\\\/avatar\\\/3a8de04a2656d44082be478bd6c086daa447c4651605818287b9532d3d0bd435?s=96&d=mm&r=g\",\"contentUrl\":\"https:\\\/\\\/secure.gravatar.com\\\/avatar\\\/3a8de04a2656d44082be478bd6c086daa447c4651605818287b9532d3d0bd435?s=96&d=mm&r=g\",\"caption\":\"Lo viste en Los Pol\u00edticos\"},\"url\":\"https:\\\/\\\/lospoliticosveracruz.com\\\/?author=2\"}]}<\/script>\n<!-- \/ Yoast SEO plugin. -->","yoast_head_json":{"title":"Pendiente que hable Solalinde - Los pol\u00edticos Veracruz","robots":{"index":"index","follow":"follow","max-snippet":"max-snippet:-1","max-image-preview":"max-image-preview:large","max-video-preview":"max-video-preview:-1"},"canonical":"https:\/\/lospoliticosveracruz.com\/?p=28612","og_locale":"es_ES","og_type":"article","og_title":"Pendiente que hable Solalinde - Los pol\u00edticos Veracruz","og_description":"Ricardo V\u00e1zquez Salazar Esfera Pol\u00edtica Todav\u00eda no ha habido quien le d\u00e9 un manotazo sobre la mesa a la clase pol\u00edtica veracruzana del partido tricolor, quienes permanecen en la mazmorra, rehenes de una aparente indiferencia, con la que desear\u00edan se esfumaran las consecuencias del atraco a las arcas estatales y de la ingobernabilidad; con ansias [&hellip;]","og_url":"https:\/\/lospoliticosveracruz.com\/?p=28612","og_site_name":"Los pol\u00edticos Veracruz","article_publisher":"https:\/\/www.facebook.com\/people\/Notimemes-de-los-Polticos\/61565672886568\/","article_published_time":"2016-12-05T04:22:58+00:00","og_image":[{"width":200,"height":200,"url":"https:\/\/lospoliticosveracruz.com\/wp-content\/uploads\/2016\/07\/Logo-Dor.jpg","type":"image\/jpeg"}],"author":"Lo viste en Los Pol\u00edticos","twitter_card":"summary_large_image","twitter_creator":"@LosPoliticosVer","twitter_site":"@LosPoliticosVer","twitter_misc":{"Escrito por":"Lo viste en Los Pol\u00edticos","Tiempo de lectura":"5 minutos"},"schema":{"@context":"https:\/\/schema.org","@graph":[{"@type":"Article","@id":"https:\/\/lospoliticosveracruz.com\/?p=28612#article","isPartOf":{"@id":"https:\/\/lospoliticosveracruz.com\/?p=28612"},"author":{"name":"Lo viste en Los Pol\u00edticos","@id":"https:\/\/lospoliticosveracruz.com\/#\/schema\/person\/b8702bb0e538456e6efd07080bf2a4a2"},"headline":"Pendiente que hable Solalinde","datePublished":"2016-12-05T04:22:58+00:00","mainEntityOfPage":{"@id":"https:\/\/lospoliticosveracruz.com\/?p=28612"},"wordCount":945,"commentCount":0,"publisher":{"@id":"https:\/\/lospoliticosveracruz.com\/#organization"},"keywords":["Enrique Ochoa Reza","Javier Duarte","PRI"],"articleSection":["De Opini\u00f3n"],"inLanguage":"es","potentialAction":[{"@type":"CommentAction","name":"Comment","target":["https:\/\/lospoliticosveracruz.com\/?p=28612#respond"]}]},{"@type":"WebPage","@id":"https:\/\/lospoliticosveracruz.com\/?p=28612","url":"https:\/\/lospoliticosveracruz.com\/?p=28612","name":"Pendiente que hable Solalinde - Los pol\u00edticos Veracruz","isPartOf":{"@id":"https:\/\/lospoliticosveracruz.com\/#website"},"datePublished":"2016-12-05T04:22:58+00:00","breadcrumb":{"@id":"https:\/\/lospoliticosveracruz.com\/?p=28612#breadcrumb"},"inLanguage":"es","potentialAction":[{"@type":"ReadAction","target":["https:\/\/lospoliticosveracruz.com\/?p=28612"]}]},{"@type":"BreadcrumbList","@id":"https:\/\/lospoliticosveracruz.com\/?p=28612#breadcrumb","itemListElement":[{"@type":"ListItem","position":1,"name":"Portada","item":"https:\/\/lospoliticosveracruz.com\/"},{"@type":"ListItem","position":2,"name":"Pendiente que hable Solalinde"}]},{"@type":"WebSite","@id":"https:\/\/lospoliticosveracruz.com\/#website","url":"https:\/\/lospoliticosveracruz.com\/","name":"Los pol\u00edticos Veracruz","description":"","publisher":{"@id":"https:\/\/lospoliticosveracruz.com\/#organization"},"potentialAction":[{"@type":"SearchAction","target":{"@type":"EntryPoint","urlTemplate":"https:\/\/lospoliticosveracruz.com\/?s={search_term_string}"},"query-input":{"@type":"PropertyValueSpecification","valueRequired":true,"valueName":"search_term_string"}}],"inLanguage":"es"},{"@type":"Organization","@id":"https:\/\/lospoliticosveracruz.com\/#organization","name":"Los pol\u00edticos Veracruz","url":"https:\/\/lospoliticosveracruz.com\/","logo":{"@type":"ImageObject","inLanguage":"es","@id":"https:\/\/lospoliticosveracruz.com\/#\/schema\/logo\/image\/","url":"https:\/\/lospoliticosveracruz.com\/wp-content\/uploads\/2025\/12\/Logo-Nuevo-LOS-POLITICOS-1.jpg","contentUrl":"https:\/\/lospoliticosveracruz.com\/wp-content\/uploads\/2025\/12\/Logo-Nuevo-LOS-POLITICOS-1.jpg","width":260,"height":70,"caption":"Los pol\u00edticos Veracruz"},"image":{"@id":"https:\/\/lospoliticosveracruz.com\/#\/schema\/logo\/image\/"},"sameAs":["https:\/\/www.facebook.com\/people\/Notimemes-de-los-Polticos\/61565672886568\/","https:\/\/x.com\/LosPoliticosVer"]},{"@type":"Person","@id":"https:\/\/lospoliticosveracruz.com\/#\/schema\/person\/b8702bb0e538456e6efd07080bf2a4a2","name":"Lo viste en Los Pol\u00edticos","image":{"@type":"ImageObject","inLanguage":"es","@id":"https:\/\/secure.gravatar.com\/avatar\/3a8de04a2656d44082be478bd6c086daa447c4651605818287b9532d3d0bd435?s=96&d=mm&r=g","url":"https:\/\/secure.gravatar.com\/avatar\/3a8de04a2656d44082be478bd6c086daa447c4651605818287b9532d3d0bd435?s=96&d=mm&r=g","contentUrl":"https:\/\/secure.gravatar.com\/avatar\/3a8de04a2656d44082be478bd6c086daa447c4651605818287b9532d3d0bd435?s=96&d=mm&r=g","caption":"Lo viste en Los Pol\u00edticos"},"url":"https:\/\/lospoliticosveracruz.com\/?author=2"}]}},"_links":{"self":[{"href":"https:\/\/lospoliticosveracruz.com\/index.php?rest_route=\/wp\/v2\/posts\/28612","targetHints":{"allow":["GET"]}}],"collection":[{"href":"https:\/\/lospoliticosveracruz.com\/index.php?rest_route=\/wp\/v2\/posts"}],"about":[{"href":"https:\/\/lospoliticosveracruz.com\/index.php?rest_route=\/wp\/v2\/types\/post"}],"author":[{"embeddable":true,"href":"https:\/\/lospoliticosveracruz.com\/index.php?rest_route=\/wp\/v2\/users\/2"}],"replies":[{"embeddable":true,"href":"https:\/\/lospoliticosveracruz.com\/index.php?rest_route=%2Fwp%2Fv2%2Fcomments&post=28612"}],"version-history":[{"count":1,"href":"https:\/\/lospoliticosveracruz.com\/index.php?rest_route=\/wp\/v2\/posts\/28612\/revisions"}],"predecessor-version":[{"id":28617,"href":"https:\/\/lospoliticosveracruz.com\/index.php?rest_route=\/wp\/v2\/posts\/28612\/revisions\/28617"}],"wp:attachment":[{"href":"https:\/\/lospoliticosveracruz.com\/index.php?rest_route=%2Fwp%2Fv2%2Fmedia&parent=28612"}],"wp:term":[{"taxonomy":"category","embeddable":true,"href":"https:\/\/lospoliticosveracruz.com\/index.php?rest_route=%2Fwp%2Fv2%2Fcategories&post=28612"},{"taxonomy":"post_tag","embeddable":true,"href":"https:\/\/lospoliticosveracruz.com\/index.php?rest_route=%2Fwp%2Fv2%2Ftags&post=28612"}],"curies":[{"name":"wp","href":"https:\/\/api.w.org\/{rel}","templated":true}]}}