{"id":28735,"date":"2016-12-08T10:46:17","date_gmt":"2016-12-08T16:46:17","guid":{"rendered":"http:\/\/www.lospoliticosveracruz.com.mx\/?p=28735"},"modified":"2016-12-08T10:48:03","modified_gmt":"2016-12-08T16:48:03","slug":"28735","status":"publish","type":"post","link":"https:\/\/lospoliticosveracruz.com\/?p=28735","title":{"rendered":"Morenos piden cabeza del Orfis"},"content":{"rendered":"<p>SPI Veracruz<\/p>\n<p>&nbsp;<\/p>\n<p>El titular del \u00d3rgano de Fiscalizaci\u00f3n Superior, Lorenzo Antonio Portilla V\u00e1squez, debe renunciar al cargo al ser un perfil \u201cad hoc\u201d impuesto durante el mandato del ex gobernador pr\u00f3fugo de la justicia, Javier Duarte de Ochoa, se\u00f1al\u00f3\u00a0la diputada de Movimiento de Regeneraci\u00f3n Nacional (Morena), Daniela Guadalupe Griego Ceballos.<\/p>\n<div dir=\"auto\"><\/div>\n<div dir=\"auto\">\n<div dir=\"auto\">\n<div dir=\"auto\">\n<div dir=\"auto\">La legisladora dijo que de esta manera se dar\u00eda pie a una nueva reforma en la manera en que actualmente opera dicho organismo de fiscalizaci\u00f3n.<\/div>\n<div dir=\"auto\"><\/div>\n<div dir=\"auto\">\u00abSolo as\u00ed podr\u00e1 garantizarse que durante el bienio de Miguel \u00c1ngel Yunes Linares no se repetir\u00e1n los malos manejos ocurridos con las \u00faltimas administraciones pri\u00edstas\u00bb.<\/div>\n<div dir=\"auto\"><\/div>\n<div dir=\"auto\">Por ello, adelant\u00f3 que la reforma al O Orfis ser\u00e1 un tema fundamental para Morena una vez que se homologue el Sistema Nacional con el Sistema Estatal Anticorrupci\u00f3n, pues a su parecer el \u00f3rgano no puede seguir trabajando como hasta ahora lo ha hecho.<\/div>\n<div dir=\"auto\"><\/div>\n<div dir=\"auto\">\u201cEl Orfis tiene que ser replanteado en funciones, en t\u00e9rminos del titular y sobre todo en el papel que tiene de fiscalizar y de vigilar el gasto p\u00fablico, como coadyuvante del Congreso\u201d.<\/div>\n<div dir=\"auto\"><\/div>\n<div dir=\"auto\">Griego Ceballos insisti\u00f3 que para la nueva administraci\u00f3n estatal no debe bastar con la salida de Portilla V\u00e1squez del Orfis.<\/div>\n<div dir=\"auto\"><\/div>\n<div dir=\"auto\">\u00a0\u201cEl auditor deber\u00eda de renunciar, no puede empezar una administraci\u00f3n estatal y echar campanas al vuelo con los mismos titulares de las instancias fiscalizadoras que lo han hecho tan mal en Veracruz\u201d.<\/div>\n<div dir=\"auto\"><\/div>\n<div dir=\"auto\">Griego Ceballos consider\u00f3 que durante las pasadas comparecencias, las \u00faltimas de los funcionarios del sexenio anterior, qued\u00f3 claro que el Orfis fue omiso en t\u00e9rminos de generar observaciones oportunas y serias en cuanto a las Cuentas P\u00fablicas estatales y de los ayuntamientos.<\/div>\n<div dir=\"auto\"><\/div>\n<div dir=\"auto\">\u201cC\u00f3mo es posible que no haya detectado lo que detect\u00f3 la Auditoria Superior de la Federaci\u00f3n entre 2012 y 2014, que son las primeras observaciones fuertes. Finalmente tuvo que aceptar que hab\u00eda una serie de irregularidades en la Cuenta P\u00fablica de 2015, pero est\u00e1 todav\u00eda pendiente este a\u00f1o fiscal de 2016\u201d.<\/div>\n<\/div>\n<\/div>\n<\/div>\n<div class=\"fb-recommendations-bar\" data-href=\"http:\/\/spiveracruz.com\/spi\/index.php\/4401-morena-exige-renuncia-de-auditor\" data-read-time=\"30\" data-action=\"like\" data-trigger=\"onvisible\" data-side=\"right\" data-num_recommendations=\"2\"><\/div>\n<div id=\"58498c9ad8b1d\" class=\"bt_facebook_comment\"><\/div>\n","protected":false},"excerpt":{"rendered":"<p>SPI Veracruz &nbsp; El titular del \u00d3rgano de Fiscalizaci\u00f3n Superior, Lorenzo Antonio Portilla V\u00e1squez, debe renunciar al cargo al ser un perfil \u201cad hoc\u201d impuesto durante el mandato del ex gobernador pr\u00f3fugo de la justicia, Javier Duarte de Ochoa, se\u00f1al\u00f3\u00a0la diputada de Movimiento de Regeneraci\u00f3n Nacional (Morena), Daniela Guadalupe Griego Ceballos. La legisladora dijo que [&hellip;]<\/p>\n","protected":false},"author":2,"featured_media":0,"comment_status":"open","ping_status":"open","sticky":false,"template":"","format":"standard","meta":{"tdm_status":"","tdm_grid_status":"","footnotes":""},"categories":[6446],"tags":[6867,6866,1026,135],"class_list":{"0":"post-28735","1":"post","2":"type-post","3":"status-publish","4":"format-standard","6":"category-la-nota","7":"tag-daniela-guadalupe-griego-ceballos","8":"tag-lorenzo-antonio-portilla-vasquez","9":"tag-morena","10":"tag-orfis"},"yoast_head":"<!-- This site is optimized with the Yoast SEO plugin v27.4 - https:\/\/yoast.com\/product\/yoast-seo-wordpress\/ -->\n<title>Morenos piden cabeza del Orfis - Los pol\u00edticos Veracruz<\/title>\n<meta name=\"robots\" content=\"index, follow, max-snippet:-1, max-image-preview:large, max-video-preview:-1\" \/>\n<link rel=\"canonical\" href=\"https:\/\/lospoliticosveracruz.com\/?p=28735\" \/>\n<meta property=\"og:locale\" content=\"es_ES\" \/>\n<meta property=\"og:type\" content=\"article\" \/>\n<meta property=\"og:title\" content=\"Morenos piden cabeza del Orfis - Los pol\u00edticos Veracruz\" \/>\n<meta property=\"og:description\" content=\"SPI Veracruz &nbsp; El titular del \u00d3rgano de Fiscalizaci\u00f3n Superior, Lorenzo Antonio Portilla V\u00e1squez, debe renunciar al cargo al ser un perfil \u201cad hoc\u201d impuesto durante el mandato del ex gobernador pr\u00f3fugo de la justicia, Javier Duarte de Ochoa, se\u00f1al\u00f3\u00a0la diputada de Movimiento de Regeneraci\u00f3n Nacional (Morena), Daniela Guadalupe Griego Ceballos. La legisladora dijo que [&hellip;]\" \/>\n<meta property=\"og:url\" content=\"https:\/\/lospoliticosveracruz.com\/?p=28735\" \/>\n<meta property=\"og:site_name\" content=\"Los pol\u00edticos Veracruz\" \/>\n<meta property=\"article:publisher\" content=\"https:\/\/www.facebook.com\/people\/Notimemes-de-los-Polticos\/61565672886568\/\" \/>\n<meta property=\"article:published_time\" content=\"2016-12-08T16:46:17+00:00\" \/>\n<meta property=\"article:modified_time\" content=\"2016-12-08T16:48:03+00:00\" \/>\n<meta property=\"og:image\" content=\"https:\/\/lospoliticosveracruz.com\/wp-content\/uploads\/2016\/07\/Logo-Dor.jpg\" \/>\n\t<meta property=\"og:image:width\" content=\"200\" \/>\n\t<meta property=\"og:image:height\" content=\"200\" \/>\n\t<meta property=\"og:image:type\" content=\"image\/jpeg\" \/>\n<meta name=\"author\" content=\"Lo viste en Los Pol\u00edticos\" \/>\n<meta name=\"twitter:card\" content=\"summary_large_image\" \/>\n<meta name=\"twitter:creator\" content=\"@LosPoliticosVer\" \/>\n<meta name=\"twitter:site\" content=\"@LosPoliticosVer\" \/>\n<meta name=\"twitter:label1\" content=\"Escrito por\" \/>\n\t<meta name=\"twitter:data1\" content=\"Lo viste en Los Pol\u00edticos\" \/>\n\t<meta name=\"twitter:label2\" content=\"Tiempo de lectura\" \/>\n\t<meta name=\"twitter:data2\" content=\"2 minutos\" \/>\n<script type=\"application\/ld+json\" class=\"yoast-schema-graph\">{\"@context\":\"https:\\\/\\\/schema.org\",\"@graph\":[{\"@type\":\"Article\",\"@id\":\"https:\\\/\\\/lospoliticosveracruz.com\\\/?p=28735#article\",\"isPartOf\":{\"@id\":\"https:\\\/\\\/lospoliticosveracruz.com\\\/?p=28735\"},\"author\":{\"name\":\"Lo viste en Los Pol\u00edticos\",\"@id\":\"https:\\\/\\\/lospoliticosveracruz.com\\\/#\\\/schema\\\/person\\\/b8702bb0e538456e6efd07080bf2a4a2\"},\"headline\":\"Morenos piden cabeza del Orfis\",\"datePublished\":\"2016-12-08T16:46:17+00:00\",\"dateModified\":\"2016-12-08T16:48:03+00:00\",\"mainEntityOfPage\":{\"@id\":\"https:\\\/\\\/lospoliticosveracruz.com\\\/?p=28735\"},\"wordCount\":348,\"commentCount\":0,\"publisher\":{\"@id\":\"https:\\\/\\\/lospoliticosveracruz.com\\\/#organization\"},\"keywords\":[\"Daniela Guadalupe Griego Ceballos\",\"Lorenzo Antonio Portilla V\u00e1squez\",\"Morena\",\"Orfis\"],\"articleSection\":[\"La Nota\"],\"inLanguage\":\"es\",\"potentialAction\":[{\"@type\":\"CommentAction\",\"name\":\"Comment\",\"target\":[\"https:\\\/\\\/lospoliticosveracruz.com\\\/?p=28735#respond\"]}]},{\"@type\":\"WebPage\",\"@id\":\"https:\\\/\\\/lospoliticosveracruz.com\\\/?p=28735\",\"url\":\"https:\\\/\\\/lospoliticosveracruz.com\\\/?p=28735\",\"name\":\"Morenos piden cabeza del Orfis - Los pol\u00edticos Veracruz\",\"isPartOf\":{\"@id\":\"https:\\\/\\\/lospoliticosveracruz.com\\\/#website\"},\"datePublished\":\"2016-12-08T16:46:17+00:00\",\"dateModified\":\"2016-12-08T16:48:03+00:00\",\"breadcrumb\":{\"@id\":\"https:\\\/\\\/lospoliticosveracruz.com\\\/?p=28735#breadcrumb\"},\"inLanguage\":\"es\",\"potentialAction\":[{\"@type\":\"ReadAction\",\"target\":[\"https:\\\/\\\/lospoliticosveracruz.com\\\/?p=28735\"]}]},{\"@type\":\"BreadcrumbList\",\"@id\":\"https:\\\/\\\/lospoliticosveracruz.com\\\/?p=28735#breadcrumb\",\"itemListElement\":[{\"@type\":\"ListItem\",\"position\":1,\"name\":\"Portada\",\"item\":\"https:\\\/\\\/lospoliticosveracruz.com\\\/\"},{\"@type\":\"ListItem\",\"position\":2,\"name\":\"Morenos piden cabeza del Orfis\"}]},{\"@type\":\"WebSite\",\"@id\":\"https:\\\/\\\/lospoliticosveracruz.com\\\/#website\",\"url\":\"https:\\\/\\\/lospoliticosveracruz.com\\\/\",\"name\":\"Los pol\u00edticos Veracruz\",\"description\":\"\",\"publisher\":{\"@id\":\"https:\\\/\\\/lospoliticosveracruz.com\\\/#organization\"},\"potentialAction\":[{\"@type\":\"SearchAction\",\"target\":{\"@type\":\"EntryPoint\",\"urlTemplate\":\"https:\\\/\\\/lospoliticosveracruz.com\\\/?s={search_term_string}\"},\"query-input\":{\"@type\":\"PropertyValueSpecification\",\"valueRequired\":true,\"valueName\":\"search_term_string\"}}],\"inLanguage\":\"es\"},{\"@type\":\"Organization\",\"@id\":\"https:\\\/\\\/lospoliticosveracruz.com\\\/#organization\",\"name\":\"Los pol\u00edticos Veracruz\",\"url\":\"https:\\\/\\\/lospoliticosveracruz.com\\\/\",\"logo\":{\"@type\":\"ImageObject\",\"inLanguage\":\"es\",\"@id\":\"https:\\\/\\\/lospoliticosveracruz.com\\\/#\\\/schema\\\/logo\\\/image\\\/\",\"url\":\"https:\\\/\\\/lospoliticosveracruz.com\\\/wp-content\\\/uploads\\\/2025\\\/12\\\/Logo-Nuevo-LOS-POLITICOS-1.jpg\",\"contentUrl\":\"https:\\\/\\\/lospoliticosveracruz.com\\\/wp-content\\\/uploads\\\/2025\\\/12\\\/Logo-Nuevo-LOS-POLITICOS-1.jpg\",\"width\":260,\"height\":70,\"caption\":\"Los pol\u00edticos Veracruz\"},\"image\":{\"@id\":\"https:\\\/\\\/lospoliticosveracruz.com\\\/#\\\/schema\\\/logo\\\/image\\\/\"},\"sameAs\":[\"https:\\\/\\\/www.facebook.com\\\/people\\\/Notimemes-de-los-Polticos\\\/61565672886568\\\/\",\"https:\\\/\\\/x.com\\\/LosPoliticosVer\"]},{\"@type\":\"Person\",\"@id\":\"https:\\\/\\\/lospoliticosveracruz.com\\\/#\\\/schema\\\/person\\\/b8702bb0e538456e6efd07080bf2a4a2\",\"name\":\"Lo viste en Los Pol\u00edticos\",\"image\":{\"@type\":\"ImageObject\",\"inLanguage\":\"es\",\"@id\":\"https:\\\/\\\/secure.gravatar.com\\\/avatar\\\/3a8de04a2656d44082be478bd6c086daa447c4651605818287b9532d3d0bd435?s=96&d=mm&r=g\",\"url\":\"https:\\\/\\\/secure.gravatar.com\\\/avatar\\\/3a8de04a2656d44082be478bd6c086daa447c4651605818287b9532d3d0bd435?s=96&d=mm&r=g\",\"contentUrl\":\"https:\\\/\\\/secure.gravatar.com\\\/avatar\\\/3a8de04a2656d44082be478bd6c086daa447c4651605818287b9532d3d0bd435?s=96&d=mm&r=g\",\"caption\":\"Lo viste en Los Pol\u00edticos\"},\"url\":\"https:\\\/\\\/lospoliticosveracruz.com\\\/?author=2\"}]}<\/script>\n<!-- \/ Yoast SEO plugin. -->","yoast_head_json":{"title":"Morenos piden cabeza del Orfis - Los pol\u00edticos Veracruz","robots":{"index":"index","follow":"follow","max-snippet":"max-snippet:-1","max-image-preview":"max-image-preview:large","max-video-preview":"max-video-preview:-1"},"canonical":"https:\/\/lospoliticosveracruz.com\/?p=28735","og_locale":"es_ES","og_type":"article","og_title":"Morenos piden cabeza del Orfis - Los pol\u00edticos Veracruz","og_description":"SPI Veracruz &nbsp; El titular del \u00d3rgano de Fiscalizaci\u00f3n Superior, Lorenzo Antonio Portilla V\u00e1squez, debe renunciar al cargo al ser un perfil \u201cad hoc\u201d impuesto durante el mandato del ex gobernador pr\u00f3fugo de la justicia, Javier Duarte de Ochoa, se\u00f1al\u00f3\u00a0la diputada de Movimiento de Regeneraci\u00f3n Nacional (Morena), Daniela Guadalupe Griego Ceballos. La legisladora dijo que [&hellip;]","og_url":"https:\/\/lospoliticosveracruz.com\/?p=28735","og_site_name":"Los pol\u00edticos Veracruz","article_publisher":"https:\/\/www.facebook.com\/people\/Notimemes-de-los-Polticos\/61565672886568\/","article_published_time":"2016-12-08T16:46:17+00:00","article_modified_time":"2016-12-08T16:48:03+00:00","og_image":[{"width":200,"height":200,"url":"https:\/\/lospoliticosveracruz.com\/wp-content\/uploads\/2016\/07\/Logo-Dor.jpg","type":"image\/jpeg"}],"author":"Lo viste en Los Pol\u00edticos","twitter_card":"summary_large_image","twitter_creator":"@LosPoliticosVer","twitter_site":"@LosPoliticosVer","twitter_misc":{"Escrito por":"Lo viste en Los Pol\u00edticos","Tiempo de lectura":"2 minutos"},"schema":{"@context":"https:\/\/schema.org","@graph":[{"@type":"Article","@id":"https:\/\/lospoliticosveracruz.com\/?p=28735#article","isPartOf":{"@id":"https:\/\/lospoliticosveracruz.com\/?p=28735"},"author":{"name":"Lo viste en Los Pol\u00edticos","@id":"https:\/\/lospoliticosveracruz.com\/#\/schema\/person\/b8702bb0e538456e6efd07080bf2a4a2"},"headline":"Morenos piden cabeza del Orfis","datePublished":"2016-12-08T16:46:17+00:00","dateModified":"2016-12-08T16:48:03+00:00","mainEntityOfPage":{"@id":"https:\/\/lospoliticosveracruz.com\/?p=28735"},"wordCount":348,"commentCount":0,"publisher":{"@id":"https:\/\/lospoliticosveracruz.com\/#organization"},"keywords":["Daniela Guadalupe Griego Ceballos","Lorenzo Antonio Portilla V\u00e1squez","Morena","Orfis"],"articleSection":["La Nota"],"inLanguage":"es","potentialAction":[{"@type":"CommentAction","name":"Comment","target":["https:\/\/lospoliticosveracruz.com\/?p=28735#respond"]}]},{"@type":"WebPage","@id":"https:\/\/lospoliticosveracruz.com\/?p=28735","url":"https:\/\/lospoliticosveracruz.com\/?p=28735","name":"Morenos piden cabeza del Orfis - Los pol\u00edticos Veracruz","isPartOf":{"@id":"https:\/\/lospoliticosveracruz.com\/#website"},"datePublished":"2016-12-08T16:46:17+00:00","dateModified":"2016-12-08T16:48:03+00:00","breadcrumb":{"@id":"https:\/\/lospoliticosveracruz.com\/?p=28735#breadcrumb"},"inLanguage":"es","potentialAction":[{"@type":"ReadAction","target":["https:\/\/lospoliticosveracruz.com\/?p=28735"]}]},{"@type":"BreadcrumbList","@id":"https:\/\/lospoliticosveracruz.com\/?p=28735#breadcrumb","itemListElement":[{"@type":"ListItem","position":1,"name":"Portada","item":"https:\/\/lospoliticosveracruz.com\/"},{"@type":"ListItem","position":2,"name":"Morenos piden cabeza del Orfis"}]},{"@type":"WebSite","@id":"https:\/\/lospoliticosveracruz.com\/#website","url":"https:\/\/lospoliticosveracruz.com\/","name":"Los pol\u00edticos Veracruz","description":"","publisher":{"@id":"https:\/\/lospoliticosveracruz.com\/#organization"},"potentialAction":[{"@type":"SearchAction","target":{"@type":"EntryPoint","urlTemplate":"https:\/\/lospoliticosveracruz.com\/?s={search_term_string}"},"query-input":{"@type":"PropertyValueSpecification","valueRequired":true,"valueName":"search_term_string"}}],"inLanguage":"es"},{"@type":"Organization","@id":"https:\/\/lospoliticosveracruz.com\/#organization","name":"Los pol\u00edticos Veracruz","url":"https:\/\/lospoliticosveracruz.com\/","logo":{"@type":"ImageObject","inLanguage":"es","@id":"https:\/\/lospoliticosveracruz.com\/#\/schema\/logo\/image\/","url":"https:\/\/lospoliticosveracruz.com\/wp-content\/uploads\/2025\/12\/Logo-Nuevo-LOS-POLITICOS-1.jpg","contentUrl":"https:\/\/lospoliticosveracruz.com\/wp-content\/uploads\/2025\/12\/Logo-Nuevo-LOS-POLITICOS-1.jpg","width":260,"height":70,"caption":"Los pol\u00edticos Veracruz"},"image":{"@id":"https:\/\/lospoliticosveracruz.com\/#\/schema\/logo\/image\/"},"sameAs":["https:\/\/www.facebook.com\/people\/Notimemes-de-los-Polticos\/61565672886568\/","https:\/\/x.com\/LosPoliticosVer"]},{"@type":"Person","@id":"https:\/\/lospoliticosveracruz.com\/#\/schema\/person\/b8702bb0e538456e6efd07080bf2a4a2","name":"Lo viste en Los Pol\u00edticos","image":{"@type":"ImageObject","inLanguage":"es","@id":"https:\/\/secure.gravatar.com\/avatar\/3a8de04a2656d44082be478bd6c086daa447c4651605818287b9532d3d0bd435?s=96&d=mm&r=g","url":"https:\/\/secure.gravatar.com\/avatar\/3a8de04a2656d44082be478bd6c086daa447c4651605818287b9532d3d0bd435?s=96&d=mm&r=g","contentUrl":"https:\/\/secure.gravatar.com\/avatar\/3a8de04a2656d44082be478bd6c086daa447c4651605818287b9532d3d0bd435?s=96&d=mm&r=g","caption":"Lo viste en Los Pol\u00edticos"},"url":"https:\/\/lospoliticosveracruz.com\/?author=2"}]}},"_links":{"self":[{"href":"https:\/\/lospoliticosveracruz.com\/index.php?rest_route=\/wp\/v2\/posts\/28735","targetHints":{"allow":["GET"]}}],"collection":[{"href":"https:\/\/lospoliticosveracruz.com\/index.php?rest_route=\/wp\/v2\/posts"}],"about":[{"href":"https:\/\/lospoliticosveracruz.com\/index.php?rest_route=\/wp\/v2\/types\/post"}],"author":[{"embeddable":true,"href":"https:\/\/lospoliticosveracruz.com\/index.php?rest_route=\/wp\/v2\/users\/2"}],"replies":[{"embeddable":true,"href":"https:\/\/lospoliticosveracruz.com\/index.php?rest_route=%2Fwp%2Fv2%2Fcomments&post=28735"}],"version-history":[{"count":2,"href":"https:\/\/lospoliticosveracruz.com\/index.php?rest_route=\/wp\/v2\/posts\/28735\/revisions"}],"predecessor-version":[{"id":28737,"href":"https:\/\/lospoliticosveracruz.com\/index.php?rest_route=\/wp\/v2\/posts\/28735\/revisions\/28737"}],"wp:attachment":[{"href":"https:\/\/lospoliticosveracruz.com\/index.php?rest_route=%2Fwp%2Fv2%2Fmedia&parent=28735"}],"wp:term":[{"taxonomy":"category","embeddable":true,"href":"https:\/\/lospoliticosveracruz.com\/index.php?rest_route=%2Fwp%2Fv2%2Fcategories&post=28735"},{"taxonomy":"post_tag","embeddable":true,"href":"https:\/\/lospoliticosveracruz.com\/index.php?rest_route=%2Fwp%2Fv2%2Ftags&post=28735"}],"curies":[{"name":"wp","href":"https:\/\/api.w.org\/{rel}","templated":true}]}}