{"id":28997,"date":"2016-12-12T00:15:27","date_gmt":"2016-12-12T06:15:27","guid":{"rendered":"http:\/\/www.lospoliticosveracruz.com.mx\/?p=28997"},"modified":"2016-12-12T00:15:27","modified_gmt":"2016-12-12T06:15:27","slug":"el-ultimo-procurador","status":"publish","type":"post","link":"https:\/\/lospoliticosveracruz.com\/?p=28997","title":{"rendered":"El \u00faltimo Procurador"},"content":{"rendered":"<p><strong>Salvador Mu\u00f1oz<\/strong><\/p>\n<p><em>Los Pol\u00edticos\u00a0<\/em><\/p>\n<p>&nbsp;<\/p>\n<p><em>Deber\u00edamos leer menos \u201cEl Pr\u00edncipe\u201d y m\u00e1s \u201cEl Principito\u201d: Camila<\/em><\/p>\n<p>La medalla Ruiz Cortines entregada a colectivos de Madres y Familiares de Desaparecidos llev\u00f3 hace unos d\u00edas a una discusi\u00f3n entre algunos amigos y yo. Unos, porque defend\u00edan el reconocimiento a estas personas; el otro, porque considera que no se puede \u201cpremiar\u201d el tes\u00f3n de las personas ante la ineficacia de las autoridades en cualquiera de sus ramas, sea Gobierno o Fiscal\u00eda.<\/p>\n<p>La cruzada que iniciaron personas por separado o por grupos en la b\u00fasqueda de sus familiares en terrenos, llanos, lotes o fosas comunes es ofensivo, digno de una pel\u00edcula de terror, aunque ello oblig\u00f3 a las autoridades a voltear los ojos para intentar hacer su trabajo, tan as\u00ed, que se anunci\u00f3 la creaci\u00f3n de una Comisi\u00f3n Estatal de B\u00fasqueda. Ese es el argumento que me dan los amigos para que se resolviera darles la medalla a estos colectivos: el hecho de que un movimiento social genere la reacci\u00f3n de las autoridades, motiva el reconocimiento.<\/p>\n<p>El argumento es v\u00e1lido, pero lo sigo discutiendo\u2026 al final, creo que ese vac\u00edo en nuestras autoridades de un aut\u00e9ntico af\u00e1n de servicio, de profesionalismo, de entrega a la sociedad, hace que la gente se vuelque a las calles, o en el peor de los casos, a las fosas comunes, en la b\u00fasqueda de la verdad\u2026 entonces, concluyo, seguir\u00e1 habiendo m\u00e1s medallas y m\u00e1s comisiones.<\/p>\n<p>La negligencia de las autoridades es tambi\u00e9n digna de una pel\u00edcula de terror en grado superlativo. Baste recordar un caso: Gemma Mavil Hern\u00e1ndez.<\/p>\n<p>Hace casi seis meses, buscando sus restos en la Fosa Com\u00fan del pante\u00f3n de Palo Verde, en Xalapa, sus familiares se llevaron una nueva decepci\u00f3n\u2026 no hubo resultados; sin embargo, en su desesperanza, dieron luz a otras familias, porque las autoridades hallaron una fosa \u201cclandestina\u201d con 192 cuerpos.<\/p>\n<p>\u00bfPor qu\u00e9 enmarcar \u201cclandestina\u201d dentro de una fosa com\u00fan?<\/p>\n<p>Porque todo indica que las autoridades ministeriales no cumplieron con los protocolos de inhumaci\u00f3n e identificaci\u00f3n establecidos por la Ley.<\/p>\n<p>Perm\u00edtame contarlo como me lo contaron los que saben de estos asuntos del orden forense.<\/p>\n<p>La orden era simple: cada vez que se encontrara un cuerpo en la v\u00eda p\u00fablica, en condiciones de desmembramiento o ejecutado, era mandado directamente a la fosa com\u00fan sin que se dispusiera de un tiempo para su reconocimiento y reclamo por parte de familiares. A ello hay que agregar que los pocos datos o generales que tuvieran los cuerpos eran puestos en un papel el que a su vez era colocado en una bolsita de pl\u00e1stico sujeto a los restos mortales\u2026 y sin expediente.<\/p>\n<p>\u00bfQu\u00e9 origin\u00f3 ello?<\/p>\n<p>Que debido a la humedad, gases, l\u00edquidos y dem\u00e1s circunstancias que rodean la descomposici\u00f3n de decenas de cad\u00e1veres, el famoso papelito con los \u201cgenerales\u201d del cad\u00e1ver, simplemente no resisti\u00f3 mucho\u2026 por eso, cuando hace algunos meses se descubri\u00f3 al menos en Xalapa, esa \u201cfosa clandestina\u201d (as\u00ed, porque no cumpli\u00f3 los protocolos de inhumaci\u00f3n), no solo se evidencia la actitud de las autoridades ministeriales de querer literalmente \u201centerrar\u201d una realidad, sino a la vez, \u201centerrar\u201d la oportunidad a cientos de familias de encontrar a su pariente, aunque fueran sus restos mortales.<\/p>\n<p>Ante el descubrimiento, el entonces Fiscal Luis \u00c1ngel Bravo Contreras orden\u00f3 a sus autoridades forenses generar un expediente de cada cad\u00e1ver hallado, intentar rescatar los generales en los desechos de papel envueltos en bolsa, y lo m\u00e1s importante: colocar en una placa de acero los datos que pudieran servir para la posible identificaci\u00f3n por parte de los familiares\u2026<\/p>\n<p>\u00bfSe imagina cu\u00e1nta paz se hubiera llevado a cientos de hogares, tan solo en el caso de Xalapa, si el \u00faltimo Procurador de Veracruz hubiera hecho su chamba?<\/p>\n<p>&nbsp;<\/p>\n<p><strong>Camila tiene raz\u00f3n<\/strong><\/p>\n<p>\u201cHace unos d\u00edas, mi hija Camila me dijo que deber\u00edamos leer menos <em>El Pr\u00edncipe<\/em> y m\u00e1s <em>El Principito<\/em> y tiene toda la raz\u00f3n. Cuando encontramos en este interesante libro la frase \u2018Lo esencial es invisible a los ojos\u2019 nos tenemos que dar cuenta que el rescate de nuestra sociedad est\u00e1 en la misma sociedad, no podemos seguir siendo espectadores y saber que pasa algo malo y no hacer nada para corregirlo\u201d, dijo Arturo Hern\u00e1ndez Abascal, durante la cena de Sumando Aliados, que tuvo un doble prop\u00f3sito:<\/p>\n<p>1.- Festejar la amistad, llenarse de buenos deseos que a la vez se conviertan en energ\u00eda positiva y que juntos como equipo, como familia, superar los retos y alcanzar las metas fijadas que ayuden a fortalecer a nuestra sociedad.<\/p>\n<p>2.- Parte de lo recaudado en la cena de Sumando Aliados fue para el Centro de Cancerolog\u00eda del Estado de Veracruz, en espera de que sirva para motivar a quienes padecen este terrible mal para salir adelante, como una forma de agradecer a todo el personal del hospital que, pese a las necesidades, pone su mejor esfuerzo.<\/p>\n<p>Por lo pronto, ma\u00f1ana vuelvo a leer a <em>El Principito<\/em>\u2026 Camila tiene raz\u00f3n.<\/p>\n<p>&nbsp;<\/p>\n<p>smcainito@gmail.com<\/p>\n<p>&nbsp;<\/p>\n","protected":false},"excerpt":{"rendered":"<p>Salvador Mu\u00f1oz Los Pol\u00edticos\u00a0 &nbsp; Deber\u00edamos leer menos \u201cEl Pr\u00edncipe\u201d y m\u00e1s \u201cEl Principito\u201d: Camila La medalla Ruiz Cortines entregada a colectivos de Madres y Familiares de Desaparecidos llev\u00f3 hace unos d\u00edas a una discusi\u00f3n entre algunos amigos y yo. Unos, porque defend\u00edan el reconocimiento a estas personas; el otro, porque considera que no se [&hellip;]<\/p>\n","protected":false},"author":2,"featured_media":0,"comment_status":"open","ping_status":"open","sticky":false,"template":"","format":"standard","meta":{"tdm_status":"","tdm_grid_status":"","footnotes":""},"categories":[70],"tags":[6910,6911,6912,1699,946],"class_list":{"0":"post-28997","1":"post","2":"type-post","3":"status-publish","4":"format-standard","6":"category-de-opinion","7":"tag-colectivos-de-madres-y-familiares-desaparecidos","8":"tag-el-principe","9":"tag-el-principito","10":"tag-fosas-clandestinas","11":"tag-medalla-adolfo-ruiz-cortines"},"yoast_head":"<!-- This site is optimized with the Yoast SEO plugin v27.4 - https:\/\/yoast.com\/product\/yoast-seo-wordpress\/ -->\n<title>El \u00faltimo Procurador - Los pol\u00edticos Veracruz<\/title>\n<meta name=\"robots\" content=\"index, follow, max-snippet:-1, max-image-preview:large, max-video-preview:-1\" \/>\n<link rel=\"canonical\" href=\"https:\/\/lospoliticosveracruz.com\/?p=28997\" \/>\n<meta property=\"og:locale\" content=\"es_ES\" \/>\n<meta property=\"og:type\" content=\"article\" \/>\n<meta property=\"og:title\" content=\"El \u00faltimo Procurador - Los pol\u00edticos Veracruz\" \/>\n<meta property=\"og:description\" content=\"Salvador Mu\u00f1oz Los Pol\u00edticos\u00a0 &nbsp; Deber\u00edamos leer menos \u201cEl Pr\u00edncipe\u201d y m\u00e1s \u201cEl Principito\u201d: Camila La medalla Ruiz Cortines entregada a colectivos de Madres y Familiares de Desaparecidos llev\u00f3 hace unos d\u00edas a una discusi\u00f3n entre algunos amigos y yo. Unos, porque defend\u00edan el reconocimiento a estas personas; el otro, porque considera que no se [&hellip;]\" \/>\n<meta property=\"og:url\" content=\"https:\/\/lospoliticosveracruz.com\/?p=28997\" \/>\n<meta property=\"og:site_name\" content=\"Los pol\u00edticos Veracruz\" \/>\n<meta property=\"article:publisher\" content=\"https:\/\/www.facebook.com\/people\/Notimemes-de-los-Polticos\/61565672886568\/\" \/>\n<meta property=\"article:published_time\" content=\"2016-12-12T06:15:27+00:00\" \/>\n<meta property=\"og:image\" content=\"https:\/\/lospoliticosveracruz.com\/wp-content\/uploads\/2016\/07\/Logo-Dor.jpg\" \/>\n\t<meta property=\"og:image:width\" content=\"200\" \/>\n\t<meta property=\"og:image:height\" content=\"200\" \/>\n\t<meta property=\"og:image:type\" content=\"image\/jpeg\" \/>\n<meta name=\"author\" content=\"Lo viste en Los Pol\u00edticos\" \/>\n<meta name=\"twitter:card\" content=\"summary_large_image\" \/>\n<meta name=\"twitter:creator\" content=\"@LosPoliticosVer\" \/>\n<meta name=\"twitter:site\" content=\"@LosPoliticosVer\" \/>\n<meta name=\"twitter:label1\" content=\"Escrito por\" \/>\n\t<meta name=\"twitter:data1\" content=\"Lo viste en Los Pol\u00edticos\" \/>\n\t<meta name=\"twitter:label2\" content=\"Tiempo de lectura\" \/>\n\t<meta name=\"twitter:data2\" content=\"4 minutos\" \/>\n<script type=\"application\/ld+json\" class=\"yoast-schema-graph\">{\"@context\":\"https:\\\/\\\/schema.org\",\"@graph\":[{\"@type\":\"Article\",\"@id\":\"https:\\\/\\\/lospoliticosveracruz.com\\\/?p=28997#article\",\"isPartOf\":{\"@id\":\"https:\\\/\\\/lospoliticosveracruz.com\\\/?p=28997\"},\"author\":{\"name\":\"Lo viste en Los Pol\u00edticos\",\"@id\":\"https:\\\/\\\/lospoliticosveracruz.com\\\/#\\\/schema\\\/person\\\/b8702bb0e538456e6efd07080bf2a4a2\"},\"headline\":\"El \u00faltimo Procurador\",\"datePublished\":\"2016-12-12T06:15:27+00:00\",\"mainEntityOfPage\":{\"@id\":\"https:\\\/\\\/lospoliticosveracruz.com\\\/?p=28997\"},\"wordCount\":879,\"commentCount\":0,\"publisher\":{\"@id\":\"https:\\\/\\\/lospoliticosveracruz.com\\\/#organization\"},\"keywords\":[\"Colectivos de Madres y Familiares desaparecidos\",\"El Pr\u00edncipe\",\"El Principito\",\"fosas clandestinas\",\"medalla Adolfo Ruiz Cortines\"],\"articleSection\":[\"De Opini\u00f3n\"],\"inLanguage\":\"es\",\"potentialAction\":[{\"@type\":\"CommentAction\",\"name\":\"Comment\",\"target\":[\"https:\\\/\\\/lospoliticosveracruz.com\\\/?p=28997#respond\"]}]},{\"@type\":\"WebPage\",\"@id\":\"https:\\\/\\\/lospoliticosveracruz.com\\\/?p=28997\",\"url\":\"https:\\\/\\\/lospoliticosveracruz.com\\\/?p=28997\",\"name\":\"El \u00faltimo Procurador - Los pol\u00edticos Veracruz\",\"isPartOf\":{\"@id\":\"https:\\\/\\\/lospoliticosveracruz.com\\\/#website\"},\"datePublished\":\"2016-12-12T06:15:27+00:00\",\"breadcrumb\":{\"@id\":\"https:\\\/\\\/lospoliticosveracruz.com\\\/?p=28997#breadcrumb\"},\"inLanguage\":\"es\",\"potentialAction\":[{\"@type\":\"ReadAction\",\"target\":[\"https:\\\/\\\/lospoliticosveracruz.com\\\/?p=28997\"]}]},{\"@type\":\"BreadcrumbList\",\"@id\":\"https:\\\/\\\/lospoliticosveracruz.com\\\/?p=28997#breadcrumb\",\"itemListElement\":[{\"@type\":\"ListItem\",\"position\":1,\"name\":\"Portada\",\"item\":\"https:\\\/\\\/lospoliticosveracruz.com\\\/\"},{\"@type\":\"ListItem\",\"position\":2,\"name\":\"El \u00faltimo Procurador\"}]},{\"@type\":\"WebSite\",\"@id\":\"https:\\\/\\\/lospoliticosveracruz.com\\\/#website\",\"url\":\"https:\\\/\\\/lospoliticosveracruz.com\\\/\",\"name\":\"Los pol\u00edticos Veracruz\",\"description\":\"\",\"publisher\":{\"@id\":\"https:\\\/\\\/lospoliticosveracruz.com\\\/#organization\"},\"potentialAction\":[{\"@type\":\"SearchAction\",\"target\":{\"@type\":\"EntryPoint\",\"urlTemplate\":\"https:\\\/\\\/lospoliticosveracruz.com\\\/?s={search_term_string}\"},\"query-input\":{\"@type\":\"PropertyValueSpecification\",\"valueRequired\":true,\"valueName\":\"search_term_string\"}}],\"inLanguage\":\"es\"},{\"@type\":\"Organization\",\"@id\":\"https:\\\/\\\/lospoliticosveracruz.com\\\/#organization\",\"name\":\"Los pol\u00edticos Veracruz\",\"url\":\"https:\\\/\\\/lospoliticosveracruz.com\\\/\",\"logo\":{\"@type\":\"ImageObject\",\"inLanguage\":\"es\",\"@id\":\"https:\\\/\\\/lospoliticosveracruz.com\\\/#\\\/schema\\\/logo\\\/image\\\/\",\"url\":\"https:\\\/\\\/lospoliticosveracruz.com\\\/wp-content\\\/uploads\\\/2025\\\/12\\\/Logo-Nuevo-LOS-POLITICOS-1.jpg\",\"contentUrl\":\"https:\\\/\\\/lospoliticosveracruz.com\\\/wp-content\\\/uploads\\\/2025\\\/12\\\/Logo-Nuevo-LOS-POLITICOS-1.jpg\",\"width\":260,\"height\":70,\"caption\":\"Los pol\u00edticos Veracruz\"},\"image\":{\"@id\":\"https:\\\/\\\/lospoliticosveracruz.com\\\/#\\\/schema\\\/logo\\\/image\\\/\"},\"sameAs\":[\"https:\\\/\\\/www.facebook.com\\\/people\\\/Notimemes-de-los-Polticos\\\/61565672886568\\\/\",\"https:\\\/\\\/x.com\\\/LosPoliticosVer\"]},{\"@type\":\"Person\",\"@id\":\"https:\\\/\\\/lospoliticosveracruz.com\\\/#\\\/schema\\\/person\\\/b8702bb0e538456e6efd07080bf2a4a2\",\"name\":\"Lo viste en Los Pol\u00edticos\",\"image\":{\"@type\":\"ImageObject\",\"inLanguage\":\"es\",\"@id\":\"https:\\\/\\\/secure.gravatar.com\\\/avatar\\\/3a8de04a2656d44082be478bd6c086daa447c4651605818287b9532d3d0bd435?s=96&d=mm&r=g\",\"url\":\"https:\\\/\\\/secure.gravatar.com\\\/avatar\\\/3a8de04a2656d44082be478bd6c086daa447c4651605818287b9532d3d0bd435?s=96&d=mm&r=g\",\"contentUrl\":\"https:\\\/\\\/secure.gravatar.com\\\/avatar\\\/3a8de04a2656d44082be478bd6c086daa447c4651605818287b9532d3d0bd435?s=96&d=mm&r=g\",\"caption\":\"Lo viste en Los Pol\u00edticos\"},\"url\":\"https:\\\/\\\/lospoliticosveracruz.com\\\/?author=2\"}]}<\/script>\n<!-- \/ Yoast SEO plugin. -->","yoast_head_json":{"title":"El \u00faltimo Procurador - Los pol\u00edticos Veracruz","robots":{"index":"index","follow":"follow","max-snippet":"max-snippet:-1","max-image-preview":"max-image-preview:large","max-video-preview":"max-video-preview:-1"},"canonical":"https:\/\/lospoliticosveracruz.com\/?p=28997","og_locale":"es_ES","og_type":"article","og_title":"El \u00faltimo Procurador - Los pol\u00edticos Veracruz","og_description":"Salvador Mu\u00f1oz Los Pol\u00edticos\u00a0 &nbsp; Deber\u00edamos leer menos \u201cEl Pr\u00edncipe\u201d y m\u00e1s \u201cEl Principito\u201d: Camila La medalla Ruiz Cortines entregada a colectivos de Madres y Familiares de Desaparecidos llev\u00f3 hace unos d\u00edas a una discusi\u00f3n entre algunos amigos y yo. Unos, porque defend\u00edan el reconocimiento a estas personas; el otro, porque considera que no se [&hellip;]","og_url":"https:\/\/lospoliticosveracruz.com\/?p=28997","og_site_name":"Los pol\u00edticos Veracruz","article_publisher":"https:\/\/www.facebook.com\/people\/Notimemes-de-los-Polticos\/61565672886568\/","article_published_time":"2016-12-12T06:15:27+00:00","og_image":[{"width":200,"height":200,"url":"https:\/\/lospoliticosveracruz.com\/wp-content\/uploads\/2016\/07\/Logo-Dor.jpg","type":"image\/jpeg"}],"author":"Lo viste en Los Pol\u00edticos","twitter_card":"summary_large_image","twitter_creator":"@LosPoliticosVer","twitter_site":"@LosPoliticosVer","twitter_misc":{"Escrito por":"Lo viste en Los Pol\u00edticos","Tiempo de lectura":"4 minutos"},"schema":{"@context":"https:\/\/schema.org","@graph":[{"@type":"Article","@id":"https:\/\/lospoliticosveracruz.com\/?p=28997#article","isPartOf":{"@id":"https:\/\/lospoliticosveracruz.com\/?p=28997"},"author":{"name":"Lo viste en Los Pol\u00edticos","@id":"https:\/\/lospoliticosveracruz.com\/#\/schema\/person\/b8702bb0e538456e6efd07080bf2a4a2"},"headline":"El \u00faltimo Procurador","datePublished":"2016-12-12T06:15:27+00:00","mainEntityOfPage":{"@id":"https:\/\/lospoliticosveracruz.com\/?p=28997"},"wordCount":879,"commentCount":0,"publisher":{"@id":"https:\/\/lospoliticosveracruz.com\/#organization"},"keywords":["Colectivos de Madres y Familiares desaparecidos","El Pr\u00edncipe","El Principito","fosas clandestinas","medalla Adolfo Ruiz Cortines"],"articleSection":["De Opini\u00f3n"],"inLanguage":"es","potentialAction":[{"@type":"CommentAction","name":"Comment","target":["https:\/\/lospoliticosveracruz.com\/?p=28997#respond"]}]},{"@type":"WebPage","@id":"https:\/\/lospoliticosveracruz.com\/?p=28997","url":"https:\/\/lospoliticosveracruz.com\/?p=28997","name":"El \u00faltimo Procurador - Los pol\u00edticos Veracruz","isPartOf":{"@id":"https:\/\/lospoliticosveracruz.com\/#website"},"datePublished":"2016-12-12T06:15:27+00:00","breadcrumb":{"@id":"https:\/\/lospoliticosveracruz.com\/?p=28997#breadcrumb"},"inLanguage":"es","potentialAction":[{"@type":"ReadAction","target":["https:\/\/lospoliticosveracruz.com\/?p=28997"]}]},{"@type":"BreadcrumbList","@id":"https:\/\/lospoliticosveracruz.com\/?p=28997#breadcrumb","itemListElement":[{"@type":"ListItem","position":1,"name":"Portada","item":"https:\/\/lospoliticosveracruz.com\/"},{"@type":"ListItem","position":2,"name":"El \u00faltimo Procurador"}]},{"@type":"WebSite","@id":"https:\/\/lospoliticosveracruz.com\/#website","url":"https:\/\/lospoliticosveracruz.com\/","name":"Los pol\u00edticos Veracruz","description":"","publisher":{"@id":"https:\/\/lospoliticosveracruz.com\/#organization"},"potentialAction":[{"@type":"SearchAction","target":{"@type":"EntryPoint","urlTemplate":"https:\/\/lospoliticosveracruz.com\/?s={search_term_string}"},"query-input":{"@type":"PropertyValueSpecification","valueRequired":true,"valueName":"search_term_string"}}],"inLanguage":"es"},{"@type":"Organization","@id":"https:\/\/lospoliticosveracruz.com\/#organization","name":"Los pol\u00edticos Veracruz","url":"https:\/\/lospoliticosveracruz.com\/","logo":{"@type":"ImageObject","inLanguage":"es","@id":"https:\/\/lospoliticosveracruz.com\/#\/schema\/logo\/image\/","url":"https:\/\/lospoliticosveracruz.com\/wp-content\/uploads\/2025\/12\/Logo-Nuevo-LOS-POLITICOS-1.jpg","contentUrl":"https:\/\/lospoliticosveracruz.com\/wp-content\/uploads\/2025\/12\/Logo-Nuevo-LOS-POLITICOS-1.jpg","width":260,"height":70,"caption":"Los pol\u00edticos Veracruz"},"image":{"@id":"https:\/\/lospoliticosveracruz.com\/#\/schema\/logo\/image\/"},"sameAs":["https:\/\/www.facebook.com\/people\/Notimemes-de-los-Polticos\/61565672886568\/","https:\/\/x.com\/LosPoliticosVer"]},{"@type":"Person","@id":"https:\/\/lospoliticosveracruz.com\/#\/schema\/person\/b8702bb0e538456e6efd07080bf2a4a2","name":"Lo viste en Los Pol\u00edticos","image":{"@type":"ImageObject","inLanguage":"es","@id":"https:\/\/secure.gravatar.com\/avatar\/3a8de04a2656d44082be478bd6c086daa447c4651605818287b9532d3d0bd435?s=96&d=mm&r=g","url":"https:\/\/secure.gravatar.com\/avatar\/3a8de04a2656d44082be478bd6c086daa447c4651605818287b9532d3d0bd435?s=96&d=mm&r=g","contentUrl":"https:\/\/secure.gravatar.com\/avatar\/3a8de04a2656d44082be478bd6c086daa447c4651605818287b9532d3d0bd435?s=96&d=mm&r=g","caption":"Lo viste en Los Pol\u00edticos"},"url":"https:\/\/lospoliticosveracruz.com\/?author=2"}]}},"_links":{"self":[{"href":"https:\/\/lospoliticosveracruz.com\/index.php?rest_route=\/wp\/v2\/posts\/28997","targetHints":{"allow":["GET"]}}],"collection":[{"href":"https:\/\/lospoliticosveracruz.com\/index.php?rest_route=\/wp\/v2\/posts"}],"about":[{"href":"https:\/\/lospoliticosveracruz.com\/index.php?rest_route=\/wp\/v2\/types\/post"}],"author":[{"embeddable":true,"href":"https:\/\/lospoliticosveracruz.com\/index.php?rest_route=\/wp\/v2\/users\/2"}],"replies":[{"embeddable":true,"href":"https:\/\/lospoliticosveracruz.com\/index.php?rest_route=%2Fwp%2Fv2%2Fcomments&post=28997"}],"version-history":[{"count":2,"href":"https:\/\/lospoliticosveracruz.com\/index.php?rest_route=\/wp\/v2\/posts\/28997\/revisions"}],"predecessor-version":[{"id":29036,"href":"https:\/\/lospoliticosveracruz.com\/index.php?rest_route=\/wp\/v2\/posts\/28997\/revisions\/29036"}],"wp:attachment":[{"href":"https:\/\/lospoliticosveracruz.com\/index.php?rest_route=%2Fwp%2Fv2%2Fmedia&parent=28997"}],"wp:term":[{"taxonomy":"category","embeddable":true,"href":"https:\/\/lospoliticosveracruz.com\/index.php?rest_route=%2Fwp%2Fv2%2Fcategories&post=28997"},{"taxonomy":"post_tag","embeddable":true,"href":"https:\/\/lospoliticosveracruz.com\/index.php?rest_route=%2Fwp%2Fv2%2Ftags&post=28997"}],"curies":[{"name":"wp","href":"https:\/\/api.w.org\/{rel}","templated":true}]}}