{"id":29037,"date":"2016-12-12T08:01:25","date_gmt":"2016-12-12T14:01:25","guid":{"rendered":"http:\/\/www.lospoliticosveracruz.com.mx\/?p=29037"},"modified":"2016-12-12T08:02:37","modified_gmt":"2016-12-12T14:02:37","slug":"la-triada-anticorrupcion","status":"publish","type":"post","link":"https:\/\/lospoliticosveracruz.com\/?p=29037","title":{"rendered":"La tr\u00edada anticorrupci\u00f3n"},"content":{"rendered":"<p align=\"JUSTIFY\"><strong><span style=\"color: #000000;\">Na<\/span><span style=\"font-family: Times, serif;\">ldy Rodr\u00edguez<\/span><\/strong><\/p>\n<p align=\"JUSTIFY\"><em>Transparencia 3.0<\/em><\/p>\n<p align=\"JUSTIFY\">La transparencia y acceso a la informaci\u00f3n abonan a la rendici\u00f3n de cuentas. Es la tr\u00edada perfecta para acabar con la corrupci\u00f3n, el chantaje y el tr\u00e1fico de influencias. Tres males que han da\u00f1ado tanto a Veracruz en los \u00faltimos sexenios<\/p>\n<p align=\"JUSTIFY\">En un acto hist\u00f3rico \u2013al menos a nivel estatal\u2013, la legislatura de Veracruz entreg\u00f3 copia de los convenios establecidos con los medios de comunicaci\u00f3n durante los \u00faltimos tres a\u00f1os y de forma parcial informaci\u00f3n de 2011 y 2013.<\/p>\n<p align=\"JUSTIFY\">El Congreso local tuvo que hacerlo despu\u00e9s de un recurso de inconformidad y el fallo del Instituto Veracruzano de Acceso a la Informaci\u00f3n (IVAI) en el que orden\u00f3 <span lang=\"es-MX\">l<\/span>a entrega de la informaci\u00f3n en copias. Al vencerse el plazo, tuvieron que cumplir, al menos parcialmente con la entrega.<\/p>\n<p align=\"JUSTIFY\">Hay que decirlo tambi\u00e9n que la publicidad oficial y las cantidades que se pagan han sido un tema tab\u00fa en el estado de Veracruz y me atrever\u00eda a decir que a nivel nacional. Ha sido informaci\u00f3n secreta y resguardada bajo llave porque generalmente va asociada al contubernio de los empresarios con el poder.<\/p>\n<p align=\"JUSTIFY\">Las instituciones necesitan de los medios de comunicaci\u00f3n para posicionar sus mensajes a la poblaci\u00f3n (pensemos en campa\u00f1as de salud de prevenci\u00f3n del SIDA y dengue o de Protecci\u00f3n Civil con las alertas clim\u00e1ticas o recomendaciones en \u00e9poca de lluvias).<\/p>\n<p align=\"JUSTIFY\">Y tambi\u00e9n es una realidad que todos los medios de comunicaci\u00f3n necesitan convenios con las instituciones, hasta los que se jactan de ser muy cr\u00edticos, abiertos e independientes, porque no son beneficencia social. Son empresas con una plantilla laboral que no se paga sola. Quien diga que no necesita convenios de gobierno e instituciones es porque entonces solo practica el periodismo como hobby.<\/p>\n<p align=\"JUSTIFY\">Pero como es publicidad oficial que se paga con el recurso de todos, se debe racionalizar, medir el impacto real (donde habr\u00eda que analizar diferentes variables como la circulaci\u00f3n y ahora con las redes sociales el n\u00famero de clics y retuits) y rendir<span lang=\"es-MX\"> cuentas de cada peso que se gasta.<\/span><\/p>\n<p align=\"JUSTIFY\">Analicemos los n\u00fameros proporcionados por la legislatura de Veracruz:<\/p>\n<ul>\n<li>\n<p align=\"JUSTIFY\">En 2011 se invirtieron 7 millones 331 mil pesos los cuales se repartieron en seis p\u00e1ginas electr\u00f3nicas, 25 revistas y peri\u00f3dicos y tres estaciones de radio.<\/p>\n<\/li>\n<li>\n<p align=\"JUSTIFY\">En 2012, aunque no entregaron copias de los convenios, en un resumen se\u00f1alan que se destinaron 7 millones 800 mil pesos para cinco p\u00e1ginas electr\u00f3nicas, 31 revistas y peri\u00f3dicos y tres estaciones de radio.<\/p>\n<\/li>\n<li>\n<p align=\"JUSTIFY\">Para 2013, el pago a medios se increment\u00f3 a 10 millones 890 mil pesos distribuidos de la siguiente manera: siete p\u00e1ginas electr\u00f3nicas, 33 revistas y peri\u00f3dicos y tres estaciones de radio.<\/p>\n<\/li>\n<li>\n<p align=\"JUSTIFY\">En 2014 pr\u00e1cticamente se duplic\u00f3 la inversi\u00f3n. Fueron 17 millones de pesos para 17 p\u00e1ginas electr\u00f3nicas, 28 revistas y peri\u00f3dicos, seis estaciones de radio y una televisora.<\/p>\n<\/li>\n<li>\n<p align=\"JUSTIFY\">Para el 2015 se mantuvo el gasto en publicidad oficial. 16 millones 845 mil pesos fueron los reportados en este rubro, que se canalizaron en 16 p\u00e1ginas electr\u00f3nicas, 30 revistas y peri\u00f3dicos, cinco estaciones de radio y una televisora.<\/p>\n<\/li>\n<li>\n<p align=\"JUSTIFY\">En los 9 primeros meses de 2016, iban casi 14 millones de pesos en medios de comunicaci\u00f3n.<\/p>\n<\/li>\n<\/ul>\n<p align=\"JUSTIFY\">Los contratos por medio de comunicaci\u00f3n son variados, algunos de 100 mil pesos mensuales y 80 mil (en el caso de los medios tradicionales impresos), una p\u00e1gina tambi\u00e9n se encontr\u00f3<span lang=\"es-MX\"> por <\/span>80 mil y otra por 47 mil. Y de ah\u00ed para abajo\u2026<\/p>\n<p align=\"JUSTIFY\">Hay que recordar tambi\u00e9n que esas son las cifras oficiales, no quiere decir que sean las reales. Se sabe que siempre hay otras partidas y datos ocultos que dif\u00edcilmente se podr\u00e1n revelar.<\/p>\n<p align=\"JUSTIFY\">Ahora, al obtener copia de los convenios, se comprob\u00f3 lo que era un secreto a voces: que el otorgamiento del dinero p\u00fabico en el Congreso de Veracruz fue por amiguismo, componendas y relaciones p\u00fablicas, porque en la lista aparecen p\u00e1ginas con poco impacto medi\u00e1tico, desconocidas completamente por la mayor\u00eda de los ciudadanos. Tambi\u00e9n se tiene que reconocer que dentro de los convenios aparecen otros medios que tienen gran presencia y arraigo, que realmente tienen lectores o audiencia, a los que les regatearon los recursos y fueron castigados para beneficiar a los amigos.<\/p>\n<p align=\"JUSTIFY\">A\u00fan falta mucho por hacer en materia de transparencia legislativa, en el Congreso del Estado de San Luis Potos\u00ed cuentan ya con un procedimiento de convenios publicitarios desde el 2014, en el que abren la informaci\u00f3n desde el momento que se registran las propuestas publicitarias por parte de los proveedores. Ah\u00ed se establecen reglas m\u00e1s claras para un reparto equitativo de los recursos para difundir el trabajo de este poder.<\/p>\n<p align=\"JUSTIFY\">La entrega de los convenios s\u00f3lo abre la caja de Pandora\u2026<\/p>\n<p align=\"JUSTIFY\">PD. Se dieron cuenta que falt\u00f3 un a\u00f1o (el 2012)\u2026S\u00ed se solicit\u00f3, pero hasta el momento \u2013dicen las autoridades legislativas\u2013 no han podido dar con la informaci\u00f3n.<\/p>\n<p align=\"JUSTIFY\">PD. 1 La informaci\u00f3n es p\u00fablica, as\u00ed que quien la requiera est\u00e1 a su disposici\u00f3n.<\/p>\n","protected":false},"excerpt":{"rendered":"<p>Naldy Rodr\u00edguez Transparencia 3.0 La transparencia y acceso a la informaci\u00f3n abonan a la rendici\u00f3n de cuentas. Es la tr\u00edada perfecta para acabar con la corrupci\u00f3n, el chantaje y el tr\u00e1fico de influencias. Tres males que han da\u00f1ado tanto a Veracruz en los \u00faltimos sexenios En un acto hist\u00f3rico \u2013al menos a nivel estatal\u2013, la [&hellip;]<\/p>\n","protected":false},"author":2,"featured_media":0,"comment_status":"open","ping_status":"open","sticky":false,"template":"","format":"standard","meta":{"tdm_status":"","tdm_grid_status":"","footnotes":""},"categories":[70],"tags":[6537,259,842,920],"class_list":{"0":"post-29037","1":"post","2":"type-post","3":"status-publish","4":"format-standard","6":"category-de-opinion","7":"tag-convenios","8":"tag-legislatura","9":"tag-medios","10":"tag-publicidad"},"yoast_head":"<!-- This site is optimized with the Yoast SEO plugin v27.4 - https:\/\/yoast.com\/product\/yoast-seo-wordpress\/ -->\n<title>La tr\u00edada anticorrupci\u00f3n - Los pol\u00edticos Veracruz<\/title>\n<meta name=\"robots\" content=\"index, follow, max-snippet:-1, max-image-preview:large, max-video-preview:-1\" \/>\n<link rel=\"canonical\" href=\"https:\/\/lospoliticosveracruz.com\/?p=29037\" \/>\n<meta property=\"og:locale\" content=\"es_ES\" \/>\n<meta property=\"og:type\" content=\"article\" \/>\n<meta property=\"og:title\" content=\"La tr\u00edada anticorrupci\u00f3n - Los pol\u00edticos Veracruz\" \/>\n<meta property=\"og:description\" content=\"Naldy Rodr\u00edguez Transparencia 3.0 La transparencia y acceso a la informaci\u00f3n abonan a la rendici\u00f3n de cuentas. Es la tr\u00edada perfecta para acabar con la corrupci\u00f3n, el chantaje y el tr\u00e1fico de influencias. Tres males que han da\u00f1ado tanto a Veracruz en los \u00faltimos sexenios En un acto hist\u00f3rico \u2013al menos a nivel estatal\u2013, la [&hellip;]\" \/>\n<meta property=\"og:url\" content=\"https:\/\/lospoliticosveracruz.com\/?p=29037\" \/>\n<meta property=\"og:site_name\" content=\"Los pol\u00edticos Veracruz\" \/>\n<meta property=\"article:publisher\" content=\"https:\/\/www.facebook.com\/people\/Notimemes-de-los-Polticos\/61565672886568\/\" \/>\n<meta property=\"article:published_time\" content=\"2016-12-12T14:01:25+00:00\" \/>\n<meta property=\"article:modified_time\" content=\"2016-12-12T14:02:37+00:00\" \/>\n<meta property=\"og:image\" content=\"https:\/\/lospoliticosveracruz.com\/wp-content\/uploads\/2016\/07\/Logo-Dor.jpg\" \/>\n\t<meta property=\"og:image:width\" content=\"200\" \/>\n\t<meta property=\"og:image:height\" content=\"200\" \/>\n\t<meta property=\"og:image:type\" content=\"image\/jpeg\" \/>\n<meta name=\"author\" content=\"Lo viste en Los Pol\u00edticos\" \/>\n<meta name=\"twitter:card\" content=\"summary_large_image\" \/>\n<meta name=\"twitter:creator\" content=\"@LosPoliticosVer\" \/>\n<meta name=\"twitter:site\" content=\"@LosPoliticosVer\" \/>\n<meta name=\"twitter:label1\" content=\"Escrito por\" \/>\n\t<meta name=\"twitter:data1\" content=\"Lo viste en Los Pol\u00edticos\" \/>\n\t<meta name=\"twitter:label2\" content=\"Tiempo de lectura\" \/>\n\t<meta name=\"twitter:data2\" content=\"4 minutos\" \/>\n<script type=\"application\/ld+json\" class=\"yoast-schema-graph\">{\"@context\":\"https:\\\/\\\/schema.org\",\"@graph\":[{\"@type\":\"Article\",\"@id\":\"https:\\\/\\\/lospoliticosveracruz.com\\\/?p=29037#article\",\"isPartOf\":{\"@id\":\"https:\\\/\\\/lospoliticosveracruz.com\\\/?p=29037\"},\"author\":{\"name\":\"Lo viste en Los Pol\u00edticos\",\"@id\":\"https:\\\/\\\/lospoliticosveracruz.com\\\/#\\\/schema\\\/person\\\/b8702bb0e538456e6efd07080bf2a4a2\"},\"headline\":\"La tr\u00edada anticorrupci\u00f3n\",\"datePublished\":\"2016-12-12T14:01:25+00:00\",\"dateModified\":\"2016-12-12T14:02:37+00:00\",\"mainEntityOfPage\":{\"@id\":\"https:\\\/\\\/lospoliticosveracruz.com\\\/?p=29037\"},\"wordCount\":853,\"commentCount\":0,\"publisher\":{\"@id\":\"https:\\\/\\\/lospoliticosveracruz.com\\\/#organization\"},\"keywords\":[\"convenios\",\"Legislatura\",\"medios\",\"publicidad\"],\"articleSection\":[\"De Opini\u00f3n\"],\"inLanguage\":\"es\",\"potentialAction\":[{\"@type\":\"CommentAction\",\"name\":\"Comment\",\"target\":[\"https:\\\/\\\/lospoliticosveracruz.com\\\/?p=29037#respond\"]}]},{\"@type\":\"WebPage\",\"@id\":\"https:\\\/\\\/lospoliticosveracruz.com\\\/?p=29037\",\"url\":\"https:\\\/\\\/lospoliticosveracruz.com\\\/?p=29037\",\"name\":\"La tr\u00edada anticorrupci\u00f3n - Los pol\u00edticos Veracruz\",\"isPartOf\":{\"@id\":\"https:\\\/\\\/lospoliticosveracruz.com\\\/#website\"},\"datePublished\":\"2016-12-12T14:01:25+00:00\",\"dateModified\":\"2016-12-12T14:02:37+00:00\",\"breadcrumb\":{\"@id\":\"https:\\\/\\\/lospoliticosveracruz.com\\\/?p=29037#breadcrumb\"},\"inLanguage\":\"es\",\"potentialAction\":[{\"@type\":\"ReadAction\",\"target\":[\"https:\\\/\\\/lospoliticosveracruz.com\\\/?p=29037\"]}]},{\"@type\":\"BreadcrumbList\",\"@id\":\"https:\\\/\\\/lospoliticosveracruz.com\\\/?p=29037#breadcrumb\",\"itemListElement\":[{\"@type\":\"ListItem\",\"position\":1,\"name\":\"Portada\",\"item\":\"https:\\\/\\\/lospoliticosveracruz.com\\\/\"},{\"@type\":\"ListItem\",\"position\":2,\"name\":\"La tr\u00edada anticorrupci\u00f3n\"}]},{\"@type\":\"WebSite\",\"@id\":\"https:\\\/\\\/lospoliticosveracruz.com\\\/#website\",\"url\":\"https:\\\/\\\/lospoliticosveracruz.com\\\/\",\"name\":\"Los pol\u00edticos Veracruz\",\"description\":\"\",\"publisher\":{\"@id\":\"https:\\\/\\\/lospoliticosveracruz.com\\\/#organization\"},\"potentialAction\":[{\"@type\":\"SearchAction\",\"target\":{\"@type\":\"EntryPoint\",\"urlTemplate\":\"https:\\\/\\\/lospoliticosveracruz.com\\\/?s={search_term_string}\"},\"query-input\":{\"@type\":\"PropertyValueSpecification\",\"valueRequired\":true,\"valueName\":\"search_term_string\"}}],\"inLanguage\":\"es\"},{\"@type\":\"Organization\",\"@id\":\"https:\\\/\\\/lospoliticosveracruz.com\\\/#organization\",\"name\":\"Los pol\u00edticos Veracruz\",\"url\":\"https:\\\/\\\/lospoliticosveracruz.com\\\/\",\"logo\":{\"@type\":\"ImageObject\",\"inLanguage\":\"es\",\"@id\":\"https:\\\/\\\/lospoliticosveracruz.com\\\/#\\\/schema\\\/logo\\\/image\\\/\",\"url\":\"https:\\\/\\\/lospoliticosveracruz.com\\\/wp-content\\\/uploads\\\/2025\\\/12\\\/Logo-Nuevo-LOS-POLITICOS-1.jpg\",\"contentUrl\":\"https:\\\/\\\/lospoliticosveracruz.com\\\/wp-content\\\/uploads\\\/2025\\\/12\\\/Logo-Nuevo-LOS-POLITICOS-1.jpg\",\"width\":260,\"height\":70,\"caption\":\"Los pol\u00edticos Veracruz\"},\"image\":{\"@id\":\"https:\\\/\\\/lospoliticosveracruz.com\\\/#\\\/schema\\\/logo\\\/image\\\/\"},\"sameAs\":[\"https:\\\/\\\/www.facebook.com\\\/people\\\/Notimemes-de-los-Polticos\\\/61565672886568\\\/\",\"https:\\\/\\\/x.com\\\/LosPoliticosVer\"]},{\"@type\":\"Person\",\"@id\":\"https:\\\/\\\/lospoliticosveracruz.com\\\/#\\\/schema\\\/person\\\/b8702bb0e538456e6efd07080bf2a4a2\",\"name\":\"Lo viste en Los Pol\u00edticos\",\"image\":{\"@type\":\"ImageObject\",\"inLanguage\":\"es\",\"@id\":\"https:\\\/\\\/secure.gravatar.com\\\/avatar\\\/3a8de04a2656d44082be478bd6c086daa447c4651605818287b9532d3d0bd435?s=96&d=mm&r=g\",\"url\":\"https:\\\/\\\/secure.gravatar.com\\\/avatar\\\/3a8de04a2656d44082be478bd6c086daa447c4651605818287b9532d3d0bd435?s=96&d=mm&r=g\",\"contentUrl\":\"https:\\\/\\\/secure.gravatar.com\\\/avatar\\\/3a8de04a2656d44082be478bd6c086daa447c4651605818287b9532d3d0bd435?s=96&d=mm&r=g\",\"caption\":\"Lo viste en Los Pol\u00edticos\"},\"url\":\"https:\\\/\\\/lospoliticosveracruz.com\\\/?author=2\"}]}<\/script>\n<!-- \/ Yoast SEO plugin. -->","yoast_head_json":{"title":"La tr\u00edada anticorrupci\u00f3n - Los pol\u00edticos Veracruz","robots":{"index":"index","follow":"follow","max-snippet":"max-snippet:-1","max-image-preview":"max-image-preview:large","max-video-preview":"max-video-preview:-1"},"canonical":"https:\/\/lospoliticosveracruz.com\/?p=29037","og_locale":"es_ES","og_type":"article","og_title":"La tr\u00edada anticorrupci\u00f3n - Los pol\u00edticos Veracruz","og_description":"Naldy Rodr\u00edguez Transparencia 3.0 La transparencia y acceso a la informaci\u00f3n abonan a la rendici\u00f3n de cuentas. Es la tr\u00edada perfecta para acabar con la corrupci\u00f3n, el chantaje y el tr\u00e1fico de influencias. Tres males que han da\u00f1ado tanto a Veracruz en los \u00faltimos sexenios En un acto hist\u00f3rico \u2013al menos a nivel estatal\u2013, la [&hellip;]","og_url":"https:\/\/lospoliticosveracruz.com\/?p=29037","og_site_name":"Los pol\u00edticos Veracruz","article_publisher":"https:\/\/www.facebook.com\/people\/Notimemes-de-los-Polticos\/61565672886568\/","article_published_time":"2016-12-12T14:01:25+00:00","article_modified_time":"2016-12-12T14:02:37+00:00","og_image":[{"width":200,"height":200,"url":"https:\/\/lospoliticosveracruz.com\/wp-content\/uploads\/2016\/07\/Logo-Dor.jpg","type":"image\/jpeg"}],"author":"Lo viste en Los Pol\u00edticos","twitter_card":"summary_large_image","twitter_creator":"@LosPoliticosVer","twitter_site":"@LosPoliticosVer","twitter_misc":{"Escrito por":"Lo viste en Los Pol\u00edticos","Tiempo de lectura":"4 minutos"},"schema":{"@context":"https:\/\/schema.org","@graph":[{"@type":"Article","@id":"https:\/\/lospoliticosveracruz.com\/?p=29037#article","isPartOf":{"@id":"https:\/\/lospoliticosveracruz.com\/?p=29037"},"author":{"name":"Lo viste en Los Pol\u00edticos","@id":"https:\/\/lospoliticosveracruz.com\/#\/schema\/person\/b8702bb0e538456e6efd07080bf2a4a2"},"headline":"La tr\u00edada anticorrupci\u00f3n","datePublished":"2016-12-12T14:01:25+00:00","dateModified":"2016-12-12T14:02:37+00:00","mainEntityOfPage":{"@id":"https:\/\/lospoliticosveracruz.com\/?p=29037"},"wordCount":853,"commentCount":0,"publisher":{"@id":"https:\/\/lospoliticosveracruz.com\/#organization"},"keywords":["convenios","Legislatura","medios","publicidad"],"articleSection":["De Opini\u00f3n"],"inLanguage":"es","potentialAction":[{"@type":"CommentAction","name":"Comment","target":["https:\/\/lospoliticosveracruz.com\/?p=29037#respond"]}]},{"@type":"WebPage","@id":"https:\/\/lospoliticosveracruz.com\/?p=29037","url":"https:\/\/lospoliticosveracruz.com\/?p=29037","name":"La tr\u00edada anticorrupci\u00f3n - Los pol\u00edticos Veracruz","isPartOf":{"@id":"https:\/\/lospoliticosveracruz.com\/#website"},"datePublished":"2016-12-12T14:01:25+00:00","dateModified":"2016-12-12T14:02:37+00:00","breadcrumb":{"@id":"https:\/\/lospoliticosveracruz.com\/?p=29037#breadcrumb"},"inLanguage":"es","potentialAction":[{"@type":"ReadAction","target":["https:\/\/lospoliticosveracruz.com\/?p=29037"]}]},{"@type":"BreadcrumbList","@id":"https:\/\/lospoliticosveracruz.com\/?p=29037#breadcrumb","itemListElement":[{"@type":"ListItem","position":1,"name":"Portada","item":"https:\/\/lospoliticosveracruz.com\/"},{"@type":"ListItem","position":2,"name":"La tr\u00edada anticorrupci\u00f3n"}]},{"@type":"WebSite","@id":"https:\/\/lospoliticosveracruz.com\/#website","url":"https:\/\/lospoliticosveracruz.com\/","name":"Los pol\u00edticos Veracruz","description":"","publisher":{"@id":"https:\/\/lospoliticosveracruz.com\/#organization"},"potentialAction":[{"@type":"SearchAction","target":{"@type":"EntryPoint","urlTemplate":"https:\/\/lospoliticosveracruz.com\/?s={search_term_string}"},"query-input":{"@type":"PropertyValueSpecification","valueRequired":true,"valueName":"search_term_string"}}],"inLanguage":"es"},{"@type":"Organization","@id":"https:\/\/lospoliticosveracruz.com\/#organization","name":"Los pol\u00edticos Veracruz","url":"https:\/\/lospoliticosveracruz.com\/","logo":{"@type":"ImageObject","inLanguage":"es","@id":"https:\/\/lospoliticosveracruz.com\/#\/schema\/logo\/image\/","url":"https:\/\/lospoliticosveracruz.com\/wp-content\/uploads\/2025\/12\/Logo-Nuevo-LOS-POLITICOS-1.jpg","contentUrl":"https:\/\/lospoliticosveracruz.com\/wp-content\/uploads\/2025\/12\/Logo-Nuevo-LOS-POLITICOS-1.jpg","width":260,"height":70,"caption":"Los pol\u00edticos Veracruz"},"image":{"@id":"https:\/\/lospoliticosveracruz.com\/#\/schema\/logo\/image\/"},"sameAs":["https:\/\/www.facebook.com\/people\/Notimemes-de-los-Polticos\/61565672886568\/","https:\/\/x.com\/LosPoliticosVer"]},{"@type":"Person","@id":"https:\/\/lospoliticosveracruz.com\/#\/schema\/person\/b8702bb0e538456e6efd07080bf2a4a2","name":"Lo viste en Los Pol\u00edticos","image":{"@type":"ImageObject","inLanguage":"es","@id":"https:\/\/secure.gravatar.com\/avatar\/3a8de04a2656d44082be478bd6c086daa447c4651605818287b9532d3d0bd435?s=96&d=mm&r=g","url":"https:\/\/secure.gravatar.com\/avatar\/3a8de04a2656d44082be478bd6c086daa447c4651605818287b9532d3d0bd435?s=96&d=mm&r=g","contentUrl":"https:\/\/secure.gravatar.com\/avatar\/3a8de04a2656d44082be478bd6c086daa447c4651605818287b9532d3d0bd435?s=96&d=mm&r=g","caption":"Lo viste en Los Pol\u00edticos"},"url":"https:\/\/lospoliticosveracruz.com\/?author=2"}]}},"_links":{"self":[{"href":"https:\/\/lospoliticosveracruz.com\/index.php?rest_route=\/wp\/v2\/posts\/29037","targetHints":{"allow":["GET"]}}],"collection":[{"href":"https:\/\/lospoliticosveracruz.com\/index.php?rest_route=\/wp\/v2\/posts"}],"about":[{"href":"https:\/\/lospoliticosveracruz.com\/index.php?rest_route=\/wp\/v2\/types\/post"}],"author":[{"embeddable":true,"href":"https:\/\/lospoliticosveracruz.com\/index.php?rest_route=\/wp\/v2\/users\/2"}],"replies":[{"embeddable":true,"href":"https:\/\/lospoliticosveracruz.com\/index.php?rest_route=%2Fwp%2Fv2%2Fcomments&post=29037"}],"version-history":[{"count":3,"href":"https:\/\/lospoliticosveracruz.com\/index.php?rest_route=\/wp\/v2\/posts\/29037\/revisions"}],"predecessor-version":[{"id":29040,"href":"https:\/\/lospoliticosveracruz.com\/index.php?rest_route=\/wp\/v2\/posts\/29037\/revisions\/29040"}],"wp:attachment":[{"href":"https:\/\/lospoliticosveracruz.com\/index.php?rest_route=%2Fwp%2Fv2%2Fmedia&parent=29037"}],"wp:term":[{"taxonomy":"category","embeddable":true,"href":"https:\/\/lospoliticosveracruz.com\/index.php?rest_route=%2Fwp%2Fv2%2Fcategories&post=29037"},{"taxonomy":"post_tag","embeddable":true,"href":"https:\/\/lospoliticosveracruz.com\/index.php?rest_route=%2Fwp%2Fv2%2Ftags&post=29037"}],"curies":[{"name":"wp","href":"https:\/\/api.w.org\/{rel}","templated":true}]}}