{"id":29189,"date":"2016-12-14T01:14:02","date_gmt":"2016-12-14T07:14:02","guid":{"rendered":"http:\/\/www.lospoliticosveracruz.com.mx\/?p=29189"},"modified":"2016-12-14T01:14:02","modified_gmt":"2016-12-14T07:14:02","slug":"en-la-mesa-con-dunyaska","status":"publish","type":"post","link":"https:\/\/lospoliticosveracruz.com\/?p=29189","title":{"rendered":"En la mesa con Dunyaska"},"content":{"rendered":"<p><strong>Salvador Mu\u00f1oz<\/strong><\/p>\n<p><em>Los Pol\u00edticos<\/em><\/p>\n<p>Lo \u00fanico que recuerdo de la taza de Suetonio, es una frase que m\u00e1s o menos dice as\u00ed: \u201cEn un estado libre, el pensamiento y la palabra deben ser libres\u201d. \u00a1Y la olvid\u00e9!<\/p>\n<p>Le digo la taza de Suetonio, pero realmente la taza es m\u00eda, aunque antes, era de Mariana Dunyaska Garc\u00eda Rojas.<\/p>\n<p>Se sienta a comer justo a las 14:30 horas. Dice que lo hace de manera cotidiana\u2026 le da un valor agregado a los alimentos que ya no es com\u00fan en nuestros d\u00edas y mucho menos en algunos funcionarios.<\/p>\n<p>Mientras platicamos, veo con qu\u00e9 enjundia le pone picante a sus alimentos\u2026 \u201c\u00bfLe gusta la salsa?\u201d, le pregunto y me dice que las dos, tanto la que pica como la que se baila.<\/p>\n<p>II<\/p>\n<p>Dice que no tiene mandato ni le gusta ser borrego, mientras degusta sus alimentos. Es una persona directa, clara, y sabe que las circunstancias por las que hoy atraviesa el PAN pudieran verse reflejadas de manera positiva en el 2018, aunque eso \u201cdepende de nuestro actuar de cada d\u00eda lo que lo va a decidir\u2026 en pol\u00edtica no hay nada escrito\u201d, y se trata de ser congruente, que es algo que a muchos pol\u00edticos \u201cnos cuesta trabajo\u201d. Creo que la primera persona en plural, es por cortes\u00eda, por sencillez.<\/p>\n<p>Sirvo el resto de su botella de agua mientras platica que tienen grandes retos y a marchas forzadas, m\u00e1s cuando se est\u00e1 ante una sociedad activa, participativa, vigilante, que va a demandar, reclamar y exigir la atenci\u00f3n de sus funcionarios.<\/p>\n<p>III<\/p>\n<p>Recuerda una cr\u00f3nica que hice cuando fui al cierre de H\u00e9ctor Yunes Landa en Soledad de Doblado, y es por la frase de una persona. El p\u00e1rrafo dec\u00eda as\u00ed:<\/p>\n<p>[\u201cTiene un cuerpazo\u2026 Por eso est\u00e1 aqu\u00ed\u201d, me dice un tendero quien se\u00f1ala un p\u00f3ster de Mariana Dunyaska, candidata a diputada local por Medellin.] Se r\u00ede y tambi\u00e9n recordamos aquella vez que se subi\u00f3 a un tractocami\u00f3n ca\u00f1ero. Dice que se divirti\u00f3 mucho en la campa\u00f1a tambi\u00e9n.<\/p>\n<p>Dun-yas-ka no. Es Dunyas-ka, la \u201cN\u201d con la \u201cY\u201d. \u00bfY qu\u00e9 significa? No tiene traducci\u00f3n, dice, pero es ruso. \u00bfRuso? \u00bfPor qu\u00e9? Cita a su madre y el 68\u2026 tambi\u00e9n unos primos llevan nombres rusos: Irina, Pavel, Sashenka.<\/p>\n<p>Es muy reservada al hablar de su familia pero a la vez expresiva. Lo noto cuando comenta lo de su madre y tambi\u00e9n cuando cita su estado civil\u2026<\/p>\n<p>Ya no podemos continuar la pl\u00e1tica\u2026 le digo que me tengo que retirar, porque as\u00ed como ella come a las 14:30 horas, igual yo, a las 15 horas \u00a1tengo que preparar la comida!<\/p>\n<p>Queda pendiente una pl\u00e1tica\u2026 y por las prisas, olvido esa taza con la frase de Suetonio que me obsequia, con motivo de la navidad.<\/p>\n<p><strong>El Indito<\/strong><\/p>\n<p><img loading=\"lazy\" decoding=\"async\" class=\"aligncenter size-full wp-image-29196\" src=\"http:\/\/www.lospoliticosveracruz.com.mx\/wp-content\/uploads\/2016\/12\/Gallo-Bolo.jpeg\" alt=\"Gallo Bolo\" width=\"600\" height=\"600\" \/><\/p>\n<p>Quien caus\u00f3 gran revuelo en las redes fue Ernesto Cuevas, el Gallo Bolo, pero no en su muro, sino fuera de \u00e9l, porque subi\u00f3 una foto donde aparece con el cl\u00e1sico traje de indito cumpliendo una manda. En su muro, fue muy felicitado. Fuera de \u00e9l, muy criticado. Seg\u00fan dicen quienes est\u00e1n cerca de \u00e9l, que la manda era vestirse de \u201cnaquito\u201d (as\u00ed asegura el diputado que les dicen en la zona de Yecuatla) si ganaba la elecci\u00f3n como diputado. Como sea, el diputado Gallo Bolo hoy dio de qu\u00e9 hablar por dos razones\u2026 por su guadalupanismo, y por su petici\u00f3n, aprobada por la LXIV Legislatura, de llamar a cuentas al secretario de Seguridad P\u00fablica, Jaime T\u00e9llez Mari\u00e9, despu\u00e9s de que fuera retenido en carretera y \u201cpasado por b\u00e1scula\u201d por elementos policiacos.<\/p>\n<p>&nbsp;<\/p>\n<p><a href=\"http:\/\/www.lospoliticosveracruz.com.mx\/wp-content\/uploads\/2016\/12\/Gallo-Bolo.jpeg\"><br \/>\n<\/a>smcainito@gmail.com<\/p>\n","protected":false},"excerpt":{"rendered":"<p>Salvador Mu\u00f1oz Los Pol\u00edticos Lo \u00fanico que recuerdo de la taza de Suetonio, es una frase que m\u00e1s o menos dice as\u00ed: \u201cEn un estado libre, el pensamiento y la palabra deben ser libres\u201d. \u00a1Y la olvid\u00e9! Le digo la taza de Suetonio, pero realmente la taza es m\u00eda, aunque antes, era de Mariana Dunyaska [&hellip;]<\/p>\n","protected":false},"author":2,"featured_media":0,"comment_status":"open","ping_status":"open","sticky":false,"template":"","format":"standard","meta":{"tdm_status":"","tdm_grid_status":"","footnotes":""},"categories":[70],"tags":[4622,348,5541,6926,266],"class_list":{"0":"post-29189","1":"post","2":"type-post","3":"status-publish","4":"format-standard","6":"category-de-opinion","7":"tag-ernesto-cuevas","8":"tag-hector-yunes-landa","9":"tag-mariana-dunyaska-garcia-rojas","10":"tag-monica-montano","11":"tag-pan"},"yoast_head":"<!-- This site is optimized with the Yoast SEO plugin v27.4 - https:\/\/yoast.com\/product\/yoast-seo-wordpress\/ -->\n<title>En la mesa con Dunyaska - Los pol\u00edticos Veracruz<\/title>\n<meta name=\"robots\" content=\"index, follow, max-snippet:-1, max-image-preview:large, max-video-preview:-1\" \/>\n<link rel=\"canonical\" href=\"https:\/\/lospoliticosveracruz.com\/?p=29189\" \/>\n<meta property=\"og:locale\" content=\"es_ES\" \/>\n<meta property=\"og:type\" content=\"article\" \/>\n<meta property=\"og:title\" content=\"En la mesa con Dunyaska - Los pol\u00edticos Veracruz\" \/>\n<meta property=\"og:description\" content=\"Salvador Mu\u00f1oz Los Pol\u00edticos Lo \u00fanico que recuerdo de la taza de Suetonio, es una frase que m\u00e1s o menos dice as\u00ed: \u201cEn un estado libre, el pensamiento y la palabra deben ser libres\u201d. \u00a1Y la olvid\u00e9! Le digo la taza de Suetonio, pero realmente la taza es m\u00eda, aunque antes, era de Mariana Dunyaska [&hellip;]\" \/>\n<meta property=\"og:url\" content=\"https:\/\/lospoliticosveracruz.com\/?p=29189\" \/>\n<meta property=\"og:site_name\" content=\"Los pol\u00edticos Veracruz\" \/>\n<meta property=\"article:publisher\" content=\"https:\/\/www.facebook.com\/people\/Notimemes-de-los-Polticos\/61565672886568\/\" \/>\n<meta property=\"article:published_time\" content=\"2016-12-14T07:14:02+00:00\" \/>\n<meta property=\"og:image\" content=\"http:\/\/www.lospoliticosveracruz.com.mx\/wp-content\/uploads\/2016\/12\/Gallo-Bolo.jpeg\" \/>\n<meta name=\"author\" content=\"Lo viste en Los Pol\u00edticos\" \/>\n<meta name=\"twitter:card\" content=\"summary_large_image\" \/>\n<meta name=\"twitter:creator\" content=\"@LosPoliticosVer\" \/>\n<meta name=\"twitter:site\" content=\"@LosPoliticosVer\" \/>\n<meta name=\"twitter:label1\" content=\"Escrito por\" \/>\n\t<meta name=\"twitter:data1\" content=\"Lo viste en Los Pol\u00edticos\" \/>\n\t<meta name=\"twitter:label2\" content=\"Tiempo de lectura\" \/>\n\t<meta name=\"twitter:data2\" content=\"3 minutos\" \/>\n<script type=\"application\/ld+json\" class=\"yoast-schema-graph\">{\"@context\":\"https:\\\/\\\/schema.org\",\"@graph\":[{\"@type\":\"Article\",\"@id\":\"https:\\\/\\\/lospoliticosveracruz.com\\\/?p=29189#article\",\"isPartOf\":{\"@id\":\"https:\\\/\\\/lospoliticosveracruz.com\\\/?p=29189\"},\"author\":{\"name\":\"Lo viste en Los Pol\u00edticos\",\"@id\":\"https:\\\/\\\/lospoliticosveracruz.com\\\/#\\\/schema\\\/person\\\/b8702bb0e538456e6efd07080bf2a4a2\"},\"headline\":\"En la mesa con Dunyaska\",\"datePublished\":\"2016-12-14T07:14:02+00:00\",\"mainEntityOfPage\":{\"@id\":\"https:\\\/\\\/lospoliticosveracruz.com\\\/?p=29189\"},\"wordCount\":635,\"commentCount\":0,\"publisher\":{\"@id\":\"https:\\\/\\\/lospoliticosveracruz.com\\\/#organization\"},\"image\":{\"@id\":\"https:\\\/\\\/lospoliticosveracruz.com\\\/?p=29189#primaryimage\"},\"thumbnailUrl\":\"http:\\\/\\\/www.lospoliticosveracruz.com.mx\\\/wp-content\\\/uploads\\\/2016\\\/12\\\/Gallo-Bolo.jpeg\",\"keywords\":[\"Ernesto Cuevas\",\"H\u00e9ctor Yunes Landa\",\"Mariana Dunyaska Garc\u00eda Rojas\",\"M\u00f3nica Montano\",\"PAN\"],\"articleSection\":[\"De Opini\u00f3n\"],\"inLanguage\":\"es\",\"potentialAction\":[{\"@type\":\"CommentAction\",\"name\":\"Comment\",\"target\":[\"https:\\\/\\\/lospoliticosveracruz.com\\\/?p=29189#respond\"]}]},{\"@type\":\"WebPage\",\"@id\":\"https:\\\/\\\/lospoliticosveracruz.com\\\/?p=29189\",\"url\":\"https:\\\/\\\/lospoliticosveracruz.com\\\/?p=29189\",\"name\":\"En la mesa con Dunyaska - Los pol\u00edticos Veracruz\",\"isPartOf\":{\"@id\":\"https:\\\/\\\/lospoliticosveracruz.com\\\/#website\"},\"primaryImageOfPage\":{\"@id\":\"https:\\\/\\\/lospoliticosveracruz.com\\\/?p=29189#primaryimage\"},\"image\":{\"@id\":\"https:\\\/\\\/lospoliticosveracruz.com\\\/?p=29189#primaryimage\"},\"thumbnailUrl\":\"http:\\\/\\\/www.lospoliticosveracruz.com.mx\\\/wp-content\\\/uploads\\\/2016\\\/12\\\/Gallo-Bolo.jpeg\",\"datePublished\":\"2016-12-14T07:14:02+00:00\",\"breadcrumb\":{\"@id\":\"https:\\\/\\\/lospoliticosveracruz.com\\\/?p=29189#breadcrumb\"},\"inLanguage\":\"es\",\"potentialAction\":[{\"@type\":\"ReadAction\",\"target\":[\"https:\\\/\\\/lospoliticosveracruz.com\\\/?p=29189\"]}]},{\"@type\":\"ImageObject\",\"inLanguage\":\"es\",\"@id\":\"https:\\\/\\\/lospoliticosveracruz.com\\\/?p=29189#primaryimage\",\"url\":\"http:\\\/\\\/www.lospoliticosveracruz.com.mx\\\/wp-content\\\/uploads\\\/2016\\\/12\\\/Gallo-Bolo.jpeg\",\"contentUrl\":\"http:\\\/\\\/www.lospoliticosveracruz.com.mx\\\/wp-content\\\/uploads\\\/2016\\\/12\\\/Gallo-Bolo.jpeg\"},{\"@type\":\"BreadcrumbList\",\"@id\":\"https:\\\/\\\/lospoliticosveracruz.com\\\/?p=29189#breadcrumb\",\"itemListElement\":[{\"@type\":\"ListItem\",\"position\":1,\"name\":\"Portada\",\"item\":\"https:\\\/\\\/lospoliticosveracruz.com\\\/\"},{\"@type\":\"ListItem\",\"position\":2,\"name\":\"En la mesa con Dunyaska\"}]},{\"@type\":\"WebSite\",\"@id\":\"https:\\\/\\\/lospoliticosveracruz.com\\\/#website\",\"url\":\"https:\\\/\\\/lospoliticosveracruz.com\\\/\",\"name\":\"Los pol\u00edticos Veracruz\",\"description\":\"\",\"publisher\":{\"@id\":\"https:\\\/\\\/lospoliticosveracruz.com\\\/#organization\"},\"potentialAction\":[{\"@type\":\"SearchAction\",\"target\":{\"@type\":\"EntryPoint\",\"urlTemplate\":\"https:\\\/\\\/lospoliticosveracruz.com\\\/?s={search_term_string}\"},\"query-input\":{\"@type\":\"PropertyValueSpecification\",\"valueRequired\":true,\"valueName\":\"search_term_string\"}}],\"inLanguage\":\"es\"},{\"@type\":\"Organization\",\"@id\":\"https:\\\/\\\/lospoliticosveracruz.com\\\/#organization\",\"name\":\"Los pol\u00edticos Veracruz\",\"url\":\"https:\\\/\\\/lospoliticosveracruz.com\\\/\",\"logo\":{\"@type\":\"ImageObject\",\"inLanguage\":\"es\",\"@id\":\"https:\\\/\\\/lospoliticosveracruz.com\\\/#\\\/schema\\\/logo\\\/image\\\/\",\"url\":\"https:\\\/\\\/lospoliticosveracruz.com\\\/wp-content\\\/uploads\\\/2025\\\/12\\\/Logo-Nuevo-LOS-POLITICOS-1.jpg\",\"contentUrl\":\"https:\\\/\\\/lospoliticosveracruz.com\\\/wp-content\\\/uploads\\\/2025\\\/12\\\/Logo-Nuevo-LOS-POLITICOS-1.jpg\",\"width\":260,\"height\":70,\"caption\":\"Los pol\u00edticos Veracruz\"},\"image\":{\"@id\":\"https:\\\/\\\/lospoliticosveracruz.com\\\/#\\\/schema\\\/logo\\\/image\\\/\"},\"sameAs\":[\"https:\\\/\\\/www.facebook.com\\\/people\\\/Notimemes-de-los-Polticos\\\/61565672886568\\\/\",\"https:\\\/\\\/x.com\\\/LosPoliticosVer\"]},{\"@type\":\"Person\",\"@id\":\"https:\\\/\\\/lospoliticosveracruz.com\\\/#\\\/schema\\\/person\\\/b8702bb0e538456e6efd07080bf2a4a2\",\"name\":\"Lo viste en Los Pol\u00edticos\",\"image\":{\"@type\":\"ImageObject\",\"inLanguage\":\"es\",\"@id\":\"https:\\\/\\\/secure.gravatar.com\\\/avatar\\\/3a8de04a2656d44082be478bd6c086daa447c4651605818287b9532d3d0bd435?s=96&d=mm&r=g\",\"url\":\"https:\\\/\\\/secure.gravatar.com\\\/avatar\\\/3a8de04a2656d44082be478bd6c086daa447c4651605818287b9532d3d0bd435?s=96&d=mm&r=g\",\"contentUrl\":\"https:\\\/\\\/secure.gravatar.com\\\/avatar\\\/3a8de04a2656d44082be478bd6c086daa447c4651605818287b9532d3d0bd435?s=96&d=mm&r=g\",\"caption\":\"Lo viste en Los Pol\u00edticos\"},\"url\":\"https:\\\/\\\/lospoliticosveracruz.com\\\/?author=2\"}]}<\/script>\n<!-- \/ Yoast SEO plugin. -->","yoast_head_json":{"title":"En la mesa con Dunyaska - Los pol\u00edticos Veracruz","robots":{"index":"index","follow":"follow","max-snippet":"max-snippet:-1","max-image-preview":"max-image-preview:large","max-video-preview":"max-video-preview:-1"},"canonical":"https:\/\/lospoliticosveracruz.com\/?p=29189","og_locale":"es_ES","og_type":"article","og_title":"En la mesa con Dunyaska - Los pol\u00edticos Veracruz","og_description":"Salvador Mu\u00f1oz Los Pol\u00edticos Lo \u00fanico que recuerdo de la taza de Suetonio, es una frase que m\u00e1s o menos dice as\u00ed: \u201cEn un estado libre, el pensamiento y la palabra deben ser libres\u201d. \u00a1Y la olvid\u00e9! Le digo la taza de Suetonio, pero realmente la taza es m\u00eda, aunque antes, era de Mariana Dunyaska [&hellip;]","og_url":"https:\/\/lospoliticosveracruz.com\/?p=29189","og_site_name":"Los pol\u00edticos Veracruz","article_publisher":"https:\/\/www.facebook.com\/people\/Notimemes-de-los-Polticos\/61565672886568\/","article_published_time":"2016-12-14T07:14:02+00:00","og_image":[{"url":"http:\/\/www.lospoliticosveracruz.com.mx\/wp-content\/uploads\/2016\/12\/Gallo-Bolo.jpeg","type":"","width":"","height":""}],"author":"Lo viste en Los Pol\u00edticos","twitter_card":"summary_large_image","twitter_creator":"@LosPoliticosVer","twitter_site":"@LosPoliticosVer","twitter_misc":{"Escrito por":"Lo viste en Los Pol\u00edticos","Tiempo de lectura":"3 minutos"},"schema":{"@context":"https:\/\/schema.org","@graph":[{"@type":"Article","@id":"https:\/\/lospoliticosveracruz.com\/?p=29189#article","isPartOf":{"@id":"https:\/\/lospoliticosveracruz.com\/?p=29189"},"author":{"name":"Lo viste en Los Pol\u00edticos","@id":"https:\/\/lospoliticosveracruz.com\/#\/schema\/person\/b8702bb0e538456e6efd07080bf2a4a2"},"headline":"En la mesa con Dunyaska","datePublished":"2016-12-14T07:14:02+00:00","mainEntityOfPage":{"@id":"https:\/\/lospoliticosveracruz.com\/?p=29189"},"wordCount":635,"commentCount":0,"publisher":{"@id":"https:\/\/lospoliticosveracruz.com\/#organization"},"image":{"@id":"https:\/\/lospoliticosveracruz.com\/?p=29189#primaryimage"},"thumbnailUrl":"http:\/\/www.lospoliticosveracruz.com.mx\/wp-content\/uploads\/2016\/12\/Gallo-Bolo.jpeg","keywords":["Ernesto Cuevas","H\u00e9ctor Yunes Landa","Mariana Dunyaska Garc\u00eda Rojas","M\u00f3nica Montano","PAN"],"articleSection":["De Opini\u00f3n"],"inLanguage":"es","potentialAction":[{"@type":"CommentAction","name":"Comment","target":["https:\/\/lospoliticosveracruz.com\/?p=29189#respond"]}]},{"@type":"WebPage","@id":"https:\/\/lospoliticosveracruz.com\/?p=29189","url":"https:\/\/lospoliticosveracruz.com\/?p=29189","name":"En la mesa con Dunyaska - Los pol\u00edticos Veracruz","isPartOf":{"@id":"https:\/\/lospoliticosveracruz.com\/#website"},"primaryImageOfPage":{"@id":"https:\/\/lospoliticosveracruz.com\/?p=29189#primaryimage"},"image":{"@id":"https:\/\/lospoliticosveracruz.com\/?p=29189#primaryimage"},"thumbnailUrl":"http:\/\/www.lospoliticosveracruz.com.mx\/wp-content\/uploads\/2016\/12\/Gallo-Bolo.jpeg","datePublished":"2016-12-14T07:14:02+00:00","breadcrumb":{"@id":"https:\/\/lospoliticosveracruz.com\/?p=29189#breadcrumb"},"inLanguage":"es","potentialAction":[{"@type":"ReadAction","target":["https:\/\/lospoliticosveracruz.com\/?p=29189"]}]},{"@type":"ImageObject","inLanguage":"es","@id":"https:\/\/lospoliticosveracruz.com\/?p=29189#primaryimage","url":"http:\/\/www.lospoliticosveracruz.com.mx\/wp-content\/uploads\/2016\/12\/Gallo-Bolo.jpeg","contentUrl":"http:\/\/www.lospoliticosveracruz.com.mx\/wp-content\/uploads\/2016\/12\/Gallo-Bolo.jpeg"},{"@type":"BreadcrumbList","@id":"https:\/\/lospoliticosveracruz.com\/?p=29189#breadcrumb","itemListElement":[{"@type":"ListItem","position":1,"name":"Portada","item":"https:\/\/lospoliticosveracruz.com\/"},{"@type":"ListItem","position":2,"name":"En la mesa con Dunyaska"}]},{"@type":"WebSite","@id":"https:\/\/lospoliticosveracruz.com\/#website","url":"https:\/\/lospoliticosveracruz.com\/","name":"Los pol\u00edticos Veracruz","description":"","publisher":{"@id":"https:\/\/lospoliticosveracruz.com\/#organization"},"potentialAction":[{"@type":"SearchAction","target":{"@type":"EntryPoint","urlTemplate":"https:\/\/lospoliticosveracruz.com\/?s={search_term_string}"},"query-input":{"@type":"PropertyValueSpecification","valueRequired":true,"valueName":"search_term_string"}}],"inLanguage":"es"},{"@type":"Organization","@id":"https:\/\/lospoliticosveracruz.com\/#organization","name":"Los pol\u00edticos Veracruz","url":"https:\/\/lospoliticosveracruz.com\/","logo":{"@type":"ImageObject","inLanguage":"es","@id":"https:\/\/lospoliticosveracruz.com\/#\/schema\/logo\/image\/","url":"https:\/\/lospoliticosveracruz.com\/wp-content\/uploads\/2025\/12\/Logo-Nuevo-LOS-POLITICOS-1.jpg","contentUrl":"https:\/\/lospoliticosveracruz.com\/wp-content\/uploads\/2025\/12\/Logo-Nuevo-LOS-POLITICOS-1.jpg","width":260,"height":70,"caption":"Los pol\u00edticos Veracruz"},"image":{"@id":"https:\/\/lospoliticosveracruz.com\/#\/schema\/logo\/image\/"},"sameAs":["https:\/\/www.facebook.com\/people\/Notimemes-de-los-Polticos\/61565672886568\/","https:\/\/x.com\/LosPoliticosVer"]},{"@type":"Person","@id":"https:\/\/lospoliticosveracruz.com\/#\/schema\/person\/b8702bb0e538456e6efd07080bf2a4a2","name":"Lo viste en Los Pol\u00edticos","image":{"@type":"ImageObject","inLanguage":"es","@id":"https:\/\/secure.gravatar.com\/avatar\/3a8de04a2656d44082be478bd6c086daa447c4651605818287b9532d3d0bd435?s=96&d=mm&r=g","url":"https:\/\/secure.gravatar.com\/avatar\/3a8de04a2656d44082be478bd6c086daa447c4651605818287b9532d3d0bd435?s=96&d=mm&r=g","contentUrl":"https:\/\/secure.gravatar.com\/avatar\/3a8de04a2656d44082be478bd6c086daa447c4651605818287b9532d3d0bd435?s=96&d=mm&r=g","caption":"Lo viste en Los Pol\u00edticos"},"url":"https:\/\/lospoliticosveracruz.com\/?author=2"}]}},"_links":{"self":[{"href":"https:\/\/lospoliticosveracruz.com\/index.php?rest_route=\/wp\/v2\/posts\/29189","targetHints":{"allow":["GET"]}}],"collection":[{"href":"https:\/\/lospoliticosveracruz.com\/index.php?rest_route=\/wp\/v2\/posts"}],"about":[{"href":"https:\/\/lospoliticosveracruz.com\/index.php?rest_route=\/wp\/v2\/types\/post"}],"author":[{"embeddable":true,"href":"https:\/\/lospoliticosveracruz.com\/index.php?rest_route=\/wp\/v2\/users\/2"}],"replies":[{"embeddable":true,"href":"https:\/\/lospoliticosveracruz.com\/index.php?rest_route=%2Fwp%2Fv2%2Fcomments&post=29189"}],"version-history":[{"count":2,"href":"https:\/\/lospoliticosveracruz.com\/index.php?rest_route=\/wp\/v2\/posts\/29189\/revisions"}],"predecessor-version":[{"id":29197,"href":"https:\/\/lospoliticosveracruz.com\/index.php?rest_route=\/wp\/v2\/posts\/29189\/revisions\/29197"}],"wp:attachment":[{"href":"https:\/\/lospoliticosveracruz.com\/index.php?rest_route=%2Fwp%2Fv2%2Fmedia&parent=29189"}],"wp:term":[{"taxonomy":"category","embeddable":true,"href":"https:\/\/lospoliticosveracruz.com\/index.php?rest_route=%2Fwp%2Fv2%2Fcategories&post=29189"},{"taxonomy":"post_tag","embeddable":true,"href":"https:\/\/lospoliticosveracruz.com\/index.php?rest_route=%2Fwp%2Fv2%2Ftags&post=29189"}],"curies":[{"name":"wp","href":"https:\/\/api.w.org\/{rel}","templated":true}]}}