{"id":29213,"date":"2016-12-14T10:07:54","date_gmt":"2016-12-14T16:07:54","guid":{"rendered":"http:\/\/www.lospoliticosveracruz.com.mx\/?p=29213"},"modified":"2016-12-14T10:07:54","modified_gmt":"2016-12-14T16:07:54","slug":"las-amenazas-contra-antorcha-campesina","status":"publish","type":"post","link":"https:\/\/lospoliticosveracruz.com\/?p=29213","title":{"rendered":"Las amenazas contra Antorcha Campesina"},"content":{"rendered":"<p class=\"x_m_-4687787050351594200MsoNoSpacing\"><strong>Luis Alberto Romero<\/strong><\/p>\n<p class=\"x_m_-4687787050351594200MsoNoSpacing\"><em>Hora Cero\u00a0<\/em><\/p>\n<p class=\"x_m_-4687787050351594200MsoNoSpacing\">\n<p>&nbsp;<\/p>\n<p class=\"x_m_-4687787050351594200MsoNoSpacing\"><u><\/u>\u00a0<u><\/u><\/p>\n<p class=\"x_m_-4687787050351594200MsoNoSpacing\">El movimiento antorchista, que en Veracruz agrupa a unas 150 mil personas, denunci\u00f3 las agresiones que sufri\u00f3 la diputada local Janeth Garc\u00eda Cruz, as\u00ed como las amenazas lanzadas por personas desconocidas, desde el anonimato, contra el dirigente estatal de la organizaci\u00f3n, Samuel Aguirre Ochoa, y la ex diputada Minerva Salcedo Baca.<u><\/u><u><\/u><\/p>\n<p class=\"x_m_-4687787050351594200MsoNoSpacing\">El domicilio de la legisladora Garc\u00eda Cruz fue allanado en d\u00edas pasados, cuando dos sujetos entraron por la fuerza, armados; amagaron a la diputada y la fotografiaron para despu\u00e9s exigir 500 mil pesos.<u><\/u><u><\/u><\/p>\n<p class=\"x_m_-4687787050351594200MsoNoSpacing\">Al tema del allanamiento se suma la agresi\u00f3n y el intento de extorsi\u00f3n contra la diputada presidenta de la Comisi\u00f3n de Juventud y Deporte en el Congreso local, y las amenazas contra el l\u00edder antorchista en la entidad.<u><\/u><u><\/u><\/p>\n<p class=\"x_m_-4687787050351594200MsoNoSpacing\">Este martes, la p\u00e1gina oficial de internet de Antorcha Campesina destaca las declaraciones del dirigente en Veracruz, Samuel Aguirre Ochoa, quien narr\u00f3: \u201c<span lang=\"ES\">como nos negamos a entregar el dinero, iniciaron una campa\u00f1a de amenazas de muerte\u2026\u201d<u><\/u><u><\/u><\/span><\/p>\n<p class=\"x_m_-4687787050351594200MsoNoSpacing\"><span lang=\"ES\">Por cierto, el caso de la diputada <\/span>Janeth Garc\u00eda Cruz no es el primero en los d\u00edas recientes; recordamos que acababa de iniciar la presente administraci\u00f3n cuando la diputada Daniela Griego Ceballos, del Movimiento de Regeneraci\u00f3n Nacional, denunci\u00f3 el allanamiento a su domicilio particular.<u><\/u><u><\/u><\/p>\n<p class=\"x_m_-4687787050351594200MsoNoSpacing\">El pasado 2 de diciembre, Daniela Griego difundi\u00f3, a trav\u00e9s de su red social Facebook, que el ingreso de sujetos desconocidos a su casa ocurri\u00f3 por la tarde del pasado mi\u00e9rcoles 30 de noviembre.<u><\/u><u><\/u><\/p>\n<p class=\"x_m_-4687787050351594200MsoNoSpacing\">En el \u00faltimo d\u00eda del anterior sexenio, la diputada por Morena destac\u00f3 en su mensaje que elementos de la Fiscal\u00eda General del Estado inspeccionaron la vivienda, a fin de encontrar las huellas de quienes se introdujeron, pero no encontraron nada; infiri\u00f3 que quienes perpetraron el hecho iban preparados con guantes; es decir, que no se trata de delincuentes comunes, sino de un acto dirigido contra su persona.<u><\/u><u><\/u><\/p>\n<p class=\"x_m_-4687787050351594200MsoNoSpacing\">\u201cNos dirigimos al gobernador porque debe garantizar la seguridad de los diputados, de las diputadas de este Congreso y de todos los ciudadanos veracruzanos\u201d, se\u00f1al\u00f3 la legisladora local.<u><\/u><u><\/u><\/p>\n<p class=\"x_m_-4687787050351594200MsoNoSpacing\"><span lang=\"ES\">En cuanto a Samuel Aguirre, con \u00e9l platicamos sobre dicho tema este martes, en las oficinas que tiene Antorcha en la capital veracruzana; dijo que la intenci\u00f3n evidente es \u201cintimidar a la diputada Janeth Garc\u00eda, a fin de alinearla a una posici\u00f3n pol\u00edtica\u2026 el objetivo es intimidarnos, pero no lo lograr\u00e1n; hemos pasado por problemas similares en Veracruz y en otros estados y haremos frente a esto\u201d, se\u00f1al\u00f3.<u><\/u><u><\/u><\/span><\/p>\n<p class=\"x_m_-4687787050351594200MsoNoSpacing\">El antorchista enfatiz\u00f3 que ya fue planteado el tema, de manera directa, al gobernador Miguel \u00c1ngel Yunes Linares y que tambi\u00e9n existe denuncia ante la Fiscal\u00eda General del Estado, cuyo encargado de despacho, Jorge Winckler Ortiz, ha estado pendiente para dar seguimiento.<u><\/u><u><\/u><\/p>\n<p class=\"x_m_-4687787050351594200MsoNoSpacing\">Lo importante ahora ser\u00e1 que la Fiscal\u00eda entregue resultados de las investigaciones y se consigne a los responsables no s\u00f3lo porque una v\u00edctima es diputada local y las otras, dirigentes de una organizaci\u00f3n con presencia importante en la entidad, sino porque el problemas de la extorsi\u00f3n debe quedar como parte de un pasado en el que imper\u00f3 en Veracruz la ilegalidad y la ley de la selva.<u><\/u><u><\/u><\/p>\n<p class=\"x_m_-4687787050351594200MsoNoSpacing\">Lo deseable es que las amenazas, las extorsiones, las agresiones y, en casos extremos, el secuestro, dejen de ser tema constante entre las preocupaciones de activistas sociales, l\u00edderes pol\u00edticos, representantes de organizaciones y, en general, de todo habitante del estado, porque de la inseguridad, en la \u00faltima d\u00e9cada en Veracruz, pocos se han salvado.<\/p>\n<p class=\"x_m_-4687787050351594200MsoNoSpacing\"><b>Diputados denuncian agresiones<u><\/u><u><\/u><\/b><\/p>\n<p class=\"x_m_-4687787050351594200MsoNoSpacing\">A prop\u00f3sito de los casos de las diputadas Daniela Griego y Janeth Garc\u00eda Cruz, este martes, el diputado local por el distrito de Misantla, Ernesto Cuevas Hern\u00e1ndez (Alternativa Veracruzana) se dijo v\u00edctima de persecuci\u00f3n, de intimidaci\u00f3n; dijo que el s\u00e1bado 10 de diciembre, elementos policiacos le acosaron cuando se trasladaba a bordo de su camioneta; los uniformados, sostuvo, lo se\u00f1alaron como sospechoso, a pesar de haberse identificado como legislador local.<u><\/u><u><\/u><\/p>\n<p class=\"x_m_-4687787050351594200MsoNoSpacing\">Por ello, en la Legislatura estatal aprobaron un punto de acuerdo para citar a comparecer al secretario de Seguridad P\u00fablica del gobierno estatal, Jaime T\u00e9llez Mari\u00e9.<u><\/u><u><\/u><\/p>\n<p class=\"x_m_-4687787050351594200MsoNoSpacing\">\n<p class=\"x_m_-4687787050351594200MsoNoSpacing\"><b>Versiones Especiales<u><\/u><u><\/u><\/b><\/p>\n<p class=\"x_m_-4687787050351594200MsoNoSpacing\">El arranque de todo proyecto representa siempre un reto y una aspiraci\u00f3n para sus impulsores.<u><\/u><u><\/u><\/p>\n<p class=\"x_m_-4687787050351594200MsoNoSpacing\">Cuando se trata de una empresa period\u00edstica, siempre hay muchos actores involucrados y todos comparten la idea de caminar en la misma direcci\u00f3n y de participar en un medio que trascienda. La p\u00e1gina <a href=\"http:\/\/versiones.com.mx\/\" target=\"_blank\">Versiones.com.mx<\/a>, que dirige el periodista Jos\u00e9 Ortiz Medina, arranca este martes un nuevo concepto para llevar a sus lectores informaci\u00f3n de profundidad, trabajos especiales y an\u00e1lisis.<u><\/u><u><\/u><\/p>\n<p class=\"x_m_-4687787050351594200MsoNoSpacing\">Versiones Especiales es la p\u00e1gina que ofrece el equipo encabezado por Pepe Ortiz, periodista reconocido, quien cuenta con una trayectoria muy destacada en Veracruz. Los contenidos que presenta ese espacio pueden ser consultados, de forma inicialmente gratuita y luego mediante suscripci\u00f3n, en la p\u00e1gina <a href=\"http:\/\/versiones.com.mx\/\" target=\"_blank\">Versiones.com.mx<\/a>. <u><\/u><u><\/u><\/p>\n<p class=\"x_m_-4687787050351594200MsoNoSpacing\">Desde este espacio deseamos \u00e9xito al amigo Pepe en este nuevo proyecto period\u00edstico. @luisromero85<\/p>\n","protected":false},"excerpt":{"rendered":"<p>Luis Alberto Romero Hora Cero\u00a0 &nbsp; \u00a0 El movimiento antorchista, que en Veracruz agrupa a unas 150 mil personas, denunci\u00f3 las agresiones que sufri\u00f3 la diputada local Janeth Garc\u00eda Cruz, as\u00ed como las amenazas lanzadas por personas desconocidas, desde el anonimato, contra el dirigente estatal de la organizaci\u00f3n, Samuel Aguirre Ochoa, y la ex diputada [&hellip;]<\/p>\n","protected":false},"author":2,"featured_media":0,"comment_status":"open","ping_status":"open","sticky":false,"template":"","format":"standard","meta":{"tdm_status":"","tdm_grid_status":"","footnotes":""},"categories":[70],"tags":[3625,6930,3661,3305],"class_list":{"0":"post-29213","1":"post","2":"type-post","3":"status-publish","4":"format-standard","6":"category-de-opinion","7":"tag-antorcha-campesina","8":"tag-janeth-garcia","9":"tag-jose-ortiz-medina","10":"tag-minerva-salcedo-baca"},"yoast_head":"<!-- This site is optimized with the Yoast SEO plugin v27.4 - https:\/\/yoast.com\/product\/yoast-seo-wordpress\/ -->\n<title>Las amenazas contra Antorcha Campesina - Los pol\u00edticos Veracruz<\/title>\n<meta name=\"robots\" content=\"index, follow, max-snippet:-1, max-image-preview:large, max-video-preview:-1\" \/>\n<link rel=\"canonical\" href=\"https:\/\/lospoliticosveracruz.com\/?p=29213\" \/>\n<meta property=\"og:locale\" content=\"es_ES\" \/>\n<meta property=\"og:type\" content=\"article\" \/>\n<meta property=\"og:title\" content=\"Las amenazas contra Antorcha Campesina - Los pol\u00edticos Veracruz\" \/>\n<meta property=\"og:description\" content=\"Luis Alberto Romero Hora Cero\u00a0 &nbsp; \u00a0 El movimiento antorchista, que en Veracruz agrupa a unas 150 mil personas, denunci\u00f3 las agresiones que sufri\u00f3 la diputada local Janeth Garc\u00eda Cruz, as\u00ed como las amenazas lanzadas por personas desconocidas, desde el anonimato, contra el dirigente estatal de la organizaci\u00f3n, Samuel Aguirre Ochoa, y la ex diputada [&hellip;]\" \/>\n<meta property=\"og:url\" content=\"https:\/\/lospoliticosveracruz.com\/?p=29213\" \/>\n<meta property=\"og:site_name\" content=\"Los pol\u00edticos Veracruz\" \/>\n<meta property=\"article:publisher\" content=\"https:\/\/www.facebook.com\/people\/Notimemes-de-los-Polticos\/61565672886568\/\" \/>\n<meta property=\"article:published_time\" content=\"2016-12-14T16:07:54+00:00\" \/>\n<meta property=\"og:image\" content=\"https:\/\/lospoliticosveracruz.com\/wp-content\/uploads\/2016\/07\/Logo-Dor.jpg\" \/>\n\t<meta property=\"og:image:width\" content=\"200\" \/>\n\t<meta property=\"og:image:height\" content=\"200\" \/>\n\t<meta property=\"og:image:type\" content=\"image\/jpeg\" \/>\n<meta name=\"author\" content=\"Lo viste en Los Pol\u00edticos\" \/>\n<meta name=\"twitter:card\" content=\"summary_large_image\" \/>\n<meta name=\"twitter:creator\" content=\"@LosPoliticosVer\" \/>\n<meta name=\"twitter:site\" content=\"@LosPoliticosVer\" \/>\n<meta name=\"twitter:label1\" content=\"Escrito por\" \/>\n\t<meta name=\"twitter:data1\" content=\"Lo viste en Los Pol\u00edticos\" \/>\n\t<meta name=\"twitter:label2\" content=\"Tiempo de lectura\" \/>\n\t<meta name=\"twitter:data2\" content=\"4 minutos\" \/>\n<script type=\"application\/ld+json\" class=\"yoast-schema-graph\">{\"@context\":\"https:\\\/\\\/schema.org\",\"@graph\":[{\"@type\":\"Article\",\"@id\":\"https:\\\/\\\/lospoliticosveracruz.com\\\/?p=29213#article\",\"isPartOf\":{\"@id\":\"https:\\\/\\\/lospoliticosveracruz.com\\\/?p=29213\"},\"author\":{\"name\":\"Lo viste en Los Pol\u00edticos\",\"@id\":\"https:\\\/\\\/lospoliticosveracruz.com\\\/#\\\/schema\\\/person\\\/b8702bb0e538456e6efd07080bf2a4a2\"},\"headline\":\"Las amenazas contra Antorcha Campesina\",\"datePublished\":\"2016-12-14T16:07:54+00:00\",\"mainEntityOfPage\":{\"@id\":\"https:\\\/\\\/lospoliticosveracruz.com\\\/?p=29213\"},\"wordCount\":862,\"commentCount\":0,\"publisher\":{\"@id\":\"https:\\\/\\\/lospoliticosveracruz.com\\\/#organization\"},\"keywords\":[\"Antorcha Campesina\",\"Janeth Garc\u00eda\",\"Jos\u00e9 Ortiz Medina\",\"Minerva Salcedo Baca\"],\"articleSection\":[\"De Opini\u00f3n\"],\"inLanguage\":\"es\",\"potentialAction\":[{\"@type\":\"CommentAction\",\"name\":\"Comment\",\"target\":[\"https:\\\/\\\/lospoliticosveracruz.com\\\/?p=29213#respond\"]}]},{\"@type\":\"WebPage\",\"@id\":\"https:\\\/\\\/lospoliticosveracruz.com\\\/?p=29213\",\"url\":\"https:\\\/\\\/lospoliticosveracruz.com\\\/?p=29213\",\"name\":\"Las amenazas contra Antorcha Campesina - Los pol\u00edticos Veracruz\",\"isPartOf\":{\"@id\":\"https:\\\/\\\/lospoliticosveracruz.com\\\/#website\"},\"datePublished\":\"2016-12-14T16:07:54+00:00\",\"breadcrumb\":{\"@id\":\"https:\\\/\\\/lospoliticosveracruz.com\\\/?p=29213#breadcrumb\"},\"inLanguage\":\"es\",\"potentialAction\":[{\"@type\":\"ReadAction\",\"target\":[\"https:\\\/\\\/lospoliticosveracruz.com\\\/?p=29213\"]}]},{\"@type\":\"BreadcrumbList\",\"@id\":\"https:\\\/\\\/lospoliticosveracruz.com\\\/?p=29213#breadcrumb\",\"itemListElement\":[{\"@type\":\"ListItem\",\"position\":1,\"name\":\"Portada\",\"item\":\"https:\\\/\\\/lospoliticosveracruz.com\\\/\"},{\"@type\":\"ListItem\",\"position\":2,\"name\":\"Las amenazas contra Antorcha Campesina\"}]},{\"@type\":\"WebSite\",\"@id\":\"https:\\\/\\\/lospoliticosveracruz.com\\\/#website\",\"url\":\"https:\\\/\\\/lospoliticosveracruz.com\\\/\",\"name\":\"Los pol\u00edticos Veracruz\",\"description\":\"\",\"publisher\":{\"@id\":\"https:\\\/\\\/lospoliticosveracruz.com\\\/#organization\"},\"potentialAction\":[{\"@type\":\"SearchAction\",\"target\":{\"@type\":\"EntryPoint\",\"urlTemplate\":\"https:\\\/\\\/lospoliticosveracruz.com\\\/?s={search_term_string}\"},\"query-input\":{\"@type\":\"PropertyValueSpecification\",\"valueRequired\":true,\"valueName\":\"search_term_string\"}}],\"inLanguage\":\"es\"},{\"@type\":\"Organization\",\"@id\":\"https:\\\/\\\/lospoliticosveracruz.com\\\/#organization\",\"name\":\"Los pol\u00edticos Veracruz\",\"url\":\"https:\\\/\\\/lospoliticosveracruz.com\\\/\",\"logo\":{\"@type\":\"ImageObject\",\"inLanguage\":\"es\",\"@id\":\"https:\\\/\\\/lospoliticosveracruz.com\\\/#\\\/schema\\\/logo\\\/image\\\/\",\"url\":\"https:\\\/\\\/lospoliticosveracruz.com\\\/wp-content\\\/uploads\\\/2025\\\/12\\\/Logo-Nuevo-LOS-POLITICOS-1.jpg\",\"contentUrl\":\"https:\\\/\\\/lospoliticosveracruz.com\\\/wp-content\\\/uploads\\\/2025\\\/12\\\/Logo-Nuevo-LOS-POLITICOS-1.jpg\",\"width\":260,\"height\":70,\"caption\":\"Los pol\u00edticos Veracruz\"},\"image\":{\"@id\":\"https:\\\/\\\/lospoliticosveracruz.com\\\/#\\\/schema\\\/logo\\\/image\\\/\"},\"sameAs\":[\"https:\\\/\\\/www.facebook.com\\\/people\\\/Notimemes-de-los-Polticos\\\/61565672886568\\\/\",\"https:\\\/\\\/x.com\\\/LosPoliticosVer\"]},{\"@type\":\"Person\",\"@id\":\"https:\\\/\\\/lospoliticosveracruz.com\\\/#\\\/schema\\\/person\\\/b8702bb0e538456e6efd07080bf2a4a2\",\"name\":\"Lo viste en Los Pol\u00edticos\",\"image\":{\"@type\":\"ImageObject\",\"inLanguage\":\"es\",\"@id\":\"https:\\\/\\\/secure.gravatar.com\\\/avatar\\\/3a8de04a2656d44082be478bd6c086daa447c4651605818287b9532d3d0bd435?s=96&d=mm&r=g\",\"url\":\"https:\\\/\\\/secure.gravatar.com\\\/avatar\\\/3a8de04a2656d44082be478bd6c086daa447c4651605818287b9532d3d0bd435?s=96&d=mm&r=g\",\"contentUrl\":\"https:\\\/\\\/secure.gravatar.com\\\/avatar\\\/3a8de04a2656d44082be478bd6c086daa447c4651605818287b9532d3d0bd435?s=96&d=mm&r=g\",\"caption\":\"Lo viste en Los Pol\u00edticos\"},\"url\":\"https:\\\/\\\/lospoliticosveracruz.com\\\/?author=2\"}]}<\/script>\n<!-- \/ Yoast SEO plugin. -->","yoast_head_json":{"title":"Las amenazas contra Antorcha Campesina - Los pol\u00edticos Veracruz","robots":{"index":"index","follow":"follow","max-snippet":"max-snippet:-1","max-image-preview":"max-image-preview:large","max-video-preview":"max-video-preview:-1"},"canonical":"https:\/\/lospoliticosveracruz.com\/?p=29213","og_locale":"es_ES","og_type":"article","og_title":"Las amenazas contra Antorcha Campesina - Los pol\u00edticos Veracruz","og_description":"Luis Alberto Romero Hora Cero\u00a0 &nbsp; \u00a0 El movimiento antorchista, que en Veracruz agrupa a unas 150 mil personas, denunci\u00f3 las agresiones que sufri\u00f3 la diputada local Janeth Garc\u00eda Cruz, as\u00ed como las amenazas lanzadas por personas desconocidas, desde el anonimato, contra el dirigente estatal de la organizaci\u00f3n, Samuel Aguirre Ochoa, y la ex diputada [&hellip;]","og_url":"https:\/\/lospoliticosveracruz.com\/?p=29213","og_site_name":"Los pol\u00edticos Veracruz","article_publisher":"https:\/\/www.facebook.com\/people\/Notimemes-de-los-Polticos\/61565672886568\/","article_published_time":"2016-12-14T16:07:54+00:00","og_image":[{"width":200,"height":200,"url":"https:\/\/lospoliticosveracruz.com\/wp-content\/uploads\/2016\/07\/Logo-Dor.jpg","type":"image\/jpeg"}],"author":"Lo viste en Los Pol\u00edticos","twitter_card":"summary_large_image","twitter_creator":"@LosPoliticosVer","twitter_site":"@LosPoliticosVer","twitter_misc":{"Escrito por":"Lo viste en Los Pol\u00edticos","Tiempo de lectura":"4 minutos"},"schema":{"@context":"https:\/\/schema.org","@graph":[{"@type":"Article","@id":"https:\/\/lospoliticosveracruz.com\/?p=29213#article","isPartOf":{"@id":"https:\/\/lospoliticosveracruz.com\/?p=29213"},"author":{"name":"Lo viste en Los Pol\u00edticos","@id":"https:\/\/lospoliticosveracruz.com\/#\/schema\/person\/b8702bb0e538456e6efd07080bf2a4a2"},"headline":"Las amenazas contra Antorcha Campesina","datePublished":"2016-12-14T16:07:54+00:00","mainEntityOfPage":{"@id":"https:\/\/lospoliticosveracruz.com\/?p=29213"},"wordCount":862,"commentCount":0,"publisher":{"@id":"https:\/\/lospoliticosveracruz.com\/#organization"},"keywords":["Antorcha Campesina","Janeth Garc\u00eda","Jos\u00e9 Ortiz Medina","Minerva Salcedo Baca"],"articleSection":["De Opini\u00f3n"],"inLanguage":"es","potentialAction":[{"@type":"CommentAction","name":"Comment","target":["https:\/\/lospoliticosveracruz.com\/?p=29213#respond"]}]},{"@type":"WebPage","@id":"https:\/\/lospoliticosveracruz.com\/?p=29213","url":"https:\/\/lospoliticosveracruz.com\/?p=29213","name":"Las amenazas contra Antorcha Campesina - Los pol\u00edticos Veracruz","isPartOf":{"@id":"https:\/\/lospoliticosveracruz.com\/#website"},"datePublished":"2016-12-14T16:07:54+00:00","breadcrumb":{"@id":"https:\/\/lospoliticosveracruz.com\/?p=29213#breadcrumb"},"inLanguage":"es","potentialAction":[{"@type":"ReadAction","target":["https:\/\/lospoliticosveracruz.com\/?p=29213"]}]},{"@type":"BreadcrumbList","@id":"https:\/\/lospoliticosveracruz.com\/?p=29213#breadcrumb","itemListElement":[{"@type":"ListItem","position":1,"name":"Portada","item":"https:\/\/lospoliticosveracruz.com\/"},{"@type":"ListItem","position":2,"name":"Las amenazas contra Antorcha Campesina"}]},{"@type":"WebSite","@id":"https:\/\/lospoliticosveracruz.com\/#website","url":"https:\/\/lospoliticosveracruz.com\/","name":"Los pol\u00edticos Veracruz","description":"","publisher":{"@id":"https:\/\/lospoliticosveracruz.com\/#organization"},"potentialAction":[{"@type":"SearchAction","target":{"@type":"EntryPoint","urlTemplate":"https:\/\/lospoliticosveracruz.com\/?s={search_term_string}"},"query-input":{"@type":"PropertyValueSpecification","valueRequired":true,"valueName":"search_term_string"}}],"inLanguage":"es"},{"@type":"Organization","@id":"https:\/\/lospoliticosveracruz.com\/#organization","name":"Los pol\u00edticos Veracruz","url":"https:\/\/lospoliticosveracruz.com\/","logo":{"@type":"ImageObject","inLanguage":"es","@id":"https:\/\/lospoliticosveracruz.com\/#\/schema\/logo\/image\/","url":"https:\/\/lospoliticosveracruz.com\/wp-content\/uploads\/2025\/12\/Logo-Nuevo-LOS-POLITICOS-1.jpg","contentUrl":"https:\/\/lospoliticosveracruz.com\/wp-content\/uploads\/2025\/12\/Logo-Nuevo-LOS-POLITICOS-1.jpg","width":260,"height":70,"caption":"Los pol\u00edticos Veracruz"},"image":{"@id":"https:\/\/lospoliticosveracruz.com\/#\/schema\/logo\/image\/"},"sameAs":["https:\/\/www.facebook.com\/people\/Notimemes-de-los-Polticos\/61565672886568\/","https:\/\/x.com\/LosPoliticosVer"]},{"@type":"Person","@id":"https:\/\/lospoliticosveracruz.com\/#\/schema\/person\/b8702bb0e538456e6efd07080bf2a4a2","name":"Lo viste en Los Pol\u00edticos","image":{"@type":"ImageObject","inLanguage":"es","@id":"https:\/\/secure.gravatar.com\/avatar\/3a8de04a2656d44082be478bd6c086daa447c4651605818287b9532d3d0bd435?s=96&d=mm&r=g","url":"https:\/\/secure.gravatar.com\/avatar\/3a8de04a2656d44082be478bd6c086daa447c4651605818287b9532d3d0bd435?s=96&d=mm&r=g","contentUrl":"https:\/\/secure.gravatar.com\/avatar\/3a8de04a2656d44082be478bd6c086daa447c4651605818287b9532d3d0bd435?s=96&d=mm&r=g","caption":"Lo viste en Los Pol\u00edticos"},"url":"https:\/\/lospoliticosveracruz.com\/?author=2"}]}},"_links":{"self":[{"href":"https:\/\/lospoliticosveracruz.com\/index.php?rest_route=\/wp\/v2\/posts\/29213","targetHints":{"allow":["GET"]}}],"collection":[{"href":"https:\/\/lospoliticosveracruz.com\/index.php?rest_route=\/wp\/v2\/posts"}],"about":[{"href":"https:\/\/lospoliticosveracruz.com\/index.php?rest_route=\/wp\/v2\/types\/post"}],"author":[{"embeddable":true,"href":"https:\/\/lospoliticosveracruz.com\/index.php?rest_route=\/wp\/v2\/users\/2"}],"replies":[{"embeddable":true,"href":"https:\/\/lospoliticosveracruz.com\/index.php?rest_route=%2Fwp%2Fv2%2Fcomments&post=29213"}],"version-history":[{"count":1,"href":"https:\/\/lospoliticosveracruz.com\/index.php?rest_route=\/wp\/v2\/posts\/29213\/revisions"}],"predecessor-version":[{"id":29220,"href":"https:\/\/lospoliticosveracruz.com\/index.php?rest_route=\/wp\/v2\/posts\/29213\/revisions\/29220"}],"wp:attachment":[{"href":"https:\/\/lospoliticosveracruz.com\/index.php?rest_route=%2Fwp%2Fv2%2Fmedia&parent=29213"}],"wp:term":[{"taxonomy":"category","embeddable":true,"href":"https:\/\/lospoliticosveracruz.com\/index.php?rest_route=%2Fwp%2Fv2%2Fcategories&post=29213"},{"taxonomy":"post_tag","embeddable":true,"href":"https:\/\/lospoliticosveracruz.com\/index.php?rest_route=%2Fwp%2Fv2%2Ftags&post=29213"}],"curies":[{"name":"wp","href":"https:\/\/api.w.org\/{rel}","templated":true}]}}