{"id":29265,"date":"2016-12-14T22:42:44","date_gmt":"2016-12-15T04:42:44","guid":{"rendered":"http:\/\/www.lospoliticosveracruz.com.mx\/?p=29265"},"modified":"2016-12-14T22:42:44","modified_gmt":"2016-12-15T04:42:44","slug":"la-comunion-del-iii-informe","status":"publish","type":"post","link":"https:\/\/lospoliticosveracruz.com\/?p=29265","title":{"rendered":"La comuni\u00f3n del III Informe"},"content":{"rendered":"<p><strong>Salvador Mu\u00f1oz<\/strong><\/p>\n<p><em>Los Pol\u00edticos\u00a0<\/em><\/p>\n<p>&nbsp;<\/p>\n<p>&nbsp;<\/p>\n<p>\u201cAqu\u00ed falta uno que quiz\u00e1s estar\u00eda muy contento de estar con nosotros: Guillermo Z\u00fa\u00f1iga Mart\u00ednez\u201d. \u00a1Y se gan\u00f3 los aplausos Miguel \u00c1ngel Yunes Linares durante el Tercer Informe de Am\u00e9rico Z\u00fa\u00f1iga Mart\u00ednez, alcalde de Xalapa! Y por si eso fuera poco, remat\u00f3: \u201cXalapa tiene un alcalde eficiente, honesto y cercano al pueblo\u201d.<\/p>\n<p>Eran cuatro poderes en la mesa central: El judicial, el ejecutivo, el municipal, el legislativo: El magistrado Eduardo Andrade S\u00e1nchez, quien manten\u00eda distra\u00eddo por un momento al Gobernador Yunes Linares ante el paso del l\u00e1baro patrio, as\u00ed como Am\u00e9rico Z\u00fa\u00f1iga Mart\u00ednez y la presidenta de la Mesa Directiva de la LXIV Legislatura, Mariely Manterola. Todo listo para el tercer informe del alcalde de la capital de Veracruz.<\/p>\n<p>Casi nadie se dio cuenta, pero en el previo transmitido por televisi\u00f3n, al lado izquierdo, en la parte baja, aparec\u00eda el \u00edcono del tercer informe de Ram\u00f3n Poo Gil. Un corte y a comerciales. Al regreso, ya estaba el \u00edcono del informe de Am\u00e9rico.<\/p>\n<p>El IMAC luc\u00eda majestuoso como tambi\u00e9n Michelle Serv\u00edn, la s\u00edndica, quien fue la abanderada\u2026<\/p>\n<p>El\u00edas Assad Danini, dando instrucciones y saludando a uno que otro reportero y fot\u00f3grafo, mientras Amparo \u00c1lvarez Castilla pasa lista de asistencia a los ediles.<\/p>\n<p>La pl\u00e1tica que fue interrumpida por la presencia del l\u00e1baro patrio, continu\u00f3 por un breve momento entre Andrade S\u00e1nchez y el gobernador Yunes Linares, quien al ser presentado por Am\u00e9rico, lo salud\u00f3 efusivamente de mano.<\/p>\n<p>Mientras se pasa un video, la charla se da entre el Gobernador y el Alcalde.<\/p>\n<p>Al iniciar su discurso, Am\u00e9rico rinde homenaje a tres mujeres que son el coraz\u00f3n y motor de su diario acontecer: su esposa Mariana Yorio L\u00f3pez; su mami Guillermina Mart\u00ednez de Z\u00fa\u00f1iga, y por supuesto, su hermana, Ana. Salud\u00f3 a la rectora de la UV, Sara Ladr\u00f3n de Guevara; a la diputada Daniela Griego, as\u00ed como a varios ex alcaldes, entre ellos Reynaldo Escobar P\u00e9rez, Ricardo Ahued, Carlos Rodr\u00edguez Velasco, Manolo Fern\u00e1ndez \u00c1vila, Rub\u00e9n Pabello Rojas y Nacho Gonz\u00e1lez Rebolledo. Por cierto, la secretaria del Ayuntamiento, Amparo \u00c1lvarez Castilla tambi\u00e9n fue alcaldesa.<\/p>\n<p>Los logros alcanzados, metas trazadas y planes al 2017, se aderezaron cuando Am\u00e9rico se dirigi\u00f3 al Gobernador y le dijo: \u201cXalapa conf\u00eda en usted, su mandato merece nuestro respeto y respaldo; sabemos del cari\u00f1o que le tiene a la capital; nos une el inter\u00e9s de un mejor Xalapa y un mejor Veracruz\u201d.<\/p>\n<p>Tambi\u00e9n le dio calorcito a los senadores (no los cit\u00f3 por nombre) y al presidente Pe\u00f1a Nieto, sin su apoyo, \u201cel progreso de Xalapa no tendr\u00eda este dinamismo\u201d.<\/p>\n<p>Al tomar la palabra el Gobernador, abri\u00f3 con una frase que arranc\u00f3 el aplauso de los presentes: \u201cAqu\u00ed falta un alcalde que quiz\u00e1s estar\u00eda muy contento de estar con nosotros: Guillermo Z\u00fa\u00f1iga Mart\u00ednez\u201d. Y procedi\u00f3 a proponer una agenda com\u00fan de trabajo, \u201cpara que en 2017 Xalapa sea todav\u00eda mejor\u201d y se comprometi\u00f3 a invertir los recursos recuperados en Xalapa&#8230; \u201cXalapa lo merece, tiene un alcalde eficiente, honesto y cercano al pueblo\u201d y se volvi\u00f3 a llevar los aplausos.<\/p>\n<p>El tercer informe de Am\u00e9rico Z\u00fa\u00f1iga con la presencia del Gobernador Miguel \u00c1ngel Yunes Linares, invita a creer que es posible un mejor Xalapa para los xalape\u00f1os y por qu\u00e9 no, pensar en un mejor Veracruz para los veracruzanos, si la comuni\u00f3n que se percibi\u00f3 entre estos dos poderes, el ejecutivo y el municipal, es en funci\u00f3n de sus gobernados.<\/p>\n<p>&nbsp;<\/p>\n<p>smcainito@gmail.com<\/p>\n","protected":false},"excerpt":{"rendered":"<p>Salvador Mu\u00f1oz Los Pol\u00edticos\u00a0 &nbsp; &nbsp; \u201cAqu\u00ed falta uno que quiz\u00e1s estar\u00eda muy contento de estar con nosotros: Guillermo Z\u00fa\u00f1iga Mart\u00ednez\u201d. \u00a1Y se gan\u00f3 los aplausos Miguel \u00c1ngel Yunes Linares durante el Tercer Informe de Am\u00e9rico Z\u00fa\u00f1iga Mart\u00ednez, alcalde de Xalapa! Y por si eso fuera poco, remat\u00f3: \u201cXalapa tiene un alcalde eficiente, honesto y [&hellip;]<\/p>\n","protected":false},"author":2,"featured_media":0,"comment_status":"open","ping_status":"open","sticky":false,"template":"","format":"standard","meta":{"tdm_status":"","tdm_grid_status":"","footnotes":""},"categories":[70],"tags":[483,5101,428,6934],"class_list":{"0":"post-29265","1":"post","2":"type-post","3":"status-publish","4":"format-standard","6":"category-de-opinion","7":"tag-americo-zuniga","8":"tag-imac","9":"tag-miguel-angel-yunes-linares","10":"tag-tercer-informe-de-gobierno"},"yoast_head":"<!-- This site is optimized with the Yoast SEO plugin v27.4 - https:\/\/yoast.com\/product\/yoast-seo-wordpress\/ -->\n<title>La comuni\u00f3n del III Informe - Los pol\u00edticos Veracruz<\/title>\n<meta name=\"robots\" content=\"index, follow, max-snippet:-1, max-image-preview:large, max-video-preview:-1\" \/>\n<link rel=\"canonical\" href=\"https:\/\/lospoliticosveracruz.com\/?p=29265\" \/>\n<meta property=\"og:locale\" content=\"es_ES\" \/>\n<meta property=\"og:type\" content=\"article\" \/>\n<meta property=\"og:title\" content=\"La comuni\u00f3n del III Informe - Los pol\u00edticos Veracruz\" \/>\n<meta property=\"og:description\" content=\"Salvador Mu\u00f1oz Los Pol\u00edticos\u00a0 &nbsp; &nbsp; \u201cAqu\u00ed falta uno que quiz\u00e1s estar\u00eda muy contento de estar con nosotros: Guillermo Z\u00fa\u00f1iga Mart\u00ednez\u201d. \u00a1Y se gan\u00f3 los aplausos Miguel \u00c1ngel Yunes Linares durante el Tercer Informe de Am\u00e9rico Z\u00fa\u00f1iga Mart\u00ednez, alcalde de Xalapa! Y por si eso fuera poco, remat\u00f3: \u201cXalapa tiene un alcalde eficiente, honesto y [&hellip;]\" \/>\n<meta property=\"og:url\" content=\"https:\/\/lospoliticosveracruz.com\/?p=29265\" \/>\n<meta property=\"og:site_name\" content=\"Los pol\u00edticos Veracruz\" \/>\n<meta property=\"article:publisher\" content=\"https:\/\/www.facebook.com\/people\/Notimemes-de-los-Polticos\/61565672886568\/\" \/>\n<meta property=\"article:published_time\" content=\"2016-12-15T04:42:44+00:00\" \/>\n<meta property=\"og:image\" content=\"https:\/\/lospoliticosveracruz.com\/wp-content\/uploads\/2016\/07\/Logo-Dor.jpg\" \/>\n\t<meta property=\"og:image:width\" content=\"200\" \/>\n\t<meta property=\"og:image:height\" content=\"200\" \/>\n\t<meta property=\"og:image:type\" content=\"image\/jpeg\" \/>\n<meta name=\"author\" content=\"Lo viste en Los Pol\u00edticos\" \/>\n<meta name=\"twitter:card\" content=\"summary_large_image\" \/>\n<meta name=\"twitter:creator\" content=\"@LosPoliticosVer\" \/>\n<meta name=\"twitter:site\" content=\"@LosPoliticosVer\" \/>\n<meta name=\"twitter:label1\" content=\"Escrito por\" \/>\n\t<meta name=\"twitter:data1\" content=\"Lo viste en Los Pol\u00edticos\" \/>\n\t<meta name=\"twitter:label2\" content=\"Tiempo de lectura\" \/>\n\t<meta name=\"twitter:data2\" content=\"3 minutos\" \/>\n<script type=\"application\/ld+json\" class=\"yoast-schema-graph\">{\"@context\":\"https:\\\/\\\/schema.org\",\"@graph\":[{\"@type\":\"Article\",\"@id\":\"https:\\\/\\\/lospoliticosveracruz.com\\\/?p=29265#article\",\"isPartOf\":{\"@id\":\"https:\\\/\\\/lospoliticosveracruz.com\\\/?p=29265\"},\"author\":{\"name\":\"Lo viste en Los Pol\u00edticos\",\"@id\":\"https:\\\/\\\/lospoliticosveracruz.com\\\/#\\\/schema\\\/person\\\/b8702bb0e538456e6efd07080bf2a4a2\"},\"headline\":\"La comuni\u00f3n del III Informe\",\"datePublished\":\"2016-12-15T04:42:44+00:00\",\"mainEntityOfPage\":{\"@id\":\"https:\\\/\\\/lospoliticosveracruz.com\\\/?p=29265\"},\"wordCount\":636,\"commentCount\":0,\"publisher\":{\"@id\":\"https:\\\/\\\/lospoliticosveracruz.com\\\/#organization\"},\"keywords\":[\"Am\u00e9rico Z\u00fa\u00f1iga\",\"IMAC\",\"Miguel Angel Yunes Linares\",\"Tercer Informe de Gobierno\"],\"articleSection\":[\"De Opini\u00f3n\"],\"inLanguage\":\"es\",\"potentialAction\":[{\"@type\":\"CommentAction\",\"name\":\"Comment\",\"target\":[\"https:\\\/\\\/lospoliticosveracruz.com\\\/?p=29265#respond\"]}]},{\"@type\":\"WebPage\",\"@id\":\"https:\\\/\\\/lospoliticosveracruz.com\\\/?p=29265\",\"url\":\"https:\\\/\\\/lospoliticosveracruz.com\\\/?p=29265\",\"name\":\"La comuni\u00f3n del III Informe - Los pol\u00edticos Veracruz\",\"isPartOf\":{\"@id\":\"https:\\\/\\\/lospoliticosveracruz.com\\\/#website\"},\"datePublished\":\"2016-12-15T04:42:44+00:00\",\"breadcrumb\":{\"@id\":\"https:\\\/\\\/lospoliticosveracruz.com\\\/?p=29265#breadcrumb\"},\"inLanguage\":\"es\",\"potentialAction\":[{\"@type\":\"ReadAction\",\"target\":[\"https:\\\/\\\/lospoliticosveracruz.com\\\/?p=29265\"]}]},{\"@type\":\"BreadcrumbList\",\"@id\":\"https:\\\/\\\/lospoliticosveracruz.com\\\/?p=29265#breadcrumb\",\"itemListElement\":[{\"@type\":\"ListItem\",\"position\":1,\"name\":\"Portada\",\"item\":\"https:\\\/\\\/lospoliticosveracruz.com\\\/\"},{\"@type\":\"ListItem\",\"position\":2,\"name\":\"La comuni\u00f3n del III Informe\"}]},{\"@type\":\"WebSite\",\"@id\":\"https:\\\/\\\/lospoliticosveracruz.com\\\/#website\",\"url\":\"https:\\\/\\\/lospoliticosveracruz.com\\\/\",\"name\":\"Los pol\u00edticos Veracruz\",\"description\":\"\",\"publisher\":{\"@id\":\"https:\\\/\\\/lospoliticosveracruz.com\\\/#organization\"},\"potentialAction\":[{\"@type\":\"SearchAction\",\"target\":{\"@type\":\"EntryPoint\",\"urlTemplate\":\"https:\\\/\\\/lospoliticosveracruz.com\\\/?s={search_term_string}\"},\"query-input\":{\"@type\":\"PropertyValueSpecification\",\"valueRequired\":true,\"valueName\":\"search_term_string\"}}],\"inLanguage\":\"es\"},{\"@type\":\"Organization\",\"@id\":\"https:\\\/\\\/lospoliticosveracruz.com\\\/#organization\",\"name\":\"Los pol\u00edticos Veracruz\",\"url\":\"https:\\\/\\\/lospoliticosveracruz.com\\\/\",\"logo\":{\"@type\":\"ImageObject\",\"inLanguage\":\"es\",\"@id\":\"https:\\\/\\\/lospoliticosveracruz.com\\\/#\\\/schema\\\/logo\\\/image\\\/\",\"url\":\"https:\\\/\\\/lospoliticosveracruz.com\\\/wp-content\\\/uploads\\\/2025\\\/12\\\/Logo-Nuevo-LOS-POLITICOS-1.jpg\",\"contentUrl\":\"https:\\\/\\\/lospoliticosveracruz.com\\\/wp-content\\\/uploads\\\/2025\\\/12\\\/Logo-Nuevo-LOS-POLITICOS-1.jpg\",\"width\":260,\"height\":70,\"caption\":\"Los pol\u00edticos Veracruz\"},\"image\":{\"@id\":\"https:\\\/\\\/lospoliticosveracruz.com\\\/#\\\/schema\\\/logo\\\/image\\\/\"},\"sameAs\":[\"https:\\\/\\\/www.facebook.com\\\/people\\\/Notimemes-de-los-Polticos\\\/61565672886568\\\/\",\"https:\\\/\\\/x.com\\\/LosPoliticosVer\"]},{\"@type\":\"Person\",\"@id\":\"https:\\\/\\\/lospoliticosveracruz.com\\\/#\\\/schema\\\/person\\\/b8702bb0e538456e6efd07080bf2a4a2\",\"name\":\"Lo viste en Los Pol\u00edticos\",\"image\":{\"@type\":\"ImageObject\",\"inLanguage\":\"es\",\"@id\":\"https:\\\/\\\/secure.gravatar.com\\\/avatar\\\/3a8de04a2656d44082be478bd6c086daa447c4651605818287b9532d3d0bd435?s=96&d=mm&r=g\",\"url\":\"https:\\\/\\\/secure.gravatar.com\\\/avatar\\\/3a8de04a2656d44082be478bd6c086daa447c4651605818287b9532d3d0bd435?s=96&d=mm&r=g\",\"contentUrl\":\"https:\\\/\\\/secure.gravatar.com\\\/avatar\\\/3a8de04a2656d44082be478bd6c086daa447c4651605818287b9532d3d0bd435?s=96&d=mm&r=g\",\"caption\":\"Lo viste en Los Pol\u00edticos\"},\"url\":\"https:\\\/\\\/lospoliticosveracruz.com\\\/?author=2\"}]}<\/script>\n<!-- \/ Yoast SEO plugin. -->","yoast_head_json":{"title":"La comuni\u00f3n del III Informe - Los pol\u00edticos Veracruz","robots":{"index":"index","follow":"follow","max-snippet":"max-snippet:-1","max-image-preview":"max-image-preview:large","max-video-preview":"max-video-preview:-1"},"canonical":"https:\/\/lospoliticosveracruz.com\/?p=29265","og_locale":"es_ES","og_type":"article","og_title":"La comuni\u00f3n del III Informe - Los pol\u00edticos Veracruz","og_description":"Salvador Mu\u00f1oz Los Pol\u00edticos\u00a0 &nbsp; &nbsp; \u201cAqu\u00ed falta uno que quiz\u00e1s estar\u00eda muy contento de estar con nosotros: Guillermo Z\u00fa\u00f1iga Mart\u00ednez\u201d. \u00a1Y se gan\u00f3 los aplausos Miguel \u00c1ngel Yunes Linares durante el Tercer Informe de Am\u00e9rico Z\u00fa\u00f1iga Mart\u00ednez, alcalde de Xalapa! Y por si eso fuera poco, remat\u00f3: \u201cXalapa tiene un alcalde eficiente, honesto y [&hellip;]","og_url":"https:\/\/lospoliticosveracruz.com\/?p=29265","og_site_name":"Los pol\u00edticos Veracruz","article_publisher":"https:\/\/www.facebook.com\/people\/Notimemes-de-los-Polticos\/61565672886568\/","article_published_time":"2016-12-15T04:42:44+00:00","og_image":[{"width":200,"height":200,"url":"https:\/\/lospoliticosveracruz.com\/wp-content\/uploads\/2016\/07\/Logo-Dor.jpg","type":"image\/jpeg"}],"author":"Lo viste en Los Pol\u00edticos","twitter_card":"summary_large_image","twitter_creator":"@LosPoliticosVer","twitter_site":"@LosPoliticosVer","twitter_misc":{"Escrito por":"Lo viste en Los Pol\u00edticos","Tiempo de lectura":"3 minutos"},"schema":{"@context":"https:\/\/schema.org","@graph":[{"@type":"Article","@id":"https:\/\/lospoliticosveracruz.com\/?p=29265#article","isPartOf":{"@id":"https:\/\/lospoliticosveracruz.com\/?p=29265"},"author":{"name":"Lo viste en Los Pol\u00edticos","@id":"https:\/\/lospoliticosveracruz.com\/#\/schema\/person\/b8702bb0e538456e6efd07080bf2a4a2"},"headline":"La comuni\u00f3n del III Informe","datePublished":"2016-12-15T04:42:44+00:00","mainEntityOfPage":{"@id":"https:\/\/lospoliticosveracruz.com\/?p=29265"},"wordCount":636,"commentCount":0,"publisher":{"@id":"https:\/\/lospoliticosveracruz.com\/#organization"},"keywords":["Am\u00e9rico Z\u00fa\u00f1iga","IMAC","Miguel Angel Yunes Linares","Tercer Informe de Gobierno"],"articleSection":["De Opini\u00f3n"],"inLanguage":"es","potentialAction":[{"@type":"CommentAction","name":"Comment","target":["https:\/\/lospoliticosveracruz.com\/?p=29265#respond"]}]},{"@type":"WebPage","@id":"https:\/\/lospoliticosveracruz.com\/?p=29265","url":"https:\/\/lospoliticosveracruz.com\/?p=29265","name":"La comuni\u00f3n del III Informe - Los pol\u00edticos Veracruz","isPartOf":{"@id":"https:\/\/lospoliticosveracruz.com\/#website"},"datePublished":"2016-12-15T04:42:44+00:00","breadcrumb":{"@id":"https:\/\/lospoliticosveracruz.com\/?p=29265#breadcrumb"},"inLanguage":"es","potentialAction":[{"@type":"ReadAction","target":["https:\/\/lospoliticosveracruz.com\/?p=29265"]}]},{"@type":"BreadcrumbList","@id":"https:\/\/lospoliticosveracruz.com\/?p=29265#breadcrumb","itemListElement":[{"@type":"ListItem","position":1,"name":"Portada","item":"https:\/\/lospoliticosveracruz.com\/"},{"@type":"ListItem","position":2,"name":"La comuni\u00f3n del III Informe"}]},{"@type":"WebSite","@id":"https:\/\/lospoliticosveracruz.com\/#website","url":"https:\/\/lospoliticosveracruz.com\/","name":"Los pol\u00edticos Veracruz","description":"","publisher":{"@id":"https:\/\/lospoliticosveracruz.com\/#organization"},"potentialAction":[{"@type":"SearchAction","target":{"@type":"EntryPoint","urlTemplate":"https:\/\/lospoliticosveracruz.com\/?s={search_term_string}"},"query-input":{"@type":"PropertyValueSpecification","valueRequired":true,"valueName":"search_term_string"}}],"inLanguage":"es"},{"@type":"Organization","@id":"https:\/\/lospoliticosveracruz.com\/#organization","name":"Los pol\u00edticos Veracruz","url":"https:\/\/lospoliticosveracruz.com\/","logo":{"@type":"ImageObject","inLanguage":"es","@id":"https:\/\/lospoliticosveracruz.com\/#\/schema\/logo\/image\/","url":"https:\/\/lospoliticosveracruz.com\/wp-content\/uploads\/2025\/12\/Logo-Nuevo-LOS-POLITICOS-1.jpg","contentUrl":"https:\/\/lospoliticosveracruz.com\/wp-content\/uploads\/2025\/12\/Logo-Nuevo-LOS-POLITICOS-1.jpg","width":260,"height":70,"caption":"Los pol\u00edticos Veracruz"},"image":{"@id":"https:\/\/lospoliticosveracruz.com\/#\/schema\/logo\/image\/"},"sameAs":["https:\/\/www.facebook.com\/people\/Notimemes-de-los-Polticos\/61565672886568\/","https:\/\/x.com\/LosPoliticosVer"]},{"@type":"Person","@id":"https:\/\/lospoliticosveracruz.com\/#\/schema\/person\/b8702bb0e538456e6efd07080bf2a4a2","name":"Lo viste en Los Pol\u00edticos","image":{"@type":"ImageObject","inLanguage":"es","@id":"https:\/\/secure.gravatar.com\/avatar\/3a8de04a2656d44082be478bd6c086daa447c4651605818287b9532d3d0bd435?s=96&d=mm&r=g","url":"https:\/\/secure.gravatar.com\/avatar\/3a8de04a2656d44082be478bd6c086daa447c4651605818287b9532d3d0bd435?s=96&d=mm&r=g","contentUrl":"https:\/\/secure.gravatar.com\/avatar\/3a8de04a2656d44082be478bd6c086daa447c4651605818287b9532d3d0bd435?s=96&d=mm&r=g","caption":"Lo viste en Los Pol\u00edticos"},"url":"https:\/\/lospoliticosveracruz.com\/?author=2"}]}},"_links":{"self":[{"href":"https:\/\/lospoliticosveracruz.com\/index.php?rest_route=\/wp\/v2\/posts\/29265","targetHints":{"allow":["GET"]}}],"collection":[{"href":"https:\/\/lospoliticosveracruz.com\/index.php?rest_route=\/wp\/v2\/posts"}],"about":[{"href":"https:\/\/lospoliticosveracruz.com\/index.php?rest_route=\/wp\/v2\/types\/post"}],"author":[{"embeddable":true,"href":"https:\/\/lospoliticosveracruz.com\/index.php?rest_route=\/wp\/v2\/users\/2"}],"replies":[{"embeddable":true,"href":"https:\/\/lospoliticosveracruz.com\/index.php?rest_route=%2Fwp%2Fv2%2Fcomments&post=29265"}],"version-history":[{"count":2,"href":"https:\/\/lospoliticosveracruz.com\/index.php?rest_route=\/wp\/v2\/posts\/29265\/revisions"}],"predecessor-version":[{"id":29267,"href":"https:\/\/lospoliticosveracruz.com\/index.php?rest_route=\/wp\/v2\/posts\/29265\/revisions\/29267"}],"wp:attachment":[{"href":"https:\/\/lospoliticosveracruz.com\/index.php?rest_route=%2Fwp%2Fv2%2Fmedia&parent=29265"}],"wp:term":[{"taxonomy":"category","embeddable":true,"href":"https:\/\/lospoliticosveracruz.com\/index.php?rest_route=%2Fwp%2Fv2%2Fcategories&post=29265"},{"taxonomy":"post_tag","embeddable":true,"href":"https:\/\/lospoliticosveracruz.com\/index.php?rest_route=%2Fwp%2Fv2%2Ftags&post=29265"}],"curies":[{"name":"wp","href":"https:\/\/api.w.org\/{rel}","templated":true}]}}