{"id":29315,"date":"2016-12-15T10:04:51","date_gmt":"2016-12-15T16:04:51","guid":{"rendered":"http:\/\/www.lospoliticosveracruz.com.mx\/?p=29315"},"modified":"2016-12-15T10:04:51","modified_gmt":"2016-12-15T16:04:51","slug":"zonas-petroleras-la-crisis-interminable","status":"publish","type":"post","link":"https:\/\/lospoliticosveracruz.com\/?p=29315","title":{"rendered":"Zonas petroleras, la crisis interminable"},"content":{"rendered":"<p class=\"x_m_5318398478121155160MsoNoSpacing x_gmail_msg\"><strong>Luis Alberto Romero<\/strong><\/p>\n<p class=\"x_m_5318398478121155160MsoNoSpacing x_gmail_msg\"><em>Hora Cero<\/em><\/p>\n<p>&nbsp;<\/p>\n<p>&nbsp;<\/p>\n<p>En la zona norte de Veracruz y particularmente en Poza Rica, la crisis de la industria petrolera nacional ha significado un golpe de tal magnitud que la econom\u00eda regional se encuentra deprimida.<\/p>\n<p>&nbsp;<\/p>\n<p>Los despidos se registran en cascada y no s\u00f3lo afectan a los trabajadores de Petr\u00f3leos Mexicanos y de las empresas del sector energ\u00e9tico, sino que tambi\u00e9n hunden a comerciantes y prestadores de servicios.<u class=\"x_gmail_msg\"><\/u><u class=\"x_gmail_msg\"><\/u><\/p>\n<p>En Poza Rica, \u00a0<span class=\"x_gmail_msg\">la econom\u00eda depende en gran medida de la industria petrolera; por ello, la crisis derivada de los bajos precios de los hidrocarburos ocasiona un ambiente de tensi\u00f3n social.<\/span><br class=\"x_gmail_msg\" \/><br \/>\nAtr\u00e1s quedaron los tiempos en los que laborar en Pemex era garant\u00eda de estabilidad econ\u00f3mica. Hoy la realidad es dram\u00e1tica porque los bajos precios del petr\u00f3leo han orillado a Pemex a reducir su presupuesto y a recortar su n\u00f3mina de trabajadores; igual ocurre con las compa\u00f1\u00edas subcontratadas, la mayor\u00eda de las cuales iniciaron desde hace un par de a\u00f1os un proceso de despido masivo de personal.<\/p>\n<p>Es un problema que se reproduce en todas las zonas petroleras del pa\u00eds, y las veracruzanas no son la excepci\u00f3n: en marzo de 2015, por ejemplo,\u00a0<span class=\"x_gmail_msg\">Pemex comenz\u00f3 el proceso para liquidar m\u00e1s de 3 mil plazas de trabajadores de los complejos petroqu\u00edmicos Pajaritos, Cangrejera y L\u00e1zaro C\u00e1rdenas. El a\u00f1o pasado, la direcci\u00f3n de finanzas de la citada empresa inform\u00f3 sobre un proceso para la jubilaci\u00f3n de 25 mil trabajadores que hab\u00edan cumplido ya 25 a\u00f1os de servicio o llegado a los 55 de edad. En 2015, para comenzar con ese proceso, Pemex jubil\u00f3 a 5 mil trabajadores, el 3.2 por ciento de su n\u00f3mina. Actualmente, no hay empleado de Pemex que a estas alturas se pueda considerar salvado de los recortes en las 11 secciones que en Veracruz tiene el Sindicato Nacional de Trabajadores Petroleros de la Rep\u00fablica Mexicana.<u class=\"x_gmail_msg\"><\/u><u class=\"x_gmail_msg\"><\/u><\/span><\/p>\n<p>Lamentablemente, esa tendencia parece, por el momento, irreversible. De hecho, Pemex ha informado que durante 2017 habr\u00e1 nuevos recortes. El programa para el a\u00f1o entrante establece una n\u00f3mina de s\u00f3lo 116 mil 601 trabajadores en todo el pa\u00eds, lo que equivale a un 23 por ciento menos a los que la empresa tuvo en 2014, cuando se promulg\u00f3 la reforma energ\u00e9tica.<\/p>\n<p>Este mi\u00e9rcoles, por cierto, el l\u00edder de la Secci\u00f3n 11 del sindicato petrolero, Ram\u00f3n Hern\u00e1ndez Toledo, declar\u00f3 que durante 2015 y 2016, Pemex cancel\u00f3 m\u00e1s de dos mil plazas en el sur de la entidad; en 2015 fueron mil 340, en tanto que durante 2016 se registraron 670 m\u00e1s.<u class=\"x_gmail_msg\"><\/u><u class=\"x_gmail_msg\"><\/u><\/p>\n<p>Por supuesto, esos despidos de trabajadores petroleros en Poza Rica, Coatzacoalcos y Minatitl\u00e1n contribuyen a generar un ambiente de tensi\u00f3n social, que impacta en todos los sectores de la econom\u00eda de esas regiones, b\u00e1sicamente en el comercio y los servicios. Por eso no resulta extra\u00f1o el voto contrario al PRI en los municipios que dependen de dicha industria, as\u00ed como el avance de otras opciones pol\u00edticas, sobre todo Morena en el sur de la entidad.<br class=\"x_gmail_msg\" \/><br \/>\n<u class=\"x_gmail_msg\"><\/u><b class=\"x_gmail_msg\">Am\u00e9rico, tercer informe<u class=\"x_gmail_msg\"><\/u><u class=\"x_gmail_msg\"><\/u><\/b><\/p>\n<p><span class=\"x_gmail_msg\">Hay informes de gobierno que ante la falta de resultados se encubren de diversas formas ret\u00f3ricas y hasta con efectos especiales; sin embargo, ayer se registr\u00f3 uno muy diferente, el tercero de Am\u00e9rico Z\u00fa\u00f1iga Mart\u00ednez. El alcalde fue directo en su reporte, conciso y contundente en su posicionamiento pol\u00edtico.<u class=\"x_gmail_msg\"><\/u><u class=\"x_gmail_msg\"><\/u><\/span><\/p>\n<p><span class=\"x_gmail_msg\">Sin duda se viven nuevos tiempos y el mun\u00edcipe xalape\u00f1o sabe hacer valer su condici\u00f3n de profesional de la pol\u00edtica, que brinda a todos su lugar de atenci\u00f3n; es incluyente y sabe trabajar por el bien de lo que es su competencia, que no es otra cosa sino el mejoramiento de Xalapa; lo est\u00e1 consiguiendo.<u class=\"x_gmail_msg\"><\/u><u class=\"x_gmail_msg\"><\/u><\/span><\/p>\n<p><span class=\"x_gmail_msg\">La de ayer fue una demostraci\u00f3n de poder, no del poder que se ejerce con soberbia, sino del poder p\u00fablico al servicio de la poblaci\u00f3n. Con resultados enumerados en todos los rubros, el mun\u00edcipe capitalino hizo evidente que el trabajo realizado por su gobierno ha permitido colocar a Xalapa en un posicionamiento nacional de liderazgo por las cosas buenas y bien hechas en la administraci\u00f3n p\u00fablica, y eso cuenta, y cuenta mucho.<u class=\"x_gmail_msg\"><\/u><u class=\"x_gmail_msg\"><\/u><\/span><\/p>\n<p><u class=\"x_gmail_msg\"><\/u><b class=\"x_gmail_msg\">La apropiaci\u00f3n de La Isla del Amor<\/b><\/p>\n<p>El tema relacionado con la apropiaci\u00f3n y cercado del lugar conocido como La Isla del Amor, municipio de Alvarado, termin\u00f3 por convertirse en un esc\u00e1ndalo que rodea a Fernando L\u00f3pez Valenzuela, hijo del extinto gobernador de Veracruz Fernando L\u00f3pez Arias.<u class=\"x_gmail_msg\"><\/u><u class=\"x_gmail_msg\"><\/u><\/p>\n<p>Al comenzar el mes pasado, la Procuradur\u00eda Federal de Protecci\u00f3n al Ambiente, Profepa, impidi\u00f3 las obras realizadas en dicho lugar por parte de una empresa inmobiliaria, Impulsora de Turismo Golfo-Caribe, propiedad de L\u00f3pez Valenzuela, dado que carec\u00edan de los permisos correspondientes e imped\u00edan la circulaci\u00f3n en la zona federal mar\u00edtimo terrestre.<\/p>\n<p>El 4 de noviembre, la Profepa emiti\u00f3 un comunicado en el que expuso que \u201cel inspeccionado no acredit\u00f3 contar con autorizaci\u00f3n de cambio de uso de suelo ni de impacto ambiental emitido por la Semarnat\u201d, por lo que los trabajos fueron clausurados.<u class=\"x_gmail_msg\"><\/u><u class=\"x_gmail_msg\"><\/u><\/p>\n<p>Al realizar la citada inspecci\u00f3n, el personal de la Profepa observ\u00f3 la instalaci\u00f3n de una reja met\u00e1lica de tres metros de altura, la cual era usada para restringir el acceso al predio; ante dicha irregularidad, la dependencia present\u00f3 una denuncia penal ante la Procuradur\u00eda General de la Rep\u00fablica por la ocupaci\u00f3n ilegal de propiedad federal y por impedir el libre tr\u00e1nsito de personas a la zona federal mar\u00edtimo terrestre.<u class=\"x_gmail_msg\"><\/u><u class=\"x_gmail_msg\"><\/u><\/p>\n<p>Ese asunto, por supuesto, est\u00e1 en la mira no s\u00f3lo de la Profepa, sino de organizaciones ambientalistas, que han se\u00f1alado a Fernando L\u00f3pez Valenzuela por intentar apropiarse de ese predio, unos 15 mil metros cuadrados, a pesar de que mediante un decreto de febrero de 1997, el exgobernador Patricio Chirinos Calero expropi\u00f3 la Isla del Amor a la empresa Inmobiliaria del Golfo y Del Valle, y declar\u00f3 los terrenos como zona sujeta a conservaci\u00f3n ecol\u00f3gica.<br \/>\nHoy, ese predio, que est\u00e1 en zona federal mar\u00edtimo terrestre, es motivo de un nuevo esc\u00e1ndalo, en el que ve envuelto el hijo del ex gobernador L\u00f3pez Arias.<\/p>\n<p>@luisromero85<u class=\"x_gmail_msg\"><\/u><u class=\"x_gmail_msg\"><\/u><\/p>\n<p>&nbsp;<\/p>\n","protected":false},"excerpt":{"rendered":"<p>Luis Alberto Romero Hora Cero &nbsp; &nbsp; En la zona norte de Veracruz y particularmente en Poza Rica, la crisis de la industria petrolera nacional ha significado un golpe de tal magnitud que la econom\u00eda regional se encuentra deprimida. &nbsp; Los despidos se registran en cascada y no s\u00f3lo afectan a los trabajadores de Petr\u00f3leos [&hellip;]<\/p>\n","protected":false},"author":2,"featured_media":0,"comment_status":"open","ping_status":"open","sticky":false,"template":"","format":"standard","meta":{"tdm_status":"","tdm_grid_status":"","footnotes":""},"categories":[70],"tags":[483,6937,6939,6938,372,6934],"class_list":{"0":"post-29315","1":"post","2":"type-post","3":"status-publish","4":"format-standard","6":"category-de-opinion","7":"tag-americo-zuniga","8":"tag-crisis-petrolera","9":"tag-fernando-lopez-valenzuela","10":"tag-isla-del-amor","11":"tag-pemex","12":"tag-tercer-informe-de-gobierno"},"yoast_head":"<!-- This site is optimized with the Yoast SEO plugin v27.4 - https:\/\/yoast.com\/product\/yoast-seo-wordpress\/ -->\n<title>Zonas petroleras, la crisis interminable - Los pol\u00edticos Veracruz<\/title>\n<meta name=\"robots\" content=\"index, follow, max-snippet:-1, max-image-preview:large, max-video-preview:-1\" \/>\n<link rel=\"canonical\" href=\"https:\/\/lospoliticosveracruz.com\/?p=29315\" \/>\n<meta property=\"og:locale\" content=\"es_ES\" \/>\n<meta property=\"og:type\" content=\"article\" \/>\n<meta property=\"og:title\" content=\"Zonas petroleras, la crisis interminable - Los pol\u00edticos Veracruz\" \/>\n<meta property=\"og:description\" content=\"Luis Alberto Romero Hora Cero &nbsp; &nbsp; En la zona norte de Veracruz y particularmente en Poza Rica, la crisis de la industria petrolera nacional ha significado un golpe de tal magnitud que la econom\u00eda regional se encuentra deprimida. &nbsp; Los despidos se registran en cascada y no s\u00f3lo afectan a los trabajadores de Petr\u00f3leos [&hellip;]\" \/>\n<meta property=\"og:url\" content=\"https:\/\/lospoliticosveracruz.com\/?p=29315\" \/>\n<meta property=\"og:site_name\" content=\"Los pol\u00edticos Veracruz\" \/>\n<meta property=\"article:publisher\" content=\"https:\/\/www.facebook.com\/people\/Notimemes-de-los-Polticos\/61565672886568\/\" \/>\n<meta property=\"article:published_time\" content=\"2016-12-15T16:04:51+00:00\" \/>\n<meta property=\"og:image\" content=\"https:\/\/lospoliticosveracruz.com\/wp-content\/uploads\/2016\/07\/Logo-Dor.jpg\" \/>\n\t<meta property=\"og:image:width\" content=\"200\" \/>\n\t<meta property=\"og:image:height\" content=\"200\" \/>\n\t<meta property=\"og:image:type\" content=\"image\/jpeg\" \/>\n<meta name=\"author\" content=\"Lo viste en Los Pol\u00edticos\" \/>\n<meta name=\"twitter:card\" content=\"summary_large_image\" \/>\n<meta name=\"twitter:creator\" content=\"@LosPoliticosVer\" \/>\n<meta name=\"twitter:site\" content=\"@LosPoliticosVer\" \/>\n<meta name=\"twitter:label1\" content=\"Escrito por\" \/>\n\t<meta name=\"twitter:data1\" content=\"Lo viste en Los Pol\u00edticos\" \/>\n\t<meta name=\"twitter:label2\" content=\"Tiempo de lectura\" \/>\n\t<meta name=\"twitter:data2\" content=\"5 minutos\" \/>\n<script type=\"application\/ld+json\" class=\"yoast-schema-graph\">{\"@context\":\"https:\\\/\\\/schema.org\",\"@graph\":[{\"@type\":\"Article\",\"@id\":\"https:\\\/\\\/lospoliticosveracruz.com\\\/?p=29315#article\",\"isPartOf\":{\"@id\":\"https:\\\/\\\/lospoliticosveracruz.com\\\/?p=29315\"},\"author\":{\"name\":\"Lo viste en Los Pol\u00edticos\",\"@id\":\"https:\\\/\\\/lospoliticosveracruz.com\\\/#\\\/schema\\\/person\\\/b8702bb0e538456e6efd07080bf2a4a2\"},\"headline\":\"Zonas petroleras, la crisis interminable\",\"datePublished\":\"2016-12-15T16:04:51+00:00\",\"mainEntityOfPage\":{\"@id\":\"https:\\\/\\\/lospoliticosveracruz.com\\\/?p=29315\"},\"wordCount\":1062,\"commentCount\":0,\"publisher\":{\"@id\":\"https:\\\/\\\/lospoliticosveracruz.com\\\/#organization\"},\"keywords\":[\"Am\u00e9rico Z\u00fa\u00f1iga\",\"Crisis petrolera\",\"Fernando L\u00f3pez Valenzuela\",\"Isla del Amor\",\"Pemex\",\"Tercer Informe de Gobierno\"],\"articleSection\":[\"De Opini\u00f3n\"],\"inLanguage\":\"es\",\"potentialAction\":[{\"@type\":\"CommentAction\",\"name\":\"Comment\",\"target\":[\"https:\\\/\\\/lospoliticosveracruz.com\\\/?p=29315#respond\"]}]},{\"@type\":\"WebPage\",\"@id\":\"https:\\\/\\\/lospoliticosveracruz.com\\\/?p=29315\",\"url\":\"https:\\\/\\\/lospoliticosveracruz.com\\\/?p=29315\",\"name\":\"Zonas petroleras, la crisis interminable - Los pol\u00edticos Veracruz\",\"isPartOf\":{\"@id\":\"https:\\\/\\\/lospoliticosveracruz.com\\\/#website\"},\"datePublished\":\"2016-12-15T16:04:51+00:00\",\"breadcrumb\":{\"@id\":\"https:\\\/\\\/lospoliticosveracruz.com\\\/?p=29315#breadcrumb\"},\"inLanguage\":\"es\",\"potentialAction\":[{\"@type\":\"ReadAction\",\"target\":[\"https:\\\/\\\/lospoliticosveracruz.com\\\/?p=29315\"]}]},{\"@type\":\"BreadcrumbList\",\"@id\":\"https:\\\/\\\/lospoliticosveracruz.com\\\/?p=29315#breadcrumb\",\"itemListElement\":[{\"@type\":\"ListItem\",\"position\":1,\"name\":\"Portada\",\"item\":\"https:\\\/\\\/lospoliticosveracruz.com\\\/\"},{\"@type\":\"ListItem\",\"position\":2,\"name\":\"Zonas petroleras, la crisis interminable\"}]},{\"@type\":\"WebSite\",\"@id\":\"https:\\\/\\\/lospoliticosveracruz.com\\\/#website\",\"url\":\"https:\\\/\\\/lospoliticosveracruz.com\\\/\",\"name\":\"Los pol\u00edticos Veracruz\",\"description\":\"\",\"publisher\":{\"@id\":\"https:\\\/\\\/lospoliticosveracruz.com\\\/#organization\"},\"potentialAction\":[{\"@type\":\"SearchAction\",\"target\":{\"@type\":\"EntryPoint\",\"urlTemplate\":\"https:\\\/\\\/lospoliticosveracruz.com\\\/?s={search_term_string}\"},\"query-input\":{\"@type\":\"PropertyValueSpecification\",\"valueRequired\":true,\"valueName\":\"search_term_string\"}}],\"inLanguage\":\"es\"},{\"@type\":\"Organization\",\"@id\":\"https:\\\/\\\/lospoliticosveracruz.com\\\/#organization\",\"name\":\"Los pol\u00edticos Veracruz\",\"url\":\"https:\\\/\\\/lospoliticosveracruz.com\\\/\",\"logo\":{\"@type\":\"ImageObject\",\"inLanguage\":\"es\",\"@id\":\"https:\\\/\\\/lospoliticosveracruz.com\\\/#\\\/schema\\\/logo\\\/image\\\/\",\"url\":\"https:\\\/\\\/lospoliticosveracruz.com\\\/wp-content\\\/uploads\\\/2025\\\/12\\\/Logo-Nuevo-LOS-POLITICOS-1.jpg\",\"contentUrl\":\"https:\\\/\\\/lospoliticosveracruz.com\\\/wp-content\\\/uploads\\\/2025\\\/12\\\/Logo-Nuevo-LOS-POLITICOS-1.jpg\",\"width\":260,\"height\":70,\"caption\":\"Los pol\u00edticos Veracruz\"},\"image\":{\"@id\":\"https:\\\/\\\/lospoliticosveracruz.com\\\/#\\\/schema\\\/logo\\\/image\\\/\"},\"sameAs\":[\"https:\\\/\\\/www.facebook.com\\\/people\\\/Notimemes-de-los-Polticos\\\/61565672886568\\\/\",\"https:\\\/\\\/x.com\\\/LosPoliticosVer\"]},{\"@type\":\"Person\",\"@id\":\"https:\\\/\\\/lospoliticosveracruz.com\\\/#\\\/schema\\\/person\\\/b8702bb0e538456e6efd07080bf2a4a2\",\"name\":\"Lo viste en Los Pol\u00edticos\",\"image\":{\"@type\":\"ImageObject\",\"inLanguage\":\"es\",\"@id\":\"https:\\\/\\\/secure.gravatar.com\\\/avatar\\\/3a8de04a2656d44082be478bd6c086daa447c4651605818287b9532d3d0bd435?s=96&d=mm&r=g\",\"url\":\"https:\\\/\\\/secure.gravatar.com\\\/avatar\\\/3a8de04a2656d44082be478bd6c086daa447c4651605818287b9532d3d0bd435?s=96&d=mm&r=g\",\"contentUrl\":\"https:\\\/\\\/secure.gravatar.com\\\/avatar\\\/3a8de04a2656d44082be478bd6c086daa447c4651605818287b9532d3d0bd435?s=96&d=mm&r=g\",\"caption\":\"Lo viste en Los Pol\u00edticos\"},\"url\":\"https:\\\/\\\/lospoliticosveracruz.com\\\/?author=2\"}]}<\/script>\n<!-- \/ Yoast SEO plugin. -->","yoast_head_json":{"title":"Zonas petroleras, la crisis interminable - Los pol\u00edticos Veracruz","robots":{"index":"index","follow":"follow","max-snippet":"max-snippet:-1","max-image-preview":"max-image-preview:large","max-video-preview":"max-video-preview:-1"},"canonical":"https:\/\/lospoliticosveracruz.com\/?p=29315","og_locale":"es_ES","og_type":"article","og_title":"Zonas petroleras, la crisis interminable - Los pol\u00edticos Veracruz","og_description":"Luis Alberto Romero Hora Cero &nbsp; &nbsp; En la zona norte de Veracruz y particularmente en Poza Rica, la crisis de la industria petrolera nacional ha significado un golpe de tal magnitud que la econom\u00eda regional se encuentra deprimida. &nbsp; Los despidos se registran en cascada y no s\u00f3lo afectan a los trabajadores de Petr\u00f3leos [&hellip;]","og_url":"https:\/\/lospoliticosveracruz.com\/?p=29315","og_site_name":"Los pol\u00edticos Veracruz","article_publisher":"https:\/\/www.facebook.com\/people\/Notimemes-de-los-Polticos\/61565672886568\/","article_published_time":"2016-12-15T16:04:51+00:00","og_image":[{"width":200,"height":200,"url":"https:\/\/lospoliticosveracruz.com\/wp-content\/uploads\/2016\/07\/Logo-Dor.jpg","type":"image\/jpeg"}],"author":"Lo viste en Los Pol\u00edticos","twitter_card":"summary_large_image","twitter_creator":"@LosPoliticosVer","twitter_site":"@LosPoliticosVer","twitter_misc":{"Escrito por":"Lo viste en Los Pol\u00edticos","Tiempo de lectura":"5 minutos"},"schema":{"@context":"https:\/\/schema.org","@graph":[{"@type":"Article","@id":"https:\/\/lospoliticosveracruz.com\/?p=29315#article","isPartOf":{"@id":"https:\/\/lospoliticosveracruz.com\/?p=29315"},"author":{"name":"Lo viste en Los Pol\u00edticos","@id":"https:\/\/lospoliticosveracruz.com\/#\/schema\/person\/b8702bb0e538456e6efd07080bf2a4a2"},"headline":"Zonas petroleras, la crisis interminable","datePublished":"2016-12-15T16:04:51+00:00","mainEntityOfPage":{"@id":"https:\/\/lospoliticosveracruz.com\/?p=29315"},"wordCount":1062,"commentCount":0,"publisher":{"@id":"https:\/\/lospoliticosveracruz.com\/#organization"},"keywords":["Am\u00e9rico Z\u00fa\u00f1iga","Crisis petrolera","Fernando L\u00f3pez Valenzuela","Isla del Amor","Pemex","Tercer Informe de Gobierno"],"articleSection":["De Opini\u00f3n"],"inLanguage":"es","potentialAction":[{"@type":"CommentAction","name":"Comment","target":["https:\/\/lospoliticosveracruz.com\/?p=29315#respond"]}]},{"@type":"WebPage","@id":"https:\/\/lospoliticosveracruz.com\/?p=29315","url":"https:\/\/lospoliticosveracruz.com\/?p=29315","name":"Zonas petroleras, la crisis interminable - Los pol\u00edticos Veracruz","isPartOf":{"@id":"https:\/\/lospoliticosveracruz.com\/#website"},"datePublished":"2016-12-15T16:04:51+00:00","breadcrumb":{"@id":"https:\/\/lospoliticosveracruz.com\/?p=29315#breadcrumb"},"inLanguage":"es","potentialAction":[{"@type":"ReadAction","target":["https:\/\/lospoliticosveracruz.com\/?p=29315"]}]},{"@type":"BreadcrumbList","@id":"https:\/\/lospoliticosveracruz.com\/?p=29315#breadcrumb","itemListElement":[{"@type":"ListItem","position":1,"name":"Portada","item":"https:\/\/lospoliticosveracruz.com\/"},{"@type":"ListItem","position":2,"name":"Zonas petroleras, la crisis interminable"}]},{"@type":"WebSite","@id":"https:\/\/lospoliticosveracruz.com\/#website","url":"https:\/\/lospoliticosveracruz.com\/","name":"Los pol\u00edticos Veracruz","description":"","publisher":{"@id":"https:\/\/lospoliticosveracruz.com\/#organization"},"potentialAction":[{"@type":"SearchAction","target":{"@type":"EntryPoint","urlTemplate":"https:\/\/lospoliticosveracruz.com\/?s={search_term_string}"},"query-input":{"@type":"PropertyValueSpecification","valueRequired":true,"valueName":"search_term_string"}}],"inLanguage":"es"},{"@type":"Organization","@id":"https:\/\/lospoliticosveracruz.com\/#organization","name":"Los pol\u00edticos Veracruz","url":"https:\/\/lospoliticosveracruz.com\/","logo":{"@type":"ImageObject","inLanguage":"es","@id":"https:\/\/lospoliticosveracruz.com\/#\/schema\/logo\/image\/","url":"https:\/\/lospoliticosveracruz.com\/wp-content\/uploads\/2025\/12\/Logo-Nuevo-LOS-POLITICOS-1.jpg","contentUrl":"https:\/\/lospoliticosveracruz.com\/wp-content\/uploads\/2025\/12\/Logo-Nuevo-LOS-POLITICOS-1.jpg","width":260,"height":70,"caption":"Los pol\u00edticos Veracruz"},"image":{"@id":"https:\/\/lospoliticosveracruz.com\/#\/schema\/logo\/image\/"},"sameAs":["https:\/\/www.facebook.com\/people\/Notimemes-de-los-Polticos\/61565672886568\/","https:\/\/x.com\/LosPoliticosVer"]},{"@type":"Person","@id":"https:\/\/lospoliticosveracruz.com\/#\/schema\/person\/b8702bb0e538456e6efd07080bf2a4a2","name":"Lo viste en Los Pol\u00edticos","image":{"@type":"ImageObject","inLanguage":"es","@id":"https:\/\/secure.gravatar.com\/avatar\/3a8de04a2656d44082be478bd6c086daa447c4651605818287b9532d3d0bd435?s=96&d=mm&r=g","url":"https:\/\/secure.gravatar.com\/avatar\/3a8de04a2656d44082be478bd6c086daa447c4651605818287b9532d3d0bd435?s=96&d=mm&r=g","contentUrl":"https:\/\/secure.gravatar.com\/avatar\/3a8de04a2656d44082be478bd6c086daa447c4651605818287b9532d3d0bd435?s=96&d=mm&r=g","caption":"Lo viste en Los Pol\u00edticos"},"url":"https:\/\/lospoliticosveracruz.com\/?author=2"}]}},"_links":{"self":[{"href":"https:\/\/lospoliticosveracruz.com\/index.php?rest_route=\/wp\/v2\/posts\/29315","targetHints":{"allow":["GET"]}}],"collection":[{"href":"https:\/\/lospoliticosveracruz.com\/index.php?rest_route=\/wp\/v2\/posts"}],"about":[{"href":"https:\/\/lospoliticosveracruz.com\/index.php?rest_route=\/wp\/v2\/types\/post"}],"author":[{"embeddable":true,"href":"https:\/\/lospoliticosveracruz.com\/index.php?rest_route=\/wp\/v2\/users\/2"}],"replies":[{"embeddable":true,"href":"https:\/\/lospoliticosveracruz.com\/index.php?rest_route=%2Fwp%2Fv2%2Fcomments&post=29315"}],"version-history":[{"count":1,"href":"https:\/\/lospoliticosveracruz.com\/index.php?rest_route=\/wp\/v2\/posts\/29315\/revisions"}],"predecessor-version":[{"id":29317,"href":"https:\/\/lospoliticosveracruz.com\/index.php?rest_route=\/wp\/v2\/posts\/29315\/revisions\/29317"}],"wp:attachment":[{"href":"https:\/\/lospoliticosveracruz.com\/index.php?rest_route=%2Fwp%2Fv2%2Fmedia&parent=29315"}],"wp:term":[{"taxonomy":"category","embeddable":true,"href":"https:\/\/lospoliticosveracruz.com\/index.php?rest_route=%2Fwp%2Fv2%2Fcategories&post=29315"},{"taxonomy":"post_tag","embeddable":true,"href":"https:\/\/lospoliticosveracruz.com\/index.php?rest_route=%2Fwp%2Fv2%2Ftags&post=29315"}],"curies":[{"name":"wp","href":"https:\/\/api.w.org\/{rel}","templated":true}]}}