{"id":29332,"date":"2016-12-15T18:43:48","date_gmt":"2016-12-16T00:43:48","guid":{"rendered":"http:\/\/www.lospoliticosveracruz.com.mx\/?p=29332"},"modified":"2016-12-15T18:43:48","modified_gmt":"2016-12-16T00:43:48","slug":"15-dias-y-no-hubo-cambio","status":"publish","type":"post","link":"https:\/\/lospoliticosveracruz.com\/?p=29332","title":{"rendered":"15 d\u00edas y no hubo cambio"},"content":{"rendered":"<p class=\"x_m_8803330046334196889MsoNoSpacing\"><strong>Fanny Y\u00e9pez<u><\/u><u><\/u><\/strong><\/p>\n<p class=\"x_m_8803330046334196889MsoNoSpacing\"><strong>\u00a0<\/strong><em>La Columna<\/em><\/p>\n<p class=\"x_m_8803330046334196889MsoNoSpacing\">\n<p class=\"x_m_8803330046334196889MsoNoSpacing\">\n<p class=\"x_m_8803330046334196889MsoNoSpacing\"><b><\/b>Se cierra la primera quincena del nuevo gobierno pero no se ha podido ver el cambio, todo ha seguido igual y existen muchas razones para que as\u00ed est\u00e9n las cosas, como por ejemplo, la falta de dinero que de inmediato encadena otros escenarios,\u00a0 que finalmente nos afectan a todos.<u><\/u><u><\/u><\/p>\n<p class=\"x_m_8803330046334196889MsoNoSpacing\">Como nos gustar\u00eda escuchar algo que realmente cimbrara a Veracruz, ya deje usted de que fuera a todo M\u00e9xico, escuchar algo as\u00ed como la construcci\u00f3n de una importante obra, una carretera, un hospital, escuelas o cualquier otra acci\u00f3n que pudiera beneficiar a la sociedad, pero lamentablemente no es as\u00ed.<u><\/u><u><\/u><\/p>\n<p class=\"x_m_8803330046334196889MsoNoSpacing\">Es muy respetable el comportamiento de cada quien y no trato ni siquiera de insinuar como debiera ser el comportamiento de quien manda en Veracruz, no, para nada; pero no es lo mismo pronunciar un discurso con advertencias a los grupos locales, que tratar con los secretarios de despacho del gobierno federal. Se requiere seguramente, aplicar el protocolo m\u00e1s elemental lleno de cortes\u00eda, para el secretario de Hacienda y para el presidente de la Rep\u00fablica, para solicitar el apoyo que Veracruz necesita.<u><\/u><u><\/u><\/p>\n<p class=\"x_m_8803330046334196889MsoNoSpacing\">Y ah\u00ed est\u00e1n los diputados federales y los senadores veracruzanos, con quienes se debiera establecer una alianza por Veracruz de manera urgente, y entre todos, buscar las alternativas de soluci\u00f3n, porque de otra manera veremos llegar otra quincena, otros meses y as\u00ed vamos a seguir, porque sin dinero qu\u00e9 se podr\u00e1 hacer, solo ver manifestaciones y el deterioro de este hermoso estado.<u><\/u><u><\/u><\/p>\n<p class=\"x_m_8803330046334196889MsoNoSpacing\">En quince d\u00edas no escuchamos la presentaci\u00f3n de ning\u00fan programa de las dependencias que realmente motiven, que demuestren con nuevas ideas qu\u00e9 van a hacer para que el estado se mueva.<\/p>\n<p class=\"x_m_8803330046334196889MsoNoSpacing\"><b>Solo noticias superficiales se pueden ver diariamente<u><\/u><u><\/u><\/b><\/p>\n<p class=\"x_m_8803330046334196889MsoNoSpacing\">Algunos optimistas dicen que en tres meses se podr\u00e1 ver algo de beneficio, piden que no se exagere la nota exigiendo resultados inmediatos, porque apenas se est\u00e1n acomodando. Esa es la opini\u00f3n respetable de cada quien, sin embargo, en la realidad no se ve nada. Y nada es nada.<u><\/u><u><\/u><\/p>\n<p class=\"x_m_8803330046334196889MsoNoSpacing\">Se hace una nota de que el gobernador camin\u00f3 por las calles de Xalapa.<u><\/u><u><\/u><\/p>\n<p class=\"x_m_8803330046334196889MsoNoSpacing\">Que el Secretario de Seguridad P\u00fablica ya no usa helic\u00f3ptero.<u><\/u><u><\/u><\/p>\n<p class=\"x_m_8803330046334196889MsoNoSpacing\">Que el titular de Sedarpa dice que va a meter a la c\u00e1rcel a los responsables de desv\u00edos.<u><\/u><u><\/u><\/p>\n<p class=\"x_m_8803330046334196889MsoNoSpacing\">Que siguen corriendo a los empleados que si trabajan.<u><\/u><u><\/u><\/p>\n<p class=\"x_m_8803330046334196889MsoNoSpacing\">Pero ese tipo de notitas debieran dejarlas para las artistas y sus seguidores, que les encanta saber hasta lo que comen esas figuras de televisi\u00f3n. Que si se pusieron a dieta, que si viajaron, que si fueron a la playa, que si van a tener un beb\u00e9. Esas son notas muy superficiales que en ese ambiente se valen y adem\u00e1s, venden muy bien, pero en el ejercicio de los funcionarios p\u00fablicos como que no queda.<u><\/u><u><\/u><\/p>\n<p class=\"x_m_8803330046334196889MsoNoSpacing\">Por cierto, ya he escuchado y le\u00eddo como justifican la deficiente labor del responsable de comunicaci\u00f3n social, pero por m\u00e1s moderno que sea, por m\u00e1s redes sociales, por lo que usted mande, no es posible que de manera evidente descuide la imagen del gobernador de Veracruz, como sucedi\u00f3 este mi\u00e9rcoles cuando circul\u00f3 una fotograf\u00eda en Facebook que se la acreditan a Albantro Delgado, donde se ve al mandatario poni\u00e9ndose de acuerdo con otra persona y junto de ellos un indigente tirado en la banqueta.<u><\/u><u><\/u><\/p>\n<p class=\"x_m_8803330046334196889MsoNoSpacing\">Y todav\u00eda le puso un ingenioso el t\u00edtulo \u201cQuien ignora a quien\u201d, haciendo referencia a que el menesteroso nunca tom\u00f3 en cuenta la presencia de esas personalidades ni ellos lo voltearon a ver a \u00e9l.<u><\/u><u><\/u><\/p>\n<p class=\"x_m_8803330046334196889MsoNoSpacing\">Como todo es muy moderno a lo mejor pensaron los responsables de la imagen del gobernador, que esa fotograf\u00eda deb\u00eda ser muy natural y que as\u00ed la dejaran. Total, solo se trataba de otro ciudadano en condiciones de pobreza extrema, para que \u201cmaquillar\u201d el escenario.<\/p>\n<p class=\"x_m_8803330046334196889MsoNoSpacing\"><b>Diputado panista se opone a que comparezca el secretario de Seguridad P\u00fablica<u><\/u><u><\/u><\/b><\/p>\n<p class=\"x_m_8803330046334196889MsoNoSpacing\">El diputado panista, Hip\u00f3lito Deschamps Espino Falc\u00f3n, no estuvo de acuerdo con la petici\u00f3n del\u00a0 diputado del AVE, Ernesto Cuevas Hern\u00e1ndez,\u00a0 quien solicit\u00f3 que compareciera el secretario de Seguridad P\u00fablica, Jaime T\u00e9llez Marie, despu\u00e9s de que elementos de esa corporaci\u00f3n detuvieron al legislador, lo enca\u00f1onaron y lo obligaron a que mostrara todo lo que llevaba a bordo de su autom\u00f3vil, como lo hacen con todo aquel que para ellos parece sospechoso.<u><\/u><u><\/u><\/p>\n<p class=\"x_m_8803330046334196889MsoNoSpacing\">Dice Hip\u00f3lito Deschamps que hay temas m\u00e1s importantes, como la desaparici\u00f3n de personas, para hacer comparecer al secretario solo por eso.<u><\/u><u><\/u><\/p>\n<p class=\"x_m_8803330046334196889MsoNoSpacing\">\u201cPorque tenemos que llamarlo a comparecer cuando nos sucede algo personal\u201d dijo el panista, eso demostrar\u00eda que los diputados tienen prioridad y el resto de los ciudadanos no.<u><\/u><u><\/u><\/p>\n<p class=\"x_m_8803330046334196889MsoNoSpacing\">Es un buen debate, porque las razones, pienso que est\u00e1n equilibradas; porque si aun siendo diputado no lo respetan, que nos podemos esperar el resto de los mortales en manos de esos elementos, que sin generalizar, son paramilitares y no entienden de razones, solo obedecen a su jefe y es as\u00ed como cumplen.<u><\/u><u><\/u><\/p>\n<p class=\"x_m_8803330046334196889MsoNoSpacing\">Lo que s\u00ed se puede observar en este encuentro de diputados es que el diputado panista pertenece al mismo partido que el ejecutivo estatal, por ende, el secretario de Seguridad P\u00fablica, al que podr\u00eda exponer en caso de que compareciera a una serie de cuestionamientos, por lo que todos los veracruzanos sabemos que est\u00e1 sucediendo diariamente en distintos municipios.<\/p>\n<p class=\"x_m_8803330046334196889MsoNoSpacing\"><b>Larisa Carpizo Mendiola viaja a Estados Unidos con el IMJUVE<u><\/u><u><\/u><\/b><\/p>\n<p class=\"x_m_8803330046334196889MsoNoSpacing\">Ayer parti\u00f3 a San Antonio y Houston Texas (EEUU), un grupo de j\u00f3venes patrocinados por el Instituto Mexicano de la Juventud (IMJUVE) en alianza con la Asociaci\u00f3n Civil ILinks, para hacer un recorrido por las principales instituciones, empresas, universidades y recintos culturales de esas ciudades, en el marco del programa Rumbo Joven. Dise\u00f1a tu futuro.<u><\/u><u><\/u><\/p>\n<p class=\"x_m_8803330046334196889MsoNoSpacing\">En ese grupo va la veracruzana Larisa Carpizo Mendiola, quien result\u00f3 ganadora en ese concurso, despu\u00e9s de haber cubierto todos los pasos de esa convocatoria para la obtenci\u00f3n de la beca.\u00a0<u><\/u><u><\/u><\/p>\n<p class=\"x_m_8803330046334196889MsoNoSpacing\">El Imjuve es la dependencia del Gobierno Federal, cuyo trabajo es hacer pol\u00edticas p\u00fablicas a favor de las y los j\u00f3venes mexicanos, para otorgarles las herramientas necesarias para su desarrollo integral. U links busca el empoderamiento a trav\u00e9s de la educaci\u00f3n, promoviendo experiencias que motiven a las y los j\u00f3venes en la construcci\u00f3n de sus proyectos de vida.<u><\/u><u><\/u><\/p>\n<p class=\"x_m_8803330046334196889MsoNoSpacing\">El viaje tendr\u00e1 una duraci\u00f3n de seis d\u00edas y el objetivo es proporcionar a estos j\u00f3venes mexicanos, una plataforma s\u00f3lida y un ambiente de aprendizaje que incentive su inter\u00e9s por carreras profesionales y fomenten la educaci\u00f3n en M\u00e9xico.<u><\/u><u><\/u><\/p>\n<p class=\"x_m_8803330046334196889MsoNoSpacing\">Entre otras empresas que visitar\u00e1n figuran Toyota Motor Manufacturing, Geekdom, Budweiser, HMNS y Cortes municipales de San Antonio.\u00a0 Workshops en AEM y en Rice University, as\u00ed como las instalaciones de la NASA.<\/p>\n<p class=\"x_m_8803330046334196889MsoNoSpacing\"><b>Otra de diputados locales. Ahora se resbal\u00f3 Mariana Dunyaska<u><\/u><u><\/u><\/b><\/p>\n<p class=\"x_m_8803330046334196889MsoNoSpacing\">No es broma. La diputada Mariana Dunyaska Garc\u00eda Rojas, del partido Acci\u00f3n Nacional, debiera inscribirse en la Universidad Popular Aut\u00f3noma de Veracruz, leer m\u00e1s noticias y conocer la historia reciente del estado, porque acusar y pedir que se investigue al fundador de la UPAV, Guillermo Z\u00fa\u00f1iga Mart\u00ednez, quien falleci\u00f3 el 24 de abril de 2015, la exhibe de manera muy lamentable.<u><\/u><u><\/u><\/p>\n<p class=\"x_m_8803330046334196889MsoNoSpacing\">Todo por querer llev\u00e1rsela primicia, sin documentarse debidamente lanz\u00f3 al aire su protesta, cuando el mi\u00e9rcoles en el Tercer Informe del Alcalde de Xalapa, Am\u00e9rico Z\u00fa\u00f1iga Mart\u00ednez, el propio gobernador Miguel \u00c1ngel Yunes Linares, se refiri\u00f3 al maestro Guillermo Z\u00fa\u00f1iga como el gran ausente entre los alcaldes de la ciudad de Xalapa, porque tambi\u00e9n lo fue.<u><\/u><u><\/u><\/p>\n<p class=\"x_m_8803330046334196889MsoNoSpacing\">Adem\u00e1s de eso, el gobernador le hizo muchos reconocimientos a su trayectoria como pol\u00edtico veracruzano, pero ahora resulta que la legisladora se resbala de manera escandalosa con ese terrible desconocimiento.<u><\/u><u><\/u><\/p>\n<p class=\"x_m_8803330046334196889MsoNoSpacing\">Lo que es cierto que la diputada panista del distrito de Medell\u00edn de Bravo, pas\u00f3 a la historia. A partir de ahora va a ser tomada como referente sobre lo que no se debe hacer, porque su incapacidad legislativa quedo en evidencia. Lo peor es que cometi\u00f3 una falta de respeto a la familia Z\u00fa\u00f1iga Mart\u00ednez.\u00a0\u00a0\u00a0\u00a0\u00a0\u00a0 \u00a0\u00a0\u00a0\u00a0\u00a0\u00a0<u><\/u><u><\/u><\/p>\n<p class=\"x_m_8803330046334196889MsoNoSpacing\">Ni como defenderla, solo con esas recomendaciones\u2026 que se documente debidamente.<\/p>\n","protected":false},"excerpt":{"rendered":"<p>Fanny Y\u00e9pez \u00a0La Columna Se cierra la primera quincena del nuevo gobierno pero no se ha podido ver el cambio, todo ha seguido igual y existen muchas razones para que as\u00ed est\u00e9n las cosas, como por ejemplo, la falta de dinero que de inmediato encadena otros escenarios,\u00a0 que finalmente nos afectan a todos. Como nos [&hellip;]<\/p>\n","protected":false},"author":2,"featured_media":0,"comment_status":"open","ping_status":"open","sticky":false,"template":"","format":"standard","meta":{"tdm_status":"","tdm_grid_status":"","footnotes":""},"categories":[70],"tags":[4676,6945,3046,6946,6947,428],"class_list":{"0":"post-29332","1":"post","2":"type-post","3":"status-publish","4":"format-standard","6":"category-de-opinion","7":"tag-ernesto-cuevas-hernandez","8":"tag-hipolito-deschamps-espino-falcon","9":"tag-jaime-tellez-marie","10":"tag-larisa-carpizo-mendiola","11":"tag-mariana-dunyaska","12":"tag-miguel-angel-yunes-linares"},"yoast_head":"<!-- This site is optimized with the Yoast SEO plugin v27.4 - https:\/\/yoast.com\/product\/yoast-seo-wordpress\/ -->\n<title>15 d\u00edas y no hubo cambio - Los pol\u00edticos Veracruz<\/title>\n<meta name=\"robots\" content=\"index, follow, max-snippet:-1, max-image-preview:large, max-video-preview:-1\" \/>\n<link rel=\"canonical\" href=\"https:\/\/lospoliticosveracruz.com\/?p=29332\" \/>\n<meta property=\"og:locale\" content=\"es_ES\" \/>\n<meta property=\"og:type\" content=\"article\" \/>\n<meta property=\"og:title\" content=\"15 d\u00edas y no hubo cambio - Los pol\u00edticos Veracruz\" \/>\n<meta property=\"og:description\" content=\"Fanny Y\u00e9pez \u00a0La Columna Se cierra la primera quincena del nuevo gobierno pero no se ha podido ver el cambio, todo ha seguido igual y existen muchas razones para que as\u00ed est\u00e9n las cosas, como por ejemplo, la falta de dinero que de inmediato encadena otros escenarios,\u00a0 que finalmente nos afectan a todos. Como nos [&hellip;]\" \/>\n<meta property=\"og:url\" content=\"https:\/\/lospoliticosveracruz.com\/?p=29332\" \/>\n<meta property=\"og:site_name\" content=\"Los pol\u00edticos Veracruz\" \/>\n<meta property=\"article:publisher\" content=\"https:\/\/www.facebook.com\/people\/Notimemes-de-los-Polticos\/61565672886568\/\" \/>\n<meta property=\"article:published_time\" content=\"2016-12-16T00:43:48+00:00\" \/>\n<meta property=\"og:image\" content=\"https:\/\/lospoliticosveracruz.com\/wp-content\/uploads\/2016\/07\/Logo-Dor.jpg\" \/>\n\t<meta property=\"og:image:width\" content=\"200\" \/>\n\t<meta property=\"og:image:height\" content=\"200\" \/>\n\t<meta property=\"og:image:type\" content=\"image\/jpeg\" \/>\n<meta name=\"author\" content=\"Lo viste en Los Pol\u00edticos\" \/>\n<meta name=\"twitter:card\" content=\"summary_large_image\" \/>\n<meta name=\"twitter:creator\" content=\"@LosPoliticosVer\" \/>\n<meta name=\"twitter:site\" content=\"@LosPoliticosVer\" \/>\n<meta name=\"twitter:label1\" content=\"Escrito por\" \/>\n\t<meta name=\"twitter:data1\" content=\"Lo viste en Los Pol\u00edticos\" \/>\n\t<meta name=\"twitter:label2\" content=\"Tiempo de lectura\" \/>\n\t<meta name=\"twitter:data2\" content=\"7 minutos\" \/>\n<script type=\"application\/ld+json\" class=\"yoast-schema-graph\">{\"@context\":\"https:\\\/\\\/schema.org\",\"@graph\":[{\"@type\":\"Article\",\"@id\":\"https:\\\/\\\/lospoliticosveracruz.com\\\/?p=29332#article\",\"isPartOf\":{\"@id\":\"https:\\\/\\\/lospoliticosveracruz.com\\\/?p=29332\"},\"author\":{\"name\":\"Lo viste en Los Pol\u00edticos\",\"@id\":\"https:\\\/\\\/lospoliticosveracruz.com\\\/#\\\/schema\\\/person\\\/b8702bb0e538456e6efd07080bf2a4a2\"},\"headline\":\"15 d\u00edas y no hubo cambio\",\"datePublished\":\"2016-12-16T00:43:48+00:00\",\"mainEntityOfPage\":{\"@id\":\"https:\\\/\\\/lospoliticosveracruz.com\\\/?p=29332\"},\"wordCount\":1408,\"commentCount\":0,\"publisher\":{\"@id\":\"https:\\\/\\\/lospoliticosveracruz.com\\\/#organization\"},\"keywords\":[\"Ernesto Cuevas Hern\u00e1ndez\",\"Hip\u00f3lito Deschamps Espino Falc\u00f3n\",\"Jaime T\u00e9llez Mari\u00e9\",\"Larisa Carpizo Mendiola\",\"Mariana Dunyaska\",\"Miguel Angel Yunes Linares\"],\"articleSection\":[\"De Opini\u00f3n\"],\"inLanguage\":\"es\",\"potentialAction\":[{\"@type\":\"CommentAction\",\"name\":\"Comment\",\"target\":[\"https:\\\/\\\/lospoliticosveracruz.com\\\/?p=29332#respond\"]}]},{\"@type\":\"WebPage\",\"@id\":\"https:\\\/\\\/lospoliticosveracruz.com\\\/?p=29332\",\"url\":\"https:\\\/\\\/lospoliticosveracruz.com\\\/?p=29332\",\"name\":\"15 d\u00edas y no hubo cambio - Los pol\u00edticos Veracruz\",\"isPartOf\":{\"@id\":\"https:\\\/\\\/lospoliticosveracruz.com\\\/#website\"},\"datePublished\":\"2016-12-16T00:43:48+00:00\",\"breadcrumb\":{\"@id\":\"https:\\\/\\\/lospoliticosveracruz.com\\\/?p=29332#breadcrumb\"},\"inLanguage\":\"es\",\"potentialAction\":[{\"@type\":\"ReadAction\",\"target\":[\"https:\\\/\\\/lospoliticosveracruz.com\\\/?p=29332\"]}]},{\"@type\":\"BreadcrumbList\",\"@id\":\"https:\\\/\\\/lospoliticosveracruz.com\\\/?p=29332#breadcrumb\",\"itemListElement\":[{\"@type\":\"ListItem\",\"position\":1,\"name\":\"Portada\",\"item\":\"https:\\\/\\\/lospoliticosveracruz.com\\\/\"},{\"@type\":\"ListItem\",\"position\":2,\"name\":\"15 d\u00edas y no hubo cambio\"}]},{\"@type\":\"WebSite\",\"@id\":\"https:\\\/\\\/lospoliticosveracruz.com\\\/#website\",\"url\":\"https:\\\/\\\/lospoliticosveracruz.com\\\/\",\"name\":\"Los pol\u00edticos Veracruz\",\"description\":\"\",\"publisher\":{\"@id\":\"https:\\\/\\\/lospoliticosveracruz.com\\\/#organization\"},\"potentialAction\":[{\"@type\":\"SearchAction\",\"target\":{\"@type\":\"EntryPoint\",\"urlTemplate\":\"https:\\\/\\\/lospoliticosveracruz.com\\\/?s={search_term_string}\"},\"query-input\":{\"@type\":\"PropertyValueSpecification\",\"valueRequired\":true,\"valueName\":\"search_term_string\"}}],\"inLanguage\":\"es\"},{\"@type\":\"Organization\",\"@id\":\"https:\\\/\\\/lospoliticosveracruz.com\\\/#organization\",\"name\":\"Los pol\u00edticos Veracruz\",\"url\":\"https:\\\/\\\/lospoliticosveracruz.com\\\/\",\"logo\":{\"@type\":\"ImageObject\",\"inLanguage\":\"es\",\"@id\":\"https:\\\/\\\/lospoliticosveracruz.com\\\/#\\\/schema\\\/logo\\\/image\\\/\",\"url\":\"https:\\\/\\\/lospoliticosveracruz.com\\\/wp-content\\\/uploads\\\/2025\\\/12\\\/Logo-Nuevo-LOS-POLITICOS-1.jpg\",\"contentUrl\":\"https:\\\/\\\/lospoliticosveracruz.com\\\/wp-content\\\/uploads\\\/2025\\\/12\\\/Logo-Nuevo-LOS-POLITICOS-1.jpg\",\"width\":260,\"height\":70,\"caption\":\"Los pol\u00edticos Veracruz\"},\"image\":{\"@id\":\"https:\\\/\\\/lospoliticosveracruz.com\\\/#\\\/schema\\\/logo\\\/image\\\/\"},\"sameAs\":[\"https:\\\/\\\/www.facebook.com\\\/people\\\/Notimemes-de-los-Polticos\\\/61565672886568\\\/\",\"https:\\\/\\\/x.com\\\/LosPoliticosVer\"]},{\"@type\":\"Person\",\"@id\":\"https:\\\/\\\/lospoliticosveracruz.com\\\/#\\\/schema\\\/person\\\/b8702bb0e538456e6efd07080bf2a4a2\",\"name\":\"Lo viste en Los Pol\u00edticos\",\"image\":{\"@type\":\"ImageObject\",\"inLanguage\":\"es\",\"@id\":\"https:\\\/\\\/secure.gravatar.com\\\/avatar\\\/3a8de04a2656d44082be478bd6c086daa447c4651605818287b9532d3d0bd435?s=96&d=mm&r=g\",\"url\":\"https:\\\/\\\/secure.gravatar.com\\\/avatar\\\/3a8de04a2656d44082be478bd6c086daa447c4651605818287b9532d3d0bd435?s=96&d=mm&r=g\",\"contentUrl\":\"https:\\\/\\\/secure.gravatar.com\\\/avatar\\\/3a8de04a2656d44082be478bd6c086daa447c4651605818287b9532d3d0bd435?s=96&d=mm&r=g\",\"caption\":\"Lo viste en Los Pol\u00edticos\"},\"url\":\"https:\\\/\\\/lospoliticosveracruz.com\\\/?author=2\"}]}<\/script>\n<!-- \/ Yoast SEO plugin. -->","yoast_head_json":{"title":"15 d\u00edas y no hubo cambio - Los pol\u00edticos Veracruz","robots":{"index":"index","follow":"follow","max-snippet":"max-snippet:-1","max-image-preview":"max-image-preview:large","max-video-preview":"max-video-preview:-1"},"canonical":"https:\/\/lospoliticosveracruz.com\/?p=29332","og_locale":"es_ES","og_type":"article","og_title":"15 d\u00edas y no hubo cambio - Los pol\u00edticos Veracruz","og_description":"Fanny Y\u00e9pez \u00a0La Columna Se cierra la primera quincena del nuevo gobierno pero no se ha podido ver el cambio, todo ha seguido igual y existen muchas razones para que as\u00ed est\u00e9n las cosas, como por ejemplo, la falta de dinero que de inmediato encadena otros escenarios,\u00a0 que finalmente nos afectan a todos. Como nos [&hellip;]","og_url":"https:\/\/lospoliticosveracruz.com\/?p=29332","og_site_name":"Los pol\u00edticos Veracruz","article_publisher":"https:\/\/www.facebook.com\/people\/Notimemes-de-los-Polticos\/61565672886568\/","article_published_time":"2016-12-16T00:43:48+00:00","og_image":[{"width":200,"height":200,"url":"https:\/\/lospoliticosveracruz.com\/wp-content\/uploads\/2016\/07\/Logo-Dor.jpg","type":"image\/jpeg"}],"author":"Lo viste en Los Pol\u00edticos","twitter_card":"summary_large_image","twitter_creator":"@LosPoliticosVer","twitter_site":"@LosPoliticosVer","twitter_misc":{"Escrito por":"Lo viste en Los Pol\u00edticos","Tiempo de lectura":"7 minutos"},"schema":{"@context":"https:\/\/schema.org","@graph":[{"@type":"Article","@id":"https:\/\/lospoliticosveracruz.com\/?p=29332#article","isPartOf":{"@id":"https:\/\/lospoliticosveracruz.com\/?p=29332"},"author":{"name":"Lo viste en Los Pol\u00edticos","@id":"https:\/\/lospoliticosveracruz.com\/#\/schema\/person\/b8702bb0e538456e6efd07080bf2a4a2"},"headline":"15 d\u00edas y no hubo cambio","datePublished":"2016-12-16T00:43:48+00:00","mainEntityOfPage":{"@id":"https:\/\/lospoliticosveracruz.com\/?p=29332"},"wordCount":1408,"commentCount":0,"publisher":{"@id":"https:\/\/lospoliticosveracruz.com\/#organization"},"keywords":["Ernesto Cuevas Hern\u00e1ndez","Hip\u00f3lito Deschamps Espino Falc\u00f3n","Jaime T\u00e9llez Mari\u00e9","Larisa Carpizo Mendiola","Mariana Dunyaska","Miguel Angel Yunes Linares"],"articleSection":["De Opini\u00f3n"],"inLanguage":"es","potentialAction":[{"@type":"CommentAction","name":"Comment","target":["https:\/\/lospoliticosveracruz.com\/?p=29332#respond"]}]},{"@type":"WebPage","@id":"https:\/\/lospoliticosveracruz.com\/?p=29332","url":"https:\/\/lospoliticosveracruz.com\/?p=29332","name":"15 d\u00edas y no hubo cambio - Los pol\u00edticos Veracruz","isPartOf":{"@id":"https:\/\/lospoliticosveracruz.com\/#website"},"datePublished":"2016-12-16T00:43:48+00:00","breadcrumb":{"@id":"https:\/\/lospoliticosveracruz.com\/?p=29332#breadcrumb"},"inLanguage":"es","potentialAction":[{"@type":"ReadAction","target":["https:\/\/lospoliticosveracruz.com\/?p=29332"]}]},{"@type":"BreadcrumbList","@id":"https:\/\/lospoliticosveracruz.com\/?p=29332#breadcrumb","itemListElement":[{"@type":"ListItem","position":1,"name":"Portada","item":"https:\/\/lospoliticosveracruz.com\/"},{"@type":"ListItem","position":2,"name":"15 d\u00edas y no hubo cambio"}]},{"@type":"WebSite","@id":"https:\/\/lospoliticosveracruz.com\/#website","url":"https:\/\/lospoliticosveracruz.com\/","name":"Los pol\u00edticos Veracruz","description":"","publisher":{"@id":"https:\/\/lospoliticosveracruz.com\/#organization"},"potentialAction":[{"@type":"SearchAction","target":{"@type":"EntryPoint","urlTemplate":"https:\/\/lospoliticosveracruz.com\/?s={search_term_string}"},"query-input":{"@type":"PropertyValueSpecification","valueRequired":true,"valueName":"search_term_string"}}],"inLanguage":"es"},{"@type":"Organization","@id":"https:\/\/lospoliticosveracruz.com\/#organization","name":"Los pol\u00edticos Veracruz","url":"https:\/\/lospoliticosveracruz.com\/","logo":{"@type":"ImageObject","inLanguage":"es","@id":"https:\/\/lospoliticosveracruz.com\/#\/schema\/logo\/image\/","url":"https:\/\/lospoliticosveracruz.com\/wp-content\/uploads\/2025\/12\/Logo-Nuevo-LOS-POLITICOS-1.jpg","contentUrl":"https:\/\/lospoliticosveracruz.com\/wp-content\/uploads\/2025\/12\/Logo-Nuevo-LOS-POLITICOS-1.jpg","width":260,"height":70,"caption":"Los pol\u00edticos Veracruz"},"image":{"@id":"https:\/\/lospoliticosveracruz.com\/#\/schema\/logo\/image\/"},"sameAs":["https:\/\/www.facebook.com\/people\/Notimemes-de-los-Polticos\/61565672886568\/","https:\/\/x.com\/LosPoliticosVer"]},{"@type":"Person","@id":"https:\/\/lospoliticosveracruz.com\/#\/schema\/person\/b8702bb0e538456e6efd07080bf2a4a2","name":"Lo viste en Los Pol\u00edticos","image":{"@type":"ImageObject","inLanguage":"es","@id":"https:\/\/secure.gravatar.com\/avatar\/3a8de04a2656d44082be478bd6c086daa447c4651605818287b9532d3d0bd435?s=96&d=mm&r=g","url":"https:\/\/secure.gravatar.com\/avatar\/3a8de04a2656d44082be478bd6c086daa447c4651605818287b9532d3d0bd435?s=96&d=mm&r=g","contentUrl":"https:\/\/secure.gravatar.com\/avatar\/3a8de04a2656d44082be478bd6c086daa447c4651605818287b9532d3d0bd435?s=96&d=mm&r=g","caption":"Lo viste en Los Pol\u00edticos"},"url":"https:\/\/lospoliticosveracruz.com\/?author=2"}]}},"_links":{"self":[{"href":"https:\/\/lospoliticosveracruz.com\/index.php?rest_route=\/wp\/v2\/posts\/29332","targetHints":{"allow":["GET"]}}],"collection":[{"href":"https:\/\/lospoliticosveracruz.com\/index.php?rest_route=\/wp\/v2\/posts"}],"about":[{"href":"https:\/\/lospoliticosveracruz.com\/index.php?rest_route=\/wp\/v2\/types\/post"}],"author":[{"embeddable":true,"href":"https:\/\/lospoliticosveracruz.com\/index.php?rest_route=\/wp\/v2\/users\/2"}],"replies":[{"embeddable":true,"href":"https:\/\/lospoliticosveracruz.com\/index.php?rest_route=%2Fwp%2Fv2%2Fcomments&post=29332"}],"version-history":[{"count":2,"href":"https:\/\/lospoliticosveracruz.com\/index.php?rest_route=\/wp\/v2\/posts\/29332\/revisions"}],"predecessor-version":[{"id":29338,"href":"https:\/\/lospoliticosveracruz.com\/index.php?rest_route=\/wp\/v2\/posts\/29332\/revisions\/29338"}],"wp:attachment":[{"href":"https:\/\/lospoliticosveracruz.com\/index.php?rest_route=%2Fwp%2Fv2%2Fmedia&parent=29332"}],"wp:term":[{"taxonomy":"category","embeddable":true,"href":"https:\/\/lospoliticosveracruz.com\/index.php?rest_route=%2Fwp%2Fv2%2Fcategories&post=29332"},{"taxonomy":"post_tag","embeddable":true,"href":"https:\/\/lospoliticosveracruz.com\/index.php?rest_route=%2Fwp%2Fv2%2Ftags&post=29332"}],"curies":[{"name":"wp","href":"https:\/\/api.w.org\/{rel}","templated":true}]}}