{"id":29385,"date":"2016-12-16T11:40:37","date_gmt":"2016-12-16T17:40:37","guid":{"rendered":"http:\/\/www.lospoliticosveracruz.com.mx\/?p=29385"},"modified":"2016-12-16T11:40:37","modified_gmt":"2016-12-16T17:40:37","slug":"pepe-yunes-defiende-a-su-compadre-yo-a-los-veracruzanos-mayl","status":"publish","type":"post","link":"https:\/\/lospoliticosveracruz.com\/?p=29385","title":{"rendered":"Pepe Yunes defiende a su compadre; yo, a los veracruzanos: MAYL"},"content":{"rendered":"<p>El gobernador Miguel \u00c1ngel Yunes Linares fue claro en citar que no ha solicitado ning\u00fan cr\u00e9dito aunque todo depende\u00a0de lo que acuerde en su reuni\u00f3n de este d\u00eda\u00a0\u00a0en la ciudad de M\u00e9xico con funcionarios federales cuyo objetivo es tratar de resolver la emergencia financiera que vive Veracruz\u00a0as\u00ed como\u00a0insistir ante la Secretar\u00eda de Hacienda en que es responsabilidad del Gobierno Federal participar en la soluci\u00f3n de esta crisis. \u00abVoy tambi\u00e9n a reunirme con el secretario de Salud y con el director del Seguro Popular para exponerles la grave crisis que vive el sector salud en Veracruz y solicitar que el Gobierno federal invierta m\u00e1s recursos a Veracruz y que se puedan afiliar m\u00e1s personas al Seguro Popular\u00bb.\u00a0Culmina su\u00a0gira\u00a0con Patricia Bugar\u00edn, quien\u00a0es la responsable de secuestros en la Procuradur\u00eda General de la Rep\u00fablica.<\/p>\n<p>Dej\u00f3 en claro que ha de pagar\u00a0con puntualidad el pr\u00f3ximo d\u00eda 20 a pensionados y jubilados. \u00abNo habr\u00e1 ning\u00fan retraso. Hemos venido cubriendo nuestros compromisos con toda oportunidad, y el d\u00eda 22 que corresponde pagar la segunda parte de la n\u00f3mina al magisterio; haremos un esfuerzo para pagar ese d\u00eda; en caso de que no pudi\u00e9ramos pagar ese d\u00eda, estaremos pidi\u00e9ndole al Magisterio un plazo de 8 d\u00edas que vencer\u00eda el d\u00eda 30 para pagar la n\u00f3mina y \u00a0pagar la segunda parte del aguinaldo y nos comprometer\u00edamos a pagar el inter\u00e9s que se deba pagar por esos 8 d\u00edas de diferimiento.\u00a0Pero en caso de los pensionados se les pagar\u00e1 con toda oportunidad\u00bb.<\/p>\n<p>En el remoto caso de necesitar\u00a0un cr\u00e9dito, \u00ablo haremos saber a la opini\u00f3n p\u00fablica y publicaremos en internet los contratos del cr\u00e9dito, el procedimiento que se llev\u00f3 a cabo para obtener el mismo, las tasas de inter\u00e9s y, sobre todo, el destino de los recursos que eso es muy importante\u00bb.<\/p>\n<p>Respecto a la opini\u00f3n del Senador Jos\u00e9 Yunes Zorrilla quien asegura que no ser\u00eda \u00a0buena idea la desincorporaci\u00f3n fiscal que se plantea, respondi\u00f3\u00a0no\u00a0compartir la opini\u00f3n del senador ni en la forma ni en el fondo; \u00ab\u00e9l no defiende 8 millones de veracruzanos, \u00e9l defiende a su compadre, el secretario de Hacienda; yo defiendo el inter\u00e9s de 8 millones de veracruzanos que estamos atravesando por una crisis financiera brutal derivada de hechos de corrupci\u00f3n\u00bb; en vez de\u00a0sumarse al inter\u00e9s y a la demanda de los veracruzanos para que el Gobierno federal aporte recursos y se resuelva esta crisis, \u00ab\u00e9l lo que plantea, por instrucciones de Meade, porque por eso vino, es que pidamos cr\u00e9ditos de largo plazo y que sigamos endeudando a los veracruzanos\u00a0y eso no lo voy a hacer, si pedimos un cr\u00e9dito ser\u00e1 de corto plazo y lo liquidar\u00e9 durante mi administraci\u00f3n y nada m\u00e1s\u00bb.<\/p>\n<p>Respecto a los \u00abaviadores\u00bb, coment\u00f3 que en la oficina del Gobernador encontraron\u00a0\u00a0una n\u00f3mina de m\u00e1s de 300 personas que no prestaba ning\u00fan servicio, que solamente cobraba, \u00abeso lo vamos a limpiar definitivamente, quien no trabaje no va a seguir en el Gobierno y no va a seguir cobrando y quien haya trabajado, quiero ser muy claro, quien haya trabajado va a conservar su puesto\u00bb;\u00a0caso contrario, \u00abvamos a presentar denuncia penal contra \u00e9l y contra quien permiti\u00f3 que cobrara sin trabajar\u00bb.<\/p>\n<p>Sobre la posibilidad de crear nuevos impuestos, dijo\u00a0que se analiza\u00a0con un grupo de asesores en pos de la\u00a0soluci\u00f3n a la crisis. Habl\u00f3 de su reuni\u00f3n\u00a0con prestadores de servicios tur\u00edsticos quienes plantean que se pudiera restablecer un impuesto que ya existi\u00f3 que es\u00a0el impuesto al hospedaje, \u00abellos lo proponen porque es un impuesto que ellos mismos administrar\u00edan para promocionar el turismo en Veracruz, pero resalto algo bien importante, \u00a0no afecta a los veracruzanos\u00bb.<\/p>\n<p>En materia de transporte,\u00a0considera que hay\u00a0un desorden brutal, \u00abse dieron miles de concesiones, se vendieron miles de concesiones durante estos 12 a\u00f1os desde la \u00e9poca de Fidel Herrera hasta ahora y lo que vamos a hacer a partir de enero es iniciar un programa de regularizaci\u00f3n del transporte p\u00fablico para que veamos quienes son realmente taxistas, quienes son realmente transportistas, que se le d\u00e9 certeza jur\u00eddica a quienes lo sean y los que no tengan derecho que dejen de prestar el servicio; \u00e9ste es un tema que se vincula tambi\u00e9n con los riesgos a la seguridad de los veracruzanos porque hemos detectado que muchos taxistas no est\u00e1n sirviendo realmente como un instrumento de transporte sino est\u00e1n sirviendo a la delincuencia organizada y no lo vamos a permitir\u00bb.<\/p>\n<p>&nbsp;<\/p>\n","protected":false},"excerpt":{"rendered":"<p>El gobernador Miguel \u00c1ngel Yunes Linares fue claro en citar que no ha solicitado ning\u00fan cr\u00e9dito aunque todo depende\u00a0de lo que acuerde en su reuni\u00f3n de este d\u00eda\u00a0\u00a0en la ciudad de M\u00e9xico con funcionarios federales cuyo objetivo es tratar de resolver la emergencia financiera que vive Veracruz\u00a0as\u00ed como\u00a0insistir ante la Secretar\u00eda de Hacienda en que [&hellip;]<\/p>\n","protected":false},"author":2,"featured_media":0,"comment_status":"open","ping_status":"open","sticky":false,"template":"","format":"standard","meta":{"tdm_status":"","tdm_grid_status":"","footnotes":""},"categories":[73],"tags":[238,3433,227,428,236,195],"class_list":{"0":"post-29385","1":"post","2":"type-post","3":"status-publish","4":"format-standard","6":"category-de-boleto","7":"tag-hacienda","8":"tag-jose-antonio-meade","9":"tag-jose-yunes-zorrilla","10":"tag-miguel-angel-yunes-linares","11":"tag-taxis","12":"tag-veracruz"},"yoast_head":"<!-- This site is optimized with the Yoast SEO plugin v27.4 - https:\/\/yoast.com\/product\/yoast-seo-wordpress\/ -->\n<title>Pepe Yunes defiende a su compadre; yo, a los veracruzanos: MAYL - Los pol\u00edticos Veracruz<\/title>\n<meta name=\"robots\" content=\"index, follow, max-snippet:-1, max-image-preview:large, max-video-preview:-1\" \/>\n<link rel=\"canonical\" href=\"https:\/\/lospoliticosveracruz.com\/?p=29385\" \/>\n<meta property=\"og:locale\" content=\"es_ES\" \/>\n<meta property=\"og:type\" content=\"article\" \/>\n<meta property=\"og:title\" content=\"Pepe Yunes defiende a su compadre; yo, a los veracruzanos: MAYL - Los pol\u00edticos Veracruz\" \/>\n<meta property=\"og:description\" content=\"El gobernador Miguel \u00c1ngel Yunes Linares fue claro en citar que no ha solicitado ning\u00fan cr\u00e9dito aunque todo depende\u00a0de lo que acuerde en su reuni\u00f3n de este d\u00eda\u00a0\u00a0en la ciudad de M\u00e9xico con funcionarios federales cuyo objetivo es tratar de resolver la emergencia financiera que vive Veracruz\u00a0as\u00ed como\u00a0insistir ante la Secretar\u00eda de Hacienda en que [&hellip;]\" \/>\n<meta property=\"og:url\" content=\"https:\/\/lospoliticosveracruz.com\/?p=29385\" \/>\n<meta property=\"og:site_name\" content=\"Los pol\u00edticos Veracruz\" \/>\n<meta property=\"article:publisher\" content=\"https:\/\/www.facebook.com\/people\/Notimemes-de-los-Polticos\/61565672886568\/\" \/>\n<meta property=\"article:published_time\" content=\"2016-12-16T17:40:37+00:00\" \/>\n<meta property=\"og:image\" content=\"https:\/\/lospoliticosveracruz.com\/wp-content\/uploads\/2016\/07\/Logo-Dor.jpg\" \/>\n\t<meta property=\"og:image:width\" content=\"200\" \/>\n\t<meta property=\"og:image:height\" content=\"200\" \/>\n\t<meta property=\"og:image:type\" content=\"image\/jpeg\" \/>\n<meta name=\"author\" content=\"Lo viste en Los Pol\u00edticos\" \/>\n<meta name=\"twitter:card\" content=\"summary_large_image\" \/>\n<meta name=\"twitter:creator\" content=\"@LosPoliticosVer\" \/>\n<meta name=\"twitter:site\" content=\"@LosPoliticosVer\" \/>\n<meta name=\"twitter:label1\" content=\"Escrito por\" \/>\n\t<meta name=\"twitter:data1\" content=\"Lo viste en Los Pol\u00edticos\" \/>\n\t<meta name=\"twitter:label2\" content=\"Tiempo de lectura\" \/>\n\t<meta name=\"twitter:data2\" content=\"4 minutos\" \/>\n<script type=\"application\/ld+json\" class=\"yoast-schema-graph\">{\"@context\":\"https:\\\/\\\/schema.org\",\"@graph\":[{\"@type\":\"Article\",\"@id\":\"https:\\\/\\\/lospoliticosveracruz.com\\\/?p=29385#article\",\"isPartOf\":{\"@id\":\"https:\\\/\\\/lospoliticosveracruz.com\\\/?p=29385\"},\"author\":{\"name\":\"Lo viste en Los Pol\u00edticos\",\"@id\":\"https:\\\/\\\/lospoliticosveracruz.com\\\/#\\\/schema\\\/person\\\/b8702bb0e538456e6efd07080bf2a4a2\"},\"headline\":\"Pepe Yunes defiende a su compadre; yo, a los veracruzanos: MAYL\",\"datePublished\":\"2016-12-16T17:40:37+00:00\",\"mainEntityOfPage\":{\"@id\":\"https:\\\/\\\/lospoliticosveracruz.com\\\/?p=29385\"},\"wordCount\":804,\"commentCount\":0,\"publisher\":{\"@id\":\"https:\\\/\\\/lospoliticosveracruz.com\\\/#organization\"},\"keywords\":[\"Hacienda\",\"Jos\u00e9 Antonio Meade\",\"Jos\u00e9 Yunes Zorrilla\",\"Miguel Angel Yunes Linares\",\"taxis\",\"Veracruz\"],\"articleSection\":[\"De Boleto\"],\"inLanguage\":\"es\",\"potentialAction\":[{\"@type\":\"CommentAction\",\"name\":\"Comment\",\"target\":[\"https:\\\/\\\/lospoliticosveracruz.com\\\/?p=29385#respond\"]}]},{\"@type\":\"WebPage\",\"@id\":\"https:\\\/\\\/lospoliticosveracruz.com\\\/?p=29385\",\"url\":\"https:\\\/\\\/lospoliticosveracruz.com\\\/?p=29385\",\"name\":\"Pepe Yunes defiende a su compadre; yo, a los veracruzanos: MAYL - Los pol\u00edticos Veracruz\",\"isPartOf\":{\"@id\":\"https:\\\/\\\/lospoliticosveracruz.com\\\/#website\"},\"datePublished\":\"2016-12-16T17:40:37+00:00\",\"breadcrumb\":{\"@id\":\"https:\\\/\\\/lospoliticosveracruz.com\\\/?p=29385#breadcrumb\"},\"inLanguage\":\"es\",\"potentialAction\":[{\"@type\":\"ReadAction\",\"target\":[\"https:\\\/\\\/lospoliticosveracruz.com\\\/?p=29385\"]}]},{\"@type\":\"BreadcrumbList\",\"@id\":\"https:\\\/\\\/lospoliticosveracruz.com\\\/?p=29385#breadcrumb\",\"itemListElement\":[{\"@type\":\"ListItem\",\"position\":1,\"name\":\"Portada\",\"item\":\"https:\\\/\\\/lospoliticosveracruz.com\\\/\"},{\"@type\":\"ListItem\",\"position\":2,\"name\":\"Pepe Yunes defiende a su compadre; yo, a los veracruzanos: MAYL\"}]},{\"@type\":\"WebSite\",\"@id\":\"https:\\\/\\\/lospoliticosveracruz.com\\\/#website\",\"url\":\"https:\\\/\\\/lospoliticosveracruz.com\\\/\",\"name\":\"Los pol\u00edticos Veracruz\",\"description\":\"\",\"publisher\":{\"@id\":\"https:\\\/\\\/lospoliticosveracruz.com\\\/#organization\"},\"potentialAction\":[{\"@type\":\"SearchAction\",\"target\":{\"@type\":\"EntryPoint\",\"urlTemplate\":\"https:\\\/\\\/lospoliticosveracruz.com\\\/?s={search_term_string}\"},\"query-input\":{\"@type\":\"PropertyValueSpecification\",\"valueRequired\":true,\"valueName\":\"search_term_string\"}}],\"inLanguage\":\"es\"},{\"@type\":\"Organization\",\"@id\":\"https:\\\/\\\/lospoliticosveracruz.com\\\/#organization\",\"name\":\"Los pol\u00edticos Veracruz\",\"url\":\"https:\\\/\\\/lospoliticosveracruz.com\\\/\",\"logo\":{\"@type\":\"ImageObject\",\"inLanguage\":\"es\",\"@id\":\"https:\\\/\\\/lospoliticosveracruz.com\\\/#\\\/schema\\\/logo\\\/image\\\/\",\"url\":\"https:\\\/\\\/lospoliticosveracruz.com\\\/wp-content\\\/uploads\\\/2025\\\/12\\\/Logo-Nuevo-LOS-POLITICOS-1.jpg\",\"contentUrl\":\"https:\\\/\\\/lospoliticosveracruz.com\\\/wp-content\\\/uploads\\\/2025\\\/12\\\/Logo-Nuevo-LOS-POLITICOS-1.jpg\",\"width\":260,\"height\":70,\"caption\":\"Los pol\u00edticos Veracruz\"},\"image\":{\"@id\":\"https:\\\/\\\/lospoliticosveracruz.com\\\/#\\\/schema\\\/logo\\\/image\\\/\"},\"sameAs\":[\"https:\\\/\\\/www.facebook.com\\\/people\\\/Notimemes-de-los-Polticos\\\/61565672886568\\\/\",\"https:\\\/\\\/x.com\\\/LosPoliticosVer\"]},{\"@type\":\"Person\",\"@id\":\"https:\\\/\\\/lospoliticosveracruz.com\\\/#\\\/schema\\\/person\\\/b8702bb0e538456e6efd07080bf2a4a2\",\"name\":\"Lo viste en Los Pol\u00edticos\",\"image\":{\"@type\":\"ImageObject\",\"inLanguage\":\"es\",\"@id\":\"https:\\\/\\\/secure.gravatar.com\\\/avatar\\\/3a8de04a2656d44082be478bd6c086daa447c4651605818287b9532d3d0bd435?s=96&d=mm&r=g\",\"url\":\"https:\\\/\\\/secure.gravatar.com\\\/avatar\\\/3a8de04a2656d44082be478bd6c086daa447c4651605818287b9532d3d0bd435?s=96&d=mm&r=g\",\"contentUrl\":\"https:\\\/\\\/secure.gravatar.com\\\/avatar\\\/3a8de04a2656d44082be478bd6c086daa447c4651605818287b9532d3d0bd435?s=96&d=mm&r=g\",\"caption\":\"Lo viste en Los Pol\u00edticos\"},\"url\":\"https:\\\/\\\/lospoliticosveracruz.com\\\/?author=2\"}]}<\/script>\n<!-- \/ Yoast SEO plugin. -->","yoast_head_json":{"title":"Pepe Yunes defiende a su compadre; yo, a los veracruzanos: MAYL - Los pol\u00edticos Veracruz","robots":{"index":"index","follow":"follow","max-snippet":"max-snippet:-1","max-image-preview":"max-image-preview:large","max-video-preview":"max-video-preview:-1"},"canonical":"https:\/\/lospoliticosveracruz.com\/?p=29385","og_locale":"es_ES","og_type":"article","og_title":"Pepe Yunes defiende a su compadre; yo, a los veracruzanos: MAYL - Los pol\u00edticos Veracruz","og_description":"El gobernador Miguel \u00c1ngel Yunes Linares fue claro en citar que no ha solicitado ning\u00fan cr\u00e9dito aunque todo depende\u00a0de lo que acuerde en su reuni\u00f3n de este d\u00eda\u00a0\u00a0en la ciudad de M\u00e9xico con funcionarios federales cuyo objetivo es tratar de resolver la emergencia financiera que vive Veracruz\u00a0as\u00ed como\u00a0insistir ante la Secretar\u00eda de Hacienda en que [&hellip;]","og_url":"https:\/\/lospoliticosveracruz.com\/?p=29385","og_site_name":"Los pol\u00edticos Veracruz","article_publisher":"https:\/\/www.facebook.com\/people\/Notimemes-de-los-Polticos\/61565672886568\/","article_published_time":"2016-12-16T17:40:37+00:00","og_image":[{"width":200,"height":200,"url":"https:\/\/lospoliticosveracruz.com\/wp-content\/uploads\/2016\/07\/Logo-Dor.jpg","type":"image\/jpeg"}],"author":"Lo viste en Los Pol\u00edticos","twitter_card":"summary_large_image","twitter_creator":"@LosPoliticosVer","twitter_site":"@LosPoliticosVer","twitter_misc":{"Escrito por":"Lo viste en Los Pol\u00edticos","Tiempo de lectura":"4 minutos"},"schema":{"@context":"https:\/\/schema.org","@graph":[{"@type":"Article","@id":"https:\/\/lospoliticosveracruz.com\/?p=29385#article","isPartOf":{"@id":"https:\/\/lospoliticosveracruz.com\/?p=29385"},"author":{"name":"Lo viste en Los Pol\u00edticos","@id":"https:\/\/lospoliticosveracruz.com\/#\/schema\/person\/b8702bb0e538456e6efd07080bf2a4a2"},"headline":"Pepe Yunes defiende a su compadre; yo, a los veracruzanos: MAYL","datePublished":"2016-12-16T17:40:37+00:00","mainEntityOfPage":{"@id":"https:\/\/lospoliticosveracruz.com\/?p=29385"},"wordCount":804,"commentCount":0,"publisher":{"@id":"https:\/\/lospoliticosveracruz.com\/#organization"},"keywords":["Hacienda","Jos\u00e9 Antonio Meade","Jos\u00e9 Yunes Zorrilla","Miguel Angel Yunes Linares","taxis","Veracruz"],"articleSection":["De Boleto"],"inLanguage":"es","potentialAction":[{"@type":"CommentAction","name":"Comment","target":["https:\/\/lospoliticosveracruz.com\/?p=29385#respond"]}]},{"@type":"WebPage","@id":"https:\/\/lospoliticosveracruz.com\/?p=29385","url":"https:\/\/lospoliticosveracruz.com\/?p=29385","name":"Pepe Yunes defiende a su compadre; yo, a los veracruzanos: MAYL - Los pol\u00edticos Veracruz","isPartOf":{"@id":"https:\/\/lospoliticosveracruz.com\/#website"},"datePublished":"2016-12-16T17:40:37+00:00","breadcrumb":{"@id":"https:\/\/lospoliticosveracruz.com\/?p=29385#breadcrumb"},"inLanguage":"es","potentialAction":[{"@type":"ReadAction","target":["https:\/\/lospoliticosveracruz.com\/?p=29385"]}]},{"@type":"BreadcrumbList","@id":"https:\/\/lospoliticosveracruz.com\/?p=29385#breadcrumb","itemListElement":[{"@type":"ListItem","position":1,"name":"Portada","item":"https:\/\/lospoliticosveracruz.com\/"},{"@type":"ListItem","position":2,"name":"Pepe Yunes defiende a su compadre; yo, a los veracruzanos: MAYL"}]},{"@type":"WebSite","@id":"https:\/\/lospoliticosveracruz.com\/#website","url":"https:\/\/lospoliticosveracruz.com\/","name":"Los pol\u00edticos Veracruz","description":"","publisher":{"@id":"https:\/\/lospoliticosveracruz.com\/#organization"},"potentialAction":[{"@type":"SearchAction","target":{"@type":"EntryPoint","urlTemplate":"https:\/\/lospoliticosveracruz.com\/?s={search_term_string}"},"query-input":{"@type":"PropertyValueSpecification","valueRequired":true,"valueName":"search_term_string"}}],"inLanguage":"es"},{"@type":"Organization","@id":"https:\/\/lospoliticosveracruz.com\/#organization","name":"Los pol\u00edticos Veracruz","url":"https:\/\/lospoliticosveracruz.com\/","logo":{"@type":"ImageObject","inLanguage":"es","@id":"https:\/\/lospoliticosveracruz.com\/#\/schema\/logo\/image\/","url":"https:\/\/lospoliticosveracruz.com\/wp-content\/uploads\/2025\/12\/Logo-Nuevo-LOS-POLITICOS-1.jpg","contentUrl":"https:\/\/lospoliticosveracruz.com\/wp-content\/uploads\/2025\/12\/Logo-Nuevo-LOS-POLITICOS-1.jpg","width":260,"height":70,"caption":"Los pol\u00edticos Veracruz"},"image":{"@id":"https:\/\/lospoliticosveracruz.com\/#\/schema\/logo\/image\/"},"sameAs":["https:\/\/www.facebook.com\/people\/Notimemes-de-los-Polticos\/61565672886568\/","https:\/\/x.com\/LosPoliticosVer"]},{"@type":"Person","@id":"https:\/\/lospoliticosveracruz.com\/#\/schema\/person\/b8702bb0e538456e6efd07080bf2a4a2","name":"Lo viste en Los Pol\u00edticos","image":{"@type":"ImageObject","inLanguage":"es","@id":"https:\/\/secure.gravatar.com\/avatar\/3a8de04a2656d44082be478bd6c086daa447c4651605818287b9532d3d0bd435?s=96&d=mm&r=g","url":"https:\/\/secure.gravatar.com\/avatar\/3a8de04a2656d44082be478bd6c086daa447c4651605818287b9532d3d0bd435?s=96&d=mm&r=g","contentUrl":"https:\/\/secure.gravatar.com\/avatar\/3a8de04a2656d44082be478bd6c086daa447c4651605818287b9532d3d0bd435?s=96&d=mm&r=g","caption":"Lo viste en Los Pol\u00edticos"},"url":"https:\/\/lospoliticosveracruz.com\/?author=2"}]}},"_links":{"self":[{"href":"https:\/\/lospoliticosveracruz.com\/index.php?rest_route=\/wp\/v2\/posts\/29385","targetHints":{"allow":["GET"]}}],"collection":[{"href":"https:\/\/lospoliticosveracruz.com\/index.php?rest_route=\/wp\/v2\/posts"}],"about":[{"href":"https:\/\/lospoliticosveracruz.com\/index.php?rest_route=\/wp\/v2\/types\/post"}],"author":[{"embeddable":true,"href":"https:\/\/lospoliticosveracruz.com\/index.php?rest_route=\/wp\/v2\/users\/2"}],"replies":[{"embeddable":true,"href":"https:\/\/lospoliticosveracruz.com\/index.php?rest_route=%2Fwp%2Fv2%2Fcomments&post=29385"}],"version-history":[{"count":1,"href":"https:\/\/lospoliticosveracruz.com\/index.php?rest_route=\/wp\/v2\/posts\/29385\/revisions"}],"predecessor-version":[{"id":29386,"href":"https:\/\/lospoliticosveracruz.com\/index.php?rest_route=\/wp\/v2\/posts\/29385\/revisions\/29386"}],"wp:attachment":[{"href":"https:\/\/lospoliticosveracruz.com\/index.php?rest_route=%2Fwp%2Fv2%2Fmedia&parent=29385"}],"wp:term":[{"taxonomy":"category","embeddable":true,"href":"https:\/\/lospoliticosveracruz.com\/index.php?rest_route=%2Fwp%2Fv2%2Fcategories&post=29385"},{"taxonomy":"post_tag","embeddable":true,"href":"https:\/\/lospoliticosveracruz.com\/index.php?rest_route=%2Fwp%2Fv2%2Ftags&post=29385"}],"curies":[{"name":"wp","href":"https:\/\/api.w.org\/{rel}","templated":true}]}}