{"id":29614,"date":"2016-12-20T20:07:53","date_gmt":"2016-12-21T02:07:53","guid":{"rendered":"http:\/\/www.lospoliticosveracruz.com.mx\/?p=29614"},"modified":"2016-12-20T20:07:53","modified_gmt":"2016-12-21T02:07:53","slug":"a-cuanto-asciende-en-pesos-los-despidos","status":"publish","type":"post","link":"https:\/\/lospoliticosveracruz.com\/?p=29614","title":{"rendered":"A cu\u00e1nto asciende en pesos los despidos"},"content":{"rendered":"<p>Durante la d\u00e9cima primera sesi\u00f3n el coordinador del grupo legislativo \u201cJuntos por Veracruz\u201d, Fernando Kuri Kuri present\u00f3 un anteproyecto de punto de acuerdo con la finalidad de conocer el impacto financiero que tiene el despido del personal que labora en las distintas dependencias del Poder Ejecutivo.<\/p>\n<p>Kuri Kuri expuso durante su participaci\u00f3n en la m\u00e1xima tribuna que en el proceso de entrega-recepci\u00f3n se ha vuelto una tradici\u00f3n despedir al personal, \u201cno solo de confianza, sino tambi\u00e9n de aquellos de base, as\u00ed como de contrato continuo con diversa antig\u00fcedad\u201d, puntualiz\u00f3 el legislador.<\/p>\n<p>El diputado por el Partido de Alternativa Veracruzana dijo que claro ejemplo son los laudos que ha emitido la autoridad laboral en contra del Poder Ejecutivo Estatal y de los municipios en repetidas ocasionas.<\/p>\n<p>Resalt\u00f3 que la magistrada Concepci\u00f3n Flores Usabiaga del Tribunal Estatal de Conciliaci\u00f3n y Arbitraje, \u201cha declarado a la prensa, que los Ayuntamientos de Veracruz tienen adeudos por pago de laudos laborales por m\u00e1s de 2 mil millones de pesos\u201d.<\/p>\n<p>Record\u00f3 que el gobernado del Estado, Miguel \u00c1ngel Yunes Linares ha hecho declaraciones p\u00fablicamente diciendo que no hay despidos masivos, \u201clo cierto es que en el Congreso no tenemos la constancia de que as\u00ed sea\u201d.<\/p>\n<p>El diputado por el distrito XXVII de Acayucan record\u00f3 que el Congreso de Estado tiene la facultad que le establece la fracci\u00f3n cuadrag\u00e9sima primera del art\u00edculo 33 de la Constituci\u00f3n de Veracruz para: \u2018Llevar a cabo actividades preventivas de revisi\u00f3n, an\u00e1lisis, control, evaluaci\u00f3n y vigilancia de la correcta y oportuna aplicaci\u00f3n de los recursos p\u00fablicos durante el ejercicio presupuestal en curso de los entes fiscalizables del Estado\u2019, por lo solicitan al titular del poder ejecutivo reporte a los legisladores la situaci\u00f3n que guarda la administraci\u00f3n p\u00fablica en materia laboral.<\/p>\n<p>\u201cVelar por el inter\u00e9s p\u00fablico y por la defensa de los derechos humanos de los ciudadanos, es una obligaci\u00f3n del Congreso de Veracruz. Una obligaci\u00f3n no s\u00f3lo jur\u00eddica, sino tambi\u00e9n moral y sobre todo pol\u00edtica. Fuimos electos para defender el inter\u00e9s del pueblo, est\u00e9 donde est\u00e9, trabaje donde trabaje, sea del partido que sea\u201d se\u00f1al\u00f3 el coordinador de \u201cJuntos por Veracruz\u201d.<\/p>\n<p>Pidi\u00f3 a los legisladores no quedarse callados pues se ha pretendido separar de su cargo a personas que llevan m\u00e1s de 20 a\u00f1os en el mismo lugar laborando. \u201cAplaudimos que se detecte la corrupci\u00f3n, aplaudimos que se corra a quienes cobran sin trabajar y eran aviadores, aplaudimos y apoyamos se empiecen a hacer bien las cosas, pero no podemos estar de acuerdo en que este proceso se verifique al margen de la ley y del respeto a los derechos humanos\u201d, enfatiz\u00f3 el diputado Kuri.<\/p>\n<p>Finalmente pidi\u00f3 se le exhortara al titular del Poder Ejecutivo del Estado remita mensualmente, de diciembre de 2016 a junio de 2017, un reporte con la informaci\u00f3n del personal que ha sido separado de todas las dependencias centralizadas y paraestatales.<\/p>\n<p>El diputado Juan Nicol\u00e1s Callejas Rold\u00e1n pidi\u00f3 sumarse junto con su bancada al anteproyecto presentando por el diputado Fernando Kuri Kuri, el coordinador de \u201cJuntos por Veracruz\u201d agradeci\u00f3 el apoyo por el diputado.<\/p>\n","protected":false},"excerpt":{"rendered":"<p>Durante la d\u00e9cima primera sesi\u00f3n el coordinador del grupo legislativo \u201cJuntos por Veracruz\u201d, Fernando Kuri Kuri present\u00f3 un anteproyecto de punto de acuerdo con la finalidad de conocer el impacto financiero que tiene el despido del personal que labora en las distintas dependencias del Poder Ejecutivo. Kuri Kuri expuso durante su participaci\u00f3n en la m\u00e1xima [&hellip;]<\/p>\n","protected":false},"author":2,"featured_media":0,"comment_status":"open","ping_status":"open","sticky":false,"template":"","format":"standard","meta":{"tdm_status":"","tdm_grid_status":"","footnotes":""},"categories":[73],"tags":[6676,3895,6677],"class_list":{"0":"post-29614","1":"post","2":"type-post","3":"status-publish","4":"format-standard","6":"category-de-boleto","7":"tag-fernando-kuri-kuri","8":"tag-juan-nicolas-callejas-roldan","9":"tag-juntos-por-veracruz"},"yoast_head":"<!-- This site is optimized with the Yoast SEO plugin v27.4 - https:\/\/yoast.com\/product\/yoast-seo-wordpress\/ -->\n<title>A cu\u00e1nto asciende en pesos los despidos - Los pol\u00edticos Veracruz<\/title>\n<meta name=\"robots\" content=\"index, follow, max-snippet:-1, max-image-preview:large, max-video-preview:-1\" \/>\n<link rel=\"canonical\" href=\"https:\/\/lospoliticosveracruz.com\/?p=29614\" \/>\n<meta property=\"og:locale\" content=\"es_ES\" \/>\n<meta property=\"og:type\" content=\"article\" \/>\n<meta property=\"og:title\" content=\"A cu\u00e1nto asciende en pesos los despidos - Los pol\u00edticos Veracruz\" \/>\n<meta property=\"og:description\" content=\"Durante la d\u00e9cima primera sesi\u00f3n el coordinador del grupo legislativo \u201cJuntos por Veracruz\u201d, Fernando Kuri Kuri present\u00f3 un anteproyecto de punto de acuerdo con la finalidad de conocer el impacto financiero que tiene el despido del personal que labora en las distintas dependencias del Poder Ejecutivo. Kuri Kuri expuso durante su participaci\u00f3n en la m\u00e1xima [&hellip;]\" \/>\n<meta property=\"og:url\" content=\"https:\/\/lospoliticosveracruz.com\/?p=29614\" \/>\n<meta property=\"og:site_name\" content=\"Los pol\u00edticos Veracruz\" \/>\n<meta property=\"article:publisher\" content=\"https:\/\/www.facebook.com\/people\/Notimemes-de-los-Polticos\/61565672886568\/\" \/>\n<meta property=\"article:published_time\" content=\"2016-12-21T02:07:53+00:00\" \/>\n<meta property=\"og:image\" content=\"https:\/\/lospoliticosveracruz.com\/wp-content\/uploads\/2016\/07\/Logo-Dor.jpg\" \/>\n\t<meta property=\"og:image:width\" content=\"200\" \/>\n\t<meta property=\"og:image:height\" content=\"200\" \/>\n\t<meta property=\"og:image:type\" content=\"image\/jpeg\" \/>\n<meta name=\"author\" content=\"Lo viste en Los Pol\u00edticos\" \/>\n<meta name=\"twitter:card\" content=\"summary_large_image\" \/>\n<meta name=\"twitter:creator\" content=\"@LosPoliticosVer\" \/>\n<meta name=\"twitter:site\" content=\"@LosPoliticosVer\" \/>\n<meta name=\"twitter:label1\" content=\"Escrito por\" \/>\n\t<meta name=\"twitter:data1\" content=\"Lo viste en Los Pol\u00edticos\" \/>\n\t<meta name=\"twitter:label2\" content=\"Tiempo de lectura\" \/>\n\t<meta name=\"twitter:data2\" content=\"3 minutos\" \/>\n<script type=\"application\/ld+json\" class=\"yoast-schema-graph\">{\"@context\":\"https:\\\/\\\/schema.org\",\"@graph\":[{\"@type\":\"Article\",\"@id\":\"https:\\\/\\\/lospoliticosveracruz.com\\\/?p=29614#article\",\"isPartOf\":{\"@id\":\"https:\\\/\\\/lospoliticosveracruz.com\\\/?p=29614\"},\"author\":{\"name\":\"Lo viste en Los Pol\u00edticos\",\"@id\":\"https:\\\/\\\/lospoliticosveracruz.com\\\/#\\\/schema\\\/person\\\/b8702bb0e538456e6efd07080bf2a4a2\"},\"headline\":\"A cu\u00e1nto asciende en pesos los despidos\",\"datePublished\":\"2016-12-21T02:07:53+00:00\",\"mainEntityOfPage\":{\"@id\":\"https:\\\/\\\/lospoliticosveracruz.com\\\/?p=29614\"},\"wordCount\":549,\"commentCount\":0,\"publisher\":{\"@id\":\"https:\\\/\\\/lospoliticosveracruz.com\\\/#organization\"},\"keywords\":[\"Fernando Kuri Kuri\",\"Juan Nicol\u00e1s Callejas Rold\u00e1n\",\"Juntos por Veracruz\"],\"articleSection\":[\"De Boleto\"],\"inLanguage\":\"es\",\"potentialAction\":[{\"@type\":\"CommentAction\",\"name\":\"Comment\",\"target\":[\"https:\\\/\\\/lospoliticosveracruz.com\\\/?p=29614#respond\"]}]},{\"@type\":\"WebPage\",\"@id\":\"https:\\\/\\\/lospoliticosveracruz.com\\\/?p=29614\",\"url\":\"https:\\\/\\\/lospoliticosveracruz.com\\\/?p=29614\",\"name\":\"A cu\u00e1nto asciende en pesos los despidos - Los pol\u00edticos Veracruz\",\"isPartOf\":{\"@id\":\"https:\\\/\\\/lospoliticosveracruz.com\\\/#website\"},\"datePublished\":\"2016-12-21T02:07:53+00:00\",\"breadcrumb\":{\"@id\":\"https:\\\/\\\/lospoliticosveracruz.com\\\/?p=29614#breadcrumb\"},\"inLanguage\":\"es\",\"potentialAction\":[{\"@type\":\"ReadAction\",\"target\":[\"https:\\\/\\\/lospoliticosveracruz.com\\\/?p=29614\"]}]},{\"@type\":\"BreadcrumbList\",\"@id\":\"https:\\\/\\\/lospoliticosveracruz.com\\\/?p=29614#breadcrumb\",\"itemListElement\":[{\"@type\":\"ListItem\",\"position\":1,\"name\":\"Portada\",\"item\":\"https:\\\/\\\/lospoliticosveracruz.com\\\/\"},{\"@type\":\"ListItem\",\"position\":2,\"name\":\"A cu\u00e1nto asciende en pesos los despidos\"}]},{\"@type\":\"WebSite\",\"@id\":\"https:\\\/\\\/lospoliticosveracruz.com\\\/#website\",\"url\":\"https:\\\/\\\/lospoliticosveracruz.com\\\/\",\"name\":\"Los pol\u00edticos Veracruz\",\"description\":\"\",\"publisher\":{\"@id\":\"https:\\\/\\\/lospoliticosveracruz.com\\\/#organization\"},\"potentialAction\":[{\"@type\":\"SearchAction\",\"target\":{\"@type\":\"EntryPoint\",\"urlTemplate\":\"https:\\\/\\\/lospoliticosveracruz.com\\\/?s={search_term_string}\"},\"query-input\":{\"@type\":\"PropertyValueSpecification\",\"valueRequired\":true,\"valueName\":\"search_term_string\"}}],\"inLanguage\":\"es\"},{\"@type\":\"Organization\",\"@id\":\"https:\\\/\\\/lospoliticosveracruz.com\\\/#organization\",\"name\":\"Los pol\u00edticos Veracruz\",\"url\":\"https:\\\/\\\/lospoliticosveracruz.com\\\/\",\"logo\":{\"@type\":\"ImageObject\",\"inLanguage\":\"es\",\"@id\":\"https:\\\/\\\/lospoliticosveracruz.com\\\/#\\\/schema\\\/logo\\\/image\\\/\",\"url\":\"https:\\\/\\\/lospoliticosveracruz.com\\\/wp-content\\\/uploads\\\/2025\\\/12\\\/Logo-Nuevo-LOS-POLITICOS-1.jpg\",\"contentUrl\":\"https:\\\/\\\/lospoliticosveracruz.com\\\/wp-content\\\/uploads\\\/2025\\\/12\\\/Logo-Nuevo-LOS-POLITICOS-1.jpg\",\"width\":260,\"height\":70,\"caption\":\"Los pol\u00edticos Veracruz\"},\"image\":{\"@id\":\"https:\\\/\\\/lospoliticosveracruz.com\\\/#\\\/schema\\\/logo\\\/image\\\/\"},\"sameAs\":[\"https:\\\/\\\/www.facebook.com\\\/people\\\/Notimemes-de-los-Polticos\\\/61565672886568\\\/\",\"https:\\\/\\\/x.com\\\/LosPoliticosVer\"]},{\"@type\":\"Person\",\"@id\":\"https:\\\/\\\/lospoliticosveracruz.com\\\/#\\\/schema\\\/person\\\/b8702bb0e538456e6efd07080bf2a4a2\",\"name\":\"Lo viste en Los Pol\u00edticos\",\"image\":{\"@type\":\"ImageObject\",\"inLanguage\":\"es\",\"@id\":\"https:\\\/\\\/secure.gravatar.com\\\/avatar\\\/3a8de04a2656d44082be478bd6c086daa447c4651605818287b9532d3d0bd435?s=96&d=mm&r=g\",\"url\":\"https:\\\/\\\/secure.gravatar.com\\\/avatar\\\/3a8de04a2656d44082be478bd6c086daa447c4651605818287b9532d3d0bd435?s=96&d=mm&r=g\",\"contentUrl\":\"https:\\\/\\\/secure.gravatar.com\\\/avatar\\\/3a8de04a2656d44082be478bd6c086daa447c4651605818287b9532d3d0bd435?s=96&d=mm&r=g\",\"caption\":\"Lo viste en Los Pol\u00edticos\"},\"url\":\"https:\\\/\\\/lospoliticosveracruz.com\\\/?author=2\"}]}<\/script>\n<!-- \/ Yoast SEO plugin. -->","yoast_head_json":{"title":"A cu\u00e1nto asciende en pesos los despidos - Los pol\u00edticos Veracruz","robots":{"index":"index","follow":"follow","max-snippet":"max-snippet:-1","max-image-preview":"max-image-preview:large","max-video-preview":"max-video-preview:-1"},"canonical":"https:\/\/lospoliticosveracruz.com\/?p=29614","og_locale":"es_ES","og_type":"article","og_title":"A cu\u00e1nto asciende en pesos los despidos - Los pol\u00edticos Veracruz","og_description":"Durante la d\u00e9cima primera sesi\u00f3n el coordinador del grupo legislativo \u201cJuntos por Veracruz\u201d, Fernando Kuri Kuri present\u00f3 un anteproyecto de punto de acuerdo con la finalidad de conocer el impacto financiero que tiene el despido del personal que labora en las distintas dependencias del Poder Ejecutivo. Kuri Kuri expuso durante su participaci\u00f3n en la m\u00e1xima [&hellip;]","og_url":"https:\/\/lospoliticosveracruz.com\/?p=29614","og_site_name":"Los pol\u00edticos Veracruz","article_publisher":"https:\/\/www.facebook.com\/people\/Notimemes-de-los-Polticos\/61565672886568\/","article_published_time":"2016-12-21T02:07:53+00:00","og_image":[{"width":200,"height":200,"url":"https:\/\/lospoliticosveracruz.com\/wp-content\/uploads\/2016\/07\/Logo-Dor.jpg","type":"image\/jpeg"}],"author":"Lo viste en Los Pol\u00edticos","twitter_card":"summary_large_image","twitter_creator":"@LosPoliticosVer","twitter_site":"@LosPoliticosVer","twitter_misc":{"Escrito por":"Lo viste en Los Pol\u00edticos","Tiempo de lectura":"3 minutos"},"schema":{"@context":"https:\/\/schema.org","@graph":[{"@type":"Article","@id":"https:\/\/lospoliticosveracruz.com\/?p=29614#article","isPartOf":{"@id":"https:\/\/lospoliticosveracruz.com\/?p=29614"},"author":{"name":"Lo viste en Los Pol\u00edticos","@id":"https:\/\/lospoliticosveracruz.com\/#\/schema\/person\/b8702bb0e538456e6efd07080bf2a4a2"},"headline":"A cu\u00e1nto asciende en pesos los despidos","datePublished":"2016-12-21T02:07:53+00:00","mainEntityOfPage":{"@id":"https:\/\/lospoliticosveracruz.com\/?p=29614"},"wordCount":549,"commentCount":0,"publisher":{"@id":"https:\/\/lospoliticosveracruz.com\/#organization"},"keywords":["Fernando Kuri Kuri","Juan Nicol\u00e1s Callejas Rold\u00e1n","Juntos por Veracruz"],"articleSection":["De Boleto"],"inLanguage":"es","potentialAction":[{"@type":"CommentAction","name":"Comment","target":["https:\/\/lospoliticosveracruz.com\/?p=29614#respond"]}]},{"@type":"WebPage","@id":"https:\/\/lospoliticosveracruz.com\/?p=29614","url":"https:\/\/lospoliticosveracruz.com\/?p=29614","name":"A cu\u00e1nto asciende en pesos los despidos - Los pol\u00edticos Veracruz","isPartOf":{"@id":"https:\/\/lospoliticosveracruz.com\/#website"},"datePublished":"2016-12-21T02:07:53+00:00","breadcrumb":{"@id":"https:\/\/lospoliticosveracruz.com\/?p=29614#breadcrumb"},"inLanguage":"es","potentialAction":[{"@type":"ReadAction","target":["https:\/\/lospoliticosveracruz.com\/?p=29614"]}]},{"@type":"BreadcrumbList","@id":"https:\/\/lospoliticosveracruz.com\/?p=29614#breadcrumb","itemListElement":[{"@type":"ListItem","position":1,"name":"Portada","item":"https:\/\/lospoliticosveracruz.com\/"},{"@type":"ListItem","position":2,"name":"A cu\u00e1nto asciende en pesos los despidos"}]},{"@type":"WebSite","@id":"https:\/\/lospoliticosveracruz.com\/#website","url":"https:\/\/lospoliticosveracruz.com\/","name":"Los pol\u00edticos Veracruz","description":"","publisher":{"@id":"https:\/\/lospoliticosveracruz.com\/#organization"},"potentialAction":[{"@type":"SearchAction","target":{"@type":"EntryPoint","urlTemplate":"https:\/\/lospoliticosveracruz.com\/?s={search_term_string}"},"query-input":{"@type":"PropertyValueSpecification","valueRequired":true,"valueName":"search_term_string"}}],"inLanguage":"es"},{"@type":"Organization","@id":"https:\/\/lospoliticosveracruz.com\/#organization","name":"Los pol\u00edticos Veracruz","url":"https:\/\/lospoliticosveracruz.com\/","logo":{"@type":"ImageObject","inLanguage":"es","@id":"https:\/\/lospoliticosveracruz.com\/#\/schema\/logo\/image\/","url":"https:\/\/lospoliticosveracruz.com\/wp-content\/uploads\/2025\/12\/Logo-Nuevo-LOS-POLITICOS-1.jpg","contentUrl":"https:\/\/lospoliticosveracruz.com\/wp-content\/uploads\/2025\/12\/Logo-Nuevo-LOS-POLITICOS-1.jpg","width":260,"height":70,"caption":"Los pol\u00edticos Veracruz"},"image":{"@id":"https:\/\/lospoliticosveracruz.com\/#\/schema\/logo\/image\/"},"sameAs":["https:\/\/www.facebook.com\/people\/Notimemes-de-los-Polticos\/61565672886568\/","https:\/\/x.com\/LosPoliticosVer"]},{"@type":"Person","@id":"https:\/\/lospoliticosveracruz.com\/#\/schema\/person\/b8702bb0e538456e6efd07080bf2a4a2","name":"Lo viste en Los Pol\u00edticos","image":{"@type":"ImageObject","inLanguage":"es","@id":"https:\/\/secure.gravatar.com\/avatar\/3a8de04a2656d44082be478bd6c086daa447c4651605818287b9532d3d0bd435?s=96&d=mm&r=g","url":"https:\/\/secure.gravatar.com\/avatar\/3a8de04a2656d44082be478bd6c086daa447c4651605818287b9532d3d0bd435?s=96&d=mm&r=g","contentUrl":"https:\/\/secure.gravatar.com\/avatar\/3a8de04a2656d44082be478bd6c086daa447c4651605818287b9532d3d0bd435?s=96&d=mm&r=g","caption":"Lo viste en Los Pol\u00edticos"},"url":"https:\/\/lospoliticosveracruz.com\/?author=2"}]}},"_links":{"self":[{"href":"https:\/\/lospoliticosveracruz.com\/index.php?rest_route=\/wp\/v2\/posts\/29614","targetHints":{"allow":["GET"]}}],"collection":[{"href":"https:\/\/lospoliticosveracruz.com\/index.php?rest_route=\/wp\/v2\/posts"}],"about":[{"href":"https:\/\/lospoliticosveracruz.com\/index.php?rest_route=\/wp\/v2\/types\/post"}],"author":[{"embeddable":true,"href":"https:\/\/lospoliticosveracruz.com\/index.php?rest_route=\/wp\/v2\/users\/2"}],"replies":[{"embeddable":true,"href":"https:\/\/lospoliticosveracruz.com\/index.php?rest_route=%2Fwp%2Fv2%2Fcomments&post=29614"}],"version-history":[{"count":1,"href":"https:\/\/lospoliticosveracruz.com\/index.php?rest_route=\/wp\/v2\/posts\/29614\/revisions"}],"predecessor-version":[{"id":29616,"href":"https:\/\/lospoliticosveracruz.com\/index.php?rest_route=\/wp\/v2\/posts\/29614\/revisions\/29616"}],"wp:attachment":[{"href":"https:\/\/lospoliticosveracruz.com\/index.php?rest_route=%2Fwp%2Fv2%2Fmedia&parent=29614"}],"wp:term":[{"taxonomy":"category","embeddable":true,"href":"https:\/\/lospoliticosveracruz.com\/index.php?rest_route=%2Fwp%2Fv2%2Fcategories&post=29614"},{"taxonomy":"post_tag","embeddable":true,"href":"https:\/\/lospoliticosveracruz.com\/index.php?rest_route=%2Fwp%2Fv2%2Ftags&post=29614"}],"curies":[{"name":"wp","href":"https:\/\/api.w.org\/{rel}","templated":true}]}}