{"id":29628,"date":"2016-12-21T09:42:40","date_gmt":"2016-12-21T15:42:40","guid":{"rendered":"http:\/\/www.lospoliticosveracruz.com.mx\/?p=29628"},"modified":"2016-12-21T09:42:40","modified_gmt":"2016-12-21T15:42:40","slug":"iniciativa-panista-de-disciplina-financiera","status":"publish","type":"post","link":"https:\/\/lospoliticosveracruz.com\/?p=29628","title":{"rendered":"Iniciativa panista de disciplina financiera"},"content":{"rendered":"<p class=\"x_m_7527010605702230764xmsonospacing x_gmail_msg\"><strong>Luis Alberto Romero<\/strong><\/p>\n<p class=\"x_m_7527010605702230764xmsonospacing x_gmail_msg\"><em><span class=\"x_gmail_msg\">Hora Cero<\/span><\/em><u class=\"x_gmail_msg\"><\/u><u class=\"x_gmail_msg\"><\/u><\/p>\n<p><span class=\"x_gmail_msg\">Durante 12 a\u00f1os, las administraciones de Fidel Herrera y sobre todo Javier Duarte, el tal\u00f3n de Aquiles del gobierno de Veracruz ha sido la responsabilidad en el manejo de los recursos.<u class=\"x_gmail_msg\"><\/u><u class=\"x_gmail_msg\"><\/u><\/span><\/p>\n<p><span class=\"x_gmail_msg\">Los niveles de la deuda p\u00fablica son alarmantes; la crisis financiera que hered\u00f3 el ex mandatario veracruzano dej\u00f3 al actual gobierno pr\u00e1cticamente sin capacidad de operaci\u00f3n; los que se fueron no dejaron medicinas en hospitales, gasolina para patrullas, ni recursos para los gastos elementales; lo que s\u00ed dejaron fue caos por tantos bloqueos, inconformidad generalizada y protestas por la falta de cumplimiento a sus compromisos.<u class=\"x_gmail_msg\"><\/u><u class=\"x_gmail_msg\"><\/u><\/span><\/p>\n<p><span class=\"x_gmail_msg\">El pasado 3 de noviembre, el ex secretario de Finanzas y Planeaci\u00f3n del gobierno estatal, Antonio G\u00f3mez Pelegr\u00edn, declar\u00f3 a medios nacionales que los adeudos ascend\u00edan a 87 mil millones de pesos, por lo que calific\u00f3 la situaci\u00f3n financiera de Veracruz como \u201cdelicada y grave\u201d; sin embargo, hay quien afirma que los n\u00fameros rojos, la cifra de la deuda p\u00fablica de la entidad podr\u00eda superar los 100 mil millones de pesos.<u class=\"x_gmail_msg\"><\/u><u class=\"x_gmail_msg\"><\/u><\/span><\/p>\n<p><span class=\"x_gmail_msg\">Hace dos d\u00edas, en conferencia de prensa, el gobernador Miguel \u00c1ngel Yunes se refiri\u00f3 al tema de la crisis financiera y ponder\u00f3 la intervenci\u00f3n del gobierno federal, a trav\u00e9s de la Secretar\u00eda de Hacienda y Cr\u00e9dito P\u00fablico, para que Veracruz pudiera hacer frente a sus compromisos inmediatos, b\u00e1sicamente n\u00f3minas y prestaciones para trabajadores; recursos para el sector educativo, para hospitales y seguridad; y abonos a los ayuntamientos cuyos recursos fueron desviados por la pasada administraci\u00f3n.<\/span><br \/>\n<span class=\"x_gmail_msg\">Yunes Linares habl\u00f3 de la necesidad de contratar tres nuevos cr\u00e9ditos bancarios de corto plazo para que el gobierno pueda enfrentar las necesidades inmediatas\u2026 pero el problema sigue;\u00a0 es decir, se gana tiempo, se atiende lo urgente, pero no el problema de fondo; para resolver el da\u00f1o causado por dos administraciones que endeudaron a Veracruz no ser\u00e1n suficientes dos a\u00f1os, que es el periodo del actual gobierno.<u class=\"x_gmail_msg\"><\/u><u class=\"x_gmail_msg\"><\/u><\/span><\/p>\n<p><span class=\"x_gmail_msg\">En ese marco, la bancada panista en la Legislatura del Estado present\u00f3 la iniciativa con proyecto de Ley de Disciplina Financiera para el Estado de Veracruz, que busca que los recursos p\u00fablicos sean usados de forma eficiente, responsable y transparente, para asegurar el manejo sostenido de las finanzas.<u class=\"x_gmail_msg\"><\/u><u class=\"x_gmail_msg\"><\/u><\/span><\/p>\n<p><span class=\"x_gmail_msg\">Se trata de una iniciativa importante, de un tema que no se hab\u00eda tocado en los anteriores congresos locales, b\u00e1sicamente porque el poder Legislativo de Veracruz estaba subordinado, antes del 5 de noviembre del presente a\u00f1o, al ejecutivo.<\/span><br \/>\n<span class=\"x_gmail_msg\">Pues bien, lo importante es que finalmente en la Legislatura del Estado ser\u00e1 analizado el tema de la disciplina financiera.<u class=\"x_gmail_msg\"><\/u><u class=\"x_gmail_msg\"><\/u><\/span><\/p>\n<p><span class=\"x_gmail_msg\">En la sesi\u00f3n de este martes, el diputado Bingen Rementer\u00eda se refiri\u00f3 a dicha iniciativa panista y puntualiz\u00f3 que el objetivo es ordenar las finanzas veracruzanas, incorporando elementos de responsabilidad en el manejo de los recursos, regulando las operaciones de cr\u00e9dito, refinanciamientos y reestructuras, en una propuesta que va acorde con la Ley de Disciplina Financiera de las Entidades Federativas y los Municipios, que fue publicada en el Diario Oficial en mayo de 2015.<u class=\"x_gmail_msg\"><\/u><u class=\"x_gmail_msg\"><\/u><\/span><\/p>\n<p><span class=\"x_gmail_msg\">El legislador del albiazul enfatiz\u00f3 que las condiciones de las finanzas veracruzanas obligan a tomar medidas; habl\u00f3 del endeudamiento excesivo, del crecimiento poblacional y de la baja recaudaci\u00f3n local; en pocas palabras, dijo que la deuda aumenta y que Veracruz no genera recursos propios, que depende de las participaciones.\u00a0<\/span><span class=\"x_gmail_msg\">De igual forma, record\u00f3 que en poco m\u00e1s de una d\u00e9cada, la deuda p\u00fablica veracruzana se multiplic\u00f3 por 14; un verdadero drama, porque pasar\u00e1n muchos a\u00f1os para que las finanzas del gobierno estatal puedan sanearse.<\/span><\/p>\n<p><b class=\"x_gmail_msg\"><span class=\"x_gmail_msg\">Xalapa, contra la discriminaci\u00f3n<\/span><\/b><u class=\"x_gmail_msg\"><\/u><u class=\"x_gmail_msg\"><\/u><\/p>\n<p><span class=\"x_gmail_msg\">Con la presencia de Alexandra Haas Paciuc, Presidenta del Consejo Nacional para Prevenir la Discriminaci\u00f3n (CONAPRED) y del alcalde Am\u00e9rico Z\u00fa\u00f1iga Mart\u00ednez, fue instalado el Consejo Municipal para Prevenir y Eliminar la Discriminaci\u00f3n, primero a nivel nacional con el que Xalapa refrenda su liderazgo en materia de defensor\u00eda de derechos humanos. Lo valioso de esta iniciativa municipal es que va en sinton\u00eda con la visi\u00f3n de desarrollo social que ha emprendido el gobierno de Z\u00fa\u00f1iga Mart\u00ednez, que no tan s\u00f3lo est\u00e1 haciendo una impresionante obra p\u00fablica sino que va ampliando la cultura de la convivencia civilizada entre la sociedad, y esto es tambi\u00e9n una acci\u00f3n de gobierno, muy destacada que no se nota en ning\u00fan otro municipio del estado.<\/span><\/p>\n<p>&nbsp;<\/p>\n<p><span class=\"x_gmail_msg\">@luisromero85<u class=\"x_gmail_msg\"><\/u><u class=\"x_gmail_msg\"><\/u><\/span><\/p>\n<p>&nbsp;<\/p>\n","protected":false},"excerpt":{"rendered":"<p>Luis Alberto Romero Hora Cero Durante 12 a\u00f1os, las administraciones de Fidel Herrera y sobre todo Javier Duarte, el tal\u00f3n de Aquiles del gobierno de Veracruz ha sido la responsabilidad en el manejo de los recursos. Los niveles de la deuda p\u00fablica son alarmantes; la crisis financiera que hered\u00f3 el ex mandatario veracruzano dej\u00f3 al [&hellip;]<\/p>\n","protected":false},"author":2,"featured_media":0,"comment_status":"open","ping_status":"open","sticky":false,"template":"","format":"standard","meta":{"tdm_status":"","tdm_grid_status":"","footnotes":""},"categories":[70],"tags":[6994,6803,1248,6995,428],"class_list":{"0":"post-29628","1":"post","2":"type-post","3":"status-publish","4":"format-standard","6":"category-de-opinion","7":"tag-creditos-bancarios","8":"tag-crisis-financiera","9":"tag-deuda-publica","10":"tag-ley-de-disciplina-financiera-para-el-estado-de-veracruz","11":"tag-miguel-angel-yunes-linares"},"yoast_head":"<!-- This site is optimized with the Yoast SEO plugin v27.4 - https:\/\/yoast.com\/product\/yoast-seo-wordpress\/ -->\n<title>Iniciativa panista de disciplina financiera - Los pol\u00edticos Veracruz<\/title>\n<meta name=\"robots\" content=\"index, follow, max-snippet:-1, max-image-preview:large, max-video-preview:-1\" \/>\n<link rel=\"canonical\" href=\"https:\/\/lospoliticosveracruz.com\/?p=29628\" \/>\n<meta property=\"og:locale\" content=\"es_ES\" \/>\n<meta property=\"og:type\" content=\"article\" \/>\n<meta property=\"og:title\" content=\"Iniciativa panista de disciplina financiera - Los pol\u00edticos Veracruz\" \/>\n<meta property=\"og:description\" content=\"Luis Alberto Romero Hora Cero Durante 12 a\u00f1os, las administraciones de Fidel Herrera y sobre todo Javier Duarte, el tal\u00f3n de Aquiles del gobierno de Veracruz ha sido la responsabilidad en el manejo de los recursos. Los niveles de la deuda p\u00fablica son alarmantes; la crisis financiera que hered\u00f3 el ex mandatario veracruzano dej\u00f3 al [&hellip;]\" \/>\n<meta property=\"og:url\" content=\"https:\/\/lospoliticosveracruz.com\/?p=29628\" \/>\n<meta property=\"og:site_name\" content=\"Los pol\u00edticos Veracruz\" \/>\n<meta property=\"article:publisher\" content=\"https:\/\/www.facebook.com\/people\/Notimemes-de-los-Polticos\/61565672886568\/\" \/>\n<meta property=\"article:published_time\" content=\"2016-12-21T15:42:40+00:00\" \/>\n<meta property=\"og:image\" content=\"https:\/\/lospoliticosveracruz.com\/wp-content\/uploads\/2016\/07\/Logo-Dor.jpg\" \/>\n\t<meta property=\"og:image:width\" content=\"200\" \/>\n\t<meta property=\"og:image:height\" content=\"200\" \/>\n\t<meta property=\"og:image:type\" content=\"image\/jpeg\" \/>\n<meta name=\"author\" content=\"Lo viste en Los Pol\u00edticos\" \/>\n<meta name=\"twitter:card\" content=\"summary_large_image\" \/>\n<meta name=\"twitter:creator\" content=\"@LosPoliticosVer\" \/>\n<meta name=\"twitter:site\" content=\"@LosPoliticosVer\" \/>\n<meta name=\"twitter:label1\" content=\"Escrito por\" \/>\n\t<meta name=\"twitter:data1\" content=\"Lo viste en Los Pol\u00edticos\" \/>\n\t<meta name=\"twitter:label2\" content=\"Tiempo de lectura\" \/>\n\t<meta name=\"twitter:data2\" content=\"4 minutos\" \/>\n<script type=\"application\/ld+json\" class=\"yoast-schema-graph\">{\"@context\":\"https:\\\/\\\/schema.org\",\"@graph\":[{\"@type\":\"Article\",\"@id\":\"https:\\\/\\\/lospoliticosveracruz.com\\\/?p=29628#article\",\"isPartOf\":{\"@id\":\"https:\\\/\\\/lospoliticosveracruz.com\\\/?p=29628\"},\"author\":{\"name\":\"Lo viste en Los Pol\u00edticos\",\"@id\":\"https:\\\/\\\/lospoliticosveracruz.com\\\/#\\\/schema\\\/person\\\/b8702bb0e538456e6efd07080bf2a4a2\"},\"headline\":\"Iniciativa panista de disciplina financiera\",\"datePublished\":\"2016-12-21T15:42:40+00:00\",\"mainEntityOfPage\":{\"@id\":\"https:\\\/\\\/lospoliticosveracruz.com\\\/?p=29628\"},\"wordCount\":757,\"commentCount\":0,\"publisher\":{\"@id\":\"https:\\\/\\\/lospoliticosveracruz.com\\\/#organization\"},\"keywords\":[\"Cr\u00e9ditos bancarios\",\"Crisis financiera\",\"deuda p\u00fablica\",\"Ley de Disciplina Financiera para el Estado de Veracruz\",\"Miguel Angel Yunes Linares\"],\"articleSection\":[\"De Opini\u00f3n\"],\"inLanguage\":\"es\",\"potentialAction\":[{\"@type\":\"CommentAction\",\"name\":\"Comment\",\"target\":[\"https:\\\/\\\/lospoliticosveracruz.com\\\/?p=29628#respond\"]}]},{\"@type\":\"WebPage\",\"@id\":\"https:\\\/\\\/lospoliticosveracruz.com\\\/?p=29628\",\"url\":\"https:\\\/\\\/lospoliticosveracruz.com\\\/?p=29628\",\"name\":\"Iniciativa panista de disciplina financiera - Los pol\u00edticos Veracruz\",\"isPartOf\":{\"@id\":\"https:\\\/\\\/lospoliticosveracruz.com\\\/#website\"},\"datePublished\":\"2016-12-21T15:42:40+00:00\",\"breadcrumb\":{\"@id\":\"https:\\\/\\\/lospoliticosveracruz.com\\\/?p=29628#breadcrumb\"},\"inLanguage\":\"es\",\"potentialAction\":[{\"@type\":\"ReadAction\",\"target\":[\"https:\\\/\\\/lospoliticosveracruz.com\\\/?p=29628\"]}]},{\"@type\":\"BreadcrumbList\",\"@id\":\"https:\\\/\\\/lospoliticosveracruz.com\\\/?p=29628#breadcrumb\",\"itemListElement\":[{\"@type\":\"ListItem\",\"position\":1,\"name\":\"Portada\",\"item\":\"https:\\\/\\\/lospoliticosveracruz.com\\\/\"},{\"@type\":\"ListItem\",\"position\":2,\"name\":\"Iniciativa panista de disciplina financiera\"}]},{\"@type\":\"WebSite\",\"@id\":\"https:\\\/\\\/lospoliticosveracruz.com\\\/#website\",\"url\":\"https:\\\/\\\/lospoliticosveracruz.com\\\/\",\"name\":\"Los pol\u00edticos Veracruz\",\"description\":\"\",\"publisher\":{\"@id\":\"https:\\\/\\\/lospoliticosveracruz.com\\\/#organization\"},\"potentialAction\":[{\"@type\":\"SearchAction\",\"target\":{\"@type\":\"EntryPoint\",\"urlTemplate\":\"https:\\\/\\\/lospoliticosveracruz.com\\\/?s={search_term_string}\"},\"query-input\":{\"@type\":\"PropertyValueSpecification\",\"valueRequired\":true,\"valueName\":\"search_term_string\"}}],\"inLanguage\":\"es\"},{\"@type\":\"Organization\",\"@id\":\"https:\\\/\\\/lospoliticosveracruz.com\\\/#organization\",\"name\":\"Los pol\u00edticos Veracruz\",\"url\":\"https:\\\/\\\/lospoliticosveracruz.com\\\/\",\"logo\":{\"@type\":\"ImageObject\",\"inLanguage\":\"es\",\"@id\":\"https:\\\/\\\/lospoliticosveracruz.com\\\/#\\\/schema\\\/logo\\\/image\\\/\",\"url\":\"https:\\\/\\\/lospoliticosveracruz.com\\\/wp-content\\\/uploads\\\/2025\\\/12\\\/Logo-Nuevo-LOS-POLITICOS-1.jpg\",\"contentUrl\":\"https:\\\/\\\/lospoliticosveracruz.com\\\/wp-content\\\/uploads\\\/2025\\\/12\\\/Logo-Nuevo-LOS-POLITICOS-1.jpg\",\"width\":260,\"height\":70,\"caption\":\"Los pol\u00edticos Veracruz\"},\"image\":{\"@id\":\"https:\\\/\\\/lospoliticosveracruz.com\\\/#\\\/schema\\\/logo\\\/image\\\/\"},\"sameAs\":[\"https:\\\/\\\/www.facebook.com\\\/people\\\/Notimemes-de-los-Polticos\\\/61565672886568\\\/\",\"https:\\\/\\\/x.com\\\/LosPoliticosVer\"]},{\"@type\":\"Person\",\"@id\":\"https:\\\/\\\/lospoliticosveracruz.com\\\/#\\\/schema\\\/person\\\/b8702bb0e538456e6efd07080bf2a4a2\",\"name\":\"Lo viste en Los Pol\u00edticos\",\"image\":{\"@type\":\"ImageObject\",\"inLanguage\":\"es\",\"@id\":\"https:\\\/\\\/secure.gravatar.com\\\/avatar\\\/3a8de04a2656d44082be478bd6c086daa447c4651605818287b9532d3d0bd435?s=96&d=mm&r=g\",\"url\":\"https:\\\/\\\/secure.gravatar.com\\\/avatar\\\/3a8de04a2656d44082be478bd6c086daa447c4651605818287b9532d3d0bd435?s=96&d=mm&r=g\",\"contentUrl\":\"https:\\\/\\\/secure.gravatar.com\\\/avatar\\\/3a8de04a2656d44082be478bd6c086daa447c4651605818287b9532d3d0bd435?s=96&d=mm&r=g\",\"caption\":\"Lo viste en Los Pol\u00edticos\"},\"url\":\"https:\\\/\\\/lospoliticosveracruz.com\\\/?author=2\"}]}<\/script>\n<!-- \/ Yoast SEO plugin. -->","yoast_head_json":{"title":"Iniciativa panista de disciplina financiera - Los pol\u00edticos Veracruz","robots":{"index":"index","follow":"follow","max-snippet":"max-snippet:-1","max-image-preview":"max-image-preview:large","max-video-preview":"max-video-preview:-1"},"canonical":"https:\/\/lospoliticosveracruz.com\/?p=29628","og_locale":"es_ES","og_type":"article","og_title":"Iniciativa panista de disciplina financiera - Los pol\u00edticos Veracruz","og_description":"Luis Alberto Romero Hora Cero Durante 12 a\u00f1os, las administraciones de Fidel Herrera y sobre todo Javier Duarte, el tal\u00f3n de Aquiles del gobierno de Veracruz ha sido la responsabilidad en el manejo de los recursos. Los niveles de la deuda p\u00fablica son alarmantes; la crisis financiera que hered\u00f3 el ex mandatario veracruzano dej\u00f3 al [&hellip;]","og_url":"https:\/\/lospoliticosveracruz.com\/?p=29628","og_site_name":"Los pol\u00edticos Veracruz","article_publisher":"https:\/\/www.facebook.com\/people\/Notimemes-de-los-Polticos\/61565672886568\/","article_published_time":"2016-12-21T15:42:40+00:00","og_image":[{"width":200,"height":200,"url":"https:\/\/lospoliticosveracruz.com\/wp-content\/uploads\/2016\/07\/Logo-Dor.jpg","type":"image\/jpeg"}],"author":"Lo viste en Los Pol\u00edticos","twitter_card":"summary_large_image","twitter_creator":"@LosPoliticosVer","twitter_site":"@LosPoliticosVer","twitter_misc":{"Escrito por":"Lo viste en Los Pol\u00edticos","Tiempo de lectura":"4 minutos"},"schema":{"@context":"https:\/\/schema.org","@graph":[{"@type":"Article","@id":"https:\/\/lospoliticosveracruz.com\/?p=29628#article","isPartOf":{"@id":"https:\/\/lospoliticosveracruz.com\/?p=29628"},"author":{"name":"Lo viste en Los Pol\u00edticos","@id":"https:\/\/lospoliticosveracruz.com\/#\/schema\/person\/b8702bb0e538456e6efd07080bf2a4a2"},"headline":"Iniciativa panista de disciplina financiera","datePublished":"2016-12-21T15:42:40+00:00","mainEntityOfPage":{"@id":"https:\/\/lospoliticosveracruz.com\/?p=29628"},"wordCount":757,"commentCount":0,"publisher":{"@id":"https:\/\/lospoliticosveracruz.com\/#organization"},"keywords":["Cr\u00e9ditos bancarios","Crisis financiera","deuda p\u00fablica","Ley de Disciplina Financiera para el Estado de Veracruz","Miguel Angel Yunes Linares"],"articleSection":["De Opini\u00f3n"],"inLanguage":"es","potentialAction":[{"@type":"CommentAction","name":"Comment","target":["https:\/\/lospoliticosveracruz.com\/?p=29628#respond"]}]},{"@type":"WebPage","@id":"https:\/\/lospoliticosveracruz.com\/?p=29628","url":"https:\/\/lospoliticosveracruz.com\/?p=29628","name":"Iniciativa panista de disciplina financiera - Los pol\u00edticos Veracruz","isPartOf":{"@id":"https:\/\/lospoliticosveracruz.com\/#website"},"datePublished":"2016-12-21T15:42:40+00:00","breadcrumb":{"@id":"https:\/\/lospoliticosveracruz.com\/?p=29628#breadcrumb"},"inLanguage":"es","potentialAction":[{"@type":"ReadAction","target":["https:\/\/lospoliticosveracruz.com\/?p=29628"]}]},{"@type":"BreadcrumbList","@id":"https:\/\/lospoliticosveracruz.com\/?p=29628#breadcrumb","itemListElement":[{"@type":"ListItem","position":1,"name":"Portada","item":"https:\/\/lospoliticosveracruz.com\/"},{"@type":"ListItem","position":2,"name":"Iniciativa panista de disciplina financiera"}]},{"@type":"WebSite","@id":"https:\/\/lospoliticosveracruz.com\/#website","url":"https:\/\/lospoliticosveracruz.com\/","name":"Los pol\u00edticos Veracruz","description":"","publisher":{"@id":"https:\/\/lospoliticosveracruz.com\/#organization"},"potentialAction":[{"@type":"SearchAction","target":{"@type":"EntryPoint","urlTemplate":"https:\/\/lospoliticosveracruz.com\/?s={search_term_string}"},"query-input":{"@type":"PropertyValueSpecification","valueRequired":true,"valueName":"search_term_string"}}],"inLanguage":"es"},{"@type":"Organization","@id":"https:\/\/lospoliticosveracruz.com\/#organization","name":"Los pol\u00edticos Veracruz","url":"https:\/\/lospoliticosveracruz.com\/","logo":{"@type":"ImageObject","inLanguage":"es","@id":"https:\/\/lospoliticosveracruz.com\/#\/schema\/logo\/image\/","url":"https:\/\/lospoliticosveracruz.com\/wp-content\/uploads\/2025\/12\/Logo-Nuevo-LOS-POLITICOS-1.jpg","contentUrl":"https:\/\/lospoliticosveracruz.com\/wp-content\/uploads\/2025\/12\/Logo-Nuevo-LOS-POLITICOS-1.jpg","width":260,"height":70,"caption":"Los pol\u00edticos Veracruz"},"image":{"@id":"https:\/\/lospoliticosveracruz.com\/#\/schema\/logo\/image\/"},"sameAs":["https:\/\/www.facebook.com\/people\/Notimemes-de-los-Polticos\/61565672886568\/","https:\/\/x.com\/LosPoliticosVer"]},{"@type":"Person","@id":"https:\/\/lospoliticosveracruz.com\/#\/schema\/person\/b8702bb0e538456e6efd07080bf2a4a2","name":"Lo viste en Los Pol\u00edticos","image":{"@type":"ImageObject","inLanguage":"es","@id":"https:\/\/secure.gravatar.com\/avatar\/3a8de04a2656d44082be478bd6c086daa447c4651605818287b9532d3d0bd435?s=96&d=mm&r=g","url":"https:\/\/secure.gravatar.com\/avatar\/3a8de04a2656d44082be478bd6c086daa447c4651605818287b9532d3d0bd435?s=96&d=mm&r=g","contentUrl":"https:\/\/secure.gravatar.com\/avatar\/3a8de04a2656d44082be478bd6c086daa447c4651605818287b9532d3d0bd435?s=96&d=mm&r=g","caption":"Lo viste en Los Pol\u00edticos"},"url":"https:\/\/lospoliticosveracruz.com\/?author=2"}]}},"_links":{"self":[{"href":"https:\/\/lospoliticosveracruz.com\/index.php?rest_route=\/wp\/v2\/posts\/29628","targetHints":{"allow":["GET"]}}],"collection":[{"href":"https:\/\/lospoliticosveracruz.com\/index.php?rest_route=\/wp\/v2\/posts"}],"about":[{"href":"https:\/\/lospoliticosveracruz.com\/index.php?rest_route=\/wp\/v2\/types\/post"}],"author":[{"embeddable":true,"href":"https:\/\/lospoliticosveracruz.com\/index.php?rest_route=\/wp\/v2\/users\/2"}],"replies":[{"embeddable":true,"href":"https:\/\/lospoliticosveracruz.com\/index.php?rest_route=%2Fwp%2Fv2%2Fcomments&post=29628"}],"version-history":[{"count":1,"href":"https:\/\/lospoliticosveracruz.com\/index.php?rest_route=\/wp\/v2\/posts\/29628\/revisions"}],"predecessor-version":[{"id":29632,"href":"https:\/\/lospoliticosveracruz.com\/index.php?rest_route=\/wp\/v2\/posts\/29628\/revisions\/29632"}],"wp:attachment":[{"href":"https:\/\/lospoliticosveracruz.com\/index.php?rest_route=%2Fwp%2Fv2%2Fmedia&parent=29628"}],"wp:term":[{"taxonomy":"category","embeddable":true,"href":"https:\/\/lospoliticosveracruz.com\/index.php?rest_route=%2Fwp%2Fv2%2Fcategories&post=29628"},{"taxonomy":"post_tag","embeddable":true,"href":"https:\/\/lospoliticosveracruz.com\/index.php?rest_route=%2Fwp%2Fv2%2Ftags&post=29628"}],"curies":[{"name":"wp","href":"https:\/\/api.w.org\/{rel}","templated":true}]}}