{"id":29776,"date":"2016-12-25T22:02:50","date_gmt":"2016-12-26T04:02:50","guid":{"rendered":"http:\/\/www.lospoliticosveracruz.com.mx\/?p=29776"},"modified":"2016-12-25T22:03:15","modified_gmt":"2016-12-26T04:03:15","slug":"29776","status":"publish","type":"post","link":"https:\/\/lospoliticosveracruz.com\/?p=29776","title":{"rendered":"Mi Navidad sin Mujeres"},"content":{"rendered":"<p><strong>Brenda Caballero<\/strong><\/p>\n<p><em>N\u00fameros Rojos<\/em><\/p>\n<p>Mientras d\u00e1bamos la vuelta con Harry, platicaba al hombre sobre la falta de Equidad de G\u00e9nero en Veracruz. Desgraciadamente las veracruzanas estamos muy lejos de la igualdad en la toma de decisiones en los \u00e1mbitos pol\u00edticos, econ\u00f3micos y sociales en el estado a pesar de ser mayor\u00eda en la poblaci\u00f3n.<\/p>\n<p>Muy pocas mujeres han sido tomadas en cuenta en los cargos p\u00fablicos; el poder sigue a cargo de los varones, incluso en los \u00f3rganos como la Comisi\u00f3n Estatal para la Atenci\u00f3n y Protecci\u00f3n de los Periodistas (Ceapp) donde recientemente nombraron a los comisionados\u2026 solamente dos mujeres: Sayda Gisela Chi\u00f1as C\u00f3rdoba y Ana Laura P\u00e9rez Mendoza, de las que sali\u00f3 la votaci\u00f3n entre ellas para la Presidencia de la Ceapp; pareciera como una manera de ahogar las cr\u00edticas de la equidad de g\u00e9nero que surgieron desde el nombramiento de los comisionados.<\/p>\n<p>As\u00ed iba a empezar mi Lunes de Mujeres, cuando lo vi. Estaba sentado y jugaba con un palito y un cart\u00f3n de Marvel. El marido dice que era del Soldado del Invierno. La verdad, mi falta de conocimiento sobre los superh\u00e9roes me impidi\u00f3 reconocerlo. De repente, una voz se escuch\u00f3: \u201c\u00a1David no te vayas!\u201d Era el padre que buscaba dentro del contenedor de basura de mi edificio, cartones y envases de pet. \u201c\u00a1Ac\u00e1 estoy!\u201d, respond\u00eda el peque\u00f1\u00edn, de 4 a\u00f1os aproximadamente, mientras segu\u00eda jugando.<\/p>\n<p>Harry detuvo su paso y husmeaba los arbustos, mientras el padre preguntaba una y otra vez, como una forma de saber que su hijo segu\u00eda all\u00ed, pues no pod\u00eda verlo.<\/p>\n<p>Una pareja pas\u00f3 indiferente cerca del peque\u00f1o. \u00bfPor qu\u00e9 nos hemos vuelto tan insensibles como sociedad? \u00bfNo se supone que es Navidad y estamos llenos de amor por el Nacimiento de Jes\u00fas? Bueno, as\u00ed parece cuando nos mandamos mensajes a trav\u00e9s de whatsapp, donde nos deseamos todos los parabienes del mundo para nuestros amigos y seres amados. \u00bfY d\u00f3nde quedan los dem\u00e1s? \u00bfLos que no son de nuestra familia?<\/p>\n<p>No generalizo porque tengo amigos que llevan alimentos, cobertores y juquetes a los que m\u00e1s lo necesitan, y les aplaudo porque conocen el sentido de la Navidad: dar amor.<\/p>\n<p>\u201c\u00a1Dale mi Capit\u00e1n Am\u00e9rica!\u201d, fueron las palabras del marido.<\/p>\n<p>&#8211;\u00bfEl que te regal\u00f3 Santiago?<\/p>\n<p>&#8211;S\u00ed, el mismo.<\/p>\n<p>&#8211;\u00bfEl que vas a vender dentro de muchos a\u00f1os como mu\u00f1eco de colecci\u00f3n y por el que te dar\u00e1n mucho dinero?<\/p>\n<p>&#8211;El mismo.<\/p>\n<p>Sub\u00ed corriendo y ya el Capit\u00e1n Am\u00e9rica iba en busca de David.<\/p>\n<p>&#8211;\u00bfPodemos regalar algo a su hijo?&#8211; Fue la pregunta al pap\u00e1.<\/p>\n<p>&#8211;S\u00ed, gracias&#8211; respondi\u00f3.<\/p>\n<p>Los ojos de David se abrieron de manera desorbitada.<\/p>\n<p>&#8211;\u00bfLo conoces?&#8211; Pregunt\u00f3 el marido. David no respondi\u00f3, pero se\u00f1al\u00f3 los cartones con los que jugaba que ten\u00edan la imagen impresa del superh\u00e9roe. \u201c\u00a1Es el capit\u00e1n Am\u00e9rica!\u201d, le dijo el marido. El ni\u00f1o lo abri\u00f3 de inmediato, sac\u00f3 el mu\u00f1eco y el escudo.<\/p>\n<p>Pero a\u00fan faltaba algo para David: un pedazo de pastel de chocolate que le hab\u00eda tra\u00eddo el Capit\u00e1n Am\u00e9rica. No puedo describir la cara de David, pero sent\u00ed que era muy feliz, m\u00e1s feliz que muchos que tenemos la mesa llena de viandas y postres, m\u00e1s feliz que todos aquellos que reciben regalos car\u00edsimos, m\u00e1s feliz que todas las palabras que nos deseamos en estas fechas.<\/p>\n<p>Al alejarnos, David nos dijo adi\u00f3s con su manita extendida, con su sonrisa de oreja a oreja y su boca llena de pastel de chocolate.<\/p>\n<p>Al llegar a casa, no pude evitar recordar la estrella de David y su significado: \u201cLa estrella de seis puntas tuvo en origen un sentido m\u00e1gico: se colgaba en las paredes para ahuyentar a los malos esp\u00edritus, y los alquimistas la usaban para representar la conexi\u00f3n entre cielo y tierra\u201d<\/p>\n<p>No cabe duda que uno puede tener la mejor Navidad sin esperarla\u2026 en la calle, en un paseo o junto a un contenedor de basura.<\/p>\n<p>Disculpen si no hubo lunes de Mujeres, pero hubo Lunes de Estrella\u2026 de la Estrella de David.<\/p>\n<p><a href=\"mailto:caballero_brenda@hotmail.com\">caballero_brenda@hotmail.com<\/a><\/p>\n<p>@NumerosRojos_BC<\/p>\n","protected":false},"excerpt":{"rendered":"<p>Brenda Caballero N\u00fameros Rojos Mientras d\u00e1bamos la vuelta con Harry, platicaba al hombre sobre la falta de Equidad de G\u00e9nero en Veracruz. Desgraciadamente las veracruzanas estamos muy lejos de la igualdad en la toma de decisiones en los \u00e1mbitos pol\u00edticos, econ\u00f3micos y sociales en el estado a pesar de ser mayor\u00eda en la poblaci\u00f3n. Muy [&hellip;]<\/p>\n","protected":false},"author":2,"featured_media":0,"comment_status":"open","ping_status":"open","sticky":false,"template":"","format":"standard","meta":{"tdm_status":"","tdm_grid_status":"","footnotes":""},"categories":[70],"tags":[7021,7020,4382,4363],"class_list":{"0":"post-29776","1":"post","2":"type-post","3":"status-publish","4":"format-standard","6":"category-de-opinion","7":"tag-capitan-america","8":"tag-david","9":"tag-marvel","10":"tag-navidad"},"yoast_head":"<!-- This site is optimized with the Yoast SEO plugin v27.4 - https:\/\/yoast.com\/product\/yoast-seo-wordpress\/ -->\n<title>Mi Navidad sin Mujeres - Los pol\u00edticos Veracruz<\/title>\n<meta name=\"robots\" content=\"index, follow, max-snippet:-1, max-image-preview:large, max-video-preview:-1\" \/>\n<link rel=\"canonical\" href=\"https:\/\/lospoliticosveracruz.com\/?p=29776\" \/>\n<meta property=\"og:locale\" content=\"es_ES\" \/>\n<meta property=\"og:type\" content=\"article\" \/>\n<meta property=\"og:title\" content=\"Mi Navidad sin Mujeres - Los pol\u00edticos Veracruz\" \/>\n<meta property=\"og:description\" content=\"Brenda Caballero N\u00fameros Rojos Mientras d\u00e1bamos la vuelta con Harry, platicaba al hombre sobre la falta de Equidad de G\u00e9nero en Veracruz. Desgraciadamente las veracruzanas estamos muy lejos de la igualdad en la toma de decisiones en los \u00e1mbitos pol\u00edticos, econ\u00f3micos y sociales en el estado a pesar de ser mayor\u00eda en la poblaci\u00f3n. Muy [&hellip;]\" \/>\n<meta property=\"og:url\" content=\"https:\/\/lospoliticosveracruz.com\/?p=29776\" \/>\n<meta property=\"og:site_name\" content=\"Los pol\u00edticos Veracruz\" \/>\n<meta property=\"article:publisher\" content=\"https:\/\/www.facebook.com\/people\/Notimemes-de-los-Polticos\/61565672886568\/\" \/>\n<meta property=\"article:published_time\" content=\"2016-12-26T04:02:50+00:00\" \/>\n<meta property=\"article:modified_time\" content=\"2016-12-26T04:03:15+00:00\" \/>\n<meta property=\"og:image\" content=\"https:\/\/lospoliticosveracruz.com\/wp-content\/uploads\/2016\/07\/Logo-Dor.jpg\" \/>\n\t<meta property=\"og:image:width\" content=\"200\" \/>\n\t<meta property=\"og:image:height\" content=\"200\" \/>\n\t<meta property=\"og:image:type\" content=\"image\/jpeg\" \/>\n<meta name=\"author\" content=\"Lo viste en Los Pol\u00edticos\" \/>\n<meta name=\"twitter:card\" content=\"summary_large_image\" \/>\n<meta name=\"twitter:creator\" content=\"@LosPoliticosVer\" \/>\n<meta name=\"twitter:site\" content=\"@LosPoliticosVer\" \/>\n<meta name=\"twitter:label1\" content=\"Escrito por\" \/>\n\t<meta name=\"twitter:data1\" content=\"Lo viste en Los Pol\u00edticos\" \/>\n\t<meta name=\"twitter:label2\" content=\"Tiempo de lectura\" \/>\n\t<meta name=\"twitter:data2\" content=\"4 minutos\" \/>\n<script type=\"application\/ld+json\" class=\"yoast-schema-graph\">{\"@context\":\"https:\\\/\\\/schema.org\",\"@graph\":[{\"@type\":\"Article\",\"@id\":\"https:\\\/\\\/lospoliticosveracruz.com\\\/?p=29776#article\",\"isPartOf\":{\"@id\":\"https:\\\/\\\/lospoliticosveracruz.com\\\/?p=29776\"},\"author\":{\"name\":\"Lo viste en Los Pol\u00edticos\",\"@id\":\"https:\\\/\\\/lospoliticosveracruz.com\\\/#\\\/schema\\\/person\\\/b8702bb0e538456e6efd07080bf2a4a2\"},\"headline\":\"Mi Navidad sin Mujeres\",\"datePublished\":\"2016-12-26T04:02:50+00:00\",\"dateModified\":\"2016-12-26T04:03:15+00:00\",\"mainEntityOfPage\":{\"@id\":\"https:\\\/\\\/lospoliticosveracruz.com\\\/?p=29776\"},\"wordCount\":731,\"commentCount\":0,\"publisher\":{\"@id\":\"https:\\\/\\\/lospoliticosveracruz.com\\\/#organization\"},\"keywords\":[\"Capit\u00e1n Am\u00e9rica\",\"David\",\"Marvel\",\"navidad\"],\"articleSection\":[\"De Opini\u00f3n\"],\"inLanguage\":\"es\",\"potentialAction\":[{\"@type\":\"CommentAction\",\"name\":\"Comment\",\"target\":[\"https:\\\/\\\/lospoliticosveracruz.com\\\/?p=29776#respond\"]}]},{\"@type\":\"WebPage\",\"@id\":\"https:\\\/\\\/lospoliticosveracruz.com\\\/?p=29776\",\"url\":\"https:\\\/\\\/lospoliticosveracruz.com\\\/?p=29776\",\"name\":\"Mi Navidad sin Mujeres - Los pol\u00edticos Veracruz\",\"isPartOf\":{\"@id\":\"https:\\\/\\\/lospoliticosveracruz.com\\\/#website\"},\"datePublished\":\"2016-12-26T04:02:50+00:00\",\"dateModified\":\"2016-12-26T04:03:15+00:00\",\"breadcrumb\":{\"@id\":\"https:\\\/\\\/lospoliticosveracruz.com\\\/?p=29776#breadcrumb\"},\"inLanguage\":\"es\",\"potentialAction\":[{\"@type\":\"ReadAction\",\"target\":[\"https:\\\/\\\/lospoliticosveracruz.com\\\/?p=29776\"]}]},{\"@type\":\"BreadcrumbList\",\"@id\":\"https:\\\/\\\/lospoliticosveracruz.com\\\/?p=29776#breadcrumb\",\"itemListElement\":[{\"@type\":\"ListItem\",\"position\":1,\"name\":\"Portada\",\"item\":\"https:\\\/\\\/lospoliticosveracruz.com\\\/\"},{\"@type\":\"ListItem\",\"position\":2,\"name\":\"Mi Navidad sin Mujeres\"}]},{\"@type\":\"WebSite\",\"@id\":\"https:\\\/\\\/lospoliticosveracruz.com\\\/#website\",\"url\":\"https:\\\/\\\/lospoliticosveracruz.com\\\/\",\"name\":\"Los pol\u00edticos Veracruz\",\"description\":\"\",\"publisher\":{\"@id\":\"https:\\\/\\\/lospoliticosveracruz.com\\\/#organization\"},\"potentialAction\":[{\"@type\":\"SearchAction\",\"target\":{\"@type\":\"EntryPoint\",\"urlTemplate\":\"https:\\\/\\\/lospoliticosveracruz.com\\\/?s={search_term_string}\"},\"query-input\":{\"@type\":\"PropertyValueSpecification\",\"valueRequired\":true,\"valueName\":\"search_term_string\"}}],\"inLanguage\":\"es\"},{\"@type\":\"Organization\",\"@id\":\"https:\\\/\\\/lospoliticosveracruz.com\\\/#organization\",\"name\":\"Los pol\u00edticos Veracruz\",\"url\":\"https:\\\/\\\/lospoliticosveracruz.com\\\/\",\"logo\":{\"@type\":\"ImageObject\",\"inLanguage\":\"es\",\"@id\":\"https:\\\/\\\/lospoliticosveracruz.com\\\/#\\\/schema\\\/logo\\\/image\\\/\",\"url\":\"https:\\\/\\\/lospoliticosveracruz.com\\\/wp-content\\\/uploads\\\/2025\\\/12\\\/Logo-Nuevo-LOS-POLITICOS-1.jpg\",\"contentUrl\":\"https:\\\/\\\/lospoliticosveracruz.com\\\/wp-content\\\/uploads\\\/2025\\\/12\\\/Logo-Nuevo-LOS-POLITICOS-1.jpg\",\"width\":260,\"height\":70,\"caption\":\"Los pol\u00edticos Veracruz\"},\"image\":{\"@id\":\"https:\\\/\\\/lospoliticosveracruz.com\\\/#\\\/schema\\\/logo\\\/image\\\/\"},\"sameAs\":[\"https:\\\/\\\/www.facebook.com\\\/people\\\/Notimemes-de-los-Polticos\\\/61565672886568\\\/\",\"https:\\\/\\\/x.com\\\/LosPoliticosVer\"]},{\"@type\":\"Person\",\"@id\":\"https:\\\/\\\/lospoliticosveracruz.com\\\/#\\\/schema\\\/person\\\/b8702bb0e538456e6efd07080bf2a4a2\",\"name\":\"Lo viste en Los Pol\u00edticos\",\"image\":{\"@type\":\"ImageObject\",\"inLanguage\":\"es\",\"@id\":\"https:\\\/\\\/secure.gravatar.com\\\/avatar\\\/3a8de04a2656d44082be478bd6c086daa447c4651605818287b9532d3d0bd435?s=96&d=mm&r=g\",\"url\":\"https:\\\/\\\/secure.gravatar.com\\\/avatar\\\/3a8de04a2656d44082be478bd6c086daa447c4651605818287b9532d3d0bd435?s=96&d=mm&r=g\",\"contentUrl\":\"https:\\\/\\\/secure.gravatar.com\\\/avatar\\\/3a8de04a2656d44082be478bd6c086daa447c4651605818287b9532d3d0bd435?s=96&d=mm&r=g\",\"caption\":\"Lo viste en Los Pol\u00edticos\"},\"url\":\"https:\\\/\\\/lospoliticosveracruz.com\\\/?author=2\"}]}<\/script>\n<!-- \/ Yoast SEO plugin. -->","yoast_head_json":{"title":"Mi Navidad sin Mujeres - Los pol\u00edticos Veracruz","robots":{"index":"index","follow":"follow","max-snippet":"max-snippet:-1","max-image-preview":"max-image-preview:large","max-video-preview":"max-video-preview:-1"},"canonical":"https:\/\/lospoliticosveracruz.com\/?p=29776","og_locale":"es_ES","og_type":"article","og_title":"Mi Navidad sin Mujeres - Los pol\u00edticos Veracruz","og_description":"Brenda Caballero N\u00fameros Rojos Mientras d\u00e1bamos la vuelta con Harry, platicaba al hombre sobre la falta de Equidad de G\u00e9nero en Veracruz. Desgraciadamente las veracruzanas estamos muy lejos de la igualdad en la toma de decisiones en los \u00e1mbitos pol\u00edticos, econ\u00f3micos y sociales en el estado a pesar de ser mayor\u00eda en la poblaci\u00f3n. Muy [&hellip;]","og_url":"https:\/\/lospoliticosveracruz.com\/?p=29776","og_site_name":"Los pol\u00edticos Veracruz","article_publisher":"https:\/\/www.facebook.com\/people\/Notimemes-de-los-Polticos\/61565672886568\/","article_published_time":"2016-12-26T04:02:50+00:00","article_modified_time":"2016-12-26T04:03:15+00:00","og_image":[{"width":200,"height":200,"url":"https:\/\/lospoliticosveracruz.com\/wp-content\/uploads\/2016\/07\/Logo-Dor.jpg","type":"image\/jpeg"}],"author":"Lo viste en Los Pol\u00edticos","twitter_card":"summary_large_image","twitter_creator":"@LosPoliticosVer","twitter_site":"@LosPoliticosVer","twitter_misc":{"Escrito por":"Lo viste en Los Pol\u00edticos","Tiempo de lectura":"4 minutos"},"schema":{"@context":"https:\/\/schema.org","@graph":[{"@type":"Article","@id":"https:\/\/lospoliticosveracruz.com\/?p=29776#article","isPartOf":{"@id":"https:\/\/lospoliticosveracruz.com\/?p=29776"},"author":{"name":"Lo viste en Los Pol\u00edticos","@id":"https:\/\/lospoliticosveracruz.com\/#\/schema\/person\/b8702bb0e538456e6efd07080bf2a4a2"},"headline":"Mi Navidad sin Mujeres","datePublished":"2016-12-26T04:02:50+00:00","dateModified":"2016-12-26T04:03:15+00:00","mainEntityOfPage":{"@id":"https:\/\/lospoliticosveracruz.com\/?p=29776"},"wordCount":731,"commentCount":0,"publisher":{"@id":"https:\/\/lospoliticosveracruz.com\/#organization"},"keywords":["Capit\u00e1n Am\u00e9rica","David","Marvel","navidad"],"articleSection":["De Opini\u00f3n"],"inLanguage":"es","potentialAction":[{"@type":"CommentAction","name":"Comment","target":["https:\/\/lospoliticosveracruz.com\/?p=29776#respond"]}]},{"@type":"WebPage","@id":"https:\/\/lospoliticosveracruz.com\/?p=29776","url":"https:\/\/lospoliticosveracruz.com\/?p=29776","name":"Mi Navidad sin Mujeres - Los pol\u00edticos Veracruz","isPartOf":{"@id":"https:\/\/lospoliticosveracruz.com\/#website"},"datePublished":"2016-12-26T04:02:50+00:00","dateModified":"2016-12-26T04:03:15+00:00","breadcrumb":{"@id":"https:\/\/lospoliticosveracruz.com\/?p=29776#breadcrumb"},"inLanguage":"es","potentialAction":[{"@type":"ReadAction","target":["https:\/\/lospoliticosveracruz.com\/?p=29776"]}]},{"@type":"BreadcrumbList","@id":"https:\/\/lospoliticosveracruz.com\/?p=29776#breadcrumb","itemListElement":[{"@type":"ListItem","position":1,"name":"Portada","item":"https:\/\/lospoliticosveracruz.com\/"},{"@type":"ListItem","position":2,"name":"Mi Navidad sin Mujeres"}]},{"@type":"WebSite","@id":"https:\/\/lospoliticosveracruz.com\/#website","url":"https:\/\/lospoliticosveracruz.com\/","name":"Los pol\u00edticos Veracruz","description":"","publisher":{"@id":"https:\/\/lospoliticosveracruz.com\/#organization"},"potentialAction":[{"@type":"SearchAction","target":{"@type":"EntryPoint","urlTemplate":"https:\/\/lospoliticosveracruz.com\/?s={search_term_string}"},"query-input":{"@type":"PropertyValueSpecification","valueRequired":true,"valueName":"search_term_string"}}],"inLanguage":"es"},{"@type":"Organization","@id":"https:\/\/lospoliticosveracruz.com\/#organization","name":"Los pol\u00edticos Veracruz","url":"https:\/\/lospoliticosveracruz.com\/","logo":{"@type":"ImageObject","inLanguage":"es","@id":"https:\/\/lospoliticosveracruz.com\/#\/schema\/logo\/image\/","url":"https:\/\/lospoliticosveracruz.com\/wp-content\/uploads\/2025\/12\/Logo-Nuevo-LOS-POLITICOS-1.jpg","contentUrl":"https:\/\/lospoliticosveracruz.com\/wp-content\/uploads\/2025\/12\/Logo-Nuevo-LOS-POLITICOS-1.jpg","width":260,"height":70,"caption":"Los pol\u00edticos Veracruz"},"image":{"@id":"https:\/\/lospoliticosveracruz.com\/#\/schema\/logo\/image\/"},"sameAs":["https:\/\/www.facebook.com\/people\/Notimemes-de-los-Polticos\/61565672886568\/","https:\/\/x.com\/LosPoliticosVer"]},{"@type":"Person","@id":"https:\/\/lospoliticosveracruz.com\/#\/schema\/person\/b8702bb0e538456e6efd07080bf2a4a2","name":"Lo viste en Los Pol\u00edticos","image":{"@type":"ImageObject","inLanguage":"es","@id":"https:\/\/secure.gravatar.com\/avatar\/3a8de04a2656d44082be478bd6c086daa447c4651605818287b9532d3d0bd435?s=96&d=mm&r=g","url":"https:\/\/secure.gravatar.com\/avatar\/3a8de04a2656d44082be478bd6c086daa447c4651605818287b9532d3d0bd435?s=96&d=mm&r=g","contentUrl":"https:\/\/secure.gravatar.com\/avatar\/3a8de04a2656d44082be478bd6c086daa447c4651605818287b9532d3d0bd435?s=96&d=mm&r=g","caption":"Lo viste en Los Pol\u00edticos"},"url":"https:\/\/lospoliticosveracruz.com\/?author=2"}]}},"_links":{"self":[{"href":"https:\/\/lospoliticosveracruz.com\/index.php?rest_route=\/wp\/v2\/posts\/29776","targetHints":{"allow":["GET"]}}],"collection":[{"href":"https:\/\/lospoliticosveracruz.com\/index.php?rest_route=\/wp\/v2\/posts"}],"about":[{"href":"https:\/\/lospoliticosveracruz.com\/index.php?rest_route=\/wp\/v2\/types\/post"}],"author":[{"embeddable":true,"href":"https:\/\/lospoliticosveracruz.com\/index.php?rest_route=\/wp\/v2\/users\/2"}],"replies":[{"embeddable":true,"href":"https:\/\/lospoliticosveracruz.com\/index.php?rest_route=%2Fwp%2Fv2%2Fcomments&post=29776"}],"version-history":[{"count":2,"href":"https:\/\/lospoliticosveracruz.com\/index.php?rest_route=\/wp\/v2\/posts\/29776\/revisions"}],"predecessor-version":[{"id":29778,"href":"https:\/\/lospoliticosveracruz.com\/index.php?rest_route=\/wp\/v2\/posts\/29776\/revisions\/29778"}],"wp:attachment":[{"href":"https:\/\/lospoliticosveracruz.com\/index.php?rest_route=%2Fwp%2Fv2%2Fmedia&parent=29776"}],"wp:term":[{"taxonomy":"category","embeddable":true,"href":"https:\/\/lospoliticosveracruz.com\/index.php?rest_route=%2Fwp%2Fv2%2Fcategories&post=29776"},{"taxonomy":"post_tag","embeddable":true,"href":"https:\/\/lospoliticosveracruz.com\/index.php?rest_route=%2Fwp%2Fv2%2Ftags&post=29776"}],"curies":[{"name":"wp","href":"https:\/\/api.w.org\/{rel}","templated":true}]}}