{"id":29779,"date":"2016-12-25T22:15:47","date_gmt":"2016-12-26T04:15:47","guid":{"rendered":"http:\/\/www.lospoliticosveracruz.com.mx\/?p=29779"},"modified":"2016-12-25T22:15:47","modified_gmt":"2016-12-26T04:15:47","slug":"un-ano-con-olor-a-muerte","status":"publish","type":"post","link":"https:\/\/lospoliticosveracruz.com\/?p=29779","title":{"rendered":"Un a\u00f1o con olor a muerte"},"content":{"rendered":"<p class=\"x_m_4528190552797043642xmsonospacing\"><b><\/b><u><\/u><strong>Luis Alberto Romero<\/strong><u><\/u><u><\/u><\/p>\n<p class=\"x_m_4528190552797043642xmsonospacing\"><em>Hora Cero<\/em><u><\/u><u><\/u><\/p>\n<p class=\"x_m_4528190552797043642xmsonospacing\"><u><\/u>\u00a0<u><\/u><\/p>\n<p class=\"x_m_4528190552797043642xmsonospacing\">Noviembre fue el \u00faltimo mes de la pasada administraci\u00f3n estatal; en ese periodo de 30 d\u00edas, Javier Duarte ya no estuvo al frente del Poder Ejecutivo de la entidad, dado que solicit\u00f3 licencia desde el 12 de octubre, cuando habr\u00eda emprendido la huida, presuntamente a bordo de una aeronave del gobierno de Veracruz, facilitada por el interino, Flavino R\u00edos Alvarado.<u><\/u><u><\/u><\/p>\n<p class=\"x_m_4528190552797043642xmsonospacing\">Despu\u00e9s de una entrevista que Duarte concedi\u00f3 al noticiario de Carlos Loret de Mola, el ex mandatario veracruzano acudi\u00f3 a Palacio de Gobierno, recorri\u00f3 las instalaciones, parti\u00f3 al aeropuerto de El Lencero, en Xalapa, y no fue visto m\u00e1s, de tal manera que un mes m\u00e1s tarde, la responsabilidad del gobierno recay\u00f3 en el ejecutivo interino.<u><\/u><u><\/u><\/p>\n<p class=\"x_m_4528190552797043642xmsonospacing\">Arturo Berm\u00fadez Zurita, el otrora poderoso secretario de Seguridad P\u00fablica del gobierno estatal, tampoco estuvo en el cargo durante noviembre, puesta renunci\u00f3 al comenzar agosto, luego del esc\u00e1ndalo sobre sus numerosas propiedades y presunto enriquecimiento il\u00edcito, revelado a la opini\u00f3n p\u00fablica por el actual gobernador, Miguel \u00c1ngel Yunes Linares.<u><\/u><u><\/u><\/p>\n<p class=\"x_m_4528190552797043642xmsonospacing\">A cargo de las tareas en materia de seguridad se encontraba en Veracruz, durante noviembre, Nabor Nava Holgu\u00edn.<u><\/u><u><\/u><\/p>\n<p class=\"x_m_4528190552797043642xmsonospacing\">Sin embargo, durante noviembre, el problema de la violencia y la inseguridad mantuvo su tendencia en la entidad.<u><\/u><u><\/u><\/p>\n<p class=\"x_m_4528190552797043642xmsonospacing\">Podr\u00edamos decir que Flavino R\u00edos Alvarado no fue capaz de frenar los enormes problemas sociales derivados de la virtual quiebra de las finanzas de la administraci\u00f3n estatal; su ef\u00edmero gobierno tampoco pudo hacer algo por disminuir los retos relacionados con la incidencia delictiva, porque no hab\u00eda dinero en caja ni para cubrir el precio de la gasolina que consumen las patrullas.<u><\/u><u><\/u><\/p>\n<p class=\"x_m_4528190552797043642xmsonospacing\">Hace unos d\u00edas, el Secretariado Ejecutivo del Sistema Nacional de Seguridad P\u00fablica dio a conocer el reporte sobre la incidencia delictiva del Fuero Com\u00fan, en la actualizaci\u00f3n correspondiente al mes de noviembre.<u><\/u><u><\/u><\/p>\n<p class=\"x_m_4528190552797043642xmsonospacing\">En Veracruz, la estad\u00edstica report\u00f3 un incremento considerable en el n\u00famero de los delitos denunciados ante la Fiscal\u00eda General del Estado: m\u00e1s de 4 mil se cometieron ese mes en la entidad, donde hubo mil 880 robos, casi 300 lesiones dolosas, 133 homicidios dolosos y nueve secuestros.<u><\/u><u><\/u><\/p>\n<p class=\"x_m_4528190552797043642xmsonospacing\">2016 pasar\u00e1 a la historia contempor\u00e1nea de Veracruz como el a\u00f1o en que se registr\u00f3 la mayor cantidad de asesinatos dolosos; todav\u00eda no concluye el a\u00f1o y ya se contabilizan mil 126.<u><\/u><u><\/u><\/p>\n<p class=\"x_m_4528190552797043642xmsonospacing\">Este a\u00f1o es, adem\u00e1s, el segundo en cuanto al n\u00famero de secuestros, s\u00f3lo debajo de 2014.<u><\/u><u><\/u><\/p>\n<p class=\"x_m_4528190552797043642xmsonospacing\">El nuevo gobierno del estado conoce la dimensi\u00f3n del problema de la seguridad p\u00fablica; de hecho, desde que comenz\u00f3 la administraci\u00f3n se han llevado a efecto reuniones regionales sobre ese tema.<u><\/u><u><\/u><\/p>\n<p class=\"x_m_4528190552797043642xmsonospacing\">La m\u00e1s reciente acci\u00f3n es materia de seguridad y vigilancia se anunci\u00f3 el pasado viernes, cuando el gobernador habl\u00f3 de un operativo especial para el combate a la delincuencia en la zona conurbada Veracruz-Boca del R\u00edo, que tambi\u00e9n incluye a Jamapa, Medell\u00edn y Alvarado.<u><\/u><u><\/u><\/p>\n<p class=\"x_m_4528190552797043642xmsonospacing\">Operaciones encubiertas, clausura de giros negros y deshuesaderos de autos son algunas de las acciones que ya se llevan a cabo, con el apoyo del Ej\u00e9rcito y la Marina.<u><\/u><u><\/u><\/p>\n<p class=\"x_m_4528190552797043642xmsonospacing\">Por supuesto, cualquier veracruzano desea que los problemas de la entidad en materia delictiva se resuelvan de forma inmediata; pero pensar que ello es posible resulta un absurdo porque durante a\u00f1os las autoridades adoptaron una actitud irresponsable, indolente, casi contemplativa y sospechosamente permisiva ante el avance de la delincuencia.<u><\/u><u><\/u><\/p>\n<p class=\"x_m_4528190552797043642xmsonospacing\">Frenar esa tendencia; hacer que los cuerpos policiacos sirvan para la tarea que les da sentido; construir esquemas de seguridad funcionales; y depurar a las polic\u00edas es una tarea que de ninguna manera se puede concretar en el corto plazo.<u><\/u><u><\/u><\/p>\n<p class=\"x_m_4528190552797043642xmsonospacing\">As\u00ed las cosas, esperemos que en un tiempo razonable se corrija el rumbo de Veracruz en materia de seguridad; y que el problema de la violencia y de la actividad delincuencial sea un reto que pronto se supere en la entidad, por el bien de todos.<u><\/u><u><\/u><\/p>\n<p class=\"x_m_4528190552797043642xmsonospacing\"><u><\/u>\u00a0<u><\/u><\/p>\n<p class=\"x_m_4528190552797043642xmsonospacing\"><u><\/u>\u00a0<u><\/u><\/p>\n<p class=\"x_m_4528190552797043642xmsonospacing\"><b>Zona norte, el operativo de seguridad<u><\/u><u><\/u><\/b><\/p>\n<p class=\"x_m_4528190552797043642xmsonospacing\">En la regi\u00f3n norte de Veracruz hay reportes sobre el operativo de seguridad en la zona petrolera y citr\u00edcola, con una notable disminuci\u00f3n en los \u00edndices delictivos, nos dicen.<u><\/u><u><\/u><\/p>\n<p class=\"x_m_4528190552797043642xmsonospacing\">En los puntos que van desde Poza Rica a \u00c1lamo Temapache existe mayor presencia policiaca; de hecho, hay comentarios en el sentido de que la depuraci\u00f3n policiaca va en serio.<u><\/u><u><\/u><\/p>\n<p class=\"x_m_4528190552797043642xmsonospacing\">Parece que atr\u00e1s quedaron los d\u00edas en que los productores citr\u00edcolas pagaban a la delincuencia organizada hasta mil pesos por tonelada de fruta comercializada, principalmente naranja, a cambio de no ser v\u00edctimas.<u><\/u><u><\/u><\/p>\n<p class=\"x_m_4528190552797043642xmsonospacing\">Con la llegada de 200 elementos policiacos a la zona, hoy \u00c1lamo recobra su paso normal y lo mismo ocurre en Poza Rica y Coatzintla, donde poco a poco se recupera la tranquilidad. @luisromero85<\/p>\n","protected":false},"excerpt":{"rendered":"<p>Luis Alberto Romero Hora Cero \u00a0 Noviembre fue el \u00faltimo mes de la pasada administraci\u00f3n estatal; en ese periodo de 30 d\u00edas, Javier Duarte ya no estuvo al frente del Poder Ejecutivo de la entidad, dado que solicit\u00f3 licencia desde el 12 de octubre, cuando habr\u00eda emprendido la huida, presuntamente a bordo de una aeronave [&hellip;]<\/p>\n","protected":false},"author":2,"featured_media":0,"comment_status":"open","ping_status":"open","sticky":false,"template":"","format":"standard","meta":{"tdm_status":"","tdm_grid_status":"","footnotes":""},"categories":[70],"tags":[1761,162,360],"class_list":{"0":"post-29779","1":"post","2":"type-post","3":"status-publish","4":"format-standard","6":"category-de-opinion","7":"tag-flavino-rios","8":"tag-javier-duarte","9":"tag-seguridad"},"yoast_head":"<!-- This site is optimized with the Yoast SEO plugin v27.4 - https:\/\/yoast.com\/product\/yoast-seo-wordpress\/ -->\n<title>Un a\u00f1o con olor a muerte - Los pol\u00edticos Veracruz<\/title>\n<meta name=\"robots\" content=\"index, follow, max-snippet:-1, max-image-preview:large, max-video-preview:-1\" \/>\n<link rel=\"canonical\" href=\"https:\/\/lospoliticosveracruz.com\/?p=29779\" \/>\n<meta property=\"og:locale\" content=\"es_ES\" \/>\n<meta property=\"og:type\" content=\"article\" \/>\n<meta property=\"og:title\" content=\"Un a\u00f1o con olor a muerte - Los pol\u00edticos Veracruz\" \/>\n<meta property=\"og:description\" content=\"Luis Alberto Romero Hora Cero \u00a0 Noviembre fue el \u00faltimo mes de la pasada administraci\u00f3n estatal; en ese periodo de 30 d\u00edas, Javier Duarte ya no estuvo al frente del Poder Ejecutivo de la entidad, dado que solicit\u00f3 licencia desde el 12 de octubre, cuando habr\u00eda emprendido la huida, presuntamente a bordo de una aeronave [&hellip;]\" \/>\n<meta property=\"og:url\" content=\"https:\/\/lospoliticosveracruz.com\/?p=29779\" \/>\n<meta property=\"og:site_name\" content=\"Los pol\u00edticos Veracruz\" \/>\n<meta property=\"article:publisher\" content=\"https:\/\/www.facebook.com\/people\/Notimemes-de-los-Polticos\/61565672886568\/\" \/>\n<meta property=\"article:published_time\" content=\"2016-12-26T04:15:47+00:00\" \/>\n<meta property=\"og:image\" content=\"https:\/\/lospoliticosveracruz.com\/wp-content\/uploads\/2016\/07\/Logo-Dor.jpg\" \/>\n\t<meta property=\"og:image:width\" content=\"200\" \/>\n\t<meta property=\"og:image:height\" content=\"200\" \/>\n\t<meta property=\"og:image:type\" content=\"image\/jpeg\" \/>\n<meta name=\"author\" content=\"Lo viste en Los Pol\u00edticos\" \/>\n<meta name=\"twitter:card\" content=\"summary_large_image\" \/>\n<meta name=\"twitter:creator\" content=\"@LosPoliticosVer\" \/>\n<meta name=\"twitter:site\" content=\"@LosPoliticosVer\" \/>\n<meta name=\"twitter:label1\" content=\"Escrito por\" \/>\n\t<meta name=\"twitter:data1\" content=\"Lo viste en Los Pol\u00edticos\" \/>\n\t<meta name=\"twitter:label2\" content=\"Tiempo de lectura\" \/>\n\t<meta name=\"twitter:data2\" content=\"4 minutos\" \/>\n<script type=\"application\/ld+json\" class=\"yoast-schema-graph\">{\"@context\":\"https:\\\/\\\/schema.org\",\"@graph\":[{\"@type\":\"Article\",\"@id\":\"https:\\\/\\\/lospoliticosveracruz.com\\\/?p=29779#article\",\"isPartOf\":{\"@id\":\"https:\\\/\\\/lospoliticosveracruz.com\\\/?p=29779\"},\"author\":{\"name\":\"Lo viste en Los Pol\u00edticos\",\"@id\":\"https:\\\/\\\/lospoliticosveracruz.com\\\/#\\\/schema\\\/person\\\/b8702bb0e538456e6efd07080bf2a4a2\"},\"headline\":\"Un a\u00f1o con olor a muerte\",\"datePublished\":\"2016-12-26T04:15:47+00:00\",\"mainEntityOfPage\":{\"@id\":\"https:\\\/\\\/lospoliticosveracruz.com\\\/?p=29779\"},\"wordCount\":815,\"commentCount\":0,\"publisher\":{\"@id\":\"https:\\\/\\\/lospoliticosveracruz.com\\\/#organization\"},\"keywords\":[\"Flavino R\u00edos\",\"Javier Duarte\",\"Seguridad\"],\"articleSection\":[\"De Opini\u00f3n\"],\"inLanguage\":\"es\",\"potentialAction\":[{\"@type\":\"CommentAction\",\"name\":\"Comment\",\"target\":[\"https:\\\/\\\/lospoliticosveracruz.com\\\/?p=29779#respond\"]}]},{\"@type\":\"WebPage\",\"@id\":\"https:\\\/\\\/lospoliticosveracruz.com\\\/?p=29779\",\"url\":\"https:\\\/\\\/lospoliticosveracruz.com\\\/?p=29779\",\"name\":\"Un a\u00f1o con olor a muerte - Los pol\u00edticos Veracruz\",\"isPartOf\":{\"@id\":\"https:\\\/\\\/lospoliticosveracruz.com\\\/#website\"},\"datePublished\":\"2016-12-26T04:15:47+00:00\",\"breadcrumb\":{\"@id\":\"https:\\\/\\\/lospoliticosveracruz.com\\\/?p=29779#breadcrumb\"},\"inLanguage\":\"es\",\"potentialAction\":[{\"@type\":\"ReadAction\",\"target\":[\"https:\\\/\\\/lospoliticosveracruz.com\\\/?p=29779\"]}]},{\"@type\":\"BreadcrumbList\",\"@id\":\"https:\\\/\\\/lospoliticosveracruz.com\\\/?p=29779#breadcrumb\",\"itemListElement\":[{\"@type\":\"ListItem\",\"position\":1,\"name\":\"Portada\",\"item\":\"https:\\\/\\\/lospoliticosveracruz.com\\\/\"},{\"@type\":\"ListItem\",\"position\":2,\"name\":\"Un a\u00f1o con olor a muerte\"}]},{\"@type\":\"WebSite\",\"@id\":\"https:\\\/\\\/lospoliticosveracruz.com\\\/#website\",\"url\":\"https:\\\/\\\/lospoliticosveracruz.com\\\/\",\"name\":\"Los pol\u00edticos Veracruz\",\"description\":\"\",\"publisher\":{\"@id\":\"https:\\\/\\\/lospoliticosveracruz.com\\\/#organization\"},\"potentialAction\":[{\"@type\":\"SearchAction\",\"target\":{\"@type\":\"EntryPoint\",\"urlTemplate\":\"https:\\\/\\\/lospoliticosveracruz.com\\\/?s={search_term_string}\"},\"query-input\":{\"@type\":\"PropertyValueSpecification\",\"valueRequired\":true,\"valueName\":\"search_term_string\"}}],\"inLanguage\":\"es\"},{\"@type\":\"Organization\",\"@id\":\"https:\\\/\\\/lospoliticosveracruz.com\\\/#organization\",\"name\":\"Los pol\u00edticos Veracruz\",\"url\":\"https:\\\/\\\/lospoliticosveracruz.com\\\/\",\"logo\":{\"@type\":\"ImageObject\",\"inLanguage\":\"es\",\"@id\":\"https:\\\/\\\/lospoliticosveracruz.com\\\/#\\\/schema\\\/logo\\\/image\\\/\",\"url\":\"https:\\\/\\\/lospoliticosveracruz.com\\\/wp-content\\\/uploads\\\/2025\\\/12\\\/Logo-Nuevo-LOS-POLITICOS-1.jpg\",\"contentUrl\":\"https:\\\/\\\/lospoliticosveracruz.com\\\/wp-content\\\/uploads\\\/2025\\\/12\\\/Logo-Nuevo-LOS-POLITICOS-1.jpg\",\"width\":260,\"height\":70,\"caption\":\"Los pol\u00edticos Veracruz\"},\"image\":{\"@id\":\"https:\\\/\\\/lospoliticosveracruz.com\\\/#\\\/schema\\\/logo\\\/image\\\/\"},\"sameAs\":[\"https:\\\/\\\/www.facebook.com\\\/people\\\/Notimemes-de-los-Polticos\\\/61565672886568\\\/\",\"https:\\\/\\\/x.com\\\/LosPoliticosVer\"]},{\"@type\":\"Person\",\"@id\":\"https:\\\/\\\/lospoliticosveracruz.com\\\/#\\\/schema\\\/person\\\/b8702bb0e538456e6efd07080bf2a4a2\",\"name\":\"Lo viste en Los Pol\u00edticos\",\"image\":{\"@type\":\"ImageObject\",\"inLanguage\":\"es\",\"@id\":\"https:\\\/\\\/secure.gravatar.com\\\/avatar\\\/3a8de04a2656d44082be478bd6c086daa447c4651605818287b9532d3d0bd435?s=96&d=mm&r=g\",\"url\":\"https:\\\/\\\/secure.gravatar.com\\\/avatar\\\/3a8de04a2656d44082be478bd6c086daa447c4651605818287b9532d3d0bd435?s=96&d=mm&r=g\",\"contentUrl\":\"https:\\\/\\\/secure.gravatar.com\\\/avatar\\\/3a8de04a2656d44082be478bd6c086daa447c4651605818287b9532d3d0bd435?s=96&d=mm&r=g\",\"caption\":\"Lo viste en Los Pol\u00edticos\"},\"url\":\"https:\\\/\\\/lospoliticosveracruz.com\\\/?author=2\"}]}<\/script>\n<!-- \/ Yoast SEO plugin. -->","yoast_head_json":{"title":"Un a\u00f1o con olor a muerte - Los pol\u00edticos Veracruz","robots":{"index":"index","follow":"follow","max-snippet":"max-snippet:-1","max-image-preview":"max-image-preview:large","max-video-preview":"max-video-preview:-1"},"canonical":"https:\/\/lospoliticosveracruz.com\/?p=29779","og_locale":"es_ES","og_type":"article","og_title":"Un a\u00f1o con olor a muerte - Los pol\u00edticos Veracruz","og_description":"Luis Alberto Romero Hora Cero \u00a0 Noviembre fue el \u00faltimo mes de la pasada administraci\u00f3n estatal; en ese periodo de 30 d\u00edas, Javier Duarte ya no estuvo al frente del Poder Ejecutivo de la entidad, dado que solicit\u00f3 licencia desde el 12 de octubre, cuando habr\u00eda emprendido la huida, presuntamente a bordo de una aeronave [&hellip;]","og_url":"https:\/\/lospoliticosveracruz.com\/?p=29779","og_site_name":"Los pol\u00edticos Veracruz","article_publisher":"https:\/\/www.facebook.com\/people\/Notimemes-de-los-Polticos\/61565672886568\/","article_published_time":"2016-12-26T04:15:47+00:00","og_image":[{"width":200,"height":200,"url":"https:\/\/lospoliticosveracruz.com\/wp-content\/uploads\/2016\/07\/Logo-Dor.jpg","type":"image\/jpeg"}],"author":"Lo viste en Los Pol\u00edticos","twitter_card":"summary_large_image","twitter_creator":"@LosPoliticosVer","twitter_site":"@LosPoliticosVer","twitter_misc":{"Escrito por":"Lo viste en Los Pol\u00edticos","Tiempo de lectura":"4 minutos"},"schema":{"@context":"https:\/\/schema.org","@graph":[{"@type":"Article","@id":"https:\/\/lospoliticosveracruz.com\/?p=29779#article","isPartOf":{"@id":"https:\/\/lospoliticosveracruz.com\/?p=29779"},"author":{"name":"Lo viste en Los Pol\u00edticos","@id":"https:\/\/lospoliticosveracruz.com\/#\/schema\/person\/b8702bb0e538456e6efd07080bf2a4a2"},"headline":"Un a\u00f1o con olor a muerte","datePublished":"2016-12-26T04:15:47+00:00","mainEntityOfPage":{"@id":"https:\/\/lospoliticosveracruz.com\/?p=29779"},"wordCount":815,"commentCount":0,"publisher":{"@id":"https:\/\/lospoliticosveracruz.com\/#organization"},"keywords":["Flavino R\u00edos","Javier Duarte","Seguridad"],"articleSection":["De Opini\u00f3n"],"inLanguage":"es","potentialAction":[{"@type":"CommentAction","name":"Comment","target":["https:\/\/lospoliticosveracruz.com\/?p=29779#respond"]}]},{"@type":"WebPage","@id":"https:\/\/lospoliticosveracruz.com\/?p=29779","url":"https:\/\/lospoliticosveracruz.com\/?p=29779","name":"Un a\u00f1o con olor a muerte - Los pol\u00edticos Veracruz","isPartOf":{"@id":"https:\/\/lospoliticosveracruz.com\/#website"},"datePublished":"2016-12-26T04:15:47+00:00","breadcrumb":{"@id":"https:\/\/lospoliticosveracruz.com\/?p=29779#breadcrumb"},"inLanguage":"es","potentialAction":[{"@type":"ReadAction","target":["https:\/\/lospoliticosveracruz.com\/?p=29779"]}]},{"@type":"BreadcrumbList","@id":"https:\/\/lospoliticosveracruz.com\/?p=29779#breadcrumb","itemListElement":[{"@type":"ListItem","position":1,"name":"Portada","item":"https:\/\/lospoliticosveracruz.com\/"},{"@type":"ListItem","position":2,"name":"Un a\u00f1o con olor a muerte"}]},{"@type":"WebSite","@id":"https:\/\/lospoliticosveracruz.com\/#website","url":"https:\/\/lospoliticosveracruz.com\/","name":"Los pol\u00edticos Veracruz","description":"","publisher":{"@id":"https:\/\/lospoliticosveracruz.com\/#organization"},"potentialAction":[{"@type":"SearchAction","target":{"@type":"EntryPoint","urlTemplate":"https:\/\/lospoliticosveracruz.com\/?s={search_term_string}"},"query-input":{"@type":"PropertyValueSpecification","valueRequired":true,"valueName":"search_term_string"}}],"inLanguage":"es"},{"@type":"Organization","@id":"https:\/\/lospoliticosveracruz.com\/#organization","name":"Los pol\u00edticos Veracruz","url":"https:\/\/lospoliticosveracruz.com\/","logo":{"@type":"ImageObject","inLanguage":"es","@id":"https:\/\/lospoliticosveracruz.com\/#\/schema\/logo\/image\/","url":"https:\/\/lospoliticosveracruz.com\/wp-content\/uploads\/2025\/12\/Logo-Nuevo-LOS-POLITICOS-1.jpg","contentUrl":"https:\/\/lospoliticosveracruz.com\/wp-content\/uploads\/2025\/12\/Logo-Nuevo-LOS-POLITICOS-1.jpg","width":260,"height":70,"caption":"Los pol\u00edticos Veracruz"},"image":{"@id":"https:\/\/lospoliticosveracruz.com\/#\/schema\/logo\/image\/"},"sameAs":["https:\/\/www.facebook.com\/people\/Notimemes-de-los-Polticos\/61565672886568\/","https:\/\/x.com\/LosPoliticosVer"]},{"@type":"Person","@id":"https:\/\/lospoliticosveracruz.com\/#\/schema\/person\/b8702bb0e538456e6efd07080bf2a4a2","name":"Lo viste en Los Pol\u00edticos","image":{"@type":"ImageObject","inLanguage":"es","@id":"https:\/\/secure.gravatar.com\/avatar\/3a8de04a2656d44082be478bd6c086daa447c4651605818287b9532d3d0bd435?s=96&d=mm&r=g","url":"https:\/\/secure.gravatar.com\/avatar\/3a8de04a2656d44082be478bd6c086daa447c4651605818287b9532d3d0bd435?s=96&d=mm&r=g","contentUrl":"https:\/\/secure.gravatar.com\/avatar\/3a8de04a2656d44082be478bd6c086daa447c4651605818287b9532d3d0bd435?s=96&d=mm&r=g","caption":"Lo viste en Los Pol\u00edticos"},"url":"https:\/\/lospoliticosveracruz.com\/?author=2"}]}},"_links":{"self":[{"href":"https:\/\/lospoliticosveracruz.com\/index.php?rest_route=\/wp\/v2\/posts\/29779","targetHints":{"allow":["GET"]}}],"collection":[{"href":"https:\/\/lospoliticosveracruz.com\/index.php?rest_route=\/wp\/v2\/posts"}],"about":[{"href":"https:\/\/lospoliticosveracruz.com\/index.php?rest_route=\/wp\/v2\/types\/post"}],"author":[{"embeddable":true,"href":"https:\/\/lospoliticosveracruz.com\/index.php?rest_route=\/wp\/v2\/users\/2"}],"replies":[{"embeddable":true,"href":"https:\/\/lospoliticosveracruz.com\/index.php?rest_route=%2Fwp%2Fv2%2Fcomments&post=29779"}],"version-history":[{"count":3,"href":"https:\/\/lospoliticosveracruz.com\/index.php?rest_route=\/wp\/v2\/posts\/29779\/revisions"}],"predecessor-version":[{"id":29782,"href":"https:\/\/lospoliticosveracruz.com\/index.php?rest_route=\/wp\/v2\/posts\/29779\/revisions\/29782"}],"wp:attachment":[{"href":"https:\/\/lospoliticosveracruz.com\/index.php?rest_route=%2Fwp%2Fv2%2Fmedia&parent=29779"}],"wp:term":[{"taxonomy":"category","embeddable":true,"href":"https:\/\/lospoliticosveracruz.com\/index.php?rest_route=%2Fwp%2Fv2%2Fcategories&post=29779"},{"taxonomy":"post_tag","embeddable":true,"href":"https:\/\/lospoliticosveracruz.com\/index.php?rest_route=%2Fwp%2Fv2%2Ftags&post=29779"}],"curies":[{"name":"wp","href":"https:\/\/api.w.org\/{rel}","templated":true}]}}