{"id":29783,"date":"2016-12-25T22:27:23","date_gmt":"2016-12-26T04:27:23","guid":{"rendered":"http:\/\/www.lospoliticosveracruz.com.mx\/?p=29783"},"modified":"2016-12-25T22:27:23","modified_gmt":"2016-12-26T04:27:23","slug":"regalo-de-navidad","status":"publish","type":"post","link":"https:\/\/lospoliticosveracruz.com\/?p=29783","title":{"rendered":"REGALO DE NAVIDAD"},"content":{"rendered":"<div><b>Pablo Jair Ortega<\/b><\/div>\n<div><em>Columna sin nombre<\/em><\/div>\n<div><\/div>\n<div><\/div>\n<div><\/div>\n<div>Desde hace unos meses, un gato negro rondaba por el barrio y ya ten\u00eda jodidos a muchos vecinos porque les romp\u00eda sus bolsas de basura. En la casa, de hecho, tuvimos que comprar un bote sellado porque en las madrugadas se escuchaba al animalito entrarle con todo a lo que encontraba de alimento, no sin antes meterle garra al pl\u00e1stico y dejar regado el desperdicio en la puerta de la entrada.<\/div>\n<div><\/div>\n<div>Las primeras veces uno se levantaba espantado por los extra\u00f1os ruidos; se asomaba desde la ventana y ah\u00ed estaba esa bola de pelos, agazapado en la penumbra y con el camuflaje perfecto de su pelaje oscuro. S\u00f3lo se le ve\u00edan los ojitos brillar, sin espantarse; se me quedaba viendo desde afuera con cara de \u201cNo la hagas de pedo, tengo hambre\u201d y yo con cara de \u201cNo mames, son las 4 de la ma\u00f1ana; come sin hacer tanto pedo\u201d.<\/div>\n<div><\/div>\n<div>Uno quisiera haberle adoptado, pero el asunto es que ya es un gato de edad avanzada, muy taimado y desconfiado, de esos que dif\u00edcilmente tendr\u00edan la certidumbre para entrar a un peque\u00f1o departamento desconocido, que a la vez ya es territorio de la Jackie y el Tito, con sus banderas bien plantadas, as\u00ed como sus hijas y compa\u00f1eros perrunos. Es aqu\u00ed donde uno quisiera tener un ranchote como el Alex Huerta (AKA Javier Duarte) para entonces alojar animalitos que uno va recogiendo de la calle.<\/div>\n<div><\/div>\n<div>Pues el gato negro ya era conocido en el barrio y hasta mi vecina la venezolana le puso comida en la banqueta de su casa para que ya no estuviera rompiendo bolsas; tambi\u00e9n ten\u00eda la idea de llev\u00e1rselo a su negocio para mantener alejados a los ratones.<\/div>\n<div><\/div>\n<div>(De hecho, gracias en parte a los gatos que pululan por la colonia, podemos decir que afortunadamente casi no se ve fauna nociva; y por el contrario podemos presumir que en el \u00e1rea verde se ven conejos, tlacuaches, chachalacas, ardillas, lechuzas, a veces viene un tuc\u00e1n y hay un buen de tordos).<\/div>\n<div><\/div>\n<div>Este d\u00eda 24, poco antes de salir a festejar con grandes amigos la Noche Buena, sacamos a los perros a su respectiva miada vespertina, y en el recorrido, cerca de un lote bald\u00edo, hab\u00eda una extra\u00f1a bola de pelos tirada entre la hierba y lo primero que se pens\u00f3 fue: \u201cYa envenenaron a este wey\u201d.<\/div>\n<div><\/div>\n<div>Pero no, estaba echado\u2026 o mejor dicho echada (s\u00ed, result\u00f3 que era gata), porque estaba amamantando a la intemperie a sus recientes cr\u00edas, que en ese momento deben de haber tenido apenas una hora de vida. La gata apenas se mov\u00eda y s\u00f3lo abr\u00eda los ojos para verte con cara de \u201cP\u00e9rate, wey, no est\u00e9s chingando, acabo de parir\u201d.<\/div>\n<div><\/div>\n<div>El asunto es que uno se queda pensando en las pobres cr\u00edas ah\u00ed expuestas a un clima fr\u00edo y posibles lluvias. Aparte la madre sin comer, sin agua, y sin poder despegarse de los 4 gatitos que acababan de llegar a este mundo. El asunto era tambi\u00e9n c\u00f3mo acercarse a una gata que amenazaba con soltar ara\u00f1azos y mordidas violentas al primero que se le acercara: reacci\u00f3n natural de defensa a sus cr\u00edas.<\/div>\n<div><\/div>\n<div>Con los vecinos se dispuso de una reja de pl\u00e1stico y peri\u00f3dico como aislante, para que en un momento dado se le pudiera acercar como refugio. Luego llevarle leche a la mam\u00e1 y unos pedazos de jam\u00f3n ahumado La Higuera, por aquello de consentirla y no entre en depresi\u00f3n post-parto.<\/div>\n<div><\/div>\n<div>Hubo un momento donde se pudo trasladar a los neonatos felinos con todo y mam\u00e1 hacia una casa, pero \u00e9sta huyo atemorizada y se decidi\u00f3 dejar la caja en la calle para que los pudiera seguir amamantando. Por la madrugada, entre tragos de Jack Daniel\u2019s y cerveza, se les escuchaba a los gatitos chillando a todo pulm\u00f3n y la mam\u00e1 no aparec\u00eda, por lo que se les llev\u00f3 a la cochera y envolvi\u00f3 en cobijas por aquello de la baja temperatura.<\/div>\n<div><\/div>\n<div>Seg\u00fan los vecinos, la gata ya apareci\u00f3 y estuvo cerca de sus cr\u00edas, pero anda escondida, temerosa de la perversa humanidad.<\/div>\n<div><\/div>\n<div>Eso fue por la madrugada, en plena Navidad\u2026<\/div>\n<div><\/div>\n<div>Hay cient\u00edficos que hablan sobre una plaga de gatos en el mundo, pero yo creo que no es as\u00ed: m\u00e1s bien es un plan muy bien estructurado a largo plazo, desde los tiempos del Egipto antiguo, para dominar el planeta.<\/div>\n<div><\/div>\n<div>Dicen que los gatos poco a poco lo est\u00e1n logrando a trav\u00e9s de superpoderes; que a trav\u00e9s de una guerra bacteriol\u00f3gica, el infectado se convierte en zombie adorador cari\u00f1oso de los gatos, aunado a que -me perdonen los amantes de perros- son bien chidos y uno no deja de adorarlos.<\/div>\n<div><\/div>\n<div>Tal vez en un futuro muy lejano, cuando los gatos ya tengan totalmente controlada la Tierra, se hable de que cualquiera de estos 4 gatos sea un Mes\u00edas gatuno, por aquello de que nacieron un 24 de diciembre de 2016. La gata negra quiz\u00e1s sea la madre del salvador de la raza felina y habr\u00e1 un libro sagrado donde se narre la historia de los cuatro gatitos cuyas vidas ser\u00e1n el parteaguas de los nuevos habitantes peludos y bigotones del orbe.<\/div>\n<div><\/div>\n<div>Ojal\u00e1 se cuente que unos humanos buena onda alimentaron a la madre y le dieron refugio al Elegido y a sus hermanos, porque ya ve c\u00f3mo al paso de los a\u00f1os cambian la historia de acuerdo a su conveniencia.<\/div>\n<div><\/div>\n<div>\n<div><b>@pablojair<\/b><\/div>\n<div><b><a href=\"http:\/\/columnasinnombre.com.mx\/\" target=\"_blank\">columnasinnombre.com.mx<\/a><\/b><\/div>\n<div><\/div>\n<\/div>\n","protected":false},"excerpt":{"rendered":"<p>Pablo Jair Ortega Columna sin nombre Desde hace unos meses, un gato negro rondaba por el barrio y ya ten\u00eda jodidos a muchos vecinos porque les romp\u00eda sus bolsas de basura. En la casa, de hecho, tuvimos que comprar un bote sellado porque en las madrugadas se escuchaba al animalito entrarle con todo a lo [&hellip;]<\/p>\n","protected":false},"author":2,"featured_media":0,"comment_status":"open","ping_status":"open","sticky":false,"template":"","format":"standard","meta":{"tdm_status":"","tdm_grid_status":"","footnotes":""},"categories":[6451],"tags":[7022],"class_list":{"0":"post-29783","1":"post","2":"type-post","3":"status-publish","4":"format-standard","6":"category-historias_de_amigos","7":"tag-gato-negro"},"yoast_head":"<!-- This site is optimized with the Yoast SEO plugin v27.4 - https:\/\/yoast.com\/product\/yoast-seo-wordpress\/ -->\n<title>REGALO DE NAVIDAD - Los pol\u00edticos Veracruz<\/title>\n<meta name=\"robots\" content=\"index, follow, max-snippet:-1, max-image-preview:large, max-video-preview:-1\" \/>\n<link rel=\"canonical\" href=\"https:\/\/lospoliticosveracruz.com\/?p=29783\" \/>\n<meta property=\"og:locale\" content=\"es_ES\" \/>\n<meta property=\"og:type\" content=\"article\" \/>\n<meta property=\"og:title\" content=\"REGALO DE NAVIDAD - Los pol\u00edticos Veracruz\" \/>\n<meta property=\"og:description\" content=\"Pablo Jair Ortega Columna sin nombre Desde hace unos meses, un gato negro rondaba por el barrio y ya ten\u00eda jodidos a muchos vecinos porque les romp\u00eda sus bolsas de basura. En la casa, de hecho, tuvimos que comprar un bote sellado porque en las madrugadas se escuchaba al animalito entrarle con todo a lo [&hellip;]\" \/>\n<meta property=\"og:url\" content=\"https:\/\/lospoliticosveracruz.com\/?p=29783\" \/>\n<meta property=\"og:site_name\" content=\"Los pol\u00edticos Veracruz\" \/>\n<meta property=\"article:publisher\" content=\"https:\/\/www.facebook.com\/people\/Notimemes-de-los-Polticos\/61565672886568\/\" \/>\n<meta property=\"article:published_time\" content=\"2016-12-26T04:27:23+00:00\" \/>\n<meta property=\"og:image\" content=\"https:\/\/lospoliticosveracruz.com\/wp-content\/uploads\/2016\/07\/Logo-Dor.jpg\" \/>\n\t<meta property=\"og:image:width\" content=\"200\" \/>\n\t<meta property=\"og:image:height\" content=\"200\" \/>\n\t<meta property=\"og:image:type\" content=\"image\/jpeg\" \/>\n<meta name=\"author\" content=\"Lo viste en Los Pol\u00edticos\" \/>\n<meta name=\"twitter:card\" content=\"summary_large_image\" \/>\n<meta name=\"twitter:creator\" content=\"@LosPoliticosVer\" \/>\n<meta name=\"twitter:site\" content=\"@LosPoliticosVer\" \/>\n<meta name=\"twitter:label1\" content=\"Escrito por\" \/>\n\t<meta name=\"twitter:data1\" content=\"Lo viste en Los Pol\u00edticos\" \/>\n\t<meta name=\"twitter:label2\" content=\"Tiempo de lectura\" \/>\n\t<meta name=\"twitter:data2\" content=\"5 minutos\" \/>\n<script type=\"application\/ld+json\" class=\"yoast-schema-graph\">{\"@context\":\"https:\\\/\\\/schema.org\",\"@graph\":[{\"@type\":\"Article\",\"@id\":\"https:\\\/\\\/lospoliticosveracruz.com\\\/?p=29783#article\",\"isPartOf\":{\"@id\":\"https:\\\/\\\/lospoliticosveracruz.com\\\/?p=29783\"},\"author\":{\"name\":\"Lo viste en Los Pol\u00edticos\",\"@id\":\"https:\\\/\\\/lospoliticosveracruz.com\\\/#\\\/schema\\\/person\\\/b8702bb0e538456e6efd07080bf2a4a2\"},\"headline\":\"REGALO DE NAVIDAD\",\"datePublished\":\"2016-12-26T04:27:23+00:00\",\"mainEntityOfPage\":{\"@id\":\"https:\\\/\\\/lospoliticosveracruz.com\\\/?p=29783\"},\"wordCount\":951,\"commentCount\":0,\"publisher\":{\"@id\":\"https:\\\/\\\/lospoliticosveracruz.com\\\/#organization\"},\"keywords\":[\"Gato negro\"],\"articleSection\":[\"Historias de Amigos\"],\"inLanguage\":\"es\",\"potentialAction\":[{\"@type\":\"CommentAction\",\"name\":\"Comment\",\"target\":[\"https:\\\/\\\/lospoliticosveracruz.com\\\/?p=29783#respond\"]}]},{\"@type\":\"WebPage\",\"@id\":\"https:\\\/\\\/lospoliticosveracruz.com\\\/?p=29783\",\"url\":\"https:\\\/\\\/lospoliticosveracruz.com\\\/?p=29783\",\"name\":\"REGALO DE NAVIDAD - Los pol\u00edticos Veracruz\",\"isPartOf\":{\"@id\":\"https:\\\/\\\/lospoliticosveracruz.com\\\/#website\"},\"datePublished\":\"2016-12-26T04:27:23+00:00\",\"breadcrumb\":{\"@id\":\"https:\\\/\\\/lospoliticosveracruz.com\\\/?p=29783#breadcrumb\"},\"inLanguage\":\"es\",\"potentialAction\":[{\"@type\":\"ReadAction\",\"target\":[\"https:\\\/\\\/lospoliticosveracruz.com\\\/?p=29783\"]}]},{\"@type\":\"BreadcrumbList\",\"@id\":\"https:\\\/\\\/lospoliticosveracruz.com\\\/?p=29783#breadcrumb\",\"itemListElement\":[{\"@type\":\"ListItem\",\"position\":1,\"name\":\"Portada\",\"item\":\"https:\\\/\\\/lospoliticosveracruz.com\\\/\"},{\"@type\":\"ListItem\",\"position\":2,\"name\":\"REGALO DE NAVIDAD\"}]},{\"@type\":\"WebSite\",\"@id\":\"https:\\\/\\\/lospoliticosveracruz.com\\\/#website\",\"url\":\"https:\\\/\\\/lospoliticosveracruz.com\\\/\",\"name\":\"Los pol\u00edticos Veracruz\",\"description\":\"\",\"publisher\":{\"@id\":\"https:\\\/\\\/lospoliticosveracruz.com\\\/#organization\"},\"potentialAction\":[{\"@type\":\"SearchAction\",\"target\":{\"@type\":\"EntryPoint\",\"urlTemplate\":\"https:\\\/\\\/lospoliticosveracruz.com\\\/?s={search_term_string}\"},\"query-input\":{\"@type\":\"PropertyValueSpecification\",\"valueRequired\":true,\"valueName\":\"search_term_string\"}}],\"inLanguage\":\"es\"},{\"@type\":\"Organization\",\"@id\":\"https:\\\/\\\/lospoliticosveracruz.com\\\/#organization\",\"name\":\"Los pol\u00edticos Veracruz\",\"url\":\"https:\\\/\\\/lospoliticosveracruz.com\\\/\",\"logo\":{\"@type\":\"ImageObject\",\"inLanguage\":\"es\",\"@id\":\"https:\\\/\\\/lospoliticosveracruz.com\\\/#\\\/schema\\\/logo\\\/image\\\/\",\"url\":\"https:\\\/\\\/lospoliticosveracruz.com\\\/wp-content\\\/uploads\\\/2025\\\/12\\\/Logo-Nuevo-LOS-POLITICOS-1.jpg\",\"contentUrl\":\"https:\\\/\\\/lospoliticosveracruz.com\\\/wp-content\\\/uploads\\\/2025\\\/12\\\/Logo-Nuevo-LOS-POLITICOS-1.jpg\",\"width\":260,\"height\":70,\"caption\":\"Los pol\u00edticos Veracruz\"},\"image\":{\"@id\":\"https:\\\/\\\/lospoliticosveracruz.com\\\/#\\\/schema\\\/logo\\\/image\\\/\"},\"sameAs\":[\"https:\\\/\\\/www.facebook.com\\\/people\\\/Notimemes-de-los-Polticos\\\/61565672886568\\\/\",\"https:\\\/\\\/x.com\\\/LosPoliticosVer\"]},{\"@type\":\"Person\",\"@id\":\"https:\\\/\\\/lospoliticosveracruz.com\\\/#\\\/schema\\\/person\\\/b8702bb0e538456e6efd07080bf2a4a2\",\"name\":\"Lo viste en Los Pol\u00edticos\",\"image\":{\"@type\":\"ImageObject\",\"inLanguage\":\"es\",\"@id\":\"https:\\\/\\\/secure.gravatar.com\\\/avatar\\\/3a8de04a2656d44082be478bd6c086daa447c4651605818287b9532d3d0bd435?s=96&d=mm&r=g\",\"url\":\"https:\\\/\\\/secure.gravatar.com\\\/avatar\\\/3a8de04a2656d44082be478bd6c086daa447c4651605818287b9532d3d0bd435?s=96&d=mm&r=g\",\"contentUrl\":\"https:\\\/\\\/secure.gravatar.com\\\/avatar\\\/3a8de04a2656d44082be478bd6c086daa447c4651605818287b9532d3d0bd435?s=96&d=mm&r=g\",\"caption\":\"Lo viste en Los Pol\u00edticos\"},\"url\":\"https:\\\/\\\/lospoliticosveracruz.com\\\/?author=2\"}]}<\/script>\n<!-- \/ Yoast SEO plugin. -->","yoast_head_json":{"title":"REGALO DE NAVIDAD - Los pol\u00edticos Veracruz","robots":{"index":"index","follow":"follow","max-snippet":"max-snippet:-1","max-image-preview":"max-image-preview:large","max-video-preview":"max-video-preview:-1"},"canonical":"https:\/\/lospoliticosveracruz.com\/?p=29783","og_locale":"es_ES","og_type":"article","og_title":"REGALO DE NAVIDAD - Los pol\u00edticos Veracruz","og_description":"Pablo Jair Ortega Columna sin nombre Desde hace unos meses, un gato negro rondaba por el barrio y ya ten\u00eda jodidos a muchos vecinos porque les romp\u00eda sus bolsas de basura. En la casa, de hecho, tuvimos que comprar un bote sellado porque en las madrugadas se escuchaba al animalito entrarle con todo a lo [&hellip;]","og_url":"https:\/\/lospoliticosveracruz.com\/?p=29783","og_site_name":"Los pol\u00edticos Veracruz","article_publisher":"https:\/\/www.facebook.com\/people\/Notimemes-de-los-Polticos\/61565672886568\/","article_published_time":"2016-12-26T04:27:23+00:00","og_image":[{"width":200,"height":200,"url":"https:\/\/lospoliticosveracruz.com\/wp-content\/uploads\/2016\/07\/Logo-Dor.jpg","type":"image\/jpeg"}],"author":"Lo viste en Los Pol\u00edticos","twitter_card":"summary_large_image","twitter_creator":"@LosPoliticosVer","twitter_site":"@LosPoliticosVer","twitter_misc":{"Escrito por":"Lo viste en Los Pol\u00edticos","Tiempo de lectura":"5 minutos"},"schema":{"@context":"https:\/\/schema.org","@graph":[{"@type":"Article","@id":"https:\/\/lospoliticosveracruz.com\/?p=29783#article","isPartOf":{"@id":"https:\/\/lospoliticosveracruz.com\/?p=29783"},"author":{"name":"Lo viste en Los Pol\u00edticos","@id":"https:\/\/lospoliticosveracruz.com\/#\/schema\/person\/b8702bb0e538456e6efd07080bf2a4a2"},"headline":"REGALO DE NAVIDAD","datePublished":"2016-12-26T04:27:23+00:00","mainEntityOfPage":{"@id":"https:\/\/lospoliticosveracruz.com\/?p=29783"},"wordCount":951,"commentCount":0,"publisher":{"@id":"https:\/\/lospoliticosveracruz.com\/#organization"},"keywords":["Gato negro"],"articleSection":["Historias de Amigos"],"inLanguage":"es","potentialAction":[{"@type":"CommentAction","name":"Comment","target":["https:\/\/lospoliticosveracruz.com\/?p=29783#respond"]}]},{"@type":"WebPage","@id":"https:\/\/lospoliticosveracruz.com\/?p=29783","url":"https:\/\/lospoliticosveracruz.com\/?p=29783","name":"REGALO DE NAVIDAD - Los pol\u00edticos Veracruz","isPartOf":{"@id":"https:\/\/lospoliticosveracruz.com\/#website"},"datePublished":"2016-12-26T04:27:23+00:00","breadcrumb":{"@id":"https:\/\/lospoliticosveracruz.com\/?p=29783#breadcrumb"},"inLanguage":"es","potentialAction":[{"@type":"ReadAction","target":["https:\/\/lospoliticosveracruz.com\/?p=29783"]}]},{"@type":"BreadcrumbList","@id":"https:\/\/lospoliticosveracruz.com\/?p=29783#breadcrumb","itemListElement":[{"@type":"ListItem","position":1,"name":"Portada","item":"https:\/\/lospoliticosveracruz.com\/"},{"@type":"ListItem","position":2,"name":"REGALO DE NAVIDAD"}]},{"@type":"WebSite","@id":"https:\/\/lospoliticosveracruz.com\/#website","url":"https:\/\/lospoliticosveracruz.com\/","name":"Los pol\u00edticos Veracruz","description":"","publisher":{"@id":"https:\/\/lospoliticosveracruz.com\/#organization"},"potentialAction":[{"@type":"SearchAction","target":{"@type":"EntryPoint","urlTemplate":"https:\/\/lospoliticosveracruz.com\/?s={search_term_string}"},"query-input":{"@type":"PropertyValueSpecification","valueRequired":true,"valueName":"search_term_string"}}],"inLanguage":"es"},{"@type":"Organization","@id":"https:\/\/lospoliticosveracruz.com\/#organization","name":"Los pol\u00edticos Veracruz","url":"https:\/\/lospoliticosveracruz.com\/","logo":{"@type":"ImageObject","inLanguage":"es","@id":"https:\/\/lospoliticosveracruz.com\/#\/schema\/logo\/image\/","url":"https:\/\/lospoliticosveracruz.com\/wp-content\/uploads\/2025\/12\/Logo-Nuevo-LOS-POLITICOS-1.jpg","contentUrl":"https:\/\/lospoliticosveracruz.com\/wp-content\/uploads\/2025\/12\/Logo-Nuevo-LOS-POLITICOS-1.jpg","width":260,"height":70,"caption":"Los pol\u00edticos Veracruz"},"image":{"@id":"https:\/\/lospoliticosveracruz.com\/#\/schema\/logo\/image\/"},"sameAs":["https:\/\/www.facebook.com\/people\/Notimemes-de-los-Polticos\/61565672886568\/","https:\/\/x.com\/LosPoliticosVer"]},{"@type":"Person","@id":"https:\/\/lospoliticosveracruz.com\/#\/schema\/person\/b8702bb0e538456e6efd07080bf2a4a2","name":"Lo viste en Los Pol\u00edticos","image":{"@type":"ImageObject","inLanguage":"es","@id":"https:\/\/secure.gravatar.com\/avatar\/3a8de04a2656d44082be478bd6c086daa447c4651605818287b9532d3d0bd435?s=96&d=mm&r=g","url":"https:\/\/secure.gravatar.com\/avatar\/3a8de04a2656d44082be478bd6c086daa447c4651605818287b9532d3d0bd435?s=96&d=mm&r=g","contentUrl":"https:\/\/secure.gravatar.com\/avatar\/3a8de04a2656d44082be478bd6c086daa447c4651605818287b9532d3d0bd435?s=96&d=mm&r=g","caption":"Lo viste en Los Pol\u00edticos"},"url":"https:\/\/lospoliticosveracruz.com\/?author=2"}]}},"_links":{"self":[{"href":"https:\/\/lospoliticosveracruz.com\/index.php?rest_route=\/wp\/v2\/posts\/29783","targetHints":{"allow":["GET"]}}],"collection":[{"href":"https:\/\/lospoliticosveracruz.com\/index.php?rest_route=\/wp\/v2\/posts"}],"about":[{"href":"https:\/\/lospoliticosveracruz.com\/index.php?rest_route=\/wp\/v2\/types\/post"}],"author":[{"embeddable":true,"href":"https:\/\/lospoliticosveracruz.com\/index.php?rest_route=\/wp\/v2\/users\/2"}],"replies":[{"embeddable":true,"href":"https:\/\/lospoliticosveracruz.com\/index.php?rest_route=%2Fwp%2Fv2%2Fcomments&post=29783"}],"version-history":[{"count":1,"href":"https:\/\/lospoliticosveracruz.com\/index.php?rest_route=\/wp\/v2\/posts\/29783\/revisions"}],"predecessor-version":[{"id":29785,"href":"https:\/\/lospoliticosveracruz.com\/index.php?rest_route=\/wp\/v2\/posts\/29783\/revisions\/29785"}],"wp:attachment":[{"href":"https:\/\/lospoliticosveracruz.com\/index.php?rest_route=%2Fwp%2Fv2%2Fmedia&parent=29783"}],"wp:term":[{"taxonomy":"category","embeddable":true,"href":"https:\/\/lospoliticosveracruz.com\/index.php?rest_route=%2Fwp%2Fv2%2Fcategories&post=29783"},{"taxonomy":"post_tag","embeddable":true,"href":"https:\/\/lospoliticosveracruz.com\/index.php?rest_route=%2Fwp%2Fv2%2Ftags&post=29783"}],"curies":[{"name":"wp","href":"https:\/\/api.w.org\/{rel}","templated":true}]}}