{"id":29873,"date":"2016-12-29T00:15:23","date_gmt":"2016-12-29T06:15:23","guid":{"rendered":"http:\/\/www.lospoliticosveracruz.com.mx\/?p=29873"},"modified":"2016-12-29T00:15:23","modified_gmt":"2016-12-29T06:15:23","slug":"presupuesto-de-egresos-ley-y-realidad","status":"publish","type":"post","link":"https:\/\/lospoliticosveracruz.com\/?p=29873","title":{"rendered":"Presupuesto de Egresos: Ley y realidad"},"content":{"rendered":"<p><strong>Salvador Mu\u00f1oz<\/strong><\/p>\n<p><em>Los Pol\u00edticos<\/em><\/p>\n<p>El diputado por Morena, Amado Cruz Malpica, puso el \u00e9nfasis donde ten\u00eda que ponerlo: \u00bfC\u00f3mo lograr que lo que marca la Ley, la Constituci\u00f3n local, empate con la realidad veracruzana ante la petici\u00f3n de Yunes Linares para \u201creestructurar\u201d el Presupuesto de Egresos 2017 presentado por la administraci\u00f3n anterior?<\/p>\n<p>El comentario se da cuando el Poder Legislativo acept\u00f3 la invitaci\u00f3n del Ejecutivo para reunirse y comentar la intenci\u00f3n de \u201creestructurar\u201d el Presupuesto de Egresos, pues de acuerdo a lo expresado Yunes Linares, aprobarlo como lo mand\u00f3 el Gobernador anterior implicar\u00eda un d\u00e9ficit de 20 mil millones de pesos y conllevar\u00eda a tener un gobierno que s\u00f3lo pagar\u00eda sueldos y prestaciones, pero no invertir\u00eda en obra p\u00fablica, por decir lo menos.<\/p>\n<p>Volviendo al cuestionamiento de Amado Cruz Malpica, la respuesta que da Miguel \u00c1ngel Yunes Linares es simple, quiz\u00e1s idealista, pero no por ello imposible: Si bien los diputados s\u00f3lo tienen la facultad para aprobar o rechazar el Presupuesto de Egresos, el Gobernador apuesta a que s\u00ed se puede \u201cmodificar\u201d atendiendo la principal causa que motiva la estancia de los legisladores en el Palacio Legislativo: su compromiso con la sociedad.<\/p>\n<p>En s\u00ed, as\u00ed se podr\u00eda resumir el total de esta reuni\u00f3n entre ambos poderes, pero perm\u00edtame aportar algunos datos interesantes que salieron en tal que no porque los ponga en ese orden sea porque as\u00ed se dieron:<\/p>\n<p>Al ser cuestionado por la diputada Dulce Mar\u00eda Garc\u00eda L\u00f3pez y la relaci\u00f3n con la prensa, respondi\u00f3 Yunes Linares que va a respetar las garant\u00edas constitucionales de expresi\u00f3n y difusi\u00f3n de las ideas, as\u00ed como proteger y apoyar a los trabajadores de los medios de comunicaci\u00f3n, pero en cuanto a convenios, fue muy claro en precisar que sean \u00e9stas, las empresas, las que financien su actividad, porque al menos en el pasado sexenio \u201cse pag\u00f3 m\u00e1s a medios que lo invertido en medicamentos\u201d. La cifra: 8 mil 500 mdp. Dio nombres de algunas que \u201cni en su casa las conocen\u201d o la cifra de 55 millones de pesos que se pag\u00f3 en una sola exhibici\u00f3n a El Centinela, as\u00ed como los 128 millones de pesos pagados durante el sexenio pasado al diario AZ. Fue enf\u00e1tico al citar que se iniciar\u00e1 una investigaci\u00f3n a dos Coordinadores de Comunicaci\u00f3n Social: Gina Dom\u00ednguez y Alberto Silva Ramos.<\/p>\n<p>Al respecto, v\u00eda Twitter, Gina Dom\u00ednguez me coment\u00f3: \u201cLos medios y los periodistas como en tu caso, son un valor para la sociedad, y una necesidad para los gobiernos. El nuevo gobierno [est\u00e1] en todo su derecho de investigar y de modificar su relaci\u00f3n con los medios. La relaci\u00f3n prensa-poder sumamente compleja y llena de claro-oscuros\u201d. Espero platicarlo con ella en breve&#8230; nada m\u00e1s estoy a la espera de su respuesta.<\/p>\n<p>Pens\u00e9 que hab\u00eda escuchado mal, pero la cifra s\u00ed espanta: \u00bf224 mil empleados por liquidar? Alguien me comenta: Es casi la mitad de la plantilla del Gobierno estatal. Por cierto, no escuch\u00e9 a ning\u00fan diputado que lo cuestionara al respecto. Justifica esta medida de ajuste con estos datos: En el \u00faltimo a\u00f1o, se duplic\u00f3 el gasto corriente; 50 de cada 100 pesos son para operaci\u00f3n del Gobierno y en primer lugar se ocupan para sueldos y prestaciones.<\/p>\n<p>Hasta el momento, de la flotilla a\u00e9rea que tiene el Gobierno estatal, s\u00f3lo hay en servicio dos helic\u00f3pteros. El resto, est\u00e1 retenida por falta de pago en su mantenimiento. Hay un adeudo por 300 mdp. Cuenta que se ocupaban las aeronaves para asistir a partidos de futbol de Xalapa al Puerto y aterrizaban en el estadio o las utilizaban para viajes de placer incluso fuera del pa\u00eds.<\/p>\n<p>En la oficina del Gobernador cobraban 356 \u201cempleados\u201d cuando apenas si caben m\u00e1s de 20 personas. \u201cDejamos de prescindir de sus servicios\u201d. En Casa Veracruz (la cual no habitar\u00e1) hab\u00eda 50 empleados al servicio del Gobernador, gasto que no se justifica. Cit\u00f3 a la secretar\u00eda de Gobierno, que parec\u00eda aeropuerto por la cantidad de \u201caviadores\u201d que cobraban y que no acreditaban alg\u00fan servicio \u00a1ya est\u00e1n fuera de la n\u00f3mina! Ahora, se investiga a quienes los metieron y lo que cobraron, para denunciarlos. Cada n\u00f3mina de cada dependencia est\u00e1 bajo revisi\u00f3n.<\/p>\n<p>Anunci\u00f3 Yunes Linares la desaparici\u00f3n de algunos Fideicomisos y Organismos P\u00fablicos Descentralizados y en algunos casos, se sectorizar\u00e1n las tareas para no duplicarlas.<\/p>\n<p>Aplicar\u00e1 medidas extremas en casos como la Administraci\u00f3n Portuaria Veracruzana que tiene concesionados el Club de Yates, el Puerto de Alvarado y otro, \u201crecibe ingresos por 200 mdp por una empresa y el director ganaba 123 mil pesos\u201d. En rubros como Tecnol\u00f3gicos, que captan directamente cuotas de alumnos \u00a1no las reportan a Sefiplan y las aplican sin control! Igual ocurre en hospitales, como el Regional de Veracruz, donde hace poco, el director que tom\u00f3 posesi\u00f3n, Jos\u00e9 Luis Cerecedo, encontr\u00f3 un reporte de 80 mil pesos mensuales, pero a pocos d\u00edas, los ingresos ya superaban los 400 mil pesos&#8230; \u00a1Sefiplan regular\u00e1 ello!<\/p>\n<p>En conclusi\u00f3n, lo que espera del Congreso del Estado es que se le permita al Poder Ejecutivo enviar un comentario, una propuesta, un \u201calcance\u201d al Presupuesto de Egresos 2017 que genere un equilibrio con la realidad veracruzana as\u00ed como con el Plan Veracruzano de Desarrollo y evitar lo que en su formato original conllevar\u00eda: \u00a1volver a la licuadora!<\/p>\n<p>Amado Cruz Malpica tiene raz\u00f3n, la Ley s\u00f3lo les permite Aprobar o Rechazar el Presupuesto en cuesti\u00f3n; pero tambi\u00e9n, la situaci\u00f3n por la que atraviesa Veracruz, ante una crisis financiera que ara\u00f1a la social ya en algunos rubros, le da la raz\u00f3n a Miguel \u00c1ngel Yunes Linares cuando apuesta al compromiso que cada diputado tiene con la sociedad m\u00e1s que con sus partidos. Todo sea por equilibrar las finanzas p\u00fablicas y el Gobernador s\u00f3lo pide tres meses para lograrlo. Habr\u00e1 que esperar la respuesta de los diputados.<\/p>\n<p>&nbsp;<\/p>\n<p>smcainito@gmail.com<\/p>\n","protected":false},"excerpt":{"rendered":"<p>Salvador Mu\u00f1oz Los Pol\u00edticos El diputado por Morena, Amado Cruz Malpica, puso el \u00e9nfasis donde ten\u00eda que ponerlo: \u00bfC\u00f3mo lograr que lo que marca la Ley, la Constituci\u00f3n local, empate con la realidad veracruzana ante la petici\u00f3n de Yunes Linares para \u201creestructurar\u201d el Presupuesto de Egresos 2017 presentado por la administraci\u00f3n anterior? El comentario se [&hellip;]<\/p>\n","protected":false},"author":2,"featured_media":0,"comment_status":"open","ping_status":"open","sticky":false,"template":"","format":"standard","meta":{"tdm_status":"","tdm_grid_status":"","footnotes":""},"categories":[70],"tags":[5618,428,7046],"class_list":{"0":"post-29873","1":"post","2":"type-post","3":"status-publish","4":"format-standard","6":"category-de-opinion","7":"tag-amado-cruz-malpica","8":"tag-miguel-angel-yunes-linares","9":"tag-presupuesto-de-egresos-2017"},"yoast_head":"<!-- This site is optimized with the Yoast SEO plugin v27.4 - https:\/\/yoast.com\/product\/yoast-seo-wordpress\/ -->\n<title>Presupuesto de Egresos: Ley y realidad - Los pol\u00edticos Veracruz<\/title>\n<meta name=\"robots\" content=\"index, follow, max-snippet:-1, max-image-preview:large, max-video-preview:-1\" \/>\n<link rel=\"canonical\" href=\"https:\/\/lospoliticosveracruz.com\/?p=29873\" \/>\n<meta property=\"og:locale\" content=\"es_ES\" \/>\n<meta property=\"og:type\" content=\"article\" \/>\n<meta property=\"og:title\" content=\"Presupuesto de Egresos: Ley y realidad - Los pol\u00edticos Veracruz\" \/>\n<meta property=\"og:description\" content=\"Salvador Mu\u00f1oz Los Pol\u00edticos El diputado por Morena, Amado Cruz Malpica, puso el \u00e9nfasis donde ten\u00eda que ponerlo: \u00bfC\u00f3mo lograr que lo que marca la Ley, la Constituci\u00f3n local, empate con la realidad veracruzana ante la petici\u00f3n de Yunes Linares para \u201creestructurar\u201d el Presupuesto de Egresos 2017 presentado por la administraci\u00f3n anterior? El comentario se [&hellip;]\" \/>\n<meta property=\"og:url\" content=\"https:\/\/lospoliticosveracruz.com\/?p=29873\" \/>\n<meta property=\"og:site_name\" content=\"Los pol\u00edticos Veracruz\" \/>\n<meta property=\"article:publisher\" content=\"https:\/\/www.facebook.com\/people\/Notimemes-de-los-Polticos\/61565672886568\/\" \/>\n<meta property=\"article:published_time\" content=\"2016-12-29T06:15:23+00:00\" \/>\n<meta property=\"og:image\" content=\"https:\/\/lospoliticosveracruz.com\/wp-content\/uploads\/2016\/07\/Logo-Dor.jpg\" \/>\n\t<meta property=\"og:image:width\" content=\"200\" \/>\n\t<meta property=\"og:image:height\" content=\"200\" \/>\n\t<meta property=\"og:image:type\" content=\"image\/jpeg\" \/>\n<meta name=\"author\" content=\"Lo viste en Los Pol\u00edticos\" \/>\n<meta name=\"twitter:card\" content=\"summary_large_image\" \/>\n<meta name=\"twitter:creator\" content=\"@LosPoliticosVer\" \/>\n<meta name=\"twitter:site\" content=\"@LosPoliticosVer\" \/>\n<meta name=\"twitter:label1\" content=\"Escrito por\" \/>\n\t<meta name=\"twitter:data1\" content=\"Lo viste en Los Pol\u00edticos\" \/>\n\t<meta name=\"twitter:label2\" content=\"Tiempo de lectura\" \/>\n\t<meta name=\"twitter:data2\" content=\"5 minutos\" \/>\n<script type=\"application\/ld+json\" class=\"yoast-schema-graph\">{\"@context\":\"https:\\\/\\\/schema.org\",\"@graph\":[{\"@type\":\"Article\",\"@id\":\"https:\\\/\\\/lospoliticosveracruz.com\\\/?p=29873#article\",\"isPartOf\":{\"@id\":\"https:\\\/\\\/lospoliticosveracruz.com\\\/?p=29873\"},\"author\":{\"name\":\"Lo viste en Los Pol\u00edticos\",\"@id\":\"https:\\\/\\\/lospoliticosveracruz.com\\\/#\\\/schema\\\/person\\\/b8702bb0e538456e6efd07080bf2a4a2\"},\"headline\":\"Presupuesto de Egresos: Ley y realidad\",\"datePublished\":\"2016-12-29T06:15:23+00:00\",\"mainEntityOfPage\":{\"@id\":\"https:\\\/\\\/lospoliticosveracruz.com\\\/?p=29873\"},\"wordCount\":1025,\"commentCount\":0,\"publisher\":{\"@id\":\"https:\\\/\\\/lospoliticosveracruz.com\\\/#organization\"},\"keywords\":[\"Amado Cruz Malpica\",\"Miguel Angel Yunes Linares\",\"Presupuesto de Egresos 2017\"],\"articleSection\":[\"De Opini\u00f3n\"],\"inLanguage\":\"es\",\"potentialAction\":[{\"@type\":\"CommentAction\",\"name\":\"Comment\",\"target\":[\"https:\\\/\\\/lospoliticosveracruz.com\\\/?p=29873#respond\"]}]},{\"@type\":\"WebPage\",\"@id\":\"https:\\\/\\\/lospoliticosveracruz.com\\\/?p=29873\",\"url\":\"https:\\\/\\\/lospoliticosveracruz.com\\\/?p=29873\",\"name\":\"Presupuesto de Egresos: Ley y realidad - Los pol\u00edticos Veracruz\",\"isPartOf\":{\"@id\":\"https:\\\/\\\/lospoliticosveracruz.com\\\/#website\"},\"datePublished\":\"2016-12-29T06:15:23+00:00\",\"breadcrumb\":{\"@id\":\"https:\\\/\\\/lospoliticosveracruz.com\\\/?p=29873#breadcrumb\"},\"inLanguage\":\"es\",\"potentialAction\":[{\"@type\":\"ReadAction\",\"target\":[\"https:\\\/\\\/lospoliticosveracruz.com\\\/?p=29873\"]}]},{\"@type\":\"BreadcrumbList\",\"@id\":\"https:\\\/\\\/lospoliticosveracruz.com\\\/?p=29873#breadcrumb\",\"itemListElement\":[{\"@type\":\"ListItem\",\"position\":1,\"name\":\"Portada\",\"item\":\"https:\\\/\\\/lospoliticosveracruz.com\\\/\"},{\"@type\":\"ListItem\",\"position\":2,\"name\":\"Presupuesto de Egresos: Ley y realidad\"}]},{\"@type\":\"WebSite\",\"@id\":\"https:\\\/\\\/lospoliticosveracruz.com\\\/#website\",\"url\":\"https:\\\/\\\/lospoliticosveracruz.com\\\/\",\"name\":\"Los pol\u00edticos Veracruz\",\"description\":\"\",\"publisher\":{\"@id\":\"https:\\\/\\\/lospoliticosveracruz.com\\\/#organization\"},\"potentialAction\":[{\"@type\":\"SearchAction\",\"target\":{\"@type\":\"EntryPoint\",\"urlTemplate\":\"https:\\\/\\\/lospoliticosveracruz.com\\\/?s={search_term_string}\"},\"query-input\":{\"@type\":\"PropertyValueSpecification\",\"valueRequired\":true,\"valueName\":\"search_term_string\"}}],\"inLanguage\":\"es\"},{\"@type\":\"Organization\",\"@id\":\"https:\\\/\\\/lospoliticosveracruz.com\\\/#organization\",\"name\":\"Los pol\u00edticos Veracruz\",\"url\":\"https:\\\/\\\/lospoliticosveracruz.com\\\/\",\"logo\":{\"@type\":\"ImageObject\",\"inLanguage\":\"es\",\"@id\":\"https:\\\/\\\/lospoliticosveracruz.com\\\/#\\\/schema\\\/logo\\\/image\\\/\",\"url\":\"https:\\\/\\\/lospoliticosveracruz.com\\\/wp-content\\\/uploads\\\/2025\\\/12\\\/Logo-Nuevo-LOS-POLITICOS-1.jpg\",\"contentUrl\":\"https:\\\/\\\/lospoliticosveracruz.com\\\/wp-content\\\/uploads\\\/2025\\\/12\\\/Logo-Nuevo-LOS-POLITICOS-1.jpg\",\"width\":260,\"height\":70,\"caption\":\"Los pol\u00edticos Veracruz\"},\"image\":{\"@id\":\"https:\\\/\\\/lospoliticosveracruz.com\\\/#\\\/schema\\\/logo\\\/image\\\/\"},\"sameAs\":[\"https:\\\/\\\/www.facebook.com\\\/people\\\/Notimemes-de-los-Polticos\\\/61565672886568\\\/\",\"https:\\\/\\\/x.com\\\/LosPoliticosVer\"]},{\"@type\":\"Person\",\"@id\":\"https:\\\/\\\/lospoliticosveracruz.com\\\/#\\\/schema\\\/person\\\/b8702bb0e538456e6efd07080bf2a4a2\",\"name\":\"Lo viste en Los Pol\u00edticos\",\"image\":{\"@type\":\"ImageObject\",\"inLanguage\":\"es\",\"@id\":\"https:\\\/\\\/secure.gravatar.com\\\/avatar\\\/3a8de04a2656d44082be478bd6c086daa447c4651605818287b9532d3d0bd435?s=96&d=mm&r=g\",\"url\":\"https:\\\/\\\/secure.gravatar.com\\\/avatar\\\/3a8de04a2656d44082be478bd6c086daa447c4651605818287b9532d3d0bd435?s=96&d=mm&r=g\",\"contentUrl\":\"https:\\\/\\\/secure.gravatar.com\\\/avatar\\\/3a8de04a2656d44082be478bd6c086daa447c4651605818287b9532d3d0bd435?s=96&d=mm&r=g\",\"caption\":\"Lo viste en Los Pol\u00edticos\"},\"url\":\"https:\\\/\\\/lospoliticosveracruz.com\\\/?author=2\"}]}<\/script>\n<!-- \/ Yoast SEO plugin. -->","yoast_head_json":{"title":"Presupuesto de Egresos: Ley y realidad - Los pol\u00edticos Veracruz","robots":{"index":"index","follow":"follow","max-snippet":"max-snippet:-1","max-image-preview":"max-image-preview:large","max-video-preview":"max-video-preview:-1"},"canonical":"https:\/\/lospoliticosveracruz.com\/?p=29873","og_locale":"es_ES","og_type":"article","og_title":"Presupuesto de Egresos: Ley y realidad - Los pol\u00edticos Veracruz","og_description":"Salvador Mu\u00f1oz Los Pol\u00edticos El diputado por Morena, Amado Cruz Malpica, puso el \u00e9nfasis donde ten\u00eda que ponerlo: \u00bfC\u00f3mo lograr que lo que marca la Ley, la Constituci\u00f3n local, empate con la realidad veracruzana ante la petici\u00f3n de Yunes Linares para \u201creestructurar\u201d el Presupuesto de Egresos 2017 presentado por la administraci\u00f3n anterior? El comentario se [&hellip;]","og_url":"https:\/\/lospoliticosveracruz.com\/?p=29873","og_site_name":"Los pol\u00edticos Veracruz","article_publisher":"https:\/\/www.facebook.com\/people\/Notimemes-de-los-Polticos\/61565672886568\/","article_published_time":"2016-12-29T06:15:23+00:00","og_image":[{"width":200,"height":200,"url":"https:\/\/lospoliticosveracruz.com\/wp-content\/uploads\/2016\/07\/Logo-Dor.jpg","type":"image\/jpeg"}],"author":"Lo viste en Los Pol\u00edticos","twitter_card":"summary_large_image","twitter_creator":"@LosPoliticosVer","twitter_site":"@LosPoliticosVer","twitter_misc":{"Escrito por":"Lo viste en Los Pol\u00edticos","Tiempo de lectura":"5 minutos"},"schema":{"@context":"https:\/\/schema.org","@graph":[{"@type":"Article","@id":"https:\/\/lospoliticosveracruz.com\/?p=29873#article","isPartOf":{"@id":"https:\/\/lospoliticosveracruz.com\/?p=29873"},"author":{"name":"Lo viste en Los Pol\u00edticos","@id":"https:\/\/lospoliticosveracruz.com\/#\/schema\/person\/b8702bb0e538456e6efd07080bf2a4a2"},"headline":"Presupuesto de Egresos: Ley y realidad","datePublished":"2016-12-29T06:15:23+00:00","mainEntityOfPage":{"@id":"https:\/\/lospoliticosveracruz.com\/?p=29873"},"wordCount":1025,"commentCount":0,"publisher":{"@id":"https:\/\/lospoliticosveracruz.com\/#organization"},"keywords":["Amado Cruz Malpica","Miguel Angel Yunes Linares","Presupuesto de Egresos 2017"],"articleSection":["De Opini\u00f3n"],"inLanguage":"es","potentialAction":[{"@type":"CommentAction","name":"Comment","target":["https:\/\/lospoliticosveracruz.com\/?p=29873#respond"]}]},{"@type":"WebPage","@id":"https:\/\/lospoliticosveracruz.com\/?p=29873","url":"https:\/\/lospoliticosveracruz.com\/?p=29873","name":"Presupuesto de Egresos: Ley y realidad - Los pol\u00edticos Veracruz","isPartOf":{"@id":"https:\/\/lospoliticosveracruz.com\/#website"},"datePublished":"2016-12-29T06:15:23+00:00","breadcrumb":{"@id":"https:\/\/lospoliticosveracruz.com\/?p=29873#breadcrumb"},"inLanguage":"es","potentialAction":[{"@type":"ReadAction","target":["https:\/\/lospoliticosveracruz.com\/?p=29873"]}]},{"@type":"BreadcrumbList","@id":"https:\/\/lospoliticosveracruz.com\/?p=29873#breadcrumb","itemListElement":[{"@type":"ListItem","position":1,"name":"Portada","item":"https:\/\/lospoliticosveracruz.com\/"},{"@type":"ListItem","position":2,"name":"Presupuesto de Egresos: Ley y realidad"}]},{"@type":"WebSite","@id":"https:\/\/lospoliticosveracruz.com\/#website","url":"https:\/\/lospoliticosveracruz.com\/","name":"Los pol\u00edticos Veracruz","description":"","publisher":{"@id":"https:\/\/lospoliticosveracruz.com\/#organization"},"potentialAction":[{"@type":"SearchAction","target":{"@type":"EntryPoint","urlTemplate":"https:\/\/lospoliticosveracruz.com\/?s={search_term_string}"},"query-input":{"@type":"PropertyValueSpecification","valueRequired":true,"valueName":"search_term_string"}}],"inLanguage":"es"},{"@type":"Organization","@id":"https:\/\/lospoliticosveracruz.com\/#organization","name":"Los pol\u00edticos Veracruz","url":"https:\/\/lospoliticosveracruz.com\/","logo":{"@type":"ImageObject","inLanguage":"es","@id":"https:\/\/lospoliticosveracruz.com\/#\/schema\/logo\/image\/","url":"https:\/\/lospoliticosveracruz.com\/wp-content\/uploads\/2025\/12\/Logo-Nuevo-LOS-POLITICOS-1.jpg","contentUrl":"https:\/\/lospoliticosveracruz.com\/wp-content\/uploads\/2025\/12\/Logo-Nuevo-LOS-POLITICOS-1.jpg","width":260,"height":70,"caption":"Los pol\u00edticos Veracruz"},"image":{"@id":"https:\/\/lospoliticosveracruz.com\/#\/schema\/logo\/image\/"},"sameAs":["https:\/\/www.facebook.com\/people\/Notimemes-de-los-Polticos\/61565672886568\/","https:\/\/x.com\/LosPoliticosVer"]},{"@type":"Person","@id":"https:\/\/lospoliticosveracruz.com\/#\/schema\/person\/b8702bb0e538456e6efd07080bf2a4a2","name":"Lo viste en Los Pol\u00edticos","image":{"@type":"ImageObject","inLanguage":"es","@id":"https:\/\/secure.gravatar.com\/avatar\/3a8de04a2656d44082be478bd6c086daa447c4651605818287b9532d3d0bd435?s=96&d=mm&r=g","url":"https:\/\/secure.gravatar.com\/avatar\/3a8de04a2656d44082be478bd6c086daa447c4651605818287b9532d3d0bd435?s=96&d=mm&r=g","contentUrl":"https:\/\/secure.gravatar.com\/avatar\/3a8de04a2656d44082be478bd6c086daa447c4651605818287b9532d3d0bd435?s=96&d=mm&r=g","caption":"Lo viste en Los Pol\u00edticos"},"url":"https:\/\/lospoliticosveracruz.com\/?author=2"}]}},"_links":{"self":[{"href":"https:\/\/lospoliticosveracruz.com\/index.php?rest_route=\/wp\/v2\/posts\/29873","targetHints":{"allow":["GET"]}}],"collection":[{"href":"https:\/\/lospoliticosveracruz.com\/index.php?rest_route=\/wp\/v2\/posts"}],"about":[{"href":"https:\/\/lospoliticosveracruz.com\/index.php?rest_route=\/wp\/v2\/types\/post"}],"author":[{"embeddable":true,"href":"https:\/\/lospoliticosveracruz.com\/index.php?rest_route=\/wp\/v2\/users\/2"}],"replies":[{"embeddable":true,"href":"https:\/\/lospoliticosveracruz.com\/index.php?rest_route=%2Fwp%2Fv2%2Fcomments&post=29873"}],"version-history":[{"count":2,"href":"https:\/\/lospoliticosveracruz.com\/index.php?rest_route=\/wp\/v2\/posts\/29873\/revisions"}],"predecessor-version":[{"id":29881,"href":"https:\/\/lospoliticosveracruz.com\/index.php?rest_route=\/wp\/v2\/posts\/29873\/revisions\/29881"}],"wp:attachment":[{"href":"https:\/\/lospoliticosveracruz.com\/index.php?rest_route=%2Fwp%2Fv2%2Fmedia&parent=29873"}],"wp:term":[{"taxonomy":"category","embeddable":true,"href":"https:\/\/lospoliticosveracruz.com\/index.php?rest_route=%2Fwp%2Fv2%2Fcategories&post=29873"},{"taxonomy":"post_tag","embeddable":true,"href":"https:\/\/lospoliticosveracruz.com\/index.php?rest_route=%2Fwp%2Fv2%2Ftags&post=29873"}],"curies":[{"name":"wp","href":"https:\/\/api.w.org\/{rel}","templated":true}]}}