{"id":29886,"date":"2016-12-29T09:09:14","date_gmt":"2016-12-29T15:09:14","guid":{"rendered":"http:\/\/www.lospoliticosveracruz.com.mx\/?p=29886"},"modified":"2016-12-29T09:09:14","modified_gmt":"2016-12-29T15:09:14","slug":"morena-y-el-pri-el-abandono-de-la-sesion","status":"publish","type":"post","link":"https:\/\/lospoliticosveracruz.com\/?p=29886","title":{"rendered":"Morena y el PRI, el abandono de la sesi\u00f3n"},"content":{"rendered":"<p><b>Luis Alberto Romero<\/b><\/p>\n<p><i>Hora Cero<\/i><\/p>\n<p>&nbsp;<\/p>\n<p>&nbsp;<\/p>\n<p>La salida de los diputados que integran las bancadas de los partidos Revolucionario Institucional y Movimiento de Regeneraci\u00f3n Nacional y del llamado grupo mixto \u201cJuntos por Veracruz\u201d de la sesi\u00f3n del Congreso del Estado de este martes provoc\u00f3 revuelo al interior del Poder Legislativo de la Entidad, donde de inmediato comenzaron las especulaciones en torno a los motivos de fondo de los legisladores para provocar la falta de qu\u00f3rum y, por tanto, reventar la sesi\u00f3n.<\/p>\n<p>Al abandonar el recinto, los diputados inconformes pretextaron que la gaceta no circul\u00f3 a tiempo; que no se retiraron dos puntos de la orden del d\u00eda que ellos pretend\u00edan posponer; y que desde el Poder Ejecutivo se pretend\u00eda imponer al nuevo fiscal General del Estado.<\/p>\n<p>Los legisladores de Morena y PRI solicitaron la exclusi\u00f3n de los puntos relacionados con las modificaciones a la Ley de Disciplina Financiera y con la reforma al C\u00f3digo Financiero para el Estado de Veracruz. Ambos planteamientos fueron aprobados y los dos puntos, retirados de la orden de d\u00eda. Aun as\u00ed, los inconformes abandonaron la sala.<\/p>\n<p>De esa forma, la sesi\u00f3n del pasado martes ni siquiera lleg\u00f3 a la lectura de la correspondencia. Los puntos relacionados con la iniciativa panista para modificar la Ley de Fiscalizaci\u00f3n Superior y Rendici\u00f3n de Cuentas para el Estado de Veracruz, y con el decreto planteado por la diputada Yazm\u00edn de los \u00c1ngeles Copete para adicionar la Ley de Salud para el Estado de Veracruz, ni siquiera fueron abordados.<\/p>\n<p>Igual ocurri\u00f3 con una iniciativa presentada por el diputado Fernando Kuri, de \u201cJuntos por Veracruz\u201d, que pretend\u00eda modificar la Ley del Sistema Estatal de Seguridad P\u00fablica y la Org\u00e1nica del Municipio Libre, que no fue discutida en dicha sesi\u00f3n del pleno.<\/p>\n<p>En total, trece puntos de la orden del d\u00eda, iniciativas, dict\u00e1menes con proyecto de acuerdo, anteproyectos y pronunciamientos, fueron pospuestos para la siguiente sesi\u00f3n del Legislativo, si existe qu\u00f3rum, misma que se desarrollar\u00e1 este jueves 29.<\/p>\n<p>De antemano, se espera que la sesi\u00f3n que tendr\u00e1 este jueves el pleno del Congreso del Estado sea marat\u00f3nica, porque a dichos puntos, los del martes que no fueron abordados, se sumar\u00e1n los que ya estaban contemplados para la sesi\u00f3n del jueves.<\/p>\n<p>Nos dicen en los pasillos de la Legislatura que la discusi\u00f3n podr\u00eda extenderse hasta por cinco horas, debido a la t\u00e1ctica dilatoria de los diputados que optaron por abandonar la sesi\u00f3n del pleno el pasado martes.<\/p>\n<p>Por cierto, el diputado Juan Nicol\u00e1s Callejas Rold\u00e1n, coordinador de la fracci\u00f3n priista en la Legislatura, declar\u00f3 que su partido no permitir\u00e1 imposiciones, refiri\u00e9ndose a la inclusi\u00f3n de dos puntos que, refiri\u00f3, no contaban con el consenso de todas las fuerzas pol\u00edticas representadas en dicha instancia; y calific\u00f3 la determinaci\u00f3n como una \u201cfalta de respeto para todos los legisladores\u201d; sin embargo, habr\u00eda que agregar que los dos puntos a que se refiere fueron excluidos de la orden del d\u00eda, previo acuerdo entre todos los grupos parlamentarios.<\/p>\n<p>El tema fue retomado por el diputado Fernando Kuri, quien secund\u00f3 a Callejas Rold\u00e1n y calific\u00f3 la decisi\u00f3n de incluir los dict\u00e1menes de las reformas a la Ley de Disciplina Financiera y al C\u00f3digo Financiero para el Estado de Veracruz como una falta de respeto, dado que los legisladores locales no conocieron previamente dichos dict\u00e1menes.<\/p>\n<p>Pareciera que los diputados del PRI, Morena y \u201cJuntos por Veracruz\u201d no sab\u00edan que dichos puntos fueron retirados de la orden del d\u00eda, lo que ocurri\u00f3 al comenzar la frustrada sesi\u00f3n del pasado martes.<\/p>\n<p><b>Presupuesto, a marchas forzadas<\/b><\/p>\n<p>Hay quien se\u00f1ala que m\u00e1s que los puntos retirados (que ciertamente son importantes), los temas fundamentales en puerta tienen que ver con el presupuesto para 2017 y con el nombramiento del pr\u00f3ximo titular de la Fiscal\u00eda General del Estado; y es en esos dos asuntos en los que se podr\u00eda ubicarse la postura de quienes decidieron reventar la sesi\u00f3n del Legislativo.<\/p>\n<p>Lo peor es que en el Poder Legislativo ya est\u00e1n al cuarto para las doce; y los diputados tendr\u00e1n que trabajar a marchas forzadas para sacar el tema del presupuesto para 2017. En torno a esa situaci\u00f3n, tres declaraciones llaman la atenci\u00f3n: la de Juan Manuel Unanue, quien se\u00f1al\u00f3 que el abandono de los legisladores de PRI y Morena de la sesi\u00f3n podr\u00eda provocar retrasos en el debate sobre las modificaciones a la Ley de Ingresos y al Presupuesto de Egresos del Estado; la de la presidenta de la Mesa Directiva, Mariely Manterola, quien adelant\u00f3 que el presupuesto para 2017 no ser\u00e1 aprobado como lo envi\u00f3 el ex gobernador interino, Flavino R\u00edos Alvarado; y la del presidente de la Junta de Coordinaci\u00f3n Pol\u00edtica, Sergio Hern\u00e1ndez, quien no descart\u00f3 que la discusi\u00f3n del presupuesto se extienda hasta enero pr\u00f3ximo.<\/p>\n<p>Lo importante es que en la discusi\u00f3n con relaci\u00f3n al presupuesto para el pr\u00f3ximo a\u00f1o prevalezca la cordura entre los diputados y la consciencia sobre los problemas financieros de la entidad. En la Legislatura comienza una carrera contra el tiempo. @luisromero85<\/p>\n","protected":false},"excerpt":{"rendered":"<p>Luis Alberto Romero Hora Cero &nbsp; &nbsp; La salida de los diputados que integran las bancadas de los partidos Revolucionario Institucional y Movimiento de Regeneraci\u00f3n Nacional y del llamado grupo mixto \u201cJuntos por Veracruz\u201d de la sesi\u00f3n del Congreso del Estado de este martes provoc\u00f3 revuelo al interior del Poder Legislativo de la Entidad, donde [&hellip;]<\/p>\n","protected":false},"author":2,"featured_media":0,"comment_status":"open","ping_status":"open","sticky":false,"template":"","format":"standard","meta":{"tdm_status":"","tdm_grid_status":"","footnotes":""},"categories":[70],"tags":[331,1762,6677,1026,251],"class_list":{"0":"post-29886","1":"post","2":"type-post","3":"status-publish","4":"format-standard","6":"category-de-opinion","7":"tag-congreso-del-estado","8":"tag-juan-nicolas-callejas","9":"tag-juntos-por-veracruz","10":"tag-morena","11":"tag-pri"},"yoast_head":"<!-- This site is optimized with the Yoast SEO plugin v27.4 - https:\/\/yoast.com\/product\/yoast-seo-wordpress\/ -->\n<title>Morena y el PRI, el abandono de la sesi\u00f3n - Los pol\u00edticos Veracruz<\/title>\n<meta name=\"robots\" content=\"index, follow, max-snippet:-1, max-image-preview:large, max-video-preview:-1\" \/>\n<link rel=\"canonical\" href=\"https:\/\/lospoliticosveracruz.com\/?p=29886\" \/>\n<meta property=\"og:locale\" content=\"es_ES\" \/>\n<meta property=\"og:type\" content=\"article\" \/>\n<meta property=\"og:title\" content=\"Morena y el PRI, el abandono de la sesi\u00f3n - Los pol\u00edticos Veracruz\" \/>\n<meta property=\"og:description\" content=\"Luis Alberto Romero Hora Cero &nbsp; &nbsp; La salida de los diputados que integran las bancadas de los partidos Revolucionario Institucional y Movimiento de Regeneraci\u00f3n Nacional y del llamado grupo mixto \u201cJuntos por Veracruz\u201d de la sesi\u00f3n del Congreso del Estado de este martes provoc\u00f3 revuelo al interior del Poder Legislativo de la Entidad, donde [&hellip;]\" \/>\n<meta property=\"og:url\" content=\"https:\/\/lospoliticosveracruz.com\/?p=29886\" \/>\n<meta property=\"og:site_name\" content=\"Los pol\u00edticos Veracruz\" \/>\n<meta property=\"article:publisher\" content=\"https:\/\/www.facebook.com\/people\/Notimemes-de-los-Polticos\/61565672886568\/\" \/>\n<meta property=\"article:published_time\" content=\"2016-12-29T15:09:14+00:00\" \/>\n<meta property=\"og:image\" content=\"https:\/\/lospoliticosveracruz.com\/wp-content\/uploads\/2016\/07\/Logo-Dor.jpg\" \/>\n\t<meta property=\"og:image:width\" content=\"200\" \/>\n\t<meta property=\"og:image:height\" content=\"200\" \/>\n\t<meta property=\"og:image:type\" content=\"image\/jpeg\" \/>\n<meta name=\"author\" content=\"Lo viste en Los Pol\u00edticos\" \/>\n<meta name=\"twitter:card\" content=\"summary_large_image\" \/>\n<meta name=\"twitter:creator\" content=\"@LosPoliticosVer\" \/>\n<meta name=\"twitter:site\" content=\"@LosPoliticosVer\" \/>\n<meta name=\"twitter:label1\" content=\"Escrito por\" \/>\n\t<meta name=\"twitter:data1\" content=\"Lo viste en Los Pol\u00edticos\" \/>\n\t<meta name=\"twitter:label2\" content=\"Tiempo de lectura\" \/>\n\t<meta name=\"twitter:data2\" content=\"4 minutos\" \/>\n<script type=\"application\/ld+json\" class=\"yoast-schema-graph\">{\"@context\":\"https:\\\/\\\/schema.org\",\"@graph\":[{\"@type\":\"Article\",\"@id\":\"https:\\\/\\\/lospoliticosveracruz.com\\\/?p=29886#article\",\"isPartOf\":{\"@id\":\"https:\\\/\\\/lospoliticosveracruz.com\\\/?p=29886\"},\"author\":{\"name\":\"Lo viste en Los Pol\u00edticos\",\"@id\":\"https:\\\/\\\/lospoliticosveracruz.com\\\/#\\\/schema\\\/person\\\/b8702bb0e538456e6efd07080bf2a4a2\"},\"headline\":\"Morena y el PRI, el abandono de la sesi\u00f3n\",\"datePublished\":\"2016-12-29T15:09:14+00:00\",\"mainEntityOfPage\":{\"@id\":\"https:\\\/\\\/lospoliticosveracruz.com\\\/?p=29886\"},\"wordCount\":900,\"commentCount\":0,\"publisher\":{\"@id\":\"https:\\\/\\\/lospoliticosveracruz.com\\\/#organization\"},\"keywords\":[\"Congreso del Estado\",\"Juan Nicol\u00e1s Callejas\",\"Juntos por Veracruz\",\"Morena\",\"PRI\"],\"articleSection\":[\"De Opini\u00f3n\"],\"inLanguage\":\"es\",\"potentialAction\":[{\"@type\":\"CommentAction\",\"name\":\"Comment\",\"target\":[\"https:\\\/\\\/lospoliticosveracruz.com\\\/?p=29886#respond\"]}]},{\"@type\":\"WebPage\",\"@id\":\"https:\\\/\\\/lospoliticosveracruz.com\\\/?p=29886\",\"url\":\"https:\\\/\\\/lospoliticosveracruz.com\\\/?p=29886\",\"name\":\"Morena y el PRI, el abandono de la sesi\u00f3n - Los pol\u00edticos Veracruz\",\"isPartOf\":{\"@id\":\"https:\\\/\\\/lospoliticosveracruz.com\\\/#website\"},\"datePublished\":\"2016-12-29T15:09:14+00:00\",\"breadcrumb\":{\"@id\":\"https:\\\/\\\/lospoliticosveracruz.com\\\/?p=29886#breadcrumb\"},\"inLanguage\":\"es\",\"potentialAction\":[{\"@type\":\"ReadAction\",\"target\":[\"https:\\\/\\\/lospoliticosveracruz.com\\\/?p=29886\"]}]},{\"@type\":\"BreadcrumbList\",\"@id\":\"https:\\\/\\\/lospoliticosveracruz.com\\\/?p=29886#breadcrumb\",\"itemListElement\":[{\"@type\":\"ListItem\",\"position\":1,\"name\":\"Portada\",\"item\":\"https:\\\/\\\/lospoliticosveracruz.com\\\/\"},{\"@type\":\"ListItem\",\"position\":2,\"name\":\"Morena y el PRI, el abandono de la sesi\u00f3n\"}]},{\"@type\":\"WebSite\",\"@id\":\"https:\\\/\\\/lospoliticosveracruz.com\\\/#website\",\"url\":\"https:\\\/\\\/lospoliticosveracruz.com\\\/\",\"name\":\"Los pol\u00edticos Veracruz\",\"description\":\"\",\"publisher\":{\"@id\":\"https:\\\/\\\/lospoliticosveracruz.com\\\/#organization\"},\"potentialAction\":[{\"@type\":\"SearchAction\",\"target\":{\"@type\":\"EntryPoint\",\"urlTemplate\":\"https:\\\/\\\/lospoliticosveracruz.com\\\/?s={search_term_string}\"},\"query-input\":{\"@type\":\"PropertyValueSpecification\",\"valueRequired\":true,\"valueName\":\"search_term_string\"}}],\"inLanguage\":\"es\"},{\"@type\":\"Organization\",\"@id\":\"https:\\\/\\\/lospoliticosveracruz.com\\\/#organization\",\"name\":\"Los pol\u00edticos Veracruz\",\"url\":\"https:\\\/\\\/lospoliticosveracruz.com\\\/\",\"logo\":{\"@type\":\"ImageObject\",\"inLanguage\":\"es\",\"@id\":\"https:\\\/\\\/lospoliticosveracruz.com\\\/#\\\/schema\\\/logo\\\/image\\\/\",\"url\":\"https:\\\/\\\/lospoliticosveracruz.com\\\/wp-content\\\/uploads\\\/2025\\\/12\\\/Logo-Nuevo-LOS-POLITICOS-1.jpg\",\"contentUrl\":\"https:\\\/\\\/lospoliticosveracruz.com\\\/wp-content\\\/uploads\\\/2025\\\/12\\\/Logo-Nuevo-LOS-POLITICOS-1.jpg\",\"width\":260,\"height\":70,\"caption\":\"Los pol\u00edticos Veracruz\"},\"image\":{\"@id\":\"https:\\\/\\\/lospoliticosveracruz.com\\\/#\\\/schema\\\/logo\\\/image\\\/\"},\"sameAs\":[\"https:\\\/\\\/www.facebook.com\\\/people\\\/Notimemes-de-los-Polticos\\\/61565672886568\\\/\",\"https:\\\/\\\/x.com\\\/LosPoliticosVer\"]},{\"@type\":\"Person\",\"@id\":\"https:\\\/\\\/lospoliticosveracruz.com\\\/#\\\/schema\\\/person\\\/b8702bb0e538456e6efd07080bf2a4a2\",\"name\":\"Lo viste en Los Pol\u00edticos\",\"image\":{\"@type\":\"ImageObject\",\"inLanguage\":\"es\",\"@id\":\"https:\\\/\\\/secure.gravatar.com\\\/avatar\\\/3a8de04a2656d44082be478bd6c086daa447c4651605818287b9532d3d0bd435?s=96&d=mm&r=g\",\"url\":\"https:\\\/\\\/secure.gravatar.com\\\/avatar\\\/3a8de04a2656d44082be478bd6c086daa447c4651605818287b9532d3d0bd435?s=96&d=mm&r=g\",\"contentUrl\":\"https:\\\/\\\/secure.gravatar.com\\\/avatar\\\/3a8de04a2656d44082be478bd6c086daa447c4651605818287b9532d3d0bd435?s=96&d=mm&r=g\",\"caption\":\"Lo viste en Los Pol\u00edticos\"},\"url\":\"https:\\\/\\\/lospoliticosveracruz.com\\\/?author=2\"}]}<\/script>\n<!-- \/ Yoast SEO plugin. -->","yoast_head_json":{"title":"Morena y el PRI, el abandono de la sesi\u00f3n - Los pol\u00edticos Veracruz","robots":{"index":"index","follow":"follow","max-snippet":"max-snippet:-1","max-image-preview":"max-image-preview:large","max-video-preview":"max-video-preview:-1"},"canonical":"https:\/\/lospoliticosveracruz.com\/?p=29886","og_locale":"es_ES","og_type":"article","og_title":"Morena y el PRI, el abandono de la sesi\u00f3n - Los pol\u00edticos Veracruz","og_description":"Luis Alberto Romero Hora Cero &nbsp; &nbsp; La salida de los diputados que integran las bancadas de los partidos Revolucionario Institucional y Movimiento de Regeneraci\u00f3n Nacional y del llamado grupo mixto \u201cJuntos por Veracruz\u201d de la sesi\u00f3n del Congreso del Estado de este martes provoc\u00f3 revuelo al interior del Poder Legislativo de la Entidad, donde [&hellip;]","og_url":"https:\/\/lospoliticosveracruz.com\/?p=29886","og_site_name":"Los pol\u00edticos Veracruz","article_publisher":"https:\/\/www.facebook.com\/people\/Notimemes-de-los-Polticos\/61565672886568\/","article_published_time":"2016-12-29T15:09:14+00:00","og_image":[{"width":200,"height":200,"url":"https:\/\/lospoliticosveracruz.com\/wp-content\/uploads\/2016\/07\/Logo-Dor.jpg","type":"image\/jpeg"}],"author":"Lo viste en Los Pol\u00edticos","twitter_card":"summary_large_image","twitter_creator":"@LosPoliticosVer","twitter_site":"@LosPoliticosVer","twitter_misc":{"Escrito por":"Lo viste en Los Pol\u00edticos","Tiempo de lectura":"4 minutos"},"schema":{"@context":"https:\/\/schema.org","@graph":[{"@type":"Article","@id":"https:\/\/lospoliticosveracruz.com\/?p=29886#article","isPartOf":{"@id":"https:\/\/lospoliticosveracruz.com\/?p=29886"},"author":{"name":"Lo viste en Los Pol\u00edticos","@id":"https:\/\/lospoliticosveracruz.com\/#\/schema\/person\/b8702bb0e538456e6efd07080bf2a4a2"},"headline":"Morena y el PRI, el abandono de la sesi\u00f3n","datePublished":"2016-12-29T15:09:14+00:00","mainEntityOfPage":{"@id":"https:\/\/lospoliticosveracruz.com\/?p=29886"},"wordCount":900,"commentCount":0,"publisher":{"@id":"https:\/\/lospoliticosveracruz.com\/#organization"},"keywords":["Congreso del Estado","Juan Nicol\u00e1s Callejas","Juntos por Veracruz","Morena","PRI"],"articleSection":["De Opini\u00f3n"],"inLanguage":"es","potentialAction":[{"@type":"CommentAction","name":"Comment","target":["https:\/\/lospoliticosveracruz.com\/?p=29886#respond"]}]},{"@type":"WebPage","@id":"https:\/\/lospoliticosveracruz.com\/?p=29886","url":"https:\/\/lospoliticosveracruz.com\/?p=29886","name":"Morena y el PRI, el abandono de la sesi\u00f3n - Los pol\u00edticos Veracruz","isPartOf":{"@id":"https:\/\/lospoliticosveracruz.com\/#website"},"datePublished":"2016-12-29T15:09:14+00:00","breadcrumb":{"@id":"https:\/\/lospoliticosveracruz.com\/?p=29886#breadcrumb"},"inLanguage":"es","potentialAction":[{"@type":"ReadAction","target":["https:\/\/lospoliticosveracruz.com\/?p=29886"]}]},{"@type":"BreadcrumbList","@id":"https:\/\/lospoliticosveracruz.com\/?p=29886#breadcrumb","itemListElement":[{"@type":"ListItem","position":1,"name":"Portada","item":"https:\/\/lospoliticosveracruz.com\/"},{"@type":"ListItem","position":2,"name":"Morena y el PRI, el abandono de la sesi\u00f3n"}]},{"@type":"WebSite","@id":"https:\/\/lospoliticosveracruz.com\/#website","url":"https:\/\/lospoliticosveracruz.com\/","name":"Los pol\u00edticos Veracruz","description":"","publisher":{"@id":"https:\/\/lospoliticosveracruz.com\/#organization"},"potentialAction":[{"@type":"SearchAction","target":{"@type":"EntryPoint","urlTemplate":"https:\/\/lospoliticosveracruz.com\/?s={search_term_string}"},"query-input":{"@type":"PropertyValueSpecification","valueRequired":true,"valueName":"search_term_string"}}],"inLanguage":"es"},{"@type":"Organization","@id":"https:\/\/lospoliticosveracruz.com\/#organization","name":"Los pol\u00edticos Veracruz","url":"https:\/\/lospoliticosveracruz.com\/","logo":{"@type":"ImageObject","inLanguage":"es","@id":"https:\/\/lospoliticosveracruz.com\/#\/schema\/logo\/image\/","url":"https:\/\/lospoliticosveracruz.com\/wp-content\/uploads\/2025\/12\/Logo-Nuevo-LOS-POLITICOS-1.jpg","contentUrl":"https:\/\/lospoliticosveracruz.com\/wp-content\/uploads\/2025\/12\/Logo-Nuevo-LOS-POLITICOS-1.jpg","width":260,"height":70,"caption":"Los pol\u00edticos Veracruz"},"image":{"@id":"https:\/\/lospoliticosveracruz.com\/#\/schema\/logo\/image\/"},"sameAs":["https:\/\/www.facebook.com\/people\/Notimemes-de-los-Polticos\/61565672886568\/","https:\/\/x.com\/LosPoliticosVer"]},{"@type":"Person","@id":"https:\/\/lospoliticosveracruz.com\/#\/schema\/person\/b8702bb0e538456e6efd07080bf2a4a2","name":"Lo viste en Los Pol\u00edticos","image":{"@type":"ImageObject","inLanguage":"es","@id":"https:\/\/secure.gravatar.com\/avatar\/3a8de04a2656d44082be478bd6c086daa447c4651605818287b9532d3d0bd435?s=96&d=mm&r=g","url":"https:\/\/secure.gravatar.com\/avatar\/3a8de04a2656d44082be478bd6c086daa447c4651605818287b9532d3d0bd435?s=96&d=mm&r=g","contentUrl":"https:\/\/secure.gravatar.com\/avatar\/3a8de04a2656d44082be478bd6c086daa447c4651605818287b9532d3d0bd435?s=96&d=mm&r=g","caption":"Lo viste en Los Pol\u00edticos"},"url":"https:\/\/lospoliticosveracruz.com\/?author=2"}]}},"_links":{"self":[{"href":"https:\/\/lospoliticosveracruz.com\/index.php?rest_route=\/wp\/v2\/posts\/29886","targetHints":{"allow":["GET"]}}],"collection":[{"href":"https:\/\/lospoliticosveracruz.com\/index.php?rest_route=\/wp\/v2\/posts"}],"about":[{"href":"https:\/\/lospoliticosveracruz.com\/index.php?rest_route=\/wp\/v2\/types\/post"}],"author":[{"embeddable":true,"href":"https:\/\/lospoliticosveracruz.com\/index.php?rest_route=\/wp\/v2\/users\/2"}],"replies":[{"embeddable":true,"href":"https:\/\/lospoliticosveracruz.com\/index.php?rest_route=%2Fwp%2Fv2%2Fcomments&post=29886"}],"version-history":[{"count":1,"href":"https:\/\/lospoliticosveracruz.com\/index.php?rest_route=\/wp\/v2\/posts\/29886\/revisions"}],"predecessor-version":[{"id":29887,"href":"https:\/\/lospoliticosveracruz.com\/index.php?rest_route=\/wp\/v2\/posts\/29886\/revisions\/29887"}],"wp:attachment":[{"href":"https:\/\/lospoliticosveracruz.com\/index.php?rest_route=%2Fwp%2Fv2%2Fmedia&parent=29886"}],"wp:term":[{"taxonomy":"category","embeddable":true,"href":"https:\/\/lospoliticosveracruz.com\/index.php?rest_route=%2Fwp%2Fv2%2Fcategories&post=29886"},{"taxonomy":"post_tag","embeddable":true,"href":"https:\/\/lospoliticosveracruz.com\/index.php?rest_route=%2Fwp%2Fv2%2Ftags&post=29886"}],"curies":[{"name":"wp","href":"https:\/\/api.w.org\/{rel}","templated":true}]}}