{"id":29888,"date":"2016-12-29T23:31:38","date_gmt":"2016-12-30T05:31:38","guid":{"rendered":"http:\/\/www.lospoliticosveracruz.com.mx\/?p=29888"},"modified":"2016-12-29T23:31:38","modified_gmt":"2016-12-30T05:31:38","slug":"mega-gasolinazo","status":"publish","type":"post","link":"https:\/\/lospoliticosveracruz.com\/?p=29888","title":{"rendered":"Mega-gasolinazo"},"content":{"rendered":"<p><strong>Brenda Caballero<\/strong><\/p>\n<p><em>N\u00fameros Rojos<\/em><\/p>\n<p>Gracias a la reforma hacendaria y energ\u00e9tica, por primera vez en 5 a\u00f1os ya no habr\u00e1 incrementos mensuales a los precios de la gasolina, el di\u00e9sel y el gas LP.<\/p>\n<p>\u00bfRecuerda usted este mensaje de a\u00f1o nuevo en 2015? Efectivamente, era el mensaje del presidente Enrique Pe\u00f1a Nieto que daba a los mexicanos para convencernos de los beneficios de sus reformas estructurales.<\/p>\n<p>Muy poco nos dur\u00f3 el gusto, pues a partir de julio de este a\u00f1o, la gasolina se increment\u00f3 y ahora la Secretar\u00eda de Hacienda sale con que habr\u00e1 aumentos en los combustibles a partir del primer d\u00eda de 2017, en un 20 por ciento en las gasolinas y 16.5 por ciento en el di\u00e9sel.<\/p>\n<p>Y no, no era una broma de los Santos Inocentes, la noticia del incremento al precio de la gasolina y los combustibles es una realidad que los mexicanos ya estamos padeciendo; pero \u00bfc\u00f3mo?, si a\u00fan no se aplica.<\/p>\n<p>F\u00e1cil, haciendo cuentas, tendremos que estirar el salario que ganamos en virtud de que se vendr\u00e1n aumentos en cascada propiciando una mayor inflaci\u00f3n que se estima en casi un 5 por ciento. Por ejemplo, la leche subir\u00eda un 10 por ciento y el arroz un 30 por ciento. \u00a1Todo un lujo para los que ganan el salario m\u00ednimo!<\/p>\n<p>Se estima el aumento en todos los bienes y servicios en un 5 por ciento aproximadamente.<\/p>\n<p>Pero \u00bfcu\u00e1l ser\u00e1 el precio de los combustibles en 2017? Seg\u00fan Hacienda, los precios ser\u00e1n variables y no por la oferta y la demanda del mercado internacional, sino por mera ocurrencia de alg\u00fan analista financiero de Hacienda. Por eso, el precio aplicado del 1 de enero estar\u00e1 vigente hasta el 3 de febrero; y \u00e9ste a su vez, ser\u00e1 aplicado hasta el 18 de febrero. De all\u00ed en adelante, los precios tendr\u00e1n 24 horas, sujet\u00e1ndose a lo siguiente: Habr\u00e1 ajustes diarios los martes, mi\u00e9rcoles, jueves y viernes, mientras que los s\u00e1bados, domingos y lunes el precio estipulado ser\u00e1 el m\u00e1ximo, hasta que no se haya flexibilizado el mercado de combustibles. En pocas palabras para poder ahorrar, la recomendaci\u00f3n ser\u00eda no cargar combustible en fin de semana.<\/p>\n<p>Ahora que tambi\u00e9n los precios depender\u00e1n de la regi\u00f3n en donde se compre el combustible, pues de las 90, el estado donde se pagar\u00e1 m\u00e1s ser\u00e1 Jalisco y donde se pagar\u00e1 menos ser\u00e1 Veracruz, por lo que ya se corre el rumor de que puede haber desabasto.<\/p>\n<p>Ante el incremento anunciado, a trav\u00e9s de redes sociales, ya se mueven mensajes de revoluci\u00f3n pac\u00edfica para no consumir gasolina por 3 d\u00edas, creando un supuesto boicot y repetirlo cada fin de semana.<\/p>\n<p>Pero \u00bfayudar\u00eda esta medida? Seg\u00fan el l\u00edder de los gasolineros, el boicot ciudadano no les har\u00eda ni cosquillas, pues aguantar\u00edan hasta un mes sin vender gasolina; sin embargo, el pa\u00eds no podr\u00eda soportarlo porque entonces, c\u00f3mo se mover\u00edan los alimentos, el material para obra, medicamentos, etc\u00e9tera&#8230;<\/p>\n<p>\u00bfQu\u00e9 viene entonces?<\/p>\n<p>Un a\u00f1o demasiado complicado en el que seguramente se incrementar\u00e1 el n\u00famero de pobres en el pa\u00eds, pues se prev\u00e9 que tambi\u00e9n la luz el\u00e9ctrica suba su costo. Entonces no habr\u00e1 cuesta de enero, sino cuesta de todo el a\u00f1o.<\/p>\n<p>caballero_brenda@hotmail.com<\/p>\n<p>@NumerosRojos_BC<\/p>\n","protected":false},"excerpt":{"rendered":"<p>Brenda Caballero N\u00fameros Rojos Gracias a la reforma hacendaria y energ\u00e9tica, por primera vez en 5 a\u00f1os ya no habr\u00e1 incrementos mensuales a los precios de la gasolina, el di\u00e9sel y el gas LP. \u00bfRecuerda usted este mensaje de a\u00f1o nuevo en 2015? Efectivamente, era el mensaje del presidente Enrique Pe\u00f1a Nieto que daba a [&hellip;]<\/p>\n","protected":false},"author":2,"featured_media":0,"comment_status":"open","ping_status":"open","sticky":false,"template":"","format":"standard","meta":{"tdm_status":"","tdm_grid_status":"","footnotes":""},"categories":[70],"tags":[7048,281,1351,688,195],"class_list":{"0":"post-29888","1":"post","2":"type-post","3":"status-publish","4":"format-standard","6":"category-de-opinion","7":"tag-desabasto","8":"tag-enrique-pena-nieto","9":"tag-gasolina","10":"tag-reforma-energetica","11":"tag-veracruz"},"yoast_head":"<!-- This site is optimized with the Yoast SEO plugin v27.4 - https:\/\/yoast.com\/product\/yoast-seo-wordpress\/ -->\n<title>Mega-gasolinazo - Los pol\u00edticos Veracruz<\/title>\n<meta name=\"robots\" content=\"index, follow, max-snippet:-1, max-image-preview:large, max-video-preview:-1\" \/>\n<link rel=\"canonical\" href=\"https:\/\/lospoliticosveracruz.com\/?p=29888\" \/>\n<meta property=\"og:locale\" content=\"es_ES\" \/>\n<meta property=\"og:type\" content=\"article\" \/>\n<meta property=\"og:title\" content=\"Mega-gasolinazo - Los pol\u00edticos Veracruz\" \/>\n<meta property=\"og:description\" content=\"Brenda Caballero N\u00fameros Rojos Gracias a la reforma hacendaria y energ\u00e9tica, por primera vez en 5 a\u00f1os ya no habr\u00e1 incrementos mensuales a los precios de la gasolina, el di\u00e9sel y el gas LP. \u00bfRecuerda usted este mensaje de a\u00f1o nuevo en 2015? Efectivamente, era el mensaje del presidente Enrique Pe\u00f1a Nieto que daba a [&hellip;]\" \/>\n<meta property=\"og:url\" content=\"https:\/\/lospoliticosveracruz.com\/?p=29888\" \/>\n<meta property=\"og:site_name\" content=\"Los pol\u00edticos Veracruz\" \/>\n<meta property=\"article:publisher\" content=\"https:\/\/www.facebook.com\/people\/Notimemes-de-los-Polticos\/61565672886568\/\" \/>\n<meta property=\"article:published_time\" content=\"2016-12-30T05:31:38+00:00\" \/>\n<meta property=\"og:image\" content=\"https:\/\/lospoliticosveracruz.com\/wp-content\/uploads\/2016\/07\/Logo-Dor.jpg\" \/>\n\t<meta property=\"og:image:width\" content=\"200\" \/>\n\t<meta property=\"og:image:height\" content=\"200\" \/>\n\t<meta property=\"og:image:type\" content=\"image\/jpeg\" \/>\n<meta name=\"author\" content=\"Lo viste en Los Pol\u00edticos\" \/>\n<meta name=\"twitter:card\" content=\"summary_large_image\" \/>\n<meta name=\"twitter:creator\" content=\"@LosPoliticosVer\" \/>\n<meta name=\"twitter:site\" content=\"@LosPoliticosVer\" \/>\n<meta name=\"twitter:label1\" content=\"Escrito por\" \/>\n\t<meta name=\"twitter:data1\" content=\"Lo viste en Los Pol\u00edticos\" \/>\n\t<meta name=\"twitter:label2\" content=\"Tiempo de lectura\" \/>\n\t<meta name=\"twitter:data2\" content=\"3 minutos\" \/>\n<script type=\"application\/ld+json\" class=\"yoast-schema-graph\">{\"@context\":\"https:\\\/\\\/schema.org\",\"@graph\":[{\"@type\":\"Article\",\"@id\":\"https:\\\/\\\/lospoliticosveracruz.com\\\/?p=29888#article\",\"isPartOf\":{\"@id\":\"https:\\\/\\\/lospoliticosveracruz.com\\\/?p=29888\"},\"author\":{\"name\":\"Lo viste en Los Pol\u00edticos\",\"@id\":\"https:\\\/\\\/lospoliticosveracruz.com\\\/#\\\/schema\\\/person\\\/b8702bb0e538456e6efd07080bf2a4a2\"},\"headline\":\"Mega-gasolinazo\",\"datePublished\":\"2016-12-30T05:31:38+00:00\",\"mainEntityOfPage\":{\"@id\":\"https:\\\/\\\/lospoliticosveracruz.com\\\/?p=29888\"},\"wordCount\":570,\"commentCount\":0,\"publisher\":{\"@id\":\"https:\\\/\\\/lospoliticosveracruz.com\\\/#organization\"},\"keywords\":[\"Desabasto\",\"Enrique Pe\u00f1a Nieto\",\"gasolina\",\"reforma energ\u00e9tica\",\"Veracruz\"],\"articleSection\":[\"De Opini\u00f3n\"],\"inLanguage\":\"es\",\"potentialAction\":[{\"@type\":\"CommentAction\",\"name\":\"Comment\",\"target\":[\"https:\\\/\\\/lospoliticosveracruz.com\\\/?p=29888#respond\"]}]},{\"@type\":\"WebPage\",\"@id\":\"https:\\\/\\\/lospoliticosveracruz.com\\\/?p=29888\",\"url\":\"https:\\\/\\\/lospoliticosveracruz.com\\\/?p=29888\",\"name\":\"Mega-gasolinazo - Los pol\u00edticos Veracruz\",\"isPartOf\":{\"@id\":\"https:\\\/\\\/lospoliticosveracruz.com\\\/#website\"},\"datePublished\":\"2016-12-30T05:31:38+00:00\",\"breadcrumb\":{\"@id\":\"https:\\\/\\\/lospoliticosveracruz.com\\\/?p=29888#breadcrumb\"},\"inLanguage\":\"es\",\"potentialAction\":[{\"@type\":\"ReadAction\",\"target\":[\"https:\\\/\\\/lospoliticosveracruz.com\\\/?p=29888\"]}]},{\"@type\":\"BreadcrumbList\",\"@id\":\"https:\\\/\\\/lospoliticosveracruz.com\\\/?p=29888#breadcrumb\",\"itemListElement\":[{\"@type\":\"ListItem\",\"position\":1,\"name\":\"Portada\",\"item\":\"https:\\\/\\\/lospoliticosveracruz.com\\\/\"},{\"@type\":\"ListItem\",\"position\":2,\"name\":\"Mega-gasolinazo\"}]},{\"@type\":\"WebSite\",\"@id\":\"https:\\\/\\\/lospoliticosveracruz.com\\\/#website\",\"url\":\"https:\\\/\\\/lospoliticosveracruz.com\\\/\",\"name\":\"Los pol\u00edticos Veracruz\",\"description\":\"\",\"publisher\":{\"@id\":\"https:\\\/\\\/lospoliticosveracruz.com\\\/#organization\"},\"potentialAction\":[{\"@type\":\"SearchAction\",\"target\":{\"@type\":\"EntryPoint\",\"urlTemplate\":\"https:\\\/\\\/lospoliticosveracruz.com\\\/?s={search_term_string}\"},\"query-input\":{\"@type\":\"PropertyValueSpecification\",\"valueRequired\":true,\"valueName\":\"search_term_string\"}}],\"inLanguage\":\"es\"},{\"@type\":\"Organization\",\"@id\":\"https:\\\/\\\/lospoliticosveracruz.com\\\/#organization\",\"name\":\"Los pol\u00edticos Veracruz\",\"url\":\"https:\\\/\\\/lospoliticosveracruz.com\\\/\",\"logo\":{\"@type\":\"ImageObject\",\"inLanguage\":\"es\",\"@id\":\"https:\\\/\\\/lospoliticosveracruz.com\\\/#\\\/schema\\\/logo\\\/image\\\/\",\"url\":\"https:\\\/\\\/lospoliticosveracruz.com\\\/wp-content\\\/uploads\\\/2025\\\/12\\\/Logo-Nuevo-LOS-POLITICOS-1.jpg\",\"contentUrl\":\"https:\\\/\\\/lospoliticosveracruz.com\\\/wp-content\\\/uploads\\\/2025\\\/12\\\/Logo-Nuevo-LOS-POLITICOS-1.jpg\",\"width\":260,\"height\":70,\"caption\":\"Los pol\u00edticos Veracruz\"},\"image\":{\"@id\":\"https:\\\/\\\/lospoliticosveracruz.com\\\/#\\\/schema\\\/logo\\\/image\\\/\"},\"sameAs\":[\"https:\\\/\\\/www.facebook.com\\\/people\\\/Notimemes-de-los-Polticos\\\/61565672886568\\\/\",\"https:\\\/\\\/x.com\\\/LosPoliticosVer\"]},{\"@type\":\"Person\",\"@id\":\"https:\\\/\\\/lospoliticosveracruz.com\\\/#\\\/schema\\\/person\\\/b8702bb0e538456e6efd07080bf2a4a2\",\"name\":\"Lo viste en Los Pol\u00edticos\",\"image\":{\"@type\":\"ImageObject\",\"inLanguage\":\"es\",\"@id\":\"https:\\\/\\\/secure.gravatar.com\\\/avatar\\\/3a8de04a2656d44082be478bd6c086daa447c4651605818287b9532d3d0bd435?s=96&d=mm&r=g\",\"url\":\"https:\\\/\\\/secure.gravatar.com\\\/avatar\\\/3a8de04a2656d44082be478bd6c086daa447c4651605818287b9532d3d0bd435?s=96&d=mm&r=g\",\"contentUrl\":\"https:\\\/\\\/secure.gravatar.com\\\/avatar\\\/3a8de04a2656d44082be478bd6c086daa447c4651605818287b9532d3d0bd435?s=96&d=mm&r=g\",\"caption\":\"Lo viste en Los Pol\u00edticos\"},\"url\":\"https:\\\/\\\/lospoliticosveracruz.com\\\/?author=2\"}]}<\/script>\n<!-- \/ Yoast SEO plugin. -->","yoast_head_json":{"title":"Mega-gasolinazo - Los pol\u00edticos Veracruz","robots":{"index":"index","follow":"follow","max-snippet":"max-snippet:-1","max-image-preview":"max-image-preview:large","max-video-preview":"max-video-preview:-1"},"canonical":"https:\/\/lospoliticosveracruz.com\/?p=29888","og_locale":"es_ES","og_type":"article","og_title":"Mega-gasolinazo - Los pol\u00edticos Veracruz","og_description":"Brenda Caballero N\u00fameros Rojos Gracias a la reforma hacendaria y energ\u00e9tica, por primera vez en 5 a\u00f1os ya no habr\u00e1 incrementos mensuales a los precios de la gasolina, el di\u00e9sel y el gas LP. \u00bfRecuerda usted este mensaje de a\u00f1o nuevo en 2015? Efectivamente, era el mensaje del presidente Enrique Pe\u00f1a Nieto que daba a [&hellip;]","og_url":"https:\/\/lospoliticosveracruz.com\/?p=29888","og_site_name":"Los pol\u00edticos Veracruz","article_publisher":"https:\/\/www.facebook.com\/people\/Notimemes-de-los-Polticos\/61565672886568\/","article_published_time":"2016-12-30T05:31:38+00:00","og_image":[{"width":200,"height":200,"url":"https:\/\/lospoliticosveracruz.com\/wp-content\/uploads\/2016\/07\/Logo-Dor.jpg","type":"image\/jpeg"}],"author":"Lo viste en Los Pol\u00edticos","twitter_card":"summary_large_image","twitter_creator":"@LosPoliticosVer","twitter_site":"@LosPoliticosVer","twitter_misc":{"Escrito por":"Lo viste en Los Pol\u00edticos","Tiempo de lectura":"3 minutos"},"schema":{"@context":"https:\/\/schema.org","@graph":[{"@type":"Article","@id":"https:\/\/lospoliticosveracruz.com\/?p=29888#article","isPartOf":{"@id":"https:\/\/lospoliticosveracruz.com\/?p=29888"},"author":{"name":"Lo viste en Los Pol\u00edticos","@id":"https:\/\/lospoliticosveracruz.com\/#\/schema\/person\/b8702bb0e538456e6efd07080bf2a4a2"},"headline":"Mega-gasolinazo","datePublished":"2016-12-30T05:31:38+00:00","mainEntityOfPage":{"@id":"https:\/\/lospoliticosveracruz.com\/?p=29888"},"wordCount":570,"commentCount":0,"publisher":{"@id":"https:\/\/lospoliticosveracruz.com\/#organization"},"keywords":["Desabasto","Enrique Pe\u00f1a Nieto","gasolina","reforma energ\u00e9tica","Veracruz"],"articleSection":["De Opini\u00f3n"],"inLanguage":"es","potentialAction":[{"@type":"CommentAction","name":"Comment","target":["https:\/\/lospoliticosveracruz.com\/?p=29888#respond"]}]},{"@type":"WebPage","@id":"https:\/\/lospoliticosveracruz.com\/?p=29888","url":"https:\/\/lospoliticosveracruz.com\/?p=29888","name":"Mega-gasolinazo - Los pol\u00edticos Veracruz","isPartOf":{"@id":"https:\/\/lospoliticosveracruz.com\/#website"},"datePublished":"2016-12-30T05:31:38+00:00","breadcrumb":{"@id":"https:\/\/lospoliticosveracruz.com\/?p=29888#breadcrumb"},"inLanguage":"es","potentialAction":[{"@type":"ReadAction","target":["https:\/\/lospoliticosveracruz.com\/?p=29888"]}]},{"@type":"BreadcrumbList","@id":"https:\/\/lospoliticosveracruz.com\/?p=29888#breadcrumb","itemListElement":[{"@type":"ListItem","position":1,"name":"Portada","item":"https:\/\/lospoliticosveracruz.com\/"},{"@type":"ListItem","position":2,"name":"Mega-gasolinazo"}]},{"@type":"WebSite","@id":"https:\/\/lospoliticosveracruz.com\/#website","url":"https:\/\/lospoliticosveracruz.com\/","name":"Los pol\u00edticos Veracruz","description":"","publisher":{"@id":"https:\/\/lospoliticosveracruz.com\/#organization"},"potentialAction":[{"@type":"SearchAction","target":{"@type":"EntryPoint","urlTemplate":"https:\/\/lospoliticosveracruz.com\/?s={search_term_string}"},"query-input":{"@type":"PropertyValueSpecification","valueRequired":true,"valueName":"search_term_string"}}],"inLanguage":"es"},{"@type":"Organization","@id":"https:\/\/lospoliticosveracruz.com\/#organization","name":"Los pol\u00edticos Veracruz","url":"https:\/\/lospoliticosveracruz.com\/","logo":{"@type":"ImageObject","inLanguage":"es","@id":"https:\/\/lospoliticosveracruz.com\/#\/schema\/logo\/image\/","url":"https:\/\/lospoliticosveracruz.com\/wp-content\/uploads\/2025\/12\/Logo-Nuevo-LOS-POLITICOS-1.jpg","contentUrl":"https:\/\/lospoliticosveracruz.com\/wp-content\/uploads\/2025\/12\/Logo-Nuevo-LOS-POLITICOS-1.jpg","width":260,"height":70,"caption":"Los pol\u00edticos Veracruz"},"image":{"@id":"https:\/\/lospoliticosveracruz.com\/#\/schema\/logo\/image\/"},"sameAs":["https:\/\/www.facebook.com\/people\/Notimemes-de-los-Polticos\/61565672886568\/","https:\/\/x.com\/LosPoliticosVer"]},{"@type":"Person","@id":"https:\/\/lospoliticosveracruz.com\/#\/schema\/person\/b8702bb0e538456e6efd07080bf2a4a2","name":"Lo viste en Los Pol\u00edticos","image":{"@type":"ImageObject","inLanguage":"es","@id":"https:\/\/secure.gravatar.com\/avatar\/3a8de04a2656d44082be478bd6c086daa447c4651605818287b9532d3d0bd435?s=96&d=mm&r=g","url":"https:\/\/secure.gravatar.com\/avatar\/3a8de04a2656d44082be478bd6c086daa447c4651605818287b9532d3d0bd435?s=96&d=mm&r=g","contentUrl":"https:\/\/secure.gravatar.com\/avatar\/3a8de04a2656d44082be478bd6c086daa447c4651605818287b9532d3d0bd435?s=96&d=mm&r=g","caption":"Lo viste en Los Pol\u00edticos"},"url":"https:\/\/lospoliticosveracruz.com\/?author=2"}]}},"_links":{"self":[{"href":"https:\/\/lospoliticosveracruz.com\/index.php?rest_route=\/wp\/v2\/posts\/29888","targetHints":{"allow":["GET"]}}],"collection":[{"href":"https:\/\/lospoliticosveracruz.com\/index.php?rest_route=\/wp\/v2\/posts"}],"about":[{"href":"https:\/\/lospoliticosveracruz.com\/index.php?rest_route=\/wp\/v2\/types\/post"}],"author":[{"embeddable":true,"href":"https:\/\/lospoliticosveracruz.com\/index.php?rest_route=\/wp\/v2\/users\/2"}],"replies":[{"embeddable":true,"href":"https:\/\/lospoliticosveracruz.com\/index.php?rest_route=%2Fwp%2Fv2%2Fcomments&post=29888"}],"version-history":[{"count":2,"href":"https:\/\/lospoliticosveracruz.com\/index.php?rest_route=\/wp\/v2\/posts\/29888\/revisions"}],"predecessor-version":[{"id":29900,"href":"https:\/\/lospoliticosveracruz.com\/index.php?rest_route=\/wp\/v2\/posts\/29888\/revisions\/29900"}],"wp:attachment":[{"href":"https:\/\/lospoliticosveracruz.com\/index.php?rest_route=%2Fwp%2Fv2%2Fmedia&parent=29888"}],"wp:term":[{"taxonomy":"category","embeddable":true,"href":"https:\/\/lospoliticosveracruz.com\/index.php?rest_route=%2Fwp%2Fv2%2Fcategories&post=29888"},{"taxonomy":"post_tag","embeddable":true,"href":"https:\/\/lospoliticosveracruz.com\/index.php?rest_route=%2Fwp%2Fv2%2Ftags&post=29888"}],"curies":[{"name":"wp","href":"https:\/\/api.w.org\/{rel}","templated":true}]}}