{"id":29907,"date":"2016-12-30T15:14:26","date_gmt":"2016-12-30T21:14:26","guid":{"rendered":"http:\/\/www.lospoliticosveracruz.com.mx\/?p=29907"},"modified":"2016-12-30T15:14:26","modified_gmt":"2016-12-30T21:14:26","slug":"adios-2016","status":"publish","type":"post","link":"https:\/\/lospoliticosveracruz.com\/?p=29907","title":{"rendered":"Adi\u00f3s 2016"},"content":{"rendered":"<p><strong>Naldy Rodr\u00edguez <\/strong><\/p>\n<p><em>Transparencia 3.0 <\/em><\/p>\n<p>&nbsp;<\/p>\n<p>\u00abLa idiotez vence a la inteligencia, los payasos a los sensatos, el cinismo a la decencia, las mentiras a los hechos\u00bb: John Carlin, escritor y periodista brit\u00e1nico.<br \/>\nEs el mejor resumen que encontr\u00e9 del 2016. No le agregar\u00eda ni le quitar\u00eda nada; triste pero cierto. Y para muestra, echemos un vistazo a algunos fen\u00f3menos sociales, que no hist\u00f3ricos porque un solo hecho no puede ser considerado un hito (me burlo de mi).<br \/>\nEste a\u00f1o fueron tendencia las #ladys, fen\u00f3meno medi\u00e1tico que viraliza y estigmatiza a las mujeres&#8230; que si se emborrach\u00f3, que si corrompi\u00f3, que si cogi\u00f3. Veracruz tuvo dos: #LadyGucci y #LadyLibros. Y seguramente seguir\u00e1n con el jueguito, la creatividad del mexicano es infinita, cuando piensas que es la \u00faltima ocurrencia aparece una nueva.<br \/>\nDespu\u00e9s del circo de los XV a\u00f1os de Rub\u00ed, tren al que se subieron unas 30 mil personas que asistieron a la fiesta, cinco gobernadores y miles m\u00e1s que desde su celular compart\u00edan \u00abla noticia\u00bb; y de saber que un tal Eduardo Arias, alias \u00abla fres\u00edsima #LadyWuu, caus\u00f3 revuelo en el aeropuerto internacional de Veracruz y que concedi\u00f3 entrevistas, ya nada me sorprende de los medios tradicionales y las nuevas plataformas digitales.<br \/>\nEn Veracruz tenemos un ex gobernador pr\u00f3fugo y ning\u00fan detenido -los 15 ex titulares de las dependencias deben estar de vacaciones-, los que llegaron de inquilinos al Poder Ejecutivo destituyen a hombres y mujeres que llevan m\u00e1s de 12 a\u00f1os de trabajo y que no militan en ning\u00fan partido, pero mantienen a gente que solap\u00f3 el desfalco financiero como el auditor general del Orfis o ex funcionarios y ex asesores que hoy son colocados en puestos claves de la administraci\u00f3n p\u00fablica.<br \/>\nHasta febrero de 2016, la Auditor\u00eda Superior de la Federaci\u00f3n report\u00f3 que Veracruz encabezaba las observaciones en las auditor\u00edas del gasto federalizado con 14 mil millones de pesos pendientes de solventar en 2014. Pasada la elecci\u00f3n del 5 de junio, el Sistema de Administraci\u00f3n Tributaria reconoci\u00f3 que investigaba al gobierno de Veracruz por la creaci\u00f3n de empresas \u201cfantasmas\u201d.<br \/>\nEntre las noticias de este 2016 , la delincuencia es lo que m\u00e1s lastima y la valent\u00eda de unos cuantos es lo m\u00e1s admirable. Los asaltos est\u00e1n a la orden del d\u00eda en las \u00faltimas semanas, es diciembre, siempre hay un incremento, pero ahora los perpetradores ejercen una mayor violencia. En el puerto de Veracruz, a un joven de 21 a\u00f1os le dieron un navajazo en el cuello cuando intentaba defender a una mujer que era asaltada por dos tipos en una motocicleta.<br \/>\nLa violencia sigue una espiral ascendente. Del 1 de enero al 30 de noviembre, la acad\u00e9mica Estela Casados contabiliz\u00f3 176 homicidios de mujeres, de los cuales 134 coinciden con las caracter\u00edsticas de feminicidio. Y en muerte materna, Veracruz es el cuarto estado en el pa\u00eds que report\u00f3 el mayor n\u00famero de defunciones con 41 casos, solo despu\u00e9s del Estado de M\u00e9xico, Chiapas y Puebla.<br \/>\nPor si fuera poco, Veracruz es el n\u00famero 1 en el pa\u00eds en dengue y zika. Termin\u00f3 el a\u00f1o con 2 mil 800 casos de dengue no grave y 388 del hemorr\u00e1gico; as\u00ed como mil 787 casos de zika.<br \/>\nSi bien especialistas consideran que el triunfo del PAN y el PRD el 5 de junio fue multifactorial, desde mi perspectiva no fueron los candidatos ni los institutos pol\u00edticos los que lograron enganchar a los ciudadanos en una sola propuesta para respaldarla y votarla. Creo que fue la sociedad organizada la contribuy\u00f3 a sacar al PRI de la administraci\u00f3n p\u00fablica. Y por ah\u00ed creo que es el camino para el 2017.<br \/>\nHemos pisado fondo, no se puede caer m\u00e1s, solo queda levantarse&#8230; Adi\u00f3s 2016.<\/p>\n<p>*****<\/p>\n<p>\u00abEl miedo es uno de los sentimientos m\u00e1s devastadores, nos convierte realmente en alima\u00f1as\u00bb.<br \/>\nJuan Jos\u00e9 Millas<br \/>\nDesde la sombra<\/p>\n<p>Twitter @ydlan<br \/>\nTransparencia3.0@hotmail.com<\/p>\n","protected":false},"excerpt":{"rendered":"<p>Naldy Rodr\u00edguez Transparencia 3.0 &nbsp; \u00abLa idiotez vence a la inteligencia, los payasos a los sensatos, el cinismo a la decencia, las mentiras a los hechos\u00bb: John Carlin, escritor y periodista brit\u00e1nico. Es el mejor resumen que encontr\u00e9 del 2016. No le agregar\u00eda ni le quitar\u00eda nada; triste pero cierto. Y para muestra, echemos un [&hellip;]<\/p>\n","protected":false},"author":2,"featured_media":0,"comment_status":"open","ping_status":"open","sticky":false,"template":"","format":"standard","meta":{"tdm_status":"","tdm_grid_status":"","footnotes":""},"categories":[70],"tags":[5686,162],"class_list":{"0":"post-29907","1":"post","2":"type-post","3":"status-publish","4":"format-standard","6":"category-de-opinion","7":"tag-empresas-fantasma","8":"tag-javier-duarte"},"yoast_head":"<!-- This site is optimized with the Yoast SEO plugin v27.4 - https:\/\/yoast.com\/product\/yoast-seo-wordpress\/ -->\n<title>Adi\u00f3s 2016 - Los pol\u00edticos Veracruz<\/title>\n<meta name=\"robots\" content=\"index, follow, max-snippet:-1, max-image-preview:large, max-video-preview:-1\" \/>\n<link rel=\"canonical\" href=\"https:\/\/lospoliticosveracruz.com\/?p=29907\" \/>\n<meta property=\"og:locale\" content=\"es_ES\" \/>\n<meta property=\"og:type\" content=\"article\" \/>\n<meta property=\"og:title\" content=\"Adi\u00f3s 2016 - Los pol\u00edticos Veracruz\" \/>\n<meta property=\"og:description\" content=\"Naldy Rodr\u00edguez Transparencia 3.0 &nbsp; \u00abLa idiotez vence a la inteligencia, los payasos a los sensatos, el cinismo a la decencia, las mentiras a los hechos\u00bb: John Carlin, escritor y periodista brit\u00e1nico. Es el mejor resumen que encontr\u00e9 del 2016. No le agregar\u00eda ni le quitar\u00eda nada; triste pero cierto. Y para muestra, echemos un [&hellip;]\" \/>\n<meta property=\"og:url\" content=\"https:\/\/lospoliticosveracruz.com\/?p=29907\" \/>\n<meta property=\"og:site_name\" content=\"Los pol\u00edticos Veracruz\" \/>\n<meta property=\"article:publisher\" content=\"https:\/\/www.facebook.com\/people\/Notimemes-de-los-Polticos\/61565672886568\/\" \/>\n<meta property=\"article:published_time\" content=\"2016-12-30T21:14:26+00:00\" \/>\n<meta property=\"og:image\" content=\"https:\/\/lospoliticosveracruz.com\/wp-content\/uploads\/2016\/07\/Logo-Dor.jpg\" \/>\n\t<meta property=\"og:image:width\" content=\"200\" \/>\n\t<meta property=\"og:image:height\" content=\"200\" \/>\n\t<meta property=\"og:image:type\" content=\"image\/jpeg\" \/>\n<meta name=\"author\" content=\"Lo viste en Los Pol\u00edticos\" \/>\n<meta name=\"twitter:card\" content=\"summary_large_image\" \/>\n<meta name=\"twitter:creator\" content=\"@LosPoliticosVer\" \/>\n<meta name=\"twitter:site\" content=\"@LosPoliticosVer\" \/>\n<meta name=\"twitter:label1\" content=\"Escrito por\" \/>\n\t<meta name=\"twitter:data1\" content=\"Lo viste en Los Pol\u00edticos\" \/>\n\t<meta name=\"twitter:label2\" content=\"Tiempo de lectura\" \/>\n\t<meta name=\"twitter:data2\" content=\"3 minutos\" \/>\n<script type=\"application\/ld+json\" class=\"yoast-schema-graph\">{\"@context\":\"https:\\\/\\\/schema.org\",\"@graph\":[{\"@type\":\"Article\",\"@id\":\"https:\\\/\\\/lospoliticosveracruz.com\\\/?p=29907#article\",\"isPartOf\":{\"@id\":\"https:\\\/\\\/lospoliticosveracruz.com\\\/?p=29907\"},\"author\":{\"name\":\"Lo viste en Los Pol\u00edticos\",\"@id\":\"https:\\\/\\\/lospoliticosveracruz.com\\\/#\\\/schema\\\/person\\\/b8702bb0e538456e6efd07080bf2a4a2\"},\"headline\":\"Adi\u00f3s 2016\",\"datePublished\":\"2016-12-30T21:14:26+00:00\",\"mainEntityOfPage\":{\"@id\":\"https:\\\/\\\/lospoliticosveracruz.com\\\/?p=29907\"},\"wordCount\":664,\"commentCount\":0,\"publisher\":{\"@id\":\"https:\\\/\\\/lospoliticosveracruz.com\\\/#organization\"},\"keywords\":[\"empresas fantasma\",\"Javier Duarte\"],\"articleSection\":[\"De Opini\u00f3n\"],\"inLanguage\":\"es\",\"potentialAction\":[{\"@type\":\"CommentAction\",\"name\":\"Comment\",\"target\":[\"https:\\\/\\\/lospoliticosveracruz.com\\\/?p=29907#respond\"]}]},{\"@type\":\"WebPage\",\"@id\":\"https:\\\/\\\/lospoliticosveracruz.com\\\/?p=29907\",\"url\":\"https:\\\/\\\/lospoliticosveracruz.com\\\/?p=29907\",\"name\":\"Adi\u00f3s 2016 - Los pol\u00edticos Veracruz\",\"isPartOf\":{\"@id\":\"https:\\\/\\\/lospoliticosveracruz.com\\\/#website\"},\"datePublished\":\"2016-12-30T21:14:26+00:00\",\"breadcrumb\":{\"@id\":\"https:\\\/\\\/lospoliticosveracruz.com\\\/?p=29907#breadcrumb\"},\"inLanguage\":\"es\",\"potentialAction\":[{\"@type\":\"ReadAction\",\"target\":[\"https:\\\/\\\/lospoliticosveracruz.com\\\/?p=29907\"]}]},{\"@type\":\"BreadcrumbList\",\"@id\":\"https:\\\/\\\/lospoliticosveracruz.com\\\/?p=29907#breadcrumb\",\"itemListElement\":[{\"@type\":\"ListItem\",\"position\":1,\"name\":\"Portada\",\"item\":\"https:\\\/\\\/lospoliticosveracruz.com\\\/\"},{\"@type\":\"ListItem\",\"position\":2,\"name\":\"Adi\u00f3s 2016\"}]},{\"@type\":\"WebSite\",\"@id\":\"https:\\\/\\\/lospoliticosveracruz.com\\\/#website\",\"url\":\"https:\\\/\\\/lospoliticosveracruz.com\\\/\",\"name\":\"Los pol\u00edticos Veracruz\",\"description\":\"\",\"publisher\":{\"@id\":\"https:\\\/\\\/lospoliticosveracruz.com\\\/#organization\"},\"potentialAction\":[{\"@type\":\"SearchAction\",\"target\":{\"@type\":\"EntryPoint\",\"urlTemplate\":\"https:\\\/\\\/lospoliticosveracruz.com\\\/?s={search_term_string}\"},\"query-input\":{\"@type\":\"PropertyValueSpecification\",\"valueRequired\":true,\"valueName\":\"search_term_string\"}}],\"inLanguage\":\"es\"},{\"@type\":\"Organization\",\"@id\":\"https:\\\/\\\/lospoliticosveracruz.com\\\/#organization\",\"name\":\"Los pol\u00edticos Veracruz\",\"url\":\"https:\\\/\\\/lospoliticosveracruz.com\\\/\",\"logo\":{\"@type\":\"ImageObject\",\"inLanguage\":\"es\",\"@id\":\"https:\\\/\\\/lospoliticosveracruz.com\\\/#\\\/schema\\\/logo\\\/image\\\/\",\"url\":\"https:\\\/\\\/lospoliticosveracruz.com\\\/wp-content\\\/uploads\\\/2025\\\/12\\\/Logo-Nuevo-LOS-POLITICOS-1.jpg\",\"contentUrl\":\"https:\\\/\\\/lospoliticosveracruz.com\\\/wp-content\\\/uploads\\\/2025\\\/12\\\/Logo-Nuevo-LOS-POLITICOS-1.jpg\",\"width\":260,\"height\":70,\"caption\":\"Los pol\u00edticos Veracruz\"},\"image\":{\"@id\":\"https:\\\/\\\/lospoliticosveracruz.com\\\/#\\\/schema\\\/logo\\\/image\\\/\"},\"sameAs\":[\"https:\\\/\\\/www.facebook.com\\\/people\\\/Notimemes-de-los-Polticos\\\/61565672886568\\\/\",\"https:\\\/\\\/x.com\\\/LosPoliticosVer\"]},{\"@type\":\"Person\",\"@id\":\"https:\\\/\\\/lospoliticosveracruz.com\\\/#\\\/schema\\\/person\\\/b8702bb0e538456e6efd07080bf2a4a2\",\"name\":\"Lo viste en Los Pol\u00edticos\",\"image\":{\"@type\":\"ImageObject\",\"inLanguage\":\"es\",\"@id\":\"https:\\\/\\\/secure.gravatar.com\\\/avatar\\\/3a8de04a2656d44082be478bd6c086daa447c4651605818287b9532d3d0bd435?s=96&d=mm&r=g\",\"url\":\"https:\\\/\\\/secure.gravatar.com\\\/avatar\\\/3a8de04a2656d44082be478bd6c086daa447c4651605818287b9532d3d0bd435?s=96&d=mm&r=g\",\"contentUrl\":\"https:\\\/\\\/secure.gravatar.com\\\/avatar\\\/3a8de04a2656d44082be478bd6c086daa447c4651605818287b9532d3d0bd435?s=96&d=mm&r=g\",\"caption\":\"Lo viste en Los Pol\u00edticos\"},\"url\":\"https:\\\/\\\/lospoliticosveracruz.com\\\/?author=2\"}]}<\/script>\n<!-- \/ Yoast SEO plugin. -->","yoast_head_json":{"title":"Adi\u00f3s 2016 - Los pol\u00edticos Veracruz","robots":{"index":"index","follow":"follow","max-snippet":"max-snippet:-1","max-image-preview":"max-image-preview:large","max-video-preview":"max-video-preview:-1"},"canonical":"https:\/\/lospoliticosveracruz.com\/?p=29907","og_locale":"es_ES","og_type":"article","og_title":"Adi\u00f3s 2016 - Los pol\u00edticos Veracruz","og_description":"Naldy Rodr\u00edguez Transparencia 3.0 &nbsp; \u00abLa idiotez vence a la inteligencia, los payasos a los sensatos, el cinismo a la decencia, las mentiras a los hechos\u00bb: John Carlin, escritor y periodista brit\u00e1nico. Es el mejor resumen que encontr\u00e9 del 2016. No le agregar\u00eda ni le quitar\u00eda nada; triste pero cierto. Y para muestra, echemos un [&hellip;]","og_url":"https:\/\/lospoliticosveracruz.com\/?p=29907","og_site_name":"Los pol\u00edticos Veracruz","article_publisher":"https:\/\/www.facebook.com\/people\/Notimemes-de-los-Polticos\/61565672886568\/","article_published_time":"2016-12-30T21:14:26+00:00","og_image":[{"width":200,"height":200,"url":"https:\/\/lospoliticosveracruz.com\/wp-content\/uploads\/2016\/07\/Logo-Dor.jpg","type":"image\/jpeg"}],"author":"Lo viste en Los Pol\u00edticos","twitter_card":"summary_large_image","twitter_creator":"@LosPoliticosVer","twitter_site":"@LosPoliticosVer","twitter_misc":{"Escrito por":"Lo viste en Los Pol\u00edticos","Tiempo de lectura":"3 minutos"},"schema":{"@context":"https:\/\/schema.org","@graph":[{"@type":"Article","@id":"https:\/\/lospoliticosveracruz.com\/?p=29907#article","isPartOf":{"@id":"https:\/\/lospoliticosveracruz.com\/?p=29907"},"author":{"name":"Lo viste en Los Pol\u00edticos","@id":"https:\/\/lospoliticosveracruz.com\/#\/schema\/person\/b8702bb0e538456e6efd07080bf2a4a2"},"headline":"Adi\u00f3s 2016","datePublished":"2016-12-30T21:14:26+00:00","mainEntityOfPage":{"@id":"https:\/\/lospoliticosveracruz.com\/?p=29907"},"wordCount":664,"commentCount":0,"publisher":{"@id":"https:\/\/lospoliticosveracruz.com\/#organization"},"keywords":["empresas fantasma","Javier Duarte"],"articleSection":["De Opini\u00f3n"],"inLanguage":"es","potentialAction":[{"@type":"CommentAction","name":"Comment","target":["https:\/\/lospoliticosveracruz.com\/?p=29907#respond"]}]},{"@type":"WebPage","@id":"https:\/\/lospoliticosveracruz.com\/?p=29907","url":"https:\/\/lospoliticosveracruz.com\/?p=29907","name":"Adi\u00f3s 2016 - Los pol\u00edticos Veracruz","isPartOf":{"@id":"https:\/\/lospoliticosveracruz.com\/#website"},"datePublished":"2016-12-30T21:14:26+00:00","breadcrumb":{"@id":"https:\/\/lospoliticosveracruz.com\/?p=29907#breadcrumb"},"inLanguage":"es","potentialAction":[{"@type":"ReadAction","target":["https:\/\/lospoliticosveracruz.com\/?p=29907"]}]},{"@type":"BreadcrumbList","@id":"https:\/\/lospoliticosveracruz.com\/?p=29907#breadcrumb","itemListElement":[{"@type":"ListItem","position":1,"name":"Portada","item":"https:\/\/lospoliticosveracruz.com\/"},{"@type":"ListItem","position":2,"name":"Adi\u00f3s 2016"}]},{"@type":"WebSite","@id":"https:\/\/lospoliticosveracruz.com\/#website","url":"https:\/\/lospoliticosveracruz.com\/","name":"Los pol\u00edticos Veracruz","description":"","publisher":{"@id":"https:\/\/lospoliticosveracruz.com\/#organization"},"potentialAction":[{"@type":"SearchAction","target":{"@type":"EntryPoint","urlTemplate":"https:\/\/lospoliticosveracruz.com\/?s={search_term_string}"},"query-input":{"@type":"PropertyValueSpecification","valueRequired":true,"valueName":"search_term_string"}}],"inLanguage":"es"},{"@type":"Organization","@id":"https:\/\/lospoliticosveracruz.com\/#organization","name":"Los pol\u00edticos Veracruz","url":"https:\/\/lospoliticosveracruz.com\/","logo":{"@type":"ImageObject","inLanguage":"es","@id":"https:\/\/lospoliticosveracruz.com\/#\/schema\/logo\/image\/","url":"https:\/\/lospoliticosveracruz.com\/wp-content\/uploads\/2025\/12\/Logo-Nuevo-LOS-POLITICOS-1.jpg","contentUrl":"https:\/\/lospoliticosveracruz.com\/wp-content\/uploads\/2025\/12\/Logo-Nuevo-LOS-POLITICOS-1.jpg","width":260,"height":70,"caption":"Los pol\u00edticos Veracruz"},"image":{"@id":"https:\/\/lospoliticosveracruz.com\/#\/schema\/logo\/image\/"},"sameAs":["https:\/\/www.facebook.com\/people\/Notimemes-de-los-Polticos\/61565672886568\/","https:\/\/x.com\/LosPoliticosVer"]},{"@type":"Person","@id":"https:\/\/lospoliticosveracruz.com\/#\/schema\/person\/b8702bb0e538456e6efd07080bf2a4a2","name":"Lo viste en Los Pol\u00edticos","image":{"@type":"ImageObject","inLanguage":"es","@id":"https:\/\/secure.gravatar.com\/avatar\/3a8de04a2656d44082be478bd6c086daa447c4651605818287b9532d3d0bd435?s=96&d=mm&r=g","url":"https:\/\/secure.gravatar.com\/avatar\/3a8de04a2656d44082be478bd6c086daa447c4651605818287b9532d3d0bd435?s=96&d=mm&r=g","contentUrl":"https:\/\/secure.gravatar.com\/avatar\/3a8de04a2656d44082be478bd6c086daa447c4651605818287b9532d3d0bd435?s=96&d=mm&r=g","caption":"Lo viste en Los Pol\u00edticos"},"url":"https:\/\/lospoliticosveracruz.com\/?author=2"}]}},"_links":{"self":[{"href":"https:\/\/lospoliticosveracruz.com\/index.php?rest_route=\/wp\/v2\/posts\/29907","targetHints":{"allow":["GET"]}}],"collection":[{"href":"https:\/\/lospoliticosveracruz.com\/index.php?rest_route=\/wp\/v2\/posts"}],"about":[{"href":"https:\/\/lospoliticosveracruz.com\/index.php?rest_route=\/wp\/v2\/types\/post"}],"author":[{"embeddable":true,"href":"https:\/\/lospoliticosveracruz.com\/index.php?rest_route=\/wp\/v2\/users\/2"}],"replies":[{"embeddable":true,"href":"https:\/\/lospoliticosveracruz.com\/index.php?rest_route=%2Fwp%2Fv2%2Fcomments&post=29907"}],"version-history":[{"count":1,"href":"https:\/\/lospoliticosveracruz.com\/index.php?rest_route=\/wp\/v2\/posts\/29907\/revisions"}],"predecessor-version":[{"id":29908,"href":"https:\/\/lospoliticosveracruz.com\/index.php?rest_route=\/wp\/v2\/posts\/29907\/revisions\/29908"}],"wp:attachment":[{"href":"https:\/\/lospoliticosveracruz.com\/index.php?rest_route=%2Fwp%2Fv2%2Fmedia&parent=29907"}],"wp:term":[{"taxonomy":"category","embeddable":true,"href":"https:\/\/lospoliticosveracruz.com\/index.php?rest_route=%2Fwp%2Fv2%2Fcategories&post=29907"},{"taxonomy":"post_tag","embeddable":true,"href":"https:\/\/lospoliticosveracruz.com\/index.php?rest_route=%2Fwp%2Fv2%2Ftags&post=29907"}],"curies":[{"name":"wp","href":"https:\/\/api.w.org\/{rel}","templated":true}]}}