{"id":29920,"date":"2017-01-01T22:57:30","date_gmt":"2017-01-02T04:57:30","guid":{"rendered":"http:\/\/www.lospoliticosveracruz.com.mx\/?p=29920"},"modified":"2017-01-01T22:57:30","modified_gmt":"2017-01-02T04:57:30","slug":"2017-mujeres-recargadas","status":"publish","type":"post","link":"https:\/\/lospoliticosveracruz.com\/?p=29920","title":{"rendered":"2017: Mujeres recargadas"},"content":{"rendered":"<p><strong>Brenda Caballero<\/strong><\/p>\n<p><em>N\u00fameros Rojos<\/em><\/p>\n<p>No podr\u00eda iniciar esta columna de 2017 dese\u00e1ndoles a todos mis lectores y no lectores que sean felices, pues la gente que es feliz no es la que tiene lo mejor de todo, sino la que hace lo mejor con lo que tiene. Ahora s\u00ed, empecemos el Lunes de Mujeres.<\/p>\n<p>* PAN, con Protocolo contra Violencia Pol\u00edtica<\/p>\n<p>En el PAN nacional, las mujeres ya se est\u00e1n poniendo las pilas despu\u00e9s de analizar los estados que tendr\u00e1n elecciones este 2017: el Estado de M\u00e9xico, Coahuila, Nayarit y por supuesto, las 212 alcald\u00edas de Veracruz. La titular de la Secretar\u00eda de Promoci\u00f3n Pol\u00edtica de la Mujer del PAN, Marcela Torres Peimbert, se\u00f1al\u00f3 que ya tienen un proyecto de trabajo para el a\u00f1o que inicia, que consiste en darle mayor impulso a la participaci\u00f3n femenina: reiter\u00f3 que la paridad debe ser un principio defendido y respetado. Por lo que el 50 por ciento de los cargos p\u00fablicos a disputar en 2017 ser\u00e1n para las mujeres.<\/p>\n<p>Tambi\u00e9n record\u00f3 que el PAN es el primer partido en el pa\u00eds que busca prevenir, solucionar y sancionar las dificultades de g\u00e9nero que se enfrentan en el \u00e1mbito de partido, por lo que cuenta con Protocolo de Atenci\u00f3n a la Violencia Pol\u00edtica en contra de las Mujeres.<\/p>\n<p>* Vienen con todo<\/p>\n<p>Es interesante ver a las mujeres que destacan actualmente en Veracruz en el \u00e1mbito pol\u00edtico, pues aunque el terreno sigue dominado por varones, ellas redoblan su lucha por las mujeres y por los veracruzanos.<\/p>\n<p>Aunque cerraron el a\u00f1o con fuerza, desde mi percepci\u00f3n, aclaro, se les ha visto m\u00e1s activas a las diputadas Maryjos\u00e9 Gamboa Torales, Mariely Manterola S\u00e1inz y Daniela Griego Ceballos. En el caso de Maryjos\u00e9, su esp\u00edritu combativo se ve reflejado en sus intervenciones recientes tanto en comparecencias como en su paso por Tribuna\u2026 habr\u00e1 que seguirla ahora cuando comparezcan los titulares de dependencias y entidades de la administraci\u00f3n p\u00fablica cuando exista causa suficiente (iniciativa recientemente aprobada).<\/p>\n<p>Y no es por echar flores, pero Maryjos\u00e9 es garant\u00eda frente a la Comisi\u00f3n Especial de la Verdad \u00bfa poco no hemos conocido muchas verdades por ella?<\/p>\n<p>Un dato importante para el lector es que si usted quiere interactuar con ella, lo puede hacer a trav\u00e9s de las redes sociales, pues contesta todo, hasta las cr\u00edticas.<\/p>\n<p>A Mariely le han llovido cr\u00edticas desde su toma de protesta como Presidenta de la Mesa Directiva, su estancia en la Fundaci\u00f3n Produce, el contar dinero en una celebraci\u00f3n navide\u00f1a y hasta por sus familiares. En ella recuerdo el dicho \u201cLo que no te mata te hace m\u00e1s fuerte\u201d, pues a pesar de sus malquerientes, algunos de ellos hasta rozando en lo mis\u00f3gino, la diputada toma al toro por los cuernos y avanza.<\/p>\n<p>A Daniela es de reconocerle que fue la \u00fanica que sali\u00f3 en defensa de las mujeres despedidas en el Instituto Veracruzano de las Mujeres, adem\u00e1s de que plante\u00f3 una serie de cuestionamientos hacia la reestructuraci\u00f3n del Presupuesto 2017 del gobernador Miguel \u00c1ngel Yunes.<\/p>\n<p>Yazm\u00edn de los \u00c1ngeles Copete Zapot entr\u00f3 con fuerza, pero ha disminuido su presencia, esperemos que uno de sus prop\u00f3sitos para este 2017 sea redoblar su trabajo legislativo.<\/p>\n<p>Otra que tra\u00eda mucha fuerza era Mariana Dunyaska; sin embargo, el error de \u201crevivir\u201d a Guillermo Z\u00fa\u00f1iga Mart\u00ednez le fren\u00f3; esperemos no le pase lo mismo que a la ex diputada M\u00f3nica Robles y su desatino al preguntar con micr\u00f3fono abierto si se notaba que \u201cven\u00eda crudita\u201d y la encasillen en lo mismo.<\/p>\n<p>Y las pri\u00edstas \u00bfd\u00f3nde ha quedado la oposici\u00f3n? Pues no s\u00e9 usted, pero al menos yo no las veo, ojal\u00e1 uno de sus prop\u00f3sitos para este 2017 sea trabajar por los veracruzanos.<\/p>\n<p>Fuera del Congreso, a destacar la labor de Anil\u00fa Ingram Vallines, quien desde la delegaci\u00f3n federal de Sedesol, marca la pauta en lo que se refiere a programas de apoyo a familias. De las pocas que agregan al servicio p\u00fablico, sensibilidad\u2026<\/p>\n<p>* Cr\u00edticas a Tula<\/p>\n<p>Ahora que si hablamos de las mujeres del Gabinete Veracruzano, la m\u00e1s activa ha sido la titular de la Secretar\u00eda de Finanzas y Planeaci\u00f3n, Clementina Guerrero Garc\u00eda, pues con todo el desastre financiero que vive Veracruz, ella estar\u00e1 siempre en el ojo del hurac\u00e1n.<\/p>\n<p>Lo malo es que no se le cuestiona su trabajo o hasta los fines de semana que labora, sino su transporte. \u00bfTiene algo de malo llegar en un Audi? La verdad no, aunque un pueblo lastimado y pobre siempre cuestionar\u00e1 los lujos de los funcionarios p\u00fablicos y nunca entender\u00e1 si lo compr\u00f3 antes de su cargo, en paguitos o s\u00f3lo era un \u201cavent\u00f3n\u201d como lo manifest\u00f3 ella.<\/p>\n<p>Las cr\u00edticas por el Audi son absurdas e irrelevantes; si algo se puede sugerir es que su amigo cambie las placas a Veracruz, porque tra\u00eda de otro estado\u2026 claro, siempre y cuando viva en la entidad, pues con el cambio habr\u00eda recaudaci\u00f3n.<\/p>\n<p>* En uni\u00f3n libre 1 de cada 5 mujeres \u00a1Antes de los 18 a\u00f1os!<\/p>\n<p>Un dato que s\u00ed deber\u00eda alarmarnos a los veracruzanos es que hay deserci\u00f3n escolar por parte de nuestras j\u00f3venes menores de 18 a\u00f1os, adem\u00e1s de embarazos y partos precoces.<\/p>\n<p>De acuerdo a los resultados de la Encuesta Nacional de la Din\u00e1mica Demogr\u00e1fica (Enadid) 2014, se ha focalizado que el 40 por ciento de los casamientos de ni\u00f1as ocurre en los estados de Chiapas, Guerrero y Veracruz, y son principalmente de zonas ind\u00edgenas. \u00a1Eso s\u00ed es preocupante!<\/p>\n<p>caballero_brenda@hotmail.com<\/p>\n<p>@NumerosRojos_BC<\/p>\n","protected":false},"excerpt":{"rendered":"<p>Brenda Caballero N\u00fameros Rojos No podr\u00eda iniciar esta columna de 2017 dese\u00e1ndoles a todos mis lectores y no lectores que sean felices, pues la gente que es feliz no es la que tiene lo mejor de todo, sino la que hace lo mejor con lo que tiene. Ahora s\u00ed, empecemos el Lunes de Mujeres. * [&hellip;]<\/p>\n","protected":false},"author":2,"featured_media":0,"comment_status":"open","ping_status":"open","sticky":false,"template":"","format":"standard","meta":{"tdm_status":"","tdm_grid_status":"","footnotes":""},"categories":[70],"tags":[6723,6657,5020,6815,7055,7056],"class_list":{"0":"post-29920","1":"post","2":"type-post","3":"status-publish","4":"format-standard","6":"category-de-opinion","7":"tag-clementina-guerrero-garcia","8":"tag-daniela-griego-ceballos","9":"tag-mariely-manterola-sainz","10":"tag-maryjose-gamboa-torales","11":"tag-protocolo-de-atencion-a-la-violencia-politica-en-contra-de-las-mujeres","12":"tag-union-libre"},"yoast_head":"<!-- This site is optimized with the Yoast SEO plugin v27.4 - https:\/\/yoast.com\/product\/yoast-seo-wordpress\/ -->\n<title>2017: Mujeres recargadas - Los pol\u00edticos Veracruz<\/title>\n<meta name=\"robots\" content=\"index, follow, max-snippet:-1, max-image-preview:large, max-video-preview:-1\" \/>\n<link rel=\"canonical\" href=\"https:\/\/lospoliticosveracruz.com\/?p=29920\" \/>\n<meta property=\"og:locale\" content=\"es_ES\" \/>\n<meta property=\"og:type\" content=\"article\" \/>\n<meta property=\"og:title\" content=\"2017: Mujeres recargadas - Los pol\u00edticos Veracruz\" \/>\n<meta property=\"og:description\" content=\"Brenda Caballero N\u00fameros Rojos No podr\u00eda iniciar esta columna de 2017 dese\u00e1ndoles a todos mis lectores y no lectores que sean felices, pues la gente que es feliz no es la que tiene lo mejor de todo, sino la que hace lo mejor con lo que tiene. Ahora s\u00ed, empecemos el Lunes de Mujeres. * [&hellip;]\" \/>\n<meta property=\"og:url\" content=\"https:\/\/lospoliticosveracruz.com\/?p=29920\" \/>\n<meta property=\"og:site_name\" content=\"Los pol\u00edticos Veracruz\" \/>\n<meta property=\"article:publisher\" content=\"https:\/\/www.facebook.com\/people\/Notimemes-de-los-Polticos\/61565672886568\/\" \/>\n<meta property=\"article:published_time\" content=\"2017-01-02T04:57:30+00:00\" \/>\n<meta property=\"og:image\" content=\"https:\/\/lospoliticosveracruz.com\/wp-content\/uploads\/2016\/07\/Logo-Dor.jpg\" \/>\n\t<meta property=\"og:image:width\" content=\"200\" \/>\n\t<meta property=\"og:image:height\" content=\"200\" \/>\n\t<meta property=\"og:image:type\" content=\"image\/jpeg\" \/>\n<meta name=\"author\" content=\"Lo viste en Los Pol\u00edticos\" \/>\n<meta name=\"twitter:card\" content=\"summary_large_image\" \/>\n<meta name=\"twitter:creator\" content=\"@LosPoliticosVer\" \/>\n<meta name=\"twitter:site\" content=\"@LosPoliticosVer\" \/>\n<meta name=\"twitter:label1\" content=\"Escrito por\" \/>\n\t<meta name=\"twitter:data1\" content=\"Lo viste en Los Pol\u00edticos\" \/>\n\t<meta name=\"twitter:label2\" content=\"Tiempo de lectura\" \/>\n\t<meta name=\"twitter:data2\" content=\"5 minutos\" \/>\n<script type=\"application\/ld+json\" class=\"yoast-schema-graph\">{\"@context\":\"https:\\\/\\\/schema.org\",\"@graph\":[{\"@type\":\"Article\",\"@id\":\"https:\\\/\\\/lospoliticosveracruz.com\\\/?p=29920#article\",\"isPartOf\":{\"@id\":\"https:\\\/\\\/lospoliticosveracruz.com\\\/?p=29920\"},\"author\":{\"name\":\"Lo viste en Los Pol\u00edticos\",\"@id\":\"https:\\\/\\\/lospoliticosveracruz.com\\\/#\\\/schema\\\/person\\\/b8702bb0e538456e6efd07080bf2a4a2\"},\"headline\":\"2017: Mujeres recargadas\",\"datePublished\":\"2017-01-02T04:57:30+00:00\",\"mainEntityOfPage\":{\"@id\":\"https:\\\/\\\/lospoliticosveracruz.com\\\/?p=29920\"},\"wordCount\":970,\"commentCount\":0,\"publisher\":{\"@id\":\"https:\\\/\\\/lospoliticosveracruz.com\\\/#organization\"},\"keywords\":[\"Clementina Guerrero Garc\u00eda\",\"Daniela Griego Ceballos\",\"Mariely Manterola Sainz\",\"Maryjos\u00e9 Gamboa Torales\",\"Protocolo de Atenci\u00f3n a la Violencia Pol\u00edtica en contra de las Mujeres\",\"Uni\u00f3n libre\"],\"articleSection\":[\"De Opini\u00f3n\"],\"inLanguage\":\"es\",\"potentialAction\":[{\"@type\":\"CommentAction\",\"name\":\"Comment\",\"target\":[\"https:\\\/\\\/lospoliticosveracruz.com\\\/?p=29920#respond\"]}]},{\"@type\":\"WebPage\",\"@id\":\"https:\\\/\\\/lospoliticosveracruz.com\\\/?p=29920\",\"url\":\"https:\\\/\\\/lospoliticosveracruz.com\\\/?p=29920\",\"name\":\"2017: Mujeres recargadas - Los pol\u00edticos Veracruz\",\"isPartOf\":{\"@id\":\"https:\\\/\\\/lospoliticosveracruz.com\\\/#website\"},\"datePublished\":\"2017-01-02T04:57:30+00:00\",\"breadcrumb\":{\"@id\":\"https:\\\/\\\/lospoliticosveracruz.com\\\/?p=29920#breadcrumb\"},\"inLanguage\":\"es\",\"potentialAction\":[{\"@type\":\"ReadAction\",\"target\":[\"https:\\\/\\\/lospoliticosveracruz.com\\\/?p=29920\"]}]},{\"@type\":\"BreadcrumbList\",\"@id\":\"https:\\\/\\\/lospoliticosveracruz.com\\\/?p=29920#breadcrumb\",\"itemListElement\":[{\"@type\":\"ListItem\",\"position\":1,\"name\":\"Portada\",\"item\":\"https:\\\/\\\/lospoliticosveracruz.com\\\/\"},{\"@type\":\"ListItem\",\"position\":2,\"name\":\"2017: Mujeres recargadas\"}]},{\"@type\":\"WebSite\",\"@id\":\"https:\\\/\\\/lospoliticosveracruz.com\\\/#website\",\"url\":\"https:\\\/\\\/lospoliticosveracruz.com\\\/\",\"name\":\"Los pol\u00edticos Veracruz\",\"description\":\"\",\"publisher\":{\"@id\":\"https:\\\/\\\/lospoliticosveracruz.com\\\/#organization\"},\"potentialAction\":[{\"@type\":\"SearchAction\",\"target\":{\"@type\":\"EntryPoint\",\"urlTemplate\":\"https:\\\/\\\/lospoliticosveracruz.com\\\/?s={search_term_string}\"},\"query-input\":{\"@type\":\"PropertyValueSpecification\",\"valueRequired\":true,\"valueName\":\"search_term_string\"}}],\"inLanguage\":\"es\"},{\"@type\":\"Organization\",\"@id\":\"https:\\\/\\\/lospoliticosveracruz.com\\\/#organization\",\"name\":\"Los pol\u00edticos Veracruz\",\"url\":\"https:\\\/\\\/lospoliticosveracruz.com\\\/\",\"logo\":{\"@type\":\"ImageObject\",\"inLanguage\":\"es\",\"@id\":\"https:\\\/\\\/lospoliticosveracruz.com\\\/#\\\/schema\\\/logo\\\/image\\\/\",\"url\":\"https:\\\/\\\/lospoliticosveracruz.com\\\/wp-content\\\/uploads\\\/2025\\\/12\\\/Logo-Nuevo-LOS-POLITICOS-1.jpg\",\"contentUrl\":\"https:\\\/\\\/lospoliticosveracruz.com\\\/wp-content\\\/uploads\\\/2025\\\/12\\\/Logo-Nuevo-LOS-POLITICOS-1.jpg\",\"width\":260,\"height\":70,\"caption\":\"Los pol\u00edticos Veracruz\"},\"image\":{\"@id\":\"https:\\\/\\\/lospoliticosveracruz.com\\\/#\\\/schema\\\/logo\\\/image\\\/\"},\"sameAs\":[\"https:\\\/\\\/www.facebook.com\\\/people\\\/Notimemes-de-los-Polticos\\\/61565672886568\\\/\",\"https:\\\/\\\/x.com\\\/LosPoliticosVer\"]},{\"@type\":\"Person\",\"@id\":\"https:\\\/\\\/lospoliticosveracruz.com\\\/#\\\/schema\\\/person\\\/b8702bb0e538456e6efd07080bf2a4a2\",\"name\":\"Lo viste en Los Pol\u00edticos\",\"image\":{\"@type\":\"ImageObject\",\"inLanguage\":\"es\",\"@id\":\"https:\\\/\\\/secure.gravatar.com\\\/avatar\\\/3a8de04a2656d44082be478bd6c086daa447c4651605818287b9532d3d0bd435?s=96&d=mm&r=g\",\"url\":\"https:\\\/\\\/secure.gravatar.com\\\/avatar\\\/3a8de04a2656d44082be478bd6c086daa447c4651605818287b9532d3d0bd435?s=96&d=mm&r=g\",\"contentUrl\":\"https:\\\/\\\/secure.gravatar.com\\\/avatar\\\/3a8de04a2656d44082be478bd6c086daa447c4651605818287b9532d3d0bd435?s=96&d=mm&r=g\",\"caption\":\"Lo viste en Los Pol\u00edticos\"},\"url\":\"https:\\\/\\\/lospoliticosveracruz.com\\\/?author=2\"}]}<\/script>\n<!-- \/ Yoast SEO plugin. -->","yoast_head_json":{"title":"2017: Mujeres recargadas - Los pol\u00edticos Veracruz","robots":{"index":"index","follow":"follow","max-snippet":"max-snippet:-1","max-image-preview":"max-image-preview:large","max-video-preview":"max-video-preview:-1"},"canonical":"https:\/\/lospoliticosveracruz.com\/?p=29920","og_locale":"es_ES","og_type":"article","og_title":"2017: Mujeres recargadas - Los pol\u00edticos Veracruz","og_description":"Brenda Caballero N\u00fameros Rojos No podr\u00eda iniciar esta columna de 2017 dese\u00e1ndoles a todos mis lectores y no lectores que sean felices, pues la gente que es feliz no es la que tiene lo mejor de todo, sino la que hace lo mejor con lo que tiene. Ahora s\u00ed, empecemos el Lunes de Mujeres. * [&hellip;]","og_url":"https:\/\/lospoliticosveracruz.com\/?p=29920","og_site_name":"Los pol\u00edticos Veracruz","article_publisher":"https:\/\/www.facebook.com\/people\/Notimemes-de-los-Polticos\/61565672886568\/","article_published_time":"2017-01-02T04:57:30+00:00","og_image":[{"width":200,"height":200,"url":"https:\/\/lospoliticosveracruz.com\/wp-content\/uploads\/2016\/07\/Logo-Dor.jpg","type":"image\/jpeg"}],"author":"Lo viste en Los Pol\u00edticos","twitter_card":"summary_large_image","twitter_creator":"@LosPoliticosVer","twitter_site":"@LosPoliticosVer","twitter_misc":{"Escrito por":"Lo viste en Los Pol\u00edticos","Tiempo de lectura":"5 minutos"},"schema":{"@context":"https:\/\/schema.org","@graph":[{"@type":"Article","@id":"https:\/\/lospoliticosveracruz.com\/?p=29920#article","isPartOf":{"@id":"https:\/\/lospoliticosveracruz.com\/?p=29920"},"author":{"name":"Lo viste en Los Pol\u00edticos","@id":"https:\/\/lospoliticosveracruz.com\/#\/schema\/person\/b8702bb0e538456e6efd07080bf2a4a2"},"headline":"2017: Mujeres recargadas","datePublished":"2017-01-02T04:57:30+00:00","mainEntityOfPage":{"@id":"https:\/\/lospoliticosveracruz.com\/?p=29920"},"wordCount":970,"commentCount":0,"publisher":{"@id":"https:\/\/lospoliticosveracruz.com\/#organization"},"keywords":["Clementina Guerrero Garc\u00eda","Daniela Griego Ceballos","Mariely Manterola Sainz","Maryjos\u00e9 Gamboa Torales","Protocolo de Atenci\u00f3n a la Violencia Pol\u00edtica en contra de las Mujeres","Uni\u00f3n libre"],"articleSection":["De Opini\u00f3n"],"inLanguage":"es","potentialAction":[{"@type":"CommentAction","name":"Comment","target":["https:\/\/lospoliticosveracruz.com\/?p=29920#respond"]}]},{"@type":"WebPage","@id":"https:\/\/lospoliticosveracruz.com\/?p=29920","url":"https:\/\/lospoliticosveracruz.com\/?p=29920","name":"2017: Mujeres recargadas - Los pol\u00edticos Veracruz","isPartOf":{"@id":"https:\/\/lospoliticosveracruz.com\/#website"},"datePublished":"2017-01-02T04:57:30+00:00","breadcrumb":{"@id":"https:\/\/lospoliticosveracruz.com\/?p=29920#breadcrumb"},"inLanguage":"es","potentialAction":[{"@type":"ReadAction","target":["https:\/\/lospoliticosveracruz.com\/?p=29920"]}]},{"@type":"BreadcrumbList","@id":"https:\/\/lospoliticosveracruz.com\/?p=29920#breadcrumb","itemListElement":[{"@type":"ListItem","position":1,"name":"Portada","item":"https:\/\/lospoliticosveracruz.com\/"},{"@type":"ListItem","position":2,"name":"2017: Mujeres recargadas"}]},{"@type":"WebSite","@id":"https:\/\/lospoliticosveracruz.com\/#website","url":"https:\/\/lospoliticosveracruz.com\/","name":"Los pol\u00edticos Veracruz","description":"","publisher":{"@id":"https:\/\/lospoliticosveracruz.com\/#organization"},"potentialAction":[{"@type":"SearchAction","target":{"@type":"EntryPoint","urlTemplate":"https:\/\/lospoliticosveracruz.com\/?s={search_term_string}"},"query-input":{"@type":"PropertyValueSpecification","valueRequired":true,"valueName":"search_term_string"}}],"inLanguage":"es"},{"@type":"Organization","@id":"https:\/\/lospoliticosveracruz.com\/#organization","name":"Los pol\u00edticos Veracruz","url":"https:\/\/lospoliticosveracruz.com\/","logo":{"@type":"ImageObject","inLanguage":"es","@id":"https:\/\/lospoliticosveracruz.com\/#\/schema\/logo\/image\/","url":"https:\/\/lospoliticosveracruz.com\/wp-content\/uploads\/2025\/12\/Logo-Nuevo-LOS-POLITICOS-1.jpg","contentUrl":"https:\/\/lospoliticosveracruz.com\/wp-content\/uploads\/2025\/12\/Logo-Nuevo-LOS-POLITICOS-1.jpg","width":260,"height":70,"caption":"Los pol\u00edticos Veracruz"},"image":{"@id":"https:\/\/lospoliticosveracruz.com\/#\/schema\/logo\/image\/"},"sameAs":["https:\/\/www.facebook.com\/people\/Notimemes-de-los-Polticos\/61565672886568\/","https:\/\/x.com\/LosPoliticosVer"]},{"@type":"Person","@id":"https:\/\/lospoliticosveracruz.com\/#\/schema\/person\/b8702bb0e538456e6efd07080bf2a4a2","name":"Lo viste en Los Pol\u00edticos","image":{"@type":"ImageObject","inLanguage":"es","@id":"https:\/\/secure.gravatar.com\/avatar\/3a8de04a2656d44082be478bd6c086daa447c4651605818287b9532d3d0bd435?s=96&d=mm&r=g","url":"https:\/\/secure.gravatar.com\/avatar\/3a8de04a2656d44082be478bd6c086daa447c4651605818287b9532d3d0bd435?s=96&d=mm&r=g","contentUrl":"https:\/\/secure.gravatar.com\/avatar\/3a8de04a2656d44082be478bd6c086daa447c4651605818287b9532d3d0bd435?s=96&d=mm&r=g","caption":"Lo viste en Los Pol\u00edticos"},"url":"https:\/\/lospoliticosveracruz.com\/?author=2"}]}},"_links":{"self":[{"href":"https:\/\/lospoliticosveracruz.com\/index.php?rest_route=\/wp\/v2\/posts\/29920","targetHints":{"allow":["GET"]}}],"collection":[{"href":"https:\/\/lospoliticosveracruz.com\/index.php?rest_route=\/wp\/v2\/posts"}],"about":[{"href":"https:\/\/lospoliticosveracruz.com\/index.php?rest_route=\/wp\/v2\/types\/post"}],"author":[{"embeddable":true,"href":"https:\/\/lospoliticosveracruz.com\/index.php?rest_route=\/wp\/v2\/users\/2"}],"replies":[{"embeddable":true,"href":"https:\/\/lospoliticosveracruz.com\/index.php?rest_route=%2Fwp%2Fv2%2Fcomments&post=29920"}],"version-history":[{"count":2,"href":"https:\/\/lospoliticosveracruz.com\/index.php?rest_route=\/wp\/v2\/posts\/29920\/revisions"}],"predecessor-version":[{"id":29932,"href":"https:\/\/lospoliticosveracruz.com\/index.php?rest_route=\/wp\/v2\/posts\/29920\/revisions\/29932"}],"wp:attachment":[{"href":"https:\/\/lospoliticosveracruz.com\/index.php?rest_route=%2Fwp%2Fv2%2Fmedia&parent=29920"}],"wp:term":[{"taxonomy":"category","embeddable":true,"href":"https:\/\/lospoliticosveracruz.com\/index.php?rest_route=%2Fwp%2Fv2%2Fcategories&post=29920"},{"taxonomy":"post_tag","embeddable":true,"href":"https:\/\/lospoliticosveracruz.com\/index.php?rest_route=%2Fwp%2Fv2%2Ftags&post=29920"}],"curies":[{"name":"wp","href":"https:\/\/api.w.org\/{rel}","templated":true}]}}