{"id":29922,"date":"2017-01-01T23:04:08","date_gmt":"2017-01-02T05:04:08","guid":{"rendered":"http:\/\/www.lospoliticosveracruz.com.mx\/?p=29922"},"modified":"2017-01-01T23:04:08","modified_gmt":"2017-01-02T05:04:08","slug":"cuando-desperte-amadeo-seguia-alli","status":"publish","type":"post","link":"https:\/\/lospoliticosveracruz.com\/?p=29922","title":{"rendered":"Cuando despert\u00e9, Amadeo segu\u00eda all\u00ed"},"content":{"rendered":"<p dir=\"ltr\"><strong>Salvador Mu\u00f1oz<\/strong><\/p>\n<p dir=\"ltr\"><em>Los Pol\u00edticos<\/em><\/p>\n<p dir=\"ltr\">Si est\u00e1 leyendo estas l\u00edneas en paz, en tranquilidad, con el sosiego que le permite haber celebrado d\u00edas de asueto en compa\u00f1\u00eda de sus seres queridos, perm\u00edtame felicitarlo, no por el A\u00f1o Nuevo, sino por ser un sobreviviente al \u00faltimo a\u00f1o de Javier Duarte\u2026 y al primer mes de Miguel \u00c1ngel Yunes Linares. Pero como dijera Abel Cuevas Melo, \u201cvamos al grano\u201d, \u00a1exprimamos la noticia!<\/p>\n<p dir=\"ltr\">Le cuento algo que no tiene que saber ni yo que contar, pero igual, se lo cuento\u2026 tuve este primero de enero, dos despertares: el cl\u00e1sico del inicio de un a\u00f1o nuevo y un Monterrosino abrir de ojos.<\/p>\n<p dir=\"ltr\">\u00bfSabe lo que es despertar con una fuerte jaqueca y el sol pegando en la cara? Lo m\u00e1s seguro es que algunos o muchos lo sepan y m\u00e1s este primero de enero, sobre todo cuando la noche anterior celebr\u00f3 en compa\u00f1\u00eda de sus cuates, amigos, compadres, parientes, este inicio del 2017, con botellas de vino, sidra, champ\u00e1n, brandy, chelas o lo que sea\u2026 el caso es que yo no tom\u00e9, acaso la copita de Sidra y nada m\u00e1s, pero amanec\u00ed como si realmente hubiera \u201cfestejado\u201d este inicio de a\u00f1o\u2026 bueno, nada que un paracetamol y otra siesta no resuelvan\u2026<\/p>\n<p dir=\"ltr\">\u00bfY mi despertar Monterrosino?<\/p>\n<p dir=\"ltr\">\u00a1Ah! Es que cuando despert\u00e9, Amadeo segu\u00eda all\u00ed\u2026 \u00a1no! no en mi cama, sino en el CDE del PRI&#8230;<\/p>\n<p dir=\"ltr\">En t\u00e9rminos del Imperio, podr\u00edamos decir: \u201c\u00a1La saga contin\u00faa!\u201d y no porque vea a Lorena Pi\u00f1\u00f3n como \u201cRogue One\u201d o para estar ad hoc ante los recientes acontecimientos con el deceso de Carrie Fischer, \u201cla Princesa Leia\u201d (casi cerca de 40 a\u00f1os diciendo \u201cPrincesa Lea\u201d y al estilo Nu\u00f1o, me viene a decir una jovencita que se dice \u201cLia\u201d).<\/p>\n<p dir=\"ltr\">Nos quedamos en la historia que Lorena Pi\u00f1\u00f3n interpuso demanda ante el Tribunal Electoral de Veracruz contra los Comit\u00e9s estatal y nacional del PRI porque considera que la dirigencia de Amadeo Flores Espinosa suena a espuria, imposici\u00f3n, contradiciendo los estatutos del PRI y los derechos de sus militantes\u2026 as\u00ed lo traduzco yo.<\/p>\n<p dir=\"ltr\">Supongo eso cuando entre los argumentos que da Lorena Pi\u00f1\u00f3n en su demanda, sostiene que los nombramientos de Amadeo y Regina V\u00e1zquez Saut no vienen acompa\u00f1ados de alguna c\u00e9dula de notificaci\u00f3n, c\u00e9dula de fijaci\u00f3n por estrados f\u00edsicos o electr\u00f3nicos, o alg\u00fan medio de notificaci\u00f3n que sustente el principio de m\u00e1xima publicidad en material electoral. Y si a ello se agrega la omisi\u00f3n de convocar a elecciones para elegir presidente y secretario general sustitutos una vez concluido el proceso electoral 2015-2016\u2026<\/p>\n<p dir=\"ltr\">\u00bfQu\u00e9 ocurre con el \u201ceternizamiento\u201d de Amadeo y Regina al frente del CDE del PRI? Quiz\u00e1s para la gente, nada; pero para el militante, de cierto modo, le impide acceder a puestos de dirigencia del partido, es decir, suprime sus derechos y que si bien, no es s\u00f3lo culpa de la actual dirigencia estatal, sino que la comparte con la nacional pues al parecer, \u201cse les olvid\u00f3\u201d que ya tiene a\u00f1os que no se convoca a Consejo Pol\u00edtico para elegir Presidente y secretario general sustitutos que concluyan el periodo 2014-2018 como Dios manda.<\/p>\n<p dir=\"ltr\">Por ello, la pretensi\u00f3n de Lorena Pi\u00f1\u00f3n es que el Tribunal Electoral de Veracruz ordene al CDE del PRI expida la convocatoria para su renovaci\u00f3n y considere qu\u00e9 facultades tiene Enrique Ochoa Reza para \u201cextenderle\u201d la dirigencia a Amadeo Flores Espinosa por encima de la militancia tricolor veracruzana.<\/p>\n<p dir=\"ltr\">Por cierto, este lunes, a las 13 horas, en las instalaciones del CDE del PRI, se instala la Comisi\u00f3n de Procesos Internos para los comicios electorales que se avecinan con la renovaci\u00f3n de las alcald\u00edas. Mientras, \u201cel mejor argumento\u201d que ha dado Amadeo Flores Espinosa para mantenerse en la dirigencia ante las autoridades del Tribunal Electoral es que fue \u201cuna decisi\u00f3n\u201d del presidente nacional de su partido; por lo que se concluir\u00eda que entonces, dej\u00f3 de ser presidente de los priistas de Veracruz para ser una imposici\u00f3n del CEN del PRI\u2026 mientras las elecciones se vienen encima, habr\u00e1 que esperar el resolutivo de los tribunales.<\/p>\n<p>&nbsp;<\/p>\n<p dir=\"ltr\"><a href=\"mailto:smcainito@gmail.com\" target=\"_blank\">smcainito@gmail.com<\/a><\/p>\n","protected":false},"excerpt":{"rendered":"<p>Salvador Mu\u00f1oz Los Pol\u00edticos Si est\u00e1 leyendo estas l\u00edneas en paz, en tranquilidad, con el sosiego que le permite haber celebrado d\u00edas de asueto en compa\u00f1\u00eda de sus seres queridos, perm\u00edtame felicitarlo, no por el A\u00f1o Nuevo, sino por ser un sobreviviente al \u00faltimo a\u00f1o de Javier Duarte\u2026 y al primer mes de Miguel \u00c1ngel [&hellip;]<\/p>\n","protected":false},"author":2,"featured_media":0,"comment_status":"open","ping_status":"open","sticky":false,"template":"","format":"standard","meta":{"tdm_status":"","tdm_grid_status":"","footnotes":""},"categories":[70],"tags":[3685,7057,4770,251,6753],"class_list":{"0":"post-29922","1":"post","2":"type-post","3":"status-publish","4":"format-standard","6":"category-de-opinion","7":"tag-amadeo-flores-espinosa","8":"tag-carrie-fischer","9":"tag-lorena-pinon-rivera","10":"tag-pri","11":"tag-tribunal-electoral-de-veracruz"},"yoast_head":"<!-- This site is optimized with the Yoast SEO plugin v27.4 - https:\/\/yoast.com\/product\/yoast-seo-wordpress\/ -->\n<title>Cuando despert\u00e9, Amadeo segu\u00eda all\u00ed - Los pol\u00edticos Veracruz<\/title>\n<meta name=\"robots\" content=\"index, follow, max-snippet:-1, max-image-preview:large, max-video-preview:-1\" \/>\n<link rel=\"canonical\" href=\"https:\/\/lospoliticosveracruz.com\/?p=29922\" \/>\n<meta property=\"og:locale\" content=\"es_ES\" \/>\n<meta property=\"og:type\" content=\"article\" \/>\n<meta property=\"og:title\" content=\"Cuando despert\u00e9, Amadeo segu\u00eda all\u00ed - Los pol\u00edticos Veracruz\" \/>\n<meta property=\"og:description\" content=\"Salvador Mu\u00f1oz Los Pol\u00edticos Si est\u00e1 leyendo estas l\u00edneas en paz, en tranquilidad, con el sosiego que le permite haber celebrado d\u00edas de asueto en compa\u00f1\u00eda de sus seres queridos, perm\u00edtame felicitarlo, no por el A\u00f1o Nuevo, sino por ser un sobreviviente al \u00faltimo a\u00f1o de Javier Duarte\u2026 y al primer mes de Miguel \u00c1ngel [&hellip;]\" \/>\n<meta property=\"og:url\" content=\"https:\/\/lospoliticosveracruz.com\/?p=29922\" \/>\n<meta property=\"og:site_name\" content=\"Los pol\u00edticos Veracruz\" \/>\n<meta property=\"article:publisher\" content=\"https:\/\/www.facebook.com\/people\/Notimemes-de-los-Polticos\/61565672886568\/\" \/>\n<meta property=\"article:published_time\" content=\"2017-01-02T05:04:08+00:00\" \/>\n<meta property=\"og:image\" content=\"https:\/\/lospoliticosveracruz.com\/wp-content\/uploads\/2016\/07\/Logo-Dor.jpg\" \/>\n\t<meta property=\"og:image:width\" content=\"200\" \/>\n\t<meta property=\"og:image:height\" content=\"200\" \/>\n\t<meta property=\"og:image:type\" content=\"image\/jpeg\" \/>\n<meta name=\"author\" content=\"Lo viste en Los Pol\u00edticos\" \/>\n<meta name=\"twitter:card\" content=\"summary_large_image\" \/>\n<meta name=\"twitter:creator\" content=\"@LosPoliticosVer\" \/>\n<meta name=\"twitter:site\" content=\"@LosPoliticosVer\" \/>\n<meta name=\"twitter:label1\" content=\"Escrito por\" \/>\n\t<meta name=\"twitter:data1\" content=\"Lo viste en Los Pol\u00edticos\" \/>\n\t<meta name=\"twitter:label2\" content=\"Tiempo de lectura\" \/>\n\t<meta name=\"twitter:data2\" content=\"4 minutos\" \/>\n<script type=\"application\/ld+json\" class=\"yoast-schema-graph\">{\"@context\":\"https:\\\/\\\/schema.org\",\"@graph\":[{\"@type\":\"Article\",\"@id\":\"https:\\\/\\\/lospoliticosveracruz.com\\\/?p=29922#article\",\"isPartOf\":{\"@id\":\"https:\\\/\\\/lospoliticosveracruz.com\\\/?p=29922\"},\"author\":{\"name\":\"Lo viste en Los Pol\u00edticos\",\"@id\":\"https:\\\/\\\/lospoliticosveracruz.com\\\/#\\\/schema\\\/person\\\/b8702bb0e538456e6efd07080bf2a4a2\"},\"headline\":\"Cuando despert\u00e9, Amadeo segu\u00eda all\u00ed\",\"datePublished\":\"2017-01-02T05:04:08+00:00\",\"mainEntityOfPage\":{\"@id\":\"https:\\\/\\\/lospoliticosveracruz.com\\\/?p=29922\"},\"wordCount\":725,\"commentCount\":0,\"publisher\":{\"@id\":\"https:\\\/\\\/lospoliticosveracruz.com\\\/#organization\"},\"keywords\":[\"Amadeo Flores Espinosa\",\"Carrie Fischer\",\"Lorena Pi\u00f1\u00f3n Rivera\",\"PRI\",\"Tribunal Electoral de Veracruz\"],\"articleSection\":[\"De Opini\u00f3n\"],\"inLanguage\":\"es\",\"potentialAction\":[{\"@type\":\"CommentAction\",\"name\":\"Comment\",\"target\":[\"https:\\\/\\\/lospoliticosveracruz.com\\\/?p=29922#respond\"]}]},{\"@type\":\"WebPage\",\"@id\":\"https:\\\/\\\/lospoliticosveracruz.com\\\/?p=29922\",\"url\":\"https:\\\/\\\/lospoliticosveracruz.com\\\/?p=29922\",\"name\":\"Cuando despert\u00e9, Amadeo segu\u00eda all\u00ed - Los pol\u00edticos Veracruz\",\"isPartOf\":{\"@id\":\"https:\\\/\\\/lospoliticosveracruz.com\\\/#website\"},\"datePublished\":\"2017-01-02T05:04:08+00:00\",\"breadcrumb\":{\"@id\":\"https:\\\/\\\/lospoliticosveracruz.com\\\/?p=29922#breadcrumb\"},\"inLanguage\":\"es\",\"potentialAction\":[{\"@type\":\"ReadAction\",\"target\":[\"https:\\\/\\\/lospoliticosveracruz.com\\\/?p=29922\"]}]},{\"@type\":\"BreadcrumbList\",\"@id\":\"https:\\\/\\\/lospoliticosveracruz.com\\\/?p=29922#breadcrumb\",\"itemListElement\":[{\"@type\":\"ListItem\",\"position\":1,\"name\":\"Portada\",\"item\":\"https:\\\/\\\/lospoliticosveracruz.com\\\/\"},{\"@type\":\"ListItem\",\"position\":2,\"name\":\"Cuando despert\u00e9, Amadeo segu\u00eda all\u00ed\"}]},{\"@type\":\"WebSite\",\"@id\":\"https:\\\/\\\/lospoliticosveracruz.com\\\/#website\",\"url\":\"https:\\\/\\\/lospoliticosveracruz.com\\\/\",\"name\":\"Los pol\u00edticos Veracruz\",\"description\":\"\",\"publisher\":{\"@id\":\"https:\\\/\\\/lospoliticosveracruz.com\\\/#organization\"},\"potentialAction\":[{\"@type\":\"SearchAction\",\"target\":{\"@type\":\"EntryPoint\",\"urlTemplate\":\"https:\\\/\\\/lospoliticosveracruz.com\\\/?s={search_term_string}\"},\"query-input\":{\"@type\":\"PropertyValueSpecification\",\"valueRequired\":true,\"valueName\":\"search_term_string\"}}],\"inLanguage\":\"es\"},{\"@type\":\"Organization\",\"@id\":\"https:\\\/\\\/lospoliticosveracruz.com\\\/#organization\",\"name\":\"Los pol\u00edticos Veracruz\",\"url\":\"https:\\\/\\\/lospoliticosveracruz.com\\\/\",\"logo\":{\"@type\":\"ImageObject\",\"inLanguage\":\"es\",\"@id\":\"https:\\\/\\\/lospoliticosveracruz.com\\\/#\\\/schema\\\/logo\\\/image\\\/\",\"url\":\"https:\\\/\\\/lospoliticosveracruz.com\\\/wp-content\\\/uploads\\\/2025\\\/12\\\/Logo-Nuevo-LOS-POLITICOS-1.jpg\",\"contentUrl\":\"https:\\\/\\\/lospoliticosveracruz.com\\\/wp-content\\\/uploads\\\/2025\\\/12\\\/Logo-Nuevo-LOS-POLITICOS-1.jpg\",\"width\":260,\"height\":70,\"caption\":\"Los pol\u00edticos Veracruz\"},\"image\":{\"@id\":\"https:\\\/\\\/lospoliticosveracruz.com\\\/#\\\/schema\\\/logo\\\/image\\\/\"},\"sameAs\":[\"https:\\\/\\\/www.facebook.com\\\/people\\\/Notimemes-de-los-Polticos\\\/61565672886568\\\/\",\"https:\\\/\\\/x.com\\\/LosPoliticosVer\"]},{\"@type\":\"Person\",\"@id\":\"https:\\\/\\\/lospoliticosveracruz.com\\\/#\\\/schema\\\/person\\\/b8702bb0e538456e6efd07080bf2a4a2\",\"name\":\"Lo viste en Los Pol\u00edticos\",\"image\":{\"@type\":\"ImageObject\",\"inLanguage\":\"es\",\"@id\":\"https:\\\/\\\/secure.gravatar.com\\\/avatar\\\/3a8de04a2656d44082be478bd6c086daa447c4651605818287b9532d3d0bd435?s=96&d=mm&r=g\",\"url\":\"https:\\\/\\\/secure.gravatar.com\\\/avatar\\\/3a8de04a2656d44082be478bd6c086daa447c4651605818287b9532d3d0bd435?s=96&d=mm&r=g\",\"contentUrl\":\"https:\\\/\\\/secure.gravatar.com\\\/avatar\\\/3a8de04a2656d44082be478bd6c086daa447c4651605818287b9532d3d0bd435?s=96&d=mm&r=g\",\"caption\":\"Lo viste en Los Pol\u00edticos\"},\"url\":\"https:\\\/\\\/lospoliticosveracruz.com\\\/?author=2\"}]}<\/script>\n<!-- \/ Yoast SEO plugin. -->","yoast_head_json":{"title":"Cuando despert\u00e9, Amadeo segu\u00eda all\u00ed - Los pol\u00edticos Veracruz","robots":{"index":"index","follow":"follow","max-snippet":"max-snippet:-1","max-image-preview":"max-image-preview:large","max-video-preview":"max-video-preview:-1"},"canonical":"https:\/\/lospoliticosveracruz.com\/?p=29922","og_locale":"es_ES","og_type":"article","og_title":"Cuando despert\u00e9, Amadeo segu\u00eda all\u00ed - Los pol\u00edticos Veracruz","og_description":"Salvador Mu\u00f1oz Los Pol\u00edticos Si est\u00e1 leyendo estas l\u00edneas en paz, en tranquilidad, con el sosiego que le permite haber celebrado d\u00edas de asueto en compa\u00f1\u00eda de sus seres queridos, perm\u00edtame felicitarlo, no por el A\u00f1o Nuevo, sino por ser un sobreviviente al \u00faltimo a\u00f1o de Javier Duarte\u2026 y al primer mes de Miguel \u00c1ngel [&hellip;]","og_url":"https:\/\/lospoliticosveracruz.com\/?p=29922","og_site_name":"Los pol\u00edticos Veracruz","article_publisher":"https:\/\/www.facebook.com\/people\/Notimemes-de-los-Polticos\/61565672886568\/","article_published_time":"2017-01-02T05:04:08+00:00","og_image":[{"width":200,"height":200,"url":"https:\/\/lospoliticosveracruz.com\/wp-content\/uploads\/2016\/07\/Logo-Dor.jpg","type":"image\/jpeg"}],"author":"Lo viste en Los Pol\u00edticos","twitter_card":"summary_large_image","twitter_creator":"@LosPoliticosVer","twitter_site":"@LosPoliticosVer","twitter_misc":{"Escrito por":"Lo viste en Los Pol\u00edticos","Tiempo de lectura":"4 minutos"},"schema":{"@context":"https:\/\/schema.org","@graph":[{"@type":"Article","@id":"https:\/\/lospoliticosveracruz.com\/?p=29922#article","isPartOf":{"@id":"https:\/\/lospoliticosveracruz.com\/?p=29922"},"author":{"name":"Lo viste en Los Pol\u00edticos","@id":"https:\/\/lospoliticosveracruz.com\/#\/schema\/person\/b8702bb0e538456e6efd07080bf2a4a2"},"headline":"Cuando despert\u00e9, Amadeo segu\u00eda all\u00ed","datePublished":"2017-01-02T05:04:08+00:00","mainEntityOfPage":{"@id":"https:\/\/lospoliticosveracruz.com\/?p=29922"},"wordCount":725,"commentCount":0,"publisher":{"@id":"https:\/\/lospoliticosveracruz.com\/#organization"},"keywords":["Amadeo Flores Espinosa","Carrie Fischer","Lorena Pi\u00f1\u00f3n Rivera","PRI","Tribunal Electoral de Veracruz"],"articleSection":["De Opini\u00f3n"],"inLanguage":"es","potentialAction":[{"@type":"CommentAction","name":"Comment","target":["https:\/\/lospoliticosveracruz.com\/?p=29922#respond"]}]},{"@type":"WebPage","@id":"https:\/\/lospoliticosveracruz.com\/?p=29922","url":"https:\/\/lospoliticosveracruz.com\/?p=29922","name":"Cuando despert\u00e9, Amadeo segu\u00eda all\u00ed - Los pol\u00edticos Veracruz","isPartOf":{"@id":"https:\/\/lospoliticosveracruz.com\/#website"},"datePublished":"2017-01-02T05:04:08+00:00","breadcrumb":{"@id":"https:\/\/lospoliticosveracruz.com\/?p=29922#breadcrumb"},"inLanguage":"es","potentialAction":[{"@type":"ReadAction","target":["https:\/\/lospoliticosveracruz.com\/?p=29922"]}]},{"@type":"BreadcrumbList","@id":"https:\/\/lospoliticosveracruz.com\/?p=29922#breadcrumb","itemListElement":[{"@type":"ListItem","position":1,"name":"Portada","item":"https:\/\/lospoliticosveracruz.com\/"},{"@type":"ListItem","position":2,"name":"Cuando despert\u00e9, Amadeo segu\u00eda all\u00ed"}]},{"@type":"WebSite","@id":"https:\/\/lospoliticosveracruz.com\/#website","url":"https:\/\/lospoliticosveracruz.com\/","name":"Los pol\u00edticos Veracruz","description":"","publisher":{"@id":"https:\/\/lospoliticosveracruz.com\/#organization"},"potentialAction":[{"@type":"SearchAction","target":{"@type":"EntryPoint","urlTemplate":"https:\/\/lospoliticosveracruz.com\/?s={search_term_string}"},"query-input":{"@type":"PropertyValueSpecification","valueRequired":true,"valueName":"search_term_string"}}],"inLanguage":"es"},{"@type":"Organization","@id":"https:\/\/lospoliticosveracruz.com\/#organization","name":"Los pol\u00edticos Veracruz","url":"https:\/\/lospoliticosveracruz.com\/","logo":{"@type":"ImageObject","inLanguage":"es","@id":"https:\/\/lospoliticosveracruz.com\/#\/schema\/logo\/image\/","url":"https:\/\/lospoliticosveracruz.com\/wp-content\/uploads\/2025\/12\/Logo-Nuevo-LOS-POLITICOS-1.jpg","contentUrl":"https:\/\/lospoliticosveracruz.com\/wp-content\/uploads\/2025\/12\/Logo-Nuevo-LOS-POLITICOS-1.jpg","width":260,"height":70,"caption":"Los pol\u00edticos Veracruz"},"image":{"@id":"https:\/\/lospoliticosveracruz.com\/#\/schema\/logo\/image\/"},"sameAs":["https:\/\/www.facebook.com\/people\/Notimemes-de-los-Polticos\/61565672886568\/","https:\/\/x.com\/LosPoliticosVer"]},{"@type":"Person","@id":"https:\/\/lospoliticosveracruz.com\/#\/schema\/person\/b8702bb0e538456e6efd07080bf2a4a2","name":"Lo viste en Los Pol\u00edticos","image":{"@type":"ImageObject","inLanguage":"es","@id":"https:\/\/secure.gravatar.com\/avatar\/3a8de04a2656d44082be478bd6c086daa447c4651605818287b9532d3d0bd435?s=96&d=mm&r=g","url":"https:\/\/secure.gravatar.com\/avatar\/3a8de04a2656d44082be478bd6c086daa447c4651605818287b9532d3d0bd435?s=96&d=mm&r=g","contentUrl":"https:\/\/secure.gravatar.com\/avatar\/3a8de04a2656d44082be478bd6c086daa447c4651605818287b9532d3d0bd435?s=96&d=mm&r=g","caption":"Lo viste en Los Pol\u00edticos"},"url":"https:\/\/lospoliticosveracruz.com\/?author=2"}]}},"_links":{"self":[{"href":"https:\/\/lospoliticosveracruz.com\/index.php?rest_route=\/wp\/v2\/posts\/29922","targetHints":{"allow":["GET"]}}],"collection":[{"href":"https:\/\/lospoliticosveracruz.com\/index.php?rest_route=\/wp\/v2\/posts"}],"about":[{"href":"https:\/\/lospoliticosveracruz.com\/index.php?rest_route=\/wp\/v2\/types\/post"}],"author":[{"embeddable":true,"href":"https:\/\/lospoliticosveracruz.com\/index.php?rest_route=\/wp\/v2\/users\/2"}],"replies":[{"embeddable":true,"href":"https:\/\/lospoliticosveracruz.com\/index.php?rest_route=%2Fwp%2Fv2%2Fcomments&post=29922"}],"version-history":[{"count":2,"href":"https:\/\/lospoliticosveracruz.com\/index.php?rest_route=\/wp\/v2\/posts\/29922\/revisions"}],"predecessor-version":[{"id":29926,"href":"https:\/\/lospoliticosveracruz.com\/index.php?rest_route=\/wp\/v2\/posts\/29922\/revisions\/29926"}],"wp:attachment":[{"href":"https:\/\/lospoliticosveracruz.com\/index.php?rest_route=%2Fwp%2Fv2%2Fmedia&parent=29922"}],"wp:term":[{"taxonomy":"category","embeddable":true,"href":"https:\/\/lospoliticosveracruz.com\/index.php?rest_route=%2Fwp%2Fv2%2Fcategories&post=29922"},{"taxonomy":"post_tag","embeddable":true,"href":"https:\/\/lospoliticosveracruz.com\/index.php?rest_route=%2Fwp%2Fv2%2Ftags&post=29922"}],"curies":[{"name":"wp","href":"https:\/\/api.w.org\/{rel}","templated":true}]}}