{"id":30055,"date":"2017-01-08T11:27:12","date_gmt":"2017-01-08T17:27:12","guid":{"rendered":"http:\/\/www.lospoliticosveracruz.com.mx\/?p=30055"},"modified":"2017-01-08T11:27:12","modified_gmt":"2017-01-08T17:27:12","slug":"veracruz-6-de-enero","status":"publish","type":"post","link":"https:\/\/lospoliticosveracruz.com\/?p=30055","title":{"rendered":"Veracruz, 6 de enero"},"content":{"rendered":"<p><strong>Elena C\u00f3rdova<\/strong><\/p>\n<p><em>Luna Nueva<\/em><\/p>\n<p>&nbsp;<\/p>\n<p>&nbsp;<\/p>\n<p>Como es tradici\u00f3n, cada d\u00eda 6 de enero del a\u00f1o en turno \u2013en Veracruz\u2013 se dieron cita los campesinos, productores y peque\u00f1os propietarios, y todos los que tienen que ver con el campo y sus bondades. La raz\u00f3n principal, recordar el 102 aniversario de la expedici\u00f3n de la primera Ley Agraria en la naci\u00f3n, cuando en 1915, el entonces presidente de M\u00e9xico, don Venustiano Carranza, la promulg\u00f3 siendo el fruto de un movimiento revolucionario que marc\u00f3 el destino de los campesinos mexicanos.<\/p>\n<p>En esta ocasi\u00f3n, miles de campesinos venidos de varias partes del Pa\u00eds, acudieron a ser parte de la historia, ser testigos de tan magno evento. Preciso es se\u00f1alar que este acto solemne estuvo dividido en dos partes, pues el jueves 5 de enero, se llevaron a cabo varias reuniones de car\u00e1cter sectorial, es decir, la Confederaci\u00f3n Nacional Campesina (CNC) encabezada por su dirigente nacional, el Senador Manuel Cota Jim\u00e9nez, se reuni\u00f3 en privado con dirigentes de las Ligas de Comunidades Agrarias y Sindicatos Campesinos; con las mujeres del sector rural, las juventudes cenecistas; con la Asociaci\u00f3n Nacional de Presidentes Municipales Cenecistas y la Confederaci\u00f3n Nacional Agron\u00f3mica.<\/p>\n<p>Para todos ellos, el mensaje fue claro y contundente, acorde al pulso que vive el pa\u00eds. Ah\u00ed manifest\u00f3 y pidi\u00f3 a los presentes que \u201cla paz y tranquilidad de los mexicanos est\u00e1 por encima de problemas econ\u00f3micos y de tipo electoral por los que atraviesa el pa\u00eds\u201d, exhortando a la comunidad cenecista nacional a unirse, sobre todo en momentos en que el Gobierno de la Rep\u00fablica ha emprendido una serie de medidas para mantener la estabilidad econ\u00f3mica y de desarrollo social de la poblaci\u00f3n del pa\u00eds.<\/p>\n<p>Tambi\u00e9n destaca la participaci\u00f3n de una distinguida mujer, nacida de este importante sector campesino, me refiero a la Subsecretaria de Desarrollo Rural de Sagarpa, Mely Romero Celis \u2013Senadora con licencia y ex dirigente de las mujeres cenecistas\u2013 quien, a t\u00edtulo personal, ofreci\u00f3 una conferencia sobre la importancia de la incorporaci\u00f3n del sector femenil en labores de producci\u00f3n y conducci\u00f3n de ejidos y comunidades del pa\u00eds.<\/p>\n<p>En estos mismos trabajos \u2013previo a la ceremonia del 6 de enero\u2013 el Secretario de Agricultura, Ganader\u00eda, Desarrollo Rural, Pesca y Alimentaci\u00f3n (Sagarpa), Jos\u00e9 Calzada Rovirosa, tambi\u00e9n se reuni\u00f3 y dialog\u00f3 con los l\u00edderes de organizaciones campesinas nacionales, anunci\u00e1ndoles importantes acciones que se sumar\u00e1n al desarrollo del campo mexicano, para dar atenci\u00f3n prioritaria a peque\u00f1os productores, mujeres y j\u00f3venes emprendedores. Entre las medidas anunciadas destac\u00f3 el proceso de inscripci\u00f3n de 250 mil peque\u00f1os productores al Proagro y 70 mil al Progan, con lo que se da respuesta a una demanda social que por varios lustros no hab\u00eda sido atendida.<\/p>\n<p>Al d\u00eda siguiente, 6 de enero, despu\u00e9s de rendir homenaje en el monumento de Venustiano Carranza, se llev\u00f3 a cabo el Acto Agrario ante miles de campesinos. El mismo fue encabezado por Pepe Calzada Rovirosa y representante personal del Presidente Enrique Pe\u00f1a Nieto, l\u00edderes de la Confederaci\u00f3n Nacional Campesina (CNC), como Manuel Cota Jim\u00e9nez y Juan Carlos Molina Palacios, as\u00ed como legisladores federales y locales.<\/p>\n<p>En su mensaje, el secretario Pepe Calzada reafirm\u00f3 el compromiso firme y permanente del Gobierno Federal para impulsar el desarrollo del campo mexicano, con un enfoque m\u00e1s productivo, competitivo, justo y equitativo, reiterando que habr\u00e1 un apoyo solidario a los productores del sector primario, pues el campo es un tema de seguridad nacional, donde viven 25 millones de personas, de las cuales alrededor de siete millones lo trabajan.<\/p>\n<p>Coment\u00f3 que \u201cante las situaciones dif\u00edciles, retos y desaf\u00edos en el pa\u00eds, es momento de actuar con responsabilidad y trabajar unidos por el futuro del campo y el bienestar de nuestra gente, y qu\u00e9 mejor marco que esta celebraci\u00f3n que tiene que ver con la justicia social, con alcanzar mayor equidad y bienestar para los productores del sector agropecuario y pesqueros\u201d.<\/p>\n<p>Y buenas noticias dio a mi querido estado: se comprometi\u00f3 a estar muy cerca de Veracruz, aterrizando proyectos productivos a favor de los campesinos veracruzanos; reconoci\u00f3 el trabajo que realiza el dirigente estatal de la CNC, \u201cJuan Carlos Molina ha hecho un buen trabajo y te lo queremos reconocer y te quiero decir que como secretario de la Sagarpa estaremos muy cerca\u00bb.<\/p>\n","protected":false},"excerpt":{"rendered":"<p>Elena C\u00f3rdova Luna Nueva &nbsp; &nbsp; Como es tradici\u00f3n, cada d\u00eda 6 de enero del a\u00f1o en turno \u2013en Veracruz\u2013 se dieron cita los campesinos, productores y peque\u00f1os propietarios, y todos los que tienen que ver con el campo y sus bondades. La raz\u00f3n principal, recordar el 102 aniversario de la expedici\u00f3n de la primera [&hellip;]<\/p>\n","protected":false},"author":2,"featured_media":0,"comment_status":"open","ping_status":"open","sticky":false,"template":"","format":"standard","meta":{"tdm_status":"","tdm_grid_status":"","footnotes":""},"categories":[70],"tags":[3118,5669,3256,2125,4454],"class_list":{"0":"post-30055","1":"post","2":"type-post","3":"status-publish","4":"format-standard","6":"category-de-opinion","7":"tag-cnc","8":"tag-jose-calzada-rovirosa","9":"tag-juan-carlos-molina-palacios","10":"tag-manuel-cota-jimenez","11":"tag-mely-romero-celis"},"yoast_head":"<!-- This site is optimized with the Yoast SEO plugin v27.4 - https:\/\/yoast.com\/product\/yoast-seo-wordpress\/ -->\n<title>Veracruz, 6 de enero - Los pol\u00edticos Veracruz<\/title>\n<meta name=\"robots\" content=\"index, follow, max-snippet:-1, max-image-preview:large, max-video-preview:-1\" \/>\n<link rel=\"canonical\" href=\"https:\/\/lospoliticosveracruz.com\/?p=30055\" \/>\n<meta property=\"og:locale\" content=\"es_ES\" \/>\n<meta property=\"og:type\" content=\"article\" \/>\n<meta property=\"og:title\" content=\"Veracruz, 6 de enero - Los pol\u00edticos Veracruz\" \/>\n<meta property=\"og:description\" content=\"Elena C\u00f3rdova Luna Nueva &nbsp; &nbsp; Como es tradici\u00f3n, cada d\u00eda 6 de enero del a\u00f1o en turno \u2013en Veracruz\u2013 se dieron cita los campesinos, productores y peque\u00f1os propietarios, y todos los que tienen que ver con el campo y sus bondades. La raz\u00f3n principal, recordar el 102 aniversario de la expedici\u00f3n de la primera [&hellip;]\" \/>\n<meta property=\"og:url\" content=\"https:\/\/lospoliticosveracruz.com\/?p=30055\" \/>\n<meta property=\"og:site_name\" content=\"Los pol\u00edticos Veracruz\" \/>\n<meta property=\"article:publisher\" content=\"https:\/\/www.facebook.com\/people\/Notimemes-de-los-Polticos\/61565672886568\/\" \/>\n<meta property=\"article:published_time\" content=\"2017-01-08T17:27:12+00:00\" \/>\n<meta property=\"og:image\" content=\"https:\/\/lospoliticosveracruz.com\/wp-content\/uploads\/2016\/07\/Logo-Dor.jpg\" \/>\n\t<meta property=\"og:image:width\" content=\"200\" \/>\n\t<meta property=\"og:image:height\" content=\"200\" \/>\n\t<meta property=\"og:image:type\" content=\"image\/jpeg\" \/>\n<meta name=\"author\" content=\"Lo viste en Los Pol\u00edticos\" \/>\n<meta name=\"twitter:card\" content=\"summary_large_image\" \/>\n<meta name=\"twitter:creator\" content=\"@LosPoliticosVer\" \/>\n<meta name=\"twitter:site\" content=\"@LosPoliticosVer\" \/>\n<meta name=\"twitter:label1\" content=\"Escrito por\" \/>\n\t<meta name=\"twitter:data1\" content=\"Lo viste en Los Pol\u00edticos\" \/>\n\t<meta name=\"twitter:label2\" content=\"Tiempo de lectura\" \/>\n\t<meta name=\"twitter:data2\" content=\"4 minutos\" \/>\n<script type=\"application\/ld+json\" class=\"yoast-schema-graph\">{\"@context\":\"https:\\\/\\\/schema.org\",\"@graph\":[{\"@type\":\"Article\",\"@id\":\"https:\\\/\\\/lospoliticosveracruz.com\\\/?p=30055#article\",\"isPartOf\":{\"@id\":\"https:\\\/\\\/lospoliticosveracruz.com\\\/?p=30055\"},\"author\":{\"name\":\"Lo viste en Los Pol\u00edticos\",\"@id\":\"https:\\\/\\\/lospoliticosveracruz.com\\\/#\\\/schema\\\/person\\\/b8702bb0e538456e6efd07080bf2a4a2\"},\"headline\":\"Veracruz, 6 de enero\",\"datePublished\":\"2017-01-08T17:27:12+00:00\",\"mainEntityOfPage\":{\"@id\":\"https:\\\/\\\/lospoliticosveracruz.com\\\/?p=30055\"},\"wordCount\":749,\"commentCount\":0,\"publisher\":{\"@id\":\"https:\\\/\\\/lospoliticosveracruz.com\\\/#organization\"},\"keywords\":[\"CNC\",\"Jos\u00e9 Calzada Rovirosa\",\"Juan Carlos Molina Palacios\",\"Manuel Cota Jim\u00e9nez\",\"Mely Romero Celis\"],\"articleSection\":[\"De Opini\u00f3n\"],\"inLanguage\":\"es\",\"potentialAction\":[{\"@type\":\"CommentAction\",\"name\":\"Comment\",\"target\":[\"https:\\\/\\\/lospoliticosveracruz.com\\\/?p=30055#respond\"]}]},{\"@type\":\"WebPage\",\"@id\":\"https:\\\/\\\/lospoliticosveracruz.com\\\/?p=30055\",\"url\":\"https:\\\/\\\/lospoliticosveracruz.com\\\/?p=30055\",\"name\":\"Veracruz, 6 de enero - Los pol\u00edticos Veracruz\",\"isPartOf\":{\"@id\":\"https:\\\/\\\/lospoliticosveracruz.com\\\/#website\"},\"datePublished\":\"2017-01-08T17:27:12+00:00\",\"breadcrumb\":{\"@id\":\"https:\\\/\\\/lospoliticosveracruz.com\\\/?p=30055#breadcrumb\"},\"inLanguage\":\"es\",\"potentialAction\":[{\"@type\":\"ReadAction\",\"target\":[\"https:\\\/\\\/lospoliticosveracruz.com\\\/?p=30055\"]}]},{\"@type\":\"BreadcrumbList\",\"@id\":\"https:\\\/\\\/lospoliticosveracruz.com\\\/?p=30055#breadcrumb\",\"itemListElement\":[{\"@type\":\"ListItem\",\"position\":1,\"name\":\"Portada\",\"item\":\"https:\\\/\\\/lospoliticosveracruz.com\\\/\"},{\"@type\":\"ListItem\",\"position\":2,\"name\":\"Veracruz, 6 de enero\"}]},{\"@type\":\"WebSite\",\"@id\":\"https:\\\/\\\/lospoliticosveracruz.com\\\/#website\",\"url\":\"https:\\\/\\\/lospoliticosveracruz.com\\\/\",\"name\":\"Los pol\u00edticos Veracruz\",\"description\":\"\",\"publisher\":{\"@id\":\"https:\\\/\\\/lospoliticosveracruz.com\\\/#organization\"},\"potentialAction\":[{\"@type\":\"SearchAction\",\"target\":{\"@type\":\"EntryPoint\",\"urlTemplate\":\"https:\\\/\\\/lospoliticosveracruz.com\\\/?s={search_term_string}\"},\"query-input\":{\"@type\":\"PropertyValueSpecification\",\"valueRequired\":true,\"valueName\":\"search_term_string\"}}],\"inLanguage\":\"es\"},{\"@type\":\"Organization\",\"@id\":\"https:\\\/\\\/lospoliticosveracruz.com\\\/#organization\",\"name\":\"Los pol\u00edticos Veracruz\",\"url\":\"https:\\\/\\\/lospoliticosveracruz.com\\\/\",\"logo\":{\"@type\":\"ImageObject\",\"inLanguage\":\"es\",\"@id\":\"https:\\\/\\\/lospoliticosveracruz.com\\\/#\\\/schema\\\/logo\\\/image\\\/\",\"url\":\"https:\\\/\\\/lospoliticosveracruz.com\\\/wp-content\\\/uploads\\\/2025\\\/12\\\/Logo-Nuevo-LOS-POLITICOS-1.jpg\",\"contentUrl\":\"https:\\\/\\\/lospoliticosveracruz.com\\\/wp-content\\\/uploads\\\/2025\\\/12\\\/Logo-Nuevo-LOS-POLITICOS-1.jpg\",\"width\":260,\"height\":70,\"caption\":\"Los pol\u00edticos Veracruz\"},\"image\":{\"@id\":\"https:\\\/\\\/lospoliticosveracruz.com\\\/#\\\/schema\\\/logo\\\/image\\\/\"},\"sameAs\":[\"https:\\\/\\\/www.facebook.com\\\/people\\\/Notimemes-de-los-Polticos\\\/61565672886568\\\/\",\"https:\\\/\\\/x.com\\\/LosPoliticosVer\"]},{\"@type\":\"Person\",\"@id\":\"https:\\\/\\\/lospoliticosveracruz.com\\\/#\\\/schema\\\/person\\\/b8702bb0e538456e6efd07080bf2a4a2\",\"name\":\"Lo viste en Los Pol\u00edticos\",\"image\":{\"@type\":\"ImageObject\",\"inLanguage\":\"es\",\"@id\":\"https:\\\/\\\/secure.gravatar.com\\\/avatar\\\/3a8de04a2656d44082be478bd6c086daa447c4651605818287b9532d3d0bd435?s=96&d=mm&r=g\",\"url\":\"https:\\\/\\\/secure.gravatar.com\\\/avatar\\\/3a8de04a2656d44082be478bd6c086daa447c4651605818287b9532d3d0bd435?s=96&d=mm&r=g\",\"contentUrl\":\"https:\\\/\\\/secure.gravatar.com\\\/avatar\\\/3a8de04a2656d44082be478bd6c086daa447c4651605818287b9532d3d0bd435?s=96&d=mm&r=g\",\"caption\":\"Lo viste en Los Pol\u00edticos\"},\"url\":\"https:\\\/\\\/lospoliticosveracruz.com\\\/?author=2\"}]}<\/script>\n<!-- \/ Yoast SEO plugin. -->","yoast_head_json":{"title":"Veracruz, 6 de enero - Los pol\u00edticos Veracruz","robots":{"index":"index","follow":"follow","max-snippet":"max-snippet:-1","max-image-preview":"max-image-preview:large","max-video-preview":"max-video-preview:-1"},"canonical":"https:\/\/lospoliticosveracruz.com\/?p=30055","og_locale":"es_ES","og_type":"article","og_title":"Veracruz, 6 de enero - Los pol\u00edticos Veracruz","og_description":"Elena C\u00f3rdova Luna Nueva &nbsp; &nbsp; Como es tradici\u00f3n, cada d\u00eda 6 de enero del a\u00f1o en turno \u2013en Veracruz\u2013 se dieron cita los campesinos, productores y peque\u00f1os propietarios, y todos los que tienen que ver con el campo y sus bondades. La raz\u00f3n principal, recordar el 102 aniversario de la expedici\u00f3n de la primera [&hellip;]","og_url":"https:\/\/lospoliticosveracruz.com\/?p=30055","og_site_name":"Los pol\u00edticos Veracruz","article_publisher":"https:\/\/www.facebook.com\/people\/Notimemes-de-los-Polticos\/61565672886568\/","article_published_time":"2017-01-08T17:27:12+00:00","og_image":[{"width":200,"height":200,"url":"https:\/\/lospoliticosveracruz.com\/wp-content\/uploads\/2016\/07\/Logo-Dor.jpg","type":"image\/jpeg"}],"author":"Lo viste en Los Pol\u00edticos","twitter_card":"summary_large_image","twitter_creator":"@LosPoliticosVer","twitter_site":"@LosPoliticosVer","twitter_misc":{"Escrito por":"Lo viste en Los Pol\u00edticos","Tiempo de lectura":"4 minutos"},"schema":{"@context":"https:\/\/schema.org","@graph":[{"@type":"Article","@id":"https:\/\/lospoliticosveracruz.com\/?p=30055#article","isPartOf":{"@id":"https:\/\/lospoliticosveracruz.com\/?p=30055"},"author":{"name":"Lo viste en Los Pol\u00edticos","@id":"https:\/\/lospoliticosveracruz.com\/#\/schema\/person\/b8702bb0e538456e6efd07080bf2a4a2"},"headline":"Veracruz, 6 de enero","datePublished":"2017-01-08T17:27:12+00:00","mainEntityOfPage":{"@id":"https:\/\/lospoliticosveracruz.com\/?p=30055"},"wordCount":749,"commentCount":0,"publisher":{"@id":"https:\/\/lospoliticosveracruz.com\/#organization"},"keywords":["CNC","Jos\u00e9 Calzada Rovirosa","Juan Carlos Molina Palacios","Manuel Cota Jim\u00e9nez","Mely Romero Celis"],"articleSection":["De Opini\u00f3n"],"inLanguage":"es","potentialAction":[{"@type":"CommentAction","name":"Comment","target":["https:\/\/lospoliticosveracruz.com\/?p=30055#respond"]}]},{"@type":"WebPage","@id":"https:\/\/lospoliticosveracruz.com\/?p=30055","url":"https:\/\/lospoliticosveracruz.com\/?p=30055","name":"Veracruz, 6 de enero - Los pol\u00edticos Veracruz","isPartOf":{"@id":"https:\/\/lospoliticosveracruz.com\/#website"},"datePublished":"2017-01-08T17:27:12+00:00","breadcrumb":{"@id":"https:\/\/lospoliticosveracruz.com\/?p=30055#breadcrumb"},"inLanguage":"es","potentialAction":[{"@type":"ReadAction","target":["https:\/\/lospoliticosveracruz.com\/?p=30055"]}]},{"@type":"BreadcrumbList","@id":"https:\/\/lospoliticosveracruz.com\/?p=30055#breadcrumb","itemListElement":[{"@type":"ListItem","position":1,"name":"Portada","item":"https:\/\/lospoliticosveracruz.com\/"},{"@type":"ListItem","position":2,"name":"Veracruz, 6 de enero"}]},{"@type":"WebSite","@id":"https:\/\/lospoliticosveracruz.com\/#website","url":"https:\/\/lospoliticosveracruz.com\/","name":"Los pol\u00edticos Veracruz","description":"","publisher":{"@id":"https:\/\/lospoliticosveracruz.com\/#organization"},"potentialAction":[{"@type":"SearchAction","target":{"@type":"EntryPoint","urlTemplate":"https:\/\/lospoliticosveracruz.com\/?s={search_term_string}"},"query-input":{"@type":"PropertyValueSpecification","valueRequired":true,"valueName":"search_term_string"}}],"inLanguage":"es"},{"@type":"Organization","@id":"https:\/\/lospoliticosveracruz.com\/#organization","name":"Los pol\u00edticos Veracruz","url":"https:\/\/lospoliticosveracruz.com\/","logo":{"@type":"ImageObject","inLanguage":"es","@id":"https:\/\/lospoliticosveracruz.com\/#\/schema\/logo\/image\/","url":"https:\/\/lospoliticosveracruz.com\/wp-content\/uploads\/2025\/12\/Logo-Nuevo-LOS-POLITICOS-1.jpg","contentUrl":"https:\/\/lospoliticosveracruz.com\/wp-content\/uploads\/2025\/12\/Logo-Nuevo-LOS-POLITICOS-1.jpg","width":260,"height":70,"caption":"Los pol\u00edticos Veracruz"},"image":{"@id":"https:\/\/lospoliticosveracruz.com\/#\/schema\/logo\/image\/"},"sameAs":["https:\/\/www.facebook.com\/people\/Notimemes-de-los-Polticos\/61565672886568\/","https:\/\/x.com\/LosPoliticosVer"]},{"@type":"Person","@id":"https:\/\/lospoliticosveracruz.com\/#\/schema\/person\/b8702bb0e538456e6efd07080bf2a4a2","name":"Lo viste en Los Pol\u00edticos","image":{"@type":"ImageObject","inLanguage":"es","@id":"https:\/\/secure.gravatar.com\/avatar\/3a8de04a2656d44082be478bd6c086daa447c4651605818287b9532d3d0bd435?s=96&d=mm&r=g","url":"https:\/\/secure.gravatar.com\/avatar\/3a8de04a2656d44082be478bd6c086daa447c4651605818287b9532d3d0bd435?s=96&d=mm&r=g","contentUrl":"https:\/\/secure.gravatar.com\/avatar\/3a8de04a2656d44082be478bd6c086daa447c4651605818287b9532d3d0bd435?s=96&d=mm&r=g","caption":"Lo viste en Los Pol\u00edticos"},"url":"https:\/\/lospoliticosveracruz.com\/?author=2"}]}},"_links":{"self":[{"href":"https:\/\/lospoliticosveracruz.com\/index.php?rest_route=\/wp\/v2\/posts\/30055","targetHints":{"allow":["GET"]}}],"collection":[{"href":"https:\/\/lospoliticosveracruz.com\/index.php?rest_route=\/wp\/v2\/posts"}],"about":[{"href":"https:\/\/lospoliticosveracruz.com\/index.php?rest_route=\/wp\/v2\/types\/post"}],"author":[{"embeddable":true,"href":"https:\/\/lospoliticosveracruz.com\/index.php?rest_route=\/wp\/v2\/users\/2"}],"replies":[{"embeddable":true,"href":"https:\/\/lospoliticosveracruz.com\/index.php?rest_route=%2Fwp%2Fv2%2Fcomments&post=30055"}],"version-history":[{"count":1,"href":"https:\/\/lospoliticosveracruz.com\/index.php?rest_route=\/wp\/v2\/posts\/30055\/revisions"}],"predecessor-version":[{"id":30056,"href":"https:\/\/lospoliticosveracruz.com\/index.php?rest_route=\/wp\/v2\/posts\/30055\/revisions\/30056"}],"wp:attachment":[{"href":"https:\/\/lospoliticosveracruz.com\/index.php?rest_route=%2Fwp%2Fv2%2Fmedia&parent=30055"}],"wp:term":[{"taxonomy":"category","embeddable":true,"href":"https:\/\/lospoliticosveracruz.com\/index.php?rest_route=%2Fwp%2Fv2%2Fcategories&post=30055"},{"taxonomy":"post_tag","embeddable":true,"href":"https:\/\/lospoliticosveracruz.com\/index.php?rest_route=%2Fwp%2Fv2%2Ftags&post=30055"}],"curies":[{"name":"wp","href":"https:\/\/api.w.org\/{rel}","templated":true}]}}