{"id":30125,"date":"2017-01-10T17:49:37","date_gmt":"2017-01-10T23:49:37","guid":{"rendered":"http:\/\/www.lospoliticosveracruz.com.mx\/?p=30125"},"modified":"2017-01-10T17:49:37","modified_gmt":"2017-01-10T23:49:37","slug":"el-pri-en-el-dilema-renovarse-o-morir","status":"publish","type":"post","link":"https:\/\/lospoliticosveracruz.com\/?p=30125","title":{"rendered":"\u00a0El PRI en el dilema, Renovarse o Morir \u00a0"},"content":{"rendered":"<p class=\"x_m_-5732165537148386643MsoNoSpacing x_gmail_msg\"><span class=\"x_gmail_msg\">Fanny Y\u00e9pez<\/span><\/p>\n<p class=\"x_m_-5732165537148386643MsoNoSpacing x_gmail_msg\">La Columna<\/p>\n<p class=\"x_m_-5732165537148386643MsoNoSpacing x_gmail_msg\">\n<p class=\"x_m_-5732165537148386643MsoNoSpacing x_gmail_msg\">El nuevo dirigente o todo el nuevo Comit\u00e9 Estatal del PRI, tendr\u00e1 que luchar contra corriente y sacarlo adelante con nuevas ideas, nuevos\u00a0<span class=\"x_gmail_msg\">programas y solo tienen dos meses para poder hacerlo porque despu\u00e9s se tendr\u00e1 que tener a los candidatos a las alcald\u00edas cuyas elecciones ser\u00e1n el 4 de junio pr\u00f3ximo.<\/span><\/p>\n<p class=\"x_m_-5732165537148386643MsoNoSpacing x_gmail_msg\"><span class=\"x_gmail_msg\">Como para desalentar al que venga, Felipe Amadeo dijo que no tienen dinero para sostener esa carga de trabajo en el PRI, pero con el p\u00e9simo\u00a0trabajo que desempe\u00f1\u00f3, nadie se atrev\u00eda a dar nada, personalmente vi las puertas cerradas de ese edificio de Ruiz Cortines, no se paraban ni las moscas.<u class=\"x_gmail_msg\"><\/u><u class=\"x_gmail_msg\"><\/u><\/span><\/p>\n<p><span class=\"x_gmail_msg\">Tal vez no todo est\u00e9 perdido, quien llegue deber\u00e1 contemplar la importancia de conjugar a los priistas de viejo cu\u00f1o con los j\u00f3venes, esos\u00a0que vienen llenos de energ\u00eda y que est\u00e1n dispuestos a recuperar esa posici\u00f3n que un d\u00eda fue de gloria, que saben que con aquellos pol\u00edticos se construyeron las instituciones del pa\u00eds.<u class=\"x_gmail_msg\"><\/u><u class=\"x_gmail_msg\"><\/u><\/span><\/p>\n<p><span class=\"x_gmail_msg\">PRI no es el malo, el PRI fue creado por los post revolucionarios, el problema fueron algunos gobernantes que emanaron de esas siglas\u00a0y no supieron corresponder a la confianza de los ciudadanos que les brindaron su voto.<\/span><\/p>\n<p class=\"x_m_-5732165537148386643MsoNoSpacing x_gmail_msg\"><span class=\"x_gmail_msg\">La divisi\u00f3n al interior de ese instituto pol\u00edtico trataron de disimularla de muchos modos, pero los grupos se fueron fortaleciendo m\u00e1s y\u00a0m\u00e1s haciendo sus propias acciones, faltando al respeto a otros priistas que no coincid\u00edan con sus intereses, algunas veces se cayeron pero se volvieron a levantar y esa divisi\u00f3n fue determinante para que se viniera la debacle como la que hemos visto.<\/span><\/p>\n<p class=\"x_m_-5732165537148386643MsoNoSpacing x_gmail_msg\"><span class=\"x_gmail_msg\">Dentro del PRI se est\u00e1 gestando una lucha encarnizada entre grupos que quieren apoderarse de lo que queda de la estructura tricolor para\u00a0utilizarla como andamiaje en sus intereses rumbo a las candidaturas las presidencias municipales, las senadur\u00edas y para el a\u00f1o pr\u00f3ximo \u00a0la gubernatura.<\/span><span class=\"x_gmail_msg\"><br \/>\n<\/span><span class=\"x_gmail_msg\">Muchos quieren ser candidatos al senado entre ellos figuran; Anilu Ingram Vallines, Erick Lagos, Alberto Silva, Javier Herrera Borunda,\u00a0Juan Nicol\u00e1s Callejas y \u00a0Juan Carlos Molina, entre otros, \u00a0por ello est\u00e1n cada uno de estos personajes moviendo sus fichas del ajedrez pol\u00edtico para que sean sus incondicionales los que dirijan al priismo estatal.<\/span><\/p>\n<p class=\"x_m_-5732165537148386643MsoNoSpacing x_gmail_msg\"><span class=\"x_gmail_msg\">Pero esta lucha est\u00e1 dividiendo a los grupos priistas del estado y esto ocurre ante al benepl\u00e1cito del PAN, PRD y MORENA, pero este aspecto\u00a0no lo perciben los priistas, ellos est\u00e1n cegados por lograr obtener el bot\u00edn, que es lo que les representa el CDE del PRI, aunque ello dignifique darle la estocada mortal a su partido. \u00a0\u00a0\u00a0\u00a0\u00a0\u00a0\u00a0\u00a0\u00a0<\/span><\/p>\n<p class=\"x_m_-5732165537148386643MsoNoSpacing x_gmail_msg\"><span class=\"x_gmail_msg\">En tanto esto ocurre tanto Am\u00e9rico Z\u00fa\u00f1iga Mart\u00ednez, como el empresario, Ricardo Ahued Bardahuil se han descartado para dirigir los destinos\u00a0<\/span><span class=\"x_gmail_msg\">de los priistas veracruzanos, aunque hay otros que seg\u00fan nuestras fuentes est\u00e1n ansiosos por ocupar la silla del edificio de \u00a0Ruiz Cortines, se trata de Renato Alarc\u00f3n, Silvio Lagos y Carlos Aceves, este \u00faltimo hasta solicito el apoyo del l\u00edder cetemista,\u00a0Carlos Aceves del Olmo. \u00a0\u00a0<u class=\"x_gmail_msg\"><\/u><u class=\"x_gmail_msg\"><\/u><\/span><\/p>\n<p><span class=\"x_gmail_msg\">Lo que es cierto es que esta misma semana se designara al nuevo dirigente estatal del PRI, en el CEN se busca que sea un joven sin estigmas\u00a0de corrupci\u00f3n. Situaci\u00f3n muy dif\u00edcil de conseguir, aunque no imposible. As\u00ed hay visualizar estas virtudes entre los aspirantes y esboce la retrato del pr\u00f3ximo dirigente estatal. <\/span><\/p>\n<p><b class=\"x_gmail_msg\"><span class=\"x_gmail_msg\">MORENA se sigue preparando para la contienda que viene<\/span><\/b><\/p>\n<p><span class=\"x_gmail_msg\">Despu\u00e9s del posicionamiento que tuvo Cuitl\u00e1huac Garc\u00eda Jim\u00e9nez en su campa\u00f1a, como candidato de MORENA a la gubernatura, las huestes morenistas\u00a0est\u00e1n listas para lo que viene en las elecciones para presidentes municipales.<u class=\"x_gmail_msg\"><\/u><u class=\"x_gmail_msg\"><\/u><\/span><\/p>\n<p><span class=\"x_gmail_msg\">La visita del l\u00edder moral de ese partido, Andr\u00e9s manuel L\u00f3pez Obrador, que llevar\u00e1 a cabo al estado de Veracruz el d\u00eda 5 de febrero, ha\u00a0prendido los focos rojos por donde quiera, su condici\u00f3n carism\u00e1tica la va a poner a prueba nuevamente y ese s\u00ed que no se detiene en sus arengas para hacer se\u00f1alamientos de todos tama\u00f1os.<\/span><\/p>\n<p><span class=\"x_gmail_msg\">Dir\u00edan los j\u00f3venes \u201cpago por ver\u201d lo que va a suceder esos d\u00edas, cuando recorra la zona norte de la entidad y muestre el m\u00fasculo de la fuerza\u00a0que tiene ese partido de reciente creaci\u00f3n.<\/span><\/p>\n<p><span class=\"x_gmail_msg\">Andr\u00e9s Manuel se ha rodeado de un equipo de pol\u00edticos que han copiado su escuela, llevan el mismo discurso, porque lo mismo se dirigen a\u00a0un secretario de despacho que a un gobernador o al presidente de la rep\u00fablica, pero con un amplio conocimiento de lo que exponen y por eso han logrado convencer a las multitudes que se sienten abandonadas a su suerte.<\/span><\/p>\n<p><span class=\"x_gmail_msg\">Muchos priistas, muchos despedidos del gobierno del estado junto con sus familias, al sentirse desprotegidos es muy probable que se afilien\u00a0a MORENA, para buscar cobijo y alternativas de soluci\u00f3n.<u class=\"x_gmail_msg\"><\/u><u class=\"x_gmail_msg\"><\/u><\/span><\/p>\n<p><span class=\"x_gmail_msg\">Este a\u00f1o va a ser la v\u00edspera de lo que podr\u00edan ser las elecciones a la presidencia dela rep\u00fablica de 2018 y la que como nunca van a ser\u00a0hist\u00f3ricas.<\/span><\/p>\n<p><span class=\"x_gmail_msg\">Ahora falta menos, el reloj contin\u00faa su marcha y no hay fecha que no se cumpla para ver cu\u00e1l va a ser el desenlace.<u class=\"x_gmail_msg\"><\/u><u class=\"x_gmail_msg\"><\/u><\/span><\/p>\n<p><b class=\"x_gmail_msg\"><span class=\"x_gmail_msg\">Los propios panistas vieron la injusticia que se est\u00e1 cometiendo<\/span><\/b><\/p>\n<p><span class=\"x_gmail_msg\">Aunque usted no lo crea, el propio comit\u00e9 directivo estatal del Partido Acci\u00f3n Nacional pidi\u00f3 al gobernador panista Miguel \u00c1ngel Yunes Linares,\u00a0que se respeten los derechos de los trabajadores que han sido despedidos.<u class=\"x_gmail_msg\"><\/u><u class=\"x_gmail_msg\"><\/u><\/span><\/p>\n<p><span class=\"x_gmail_msg\">Es que es p\u00e9sima la imagen que se ha venido construyendo acerca del comportamiento de los directivos poblanos, que llegaron a esos cargos\u00a0con actitudes desp\u00f3ticas, ofendiendo a esos empleados veracruzanos que han acumulado a\u00f1os de antig\u00fcedad y que son, en muchos de los casos, ajenos al manejo de los recursos econ\u00f3micos.<\/span><\/p>\n<p><span class=\"x_gmail_msg\">En algunos medios nacionales se ha dado a conocer esta bochornosa situaci\u00f3n de esos veracruzanos que sin deberla ni temerla, ha sido estigmatizado\u00a0por la nueva administraci\u00f3n por haber trabajado en a\u00f1os anteriores.<\/span><\/p>\n<p><span class=\"x_gmail_msg\">Fue el vocero del PAN, Jos\u00e9 Manuel Siu Vargas, quien refiri\u00f3 que es correcto que al cambio de una administraci\u00f3n a algunos empleados se\u00a0les dan las gracias, pero respetando sus derechos, liquid\u00e1ndolos conforme a Derecho, pag\u00e1ndoles lo que les corresponde, ni un peso m\u00e1s ni un peso menos.<\/span><\/p>\n<p><b class=\"x_gmail_msg\"><span class=\"x_gmail_msg\">\u00bfQu\u00e9 fue lo que pas\u00f3?<\/span><\/b><\/p>\n<p><span class=\"x_gmail_msg\">Tal vez la dirigencia del PAN se desesper\u00f3 que los otros partidos, los de oposici\u00f3n, no fueron capaces de alzar la voz y defender a esos\u00a0trabajadores veracruzanos, mexicanos, que est\u00e1n padeciendo ese tipo de agresiones sin que nadie hiciera algo por ellos.<u class=\"x_gmail_msg\"><\/u><u class=\"x_gmail_msg\"><\/u><\/span><\/p>\n<p><span class=\"x_gmail_msg\">La desesperaci\u00f3n de los despedidos los est\u00e1 llevando hasta el suicidio.<u class=\"x_gmail_msg\"><\/u><u class=\"x_gmail_msg\"><\/u><\/span><\/p>\n<p><span class=\"x_gmail_msg\">El p\u00fablico que a la distancia ve ese tipo de agresiones dif\u00edcilmente puede dimensionarlo, porque no se trata de sus propios intereses, pero\u00a0esas madres y padres de familia que incluso votaron por Yunes Linares, seguramente no pueden dormir bien pensando en lo que van a hacer en los pr\u00f3ximos d\u00edas.<u class=\"x_gmail_msg\"><\/u><u class=\"x_gmail_msg\"><\/u><\/span><\/p>\n<p><span class=\"x_gmail_msg\">Y no es ninguna exageraci\u00f3n, este martes el ex trabajador Felix Blanco Ojeda se cort\u00f3 las venas frente al palacio de gobierno, en protesta\u00a0por haber sido despedido;\u00a0\u00a0\u00e9l se desempe\u00f1aba como empleado de la Direcci\u00f3n de Estrategia para la Estabilidad y hab\u00eda sido notificado que ya dejaba de prestar sus servicios en la actividad que ven\u00eda desempe\u00f1ando.<u class=\"x_gmail_msg\"><\/u><u class=\"x_gmail_msg\"><\/u><\/span><\/p>\n<p><span class=\"x_gmail_msg\">Qu\u00e9 pena que el ex dirigente estatal del PRI, Felipe Amadeo Flores Espinosa, nunca entendi\u00f3 la importancia del papel que deb\u00eda desempe\u00f1ar\u00a0como partido de oposici\u00f3n, pero era f\u00e1cil de entender, porque los compromisos que adquiri\u00f3 eran de todos conocidos, pero lamentablemente comprometi\u00f3 tambi\u00e9n a todos los priistas y eso no se vale.<u class=\"x_gmail_msg\"><\/u><u class=\"x_gmail_msg\"><\/u><\/span><\/p>\n<p><span class=\"x_gmail_msg\">M\u00e1s val\u00eda que al verse encerrado en ese c\u00edrculo hubiera renunciado desde que perdi\u00f3 la contienda del pasado mes de junio, pero su permanencia\u00a0en contra de la voluntad de muchos despertaba muchas sospechas del por qu\u00e9 quer\u00eda continuar al frente de ese partido, al que fue matando poco a poco.<u class=\"x_gmail_msg\"><\/u><u class=\"x_gmail_msg\"><\/u><\/span><\/p>\n<p><span class=\"x_gmail_msg\">Felipe Amadeo dijo que el PRI con \u00e9l ser\u00eda una oposici\u00f3n respetuosa y no de esc\u00e1ndalo, cuando est\u00e1 viendo c\u00f3mo se comporta el gobernador\u00a0diariamente, pero estaba limitado. Duele m\u00e1s el cuero que la camisa y ah\u00ed se comprob\u00f3.<u class=\"x_gmail_msg\"><\/u><u class=\"x_gmail_msg\"><\/u><\/span><\/p>\n<p>&nbsp;<\/p>\n","protected":false},"excerpt":{"rendered":"<p>Fanny Y\u00e9pez La Columna El nuevo dirigente o todo el nuevo Comit\u00e9 Estatal del PRI, tendr\u00e1 que luchar contra corriente y sacarlo adelante con nuevas ideas, nuevos\u00a0programas y solo tienen dos meses para poder hacerlo porque despu\u00e9s se tendr\u00e1 que tener a los candidatos a las alcald\u00edas cuyas elecciones ser\u00e1n el 4 de junio pr\u00f3ximo. [&hellip;]<\/p>\n","protected":false},"author":2,"featured_media":0,"comment_status":"open","ping_status":"open","sticky":false,"template":"","format":"standard","meta":{"tdm_status":"","tdm_grid_status":"","footnotes":""},"categories":[70],"tags":[483,7128,5153,1026],"class_list":{"0":"post-30125","1":"post","2":"type-post","3":"status-publish","4":"format-standard","6":"category-de-opinion","7":"tag-americo-zuniga","8":"tag-comite-estatal-pri","9":"tag-felipe-amadeo-flores","10":"tag-morena"},"yoast_head":"<!-- This site is optimized with the Yoast SEO plugin v27.4 - https:\/\/yoast.com\/product\/yoast-seo-wordpress\/ -->\n<title>\u00a0El PRI en el dilema, Renovarse o Morir \u00a0 - Los pol\u00edticos Veracruz<\/title>\n<meta name=\"robots\" content=\"index, follow, max-snippet:-1, max-image-preview:large, max-video-preview:-1\" \/>\n<link rel=\"canonical\" href=\"https:\/\/lospoliticosveracruz.com\/?p=30125\" \/>\n<meta property=\"og:locale\" content=\"es_ES\" \/>\n<meta property=\"og:type\" content=\"article\" \/>\n<meta property=\"og:title\" content=\"\u00a0El PRI en el dilema, Renovarse o Morir \u00a0 - Los pol\u00edticos Veracruz\" \/>\n<meta property=\"og:description\" content=\"Fanny Y\u00e9pez La Columna El nuevo dirigente o todo el nuevo Comit\u00e9 Estatal del PRI, tendr\u00e1 que luchar contra corriente y sacarlo adelante con nuevas ideas, nuevos\u00a0programas y solo tienen dos meses para poder hacerlo porque despu\u00e9s se tendr\u00e1 que tener a los candidatos a las alcald\u00edas cuyas elecciones ser\u00e1n el 4 de junio pr\u00f3ximo. [&hellip;]\" \/>\n<meta property=\"og:url\" content=\"https:\/\/lospoliticosveracruz.com\/?p=30125\" \/>\n<meta property=\"og:site_name\" content=\"Los pol\u00edticos Veracruz\" \/>\n<meta property=\"article:publisher\" content=\"https:\/\/www.facebook.com\/people\/Notimemes-de-los-Polticos\/61565672886568\/\" \/>\n<meta property=\"article:published_time\" content=\"2017-01-10T23:49:37+00:00\" \/>\n<meta property=\"og:image\" content=\"https:\/\/lospoliticosveracruz.com\/wp-content\/uploads\/2016\/07\/Logo-Dor.jpg\" \/>\n\t<meta property=\"og:image:width\" content=\"200\" \/>\n\t<meta property=\"og:image:height\" content=\"200\" \/>\n\t<meta property=\"og:image:type\" content=\"image\/jpeg\" \/>\n<meta name=\"author\" content=\"Lo viste en Los Pol\u00edticos\" \/>\n<meta name=\"twitter:card\" content=\"summary_large_image\" \/>\n<meta name=\"twitter:creator\" content=\"@LosPoliticosVer\" \/>\n<meta name=\"twitter:site\" content=\"@LosPoliticosVer\" \/>\n<meta name=\"twitter:label1\" content=\"Escrito por\" \/>\n\t<meta name=\"twitter:data1\" content=\"Lo viste en Los Pol\u00edticos\" \/>\n\t<meta name=\"twitter:label2\" content=\"Tiempo de lectura\" \/>\n\t<meta name=\"twitter:data2\" content=\"7 minutos\" \/>\n<script type=\"application\/ld+json\" class=\"yoast-schema-graph\">{\"@context\":\"https:\\\/\\\/schema.org\",\"@graph\":[{\"@type\":\"Article\",\"@id\":\"https:\\\/\\\/lospoliticosveracruz.com\\\/?p=30125#article\",\"isPartOf\":{\"@id\":\"https:\\\/\\\/lospoliticosveracruz.com\\\/?p=30125\"},\"author\":{\"name\":\"Lo viste en Los Pol\u00edticos\",\"@id\":\"https:\\\/\\\/lospoliticosveracruz.com\\\/#\\\/schema\\\/person\\\/b8702bb0e538456e6efd07080bf2a4a2\"},\"headline\":\"\u00a0El PRI en el dilema, Renovarse o Morir \u00a0\",\"datePublished\":\"2017-01-10T23:49:37+00:00\",\"mainEntityOfPage\":{\"@id\":\"https:\\\/\\\/lospoliticosveracruz.com\\\/?p=30125\"},\"wordCount\":1431,\"commentCount\":0,\"publisher\":{\"@id\":\"https:\\\/\\\/lospoliticosveracruz.com\\\/#organization\"},\"keywords\":[\"Am\u00e9rico Z\u00fa\u00f1iga\",\"Comit\u00e9 Estatal PRI\",\"Felipe Amadeo Flores\",\"Morena\"],\"articleSection\":[\"De Opini\u00f3n\"],\"inLanguage\":\"es\",\"potentialAction\":[{\"@type\":\"CommentAction\",\"name\":\"Comment\",\"target\":[\"https:\\\/\\\/lospoliticosveracruz.com\\\/?p=30125#respond\"]}]},{\"@type\":\"WebPage\",\"@id\":\"https:\\\/\\\/lospoliticosveracruz.com\\\/?p=30125\",\"url\":\"https:\\\/\\\/lospoliticosveracruz.com\\\/?p=30125\",\"name\":\"\u00a0El PRI en el dilema, Renovarse o Morir \u00a0 - Los pol\u00edticos Veracruz\",\"isPartOf\":{\"@id\":\"https:\\\/\\\/lospoliticosveracruz.com\\\/#website\"},\"datePublished\":\"2017-01-10T23:49:37+00:00\",\"breadcrumb\":{\"@id\":\"https:\\\/\\\/lospoliticosveracruz.com\\\/?p=30125#breadcrumb\"},\"inLanguage\":\"es\",\"potentialAction\":[{\"@type\":\"ReadAction\",\"target\":[\"https:\\\/\\\/lospoliticosveracruz.com\\\/?p=30125\"]}]},{\"@type\":\"BreadcrumbList\",\"@id\":\"https:\\\/\\\/lospoliticosveracruz.com\\\/?p=30125#breadcrumb\",\"itemListElement\":[{\"@type\":\"ListItem\",\"position\":1,\"name\":\"Portada\",\"item\":\"https:\\\/\\\/lospoliticosveracruz.com\\\/\"},{\"@type\":\"ListItem\",\"position\":2,\"name\":\"\u00a0El PRI en el dilema, Renovarse o Morir \u00a0\"}]},{\"@type\":\"WebSite\",\"@id\":\"https:\\\/\\\/lospoliticosveracruz.com\\\/#website\",\"url\":\"https:\\\/\\\/lospoliticosveracruz.com\\\/\",\"name\":\"Los pol\u00edticos Veracruz\",\"description\":\"\",\"publisher\":{\"@id\":\"https:\\\/\\\/lospoliticosveracruz.com\\\/#organization\"},\"potentialAction\":[{\"@type\":\"SearchAction\",\"target\":{\"@type\":\"EntryPoint\",\"urlTemplate\":\"https:\\\/\\\/lospoliticosveracruz.com\\\/?s={search_term_string}\"},\"query-input\":{\"@type\":\"PropertyValueSpecification\",\"valueRequired\":true,\"valueName\":\"search_term_string\"}}],\"inLanguage\":\"es\"},{\"@type\":\"Organization\",\"@id\":\"https:\\\/\\\/lospoliticosveracruz.com\\\/#organization\",\"name\":\"Los pol\u00edticos Veracruz\",\"url\":\"https:\\\/\\\/lospoliticosveracruz.com\\\/\",\"logo\":{\"@type\":\"ImageObject\",\"inLanguage\":\"es\",\"@id\":\"https:\\\/\\\/lospoliticosveracruz.com\\\/#\\\/schema\\\/logo\\\/image\\\/\",\"url\":\"https:\\\/\\\/lospoliticosveracruz.com\\\/wp-content\\\/uploads\\\/2025\\\/12\\\/Logo-Nuevo-LOS-POLITICOS-1.jpg\",\"contentUrl\":\"https:\\\/\\\/lospoliticosveracruz.com\\\/wp-content\\\/uploads\\\/2025\\\/12\\\/Logo-Nuevo-LOS-POLITICOS-1.jpg\",\"width\":260,\"height\":70,\"caption\":\"Los pol\u00edticos Veracruz\"},\"image\":{\"@id\":\"https:\\\/\\\/lospoliticosveracruz.com\\\/#\\\/schema\\\/logo\\\/image\\\/\"},\"sameAs\":[\"https:\\\/\\\/www.facebook.com\\\/people\\\/Notimemes-de-los-Polticos\\\/61565672886568\\\/\",\"https:\\\/\\\/x.com\\\/LosPoliticosVer\"]},{\"@type\":\"Person\",\"@id\":\"https:\\\/\\\/lospoliticosveracruz.com\\\/#\\\/schema\\\/person\\\/b8702bb0e538456e6efd07080bf2a4a2\",\"name\":\"Lo viste en Los Pol\u00edticos\",\"image\":{\"@type\":\"ImageObject\",\"inLanguage\":\"es\",\"@id\":\"https:\\\/\\\/secure.gravatar.com\\\/avatar\\\/3a8de04a2656d44082be478bd6c086daa447c4651605818287b9532d3d0bd435?s=96&d=mm&r=g\",\"url\":\"https:\\\/\\\/secure.gravatar.com\\\/avatar\\\/3a8de04a2656d44082be478bd6c086daa447c4651605818287b9532d3d0bd435?s=96&d=mm&r=g\",\"contentUrl\":\"https:\\\/\\\/secure.gravatar.com\\\/avatar\\\/3a8de04a2656d44082be478bd6c086daa447c4651605818287b9532d3d0bd435?s=96&d=mm&r=g\",\"caption\":\"Lo viste en Los Pol\u00edticos\"},\"url\":\"https:\\\/\\\/lospoliticosveracruz.com\\\/?author=2\"}]}<\/script>\n<!-- \/ Yoast SEO plugin. -->","yoast_head_json":{"title":"\u00a0El PRI en el dilema, Renovarse o Morir \u00a0 - Los pol\u00edticos Veracruz","robots":{"index":"index","follow":"follow","max-snippet":"max-snippet:-1","max-image-preview":"max-image-preview:large","max-video-preview":"max-video-preview:-1"},"canonical":"https:\/\/lospoliticosveracruz.com\/?p=30125","og_locale":"es_ES","og_type":"article","og_title":"\u00a0El PRI en el dilema, Renovarse o Morir \u00a0 - Los pol\u00edticos Veracruz","og_description":"Fanny Y\u00e9pez La Columna El nuevo dirigente o todo el nuevo Comit\u00e9 Estatal del PRI, tendr\u00e1 que luchar contra corriente y sacarlo adelante con nuevas ideas, nuevos\u00a0programas y solo tienen dos meses para poder hacerlo porque despu\u00e9s se tendr\u00e1 que tener a los candidatos a las alcald\u00edas cuyas elecciones ser\u00e1n el 4 de junio pr\u00f3ximo. [&hellip;]","og_url":"https:\/\/lospoliticosveracruz.com\/?p=30125","og_site_name":"Los pol\u00edticos Veracruz","article_publisher":"https:\/\/www.facebook.com\/people\/Notimemes-de-los-Polticos\/61565672886568\/","article_published_time":"2017-01-10T23:49:37+00:00","og_image":[{"width":200,"height":200,"url":"https:\/\/lospoliticosveracruz.com\/wp-content\/uploads\/2016\/07\/Logo-Dor.jpg","type":"image\/jpeg"}],"author":"Lo viste en Los Pol\u00edticos","twitter_card":"summary_large_image","twitter_creator":"@LosPoliticosVer","twitter_site":"@LosPoliticosVer","twitter_misc":{"Escrito por":"Lo viste en Los Pol\u00edticos","Tiempo de lectura":"7 minutos"},"schema":{"@context":"https:\/\/schema.org","@graph":[{"@type":"Article","@id":"https:\/\/lospoliticosveracruz.com\/?p=30125#article","isPartOf":{"@id":"https:\/\/lospoliticosveracruz.com\/?p=30125"},"author":{"name":"Lo viste en Los Pol\u00edticos","@id":"https:\/\/lospoliticosveracruz.com\/#\/schema\/person\/b8702bb0e538456e6efd07080bf2a4a2"},"headline":"\u00a0El PRI en el dilema, Renovarse o Morir \u00a0","datePublished":"2017-01-10T23:49:37+00:00","mainEntityOfPage":{"@id":"https:\/\/lospoliticosveracruz.com\/?p=30125"},"wordCount":1431,"commentCount":0,"publisher":{"@id":"https:\/\/lospoliticosveracruz.com\/#organization"},"keywords":["Am\u00e9rico Z\u00fa\u00f1iga","Comit\u00e9 Estatal PRI","Felipe Amadeo Flores","Morena"],"articleSection":["De Opini\u00f3n"],"inLanguage":"es","potentialAction":[{"@type":"CommentAction","name":"Comment","target":["https:\/\/lospoliticosveracruz.com\/?p=30125#respond"]}]},{"@type":"WebPage","@id":"https:\/\/lospoliticosveracruz.com\/?p=30125","url":"https:\/\/lospoliticosveracruz.com\/?p=30125","name":"\u00a0El PRI en el dilema, Renovarse o Morir \u00a0 - Los pol\u00edticos Veracruz","isPartOf":{"@id":"https:\/\/lospoliticosveracruz.com\/#website"},"datePublished":"2017-01-10T23:49:37+00:00","breadcrumb":{"@id":"https:\/\/lospoliticosveracruz.com\/?p=30125#breadcrumb"},"inLanguage":"es","potentialAction":[{"@type":"ReadAction","target":["https:\/\/lospoliticosveracruz.com\/?p=30125"]}]},{"@type":"BreadcrumbList","@id":"https:\/\/lospoliticosveracruz.com\/?p=30125#breadcrumb","itemListElement":[{"@type":"ListItem","position":1,"name":"Portada","item":"https:\/\/lospoliticosveracruz.com\/"},{"@type":"ListItem","position":2,"name":"\u00a0El PRI en el dilema, Renovarse o Morir \u00a0"}]},{"@type":"WebSite","@id":"https:\/\/lospoliticosveracruz.com\/#website","url":"https:\/\/lospoliticosveracruz.com\/","name":"Los pol\u00edticos Veracruz","description":"","publisher":{"@id":"https:\/\/lospoliticosveracruz.com\/#organization"},"potentialAction":[{"@type":"SearchAction","target":{"@type":"EntryPoint","urlTemplate":"https:\/\/lospoliticosveracruz.com\/?s={search_term_string}"},"query-input":{"@type":"PropertyValueSpecification","valueRequired":true,"valueName":"search_term_string"}}],"inLanguage":"es"},{"@type":"Organization","@id":"https:\/\/lospoliticosveracruz.com\/#organization","name":"Los pol\u00edticos Veracruz","url":"https:\/\/lospoliticosveracruz.com\/","logo":{"@type":"ImageObject","inLanguage":"es","@id":"https:\/\/lospoliticosveracruz.com\/#\/schema\/logo\/image\/","url":"https:\/\/lospoliticosveracruz.com\/wp-content\/uploads\/2025\/12\/Logo-Nuevo-LOS-POLITICOS-1.jpg","contentUrl":"https:\/\/lospoliticosveracruz.com\/wp-content\/uploads\/2025\/12\/Logo-Nuevo-LOS-POLITICOS-1.jpg","width":260,"height":70,"caption":"Los pol\u00edticos Veracruz"},"image":{"@id":"https:\/\/lospoliticosveracruz.com\/#\/schema\/logo\/image\/"},"sameAs":["https:\/\/www.facebook.com\/people\/Notimemes-de-los-Polticos\/61565672886568\/","https:\/\/x.com\/LosPoliticosVer"]},{"@type":"Person","@id":"https:\/\/lospoliticosveracruz.com\/#\/schema\/person\/b8702bb0e538456e6efd07080bf2a4a2","name":"Lo viste en Los Pol\u00edticos","image":{"@type":"ImageObject","inLanguage":"es","@id":"https:\/\/secure.gravatar.com\/avatar\/3a8de04a2656d44082be478bd6c086daa447c4651605818287b9532d3d0bd435?s=96&d=mm&r=g","url":"https:\/\/secure.gravatar.com\/avatar\/3a8de04a2656d44082be478bd6c086daa447c4651605818287b9532d3d0bd435?s=96&d=mm&r=g","contentUrl":"https:\/\/secure.gravatar.com\/avatar\/3a8de04a2656d44082be478bd6c086daa447c4651605818287b9532d3d0bd435?s=96&d=mm&r=g","caption":"Lo viste en Los Pol\u00edticos"},"url":"https:\/\/lospoliticosveracruz.com\/?author=2"}]}},"_links":{"self":[{"href":"https:\/\/lospoliticosveracruz.com\/index.php?rest_route=\/wp\/v2\/posts\/30125","targetHints":{"allow":["GET"]}}],"collection":[{"href":"https:\/\/lospoliticosveracruz.com\/index.php?rest_route=\/wp\/v2\/posts"}],"about":[{"href":"https:\/\/lospoliticosveracruz.com\/index.php?rest_route=\/wp\/v2\/types\/post"}],"author":[{"embeddable":true,"href":"https:\/\/lospoliticosveracruz.com\/index.php?rest_route=\/wp\/v2\/users\/2"}],"replies":[{"embeddable":true,"href":"https:\/\/lospoliticosveracruz.com\/index.php?rest_route=%2Fwp%2Fv2%2Fcomments&post=30125"}],"version-history":[{"count":1,"href":"https:\/\/lospoliticosveracruz.com\/index.php?rest_route=\/wp\/v2\/posts\/30125\/revisions"}],"predecessor-version":[{"id":30126,"href":"https:\/\/lospoliticosveracruz.com\/index.php?rest_route=\/wp\/v2\/posts\/30125\/revisions\/30126"}],"wp:attachment":[{"href":"https:\/\/lospoliticosveracruz.com\/index.php?rest_route=%2Fwp%2Fv2%2Fmedia&parent=30125"}],"wp:term":[{"taxonomy":"category","embeddable":true,"href":"https:\/\/lospoliticosveracruz.com\/index.php?rest_route=%2Fwp%2Fv2%2Fcategories&post=30125"},{"taxonomy":"post_tag","embeddable":true,"href":"https:\/\/lospoliticosveracruz.com\/index.php?rest_route=%2Fwp%2Fv2%2Ftags&post=30125"}],"curies":[{"name":"wp","href":"https:\/\/api.w.org\/{rel}","templated":true}]}}