{"id":30134,"date":"2017-01-11T00:12:18","date_gmt":"2017-01-11T06:12:18","guid":{"rendered":"http:\/\/www.lospoliticosveracruz.com.mx\/?p=30134"},"modified":"2017-01-11T00:12:18","modified_gmt":"2017-01-11T06:12:18","slug":"cde-del-pri-senadores-deciden","status":"publish","type":"post","link":"https:\/\/lospoliticosveracruz.com\/?p=30134","title":{"rendered":"CDE del PRI: Senadores deciden"},"content":{"rendered":"<p><b>Salvador Mu\u00f1oz<\/b><\/p>\n<p><i>Los Pol\u00edticos\u00a0<\/i><\/p>\n<p>Si fuera militante del PRI, apostar\u00eda para la dirigencia estatal a una mujer&#8230; aunque hay m\u00e1s apuestas por varones que por damas.<br \/>\nAs\u00ed, mientras unos citan a Marlon Ram\u00edrez, Silvio Lagos, Renato Alarc\u00f3n y Carlos Aceves Amezcua&#8230; bueno, \u00a1hasta a Am\u00e9rico Z\u00fa\u00f1iga!; otros citaron a Lorena Pi\u00f1\u00f3n y Erika Ayala R\u00edos&#8230;<br \/>\nA cada uno y una les ven sus pros y contras.<br \/>\nPero como les dec\u00eda, en lo particular, apostar\u00eda por una dama y entre las que citan, no s\u00e9 si Erika Ayala estuviera impedida para ser dirigente&#8230; all\u00ed tendr\u00edan que comentarlo los priistas conocedores de sus estatutos, porque recuerden, hace poco fungi\u00f3 como tal&#8230;<br \/>\nEn el caso de Lorena Pi\u00f1\u00f3n, que nunca ha sido dirigente, en un juicio de percepci\u00f3n simple, tiene grandes ventajas. La primera, por apostar a una lucha basada en la correcta aplicaci\u00f3n de los estatutos y de la Ley al interior del partido en pos de los derechos de la militancia, aunque a Regina V\u00e1zquez Saut le indigne tanto la menci\u00f3n de Erika como la de Lorena.<br \/>\nII<br \/>\nEn el caso de los varones, podr\u00edamos ir desmenuzando a uno por uno pero nos llevar\u00eda mucho espacio y quiz\u00e1s al \u00fanico que se pudiera citar por su congruencia, ser\u00eda Am\u00e9rico, quien en entrevista con reporteros, adem\u00e1s de externar su orgullo por ser priista, dej\u00f3 en claro su compromiso con los xalape\u00f1os, \u201ces el mayor honor de mi vida y ha sido mi sue\u00f1o desde muy peque\u00f1o ser alcalde de Xalapa y as\u00ed voy a permanecer\u201d, y de esa forma, se descarta para la dirigencia del partido.<br \/>\nSobre el cambio de dirigencia tricolor, dijo \u201cque se sacuda el \u00e1rbol y quien no tenga un inter\u00e9s de construir, quien no tenga un inter\u00e9s de generar una oposici\u00f3n respetuosa, una oposici\u00f3n constructiva, cr\u00edtica, anal\u00edtica, una verdadera oposici\u00f3n de propuestas, realmente no tiene nada que hacer aqu\u00ed\u201d.<br \/>\n\u00a1Vamos! No s\u00e9 qui\u00e9n declar\u00f3 primero, si Am\u00e9rico o Regina V\u00e1zquez Saut, pero el mensaje del alcalde le queda como anillo al dedo a la Paloma del Sur, quien ya le est\u00e1 echando ojos a \u201cMorena\u201d.<br \/>\nIII<br \/>\nAlgo hay m\u00e1s que destacar de Am\u00e9rico cuando cita que al no ser gobierno el PRI, \u201cdeja de haber un primer priista en el estado\u201d, aunque bajo un supuesto traspaso jer\u00e1rquico, el peso pol\u00edtico recae en dos senadores: Jos\u00e9 Francisco Yunes Zorrilla y H\u00e9ctor Yunes Landa.<br \/>\nY si a ello se le agrega que al menos uno es considerado el candidato natural para la Gubernatura este 2018 y otro se empecine en repetir como tal, el sentido com\u00fan nos invitar\u00eda a pensar que el CEN del PRI ha de tomarlos en cuenta para que se designe a quien vaya a ocupar el lugar de Amadeo Flores Espinosa&#8230; y de Regina V\u00e1zquez Saut.<br \/>\nIV<br \/>\nDicen que ayer, en la noche, en el CEN del PRI, sosten\u00edan reuni\u00f3n los dos senadores con Enrique Ochoa Reza.<br \/>\nEl asunto a tratar era la f\u00f3rmula que ir\u00eda a ocupar las vacantes de Amadeo y Regina&#8230; el nombre de un var\u00f3n era el que sonaba: Patricio Chirinos del \u00c1ngel.<br \/>\nEl de la mujer, ni siquiera se citaba, no por restarle importancia, sino porque ya era un tema cantado, o superado.<br \/>\nAs\u00ed es, a m\u00ed no me crean, pero es como me lo cuentan&#8230; Las \u00faltimas fotos de Pepe Yunes Zorrilla acompa\u00f1ando a Lorena Pi\u00f1\u00f3n y la foto de Enrique Ochoa Reza con Lorena Pi\u00f1\u00f3n en el aeropuerto de Veracruz, pudieran ser una se\u00f1al de que a la dirigencia estatal del PRI pudieran ir la nativa de San Rafael como el nativo de Tempoal&#8230; aunque hay dos peque\u00f1os ligeros detalles:<br \/>\n1.- Cuando Am\u00e9rico se descarta para ocupar la dirigencia del PRI, deja muy alta la vara para quien quiera saltarla y m\u00e1s cuando Patricio Chirinos del \u00c1ngel es alcalde de Tempoal&#8230;<br \/>\n2.- Pero si acaso as\u00ed fuera, bastar\u00eda todav\u00eda por definir qui\u00e9n ir\u00eda a la presidencia del partido&#8230; un hombre&#8230; o una mujer.<br \/>\nAunque, bueno, falta todav\u00eda por confirmar si al menos en esta ocasi\u00f3n los senadores Yunes, los del PRI, se ponen por fin de acuerdo en algo.<\/p>\n<p>smcainito@gmail.com<\/p>\n","protected":false},"excerpt":{"rendered":"<p>Salvador Mu\u00f1oz Los Pol\u00edticos\u00a0 Si fuera militante del PRI, apostar\u00eda para la dirigencia estatal a una mujer&#8230; aunque hay m\u00e1s apuestas por varones que por damas. As\u00ed, mientras unos citan a Marlon Ram\u00edrez, Silvio Lagos, Renato Alarc\u00f3n y Carlos Aceves Amezcua&#8230; bueno, \u00a1hasta a Am\u00e9rico Z\u00fa\u00f1iga!; otros citaron a Lorena Pi\u00f1\u00f3n y Erika Ayala R\u00edos&#8230; [&hellip;]<\/p>\n","protected":false},"author":2,"featured_media":0,"comment_status":"open","ping_status":"open","sticky":false,"template":"","format":"standard","meta":{"tdm_status":"","tdm_grid_status":"","footnotes":""},"categories":[70],"tags":[483,2167,3525,1070,1706,3060,3127],"class_list":{"0":"post-30134","1":"post","2":"type-post","3":"status-publish","4":"format-standard","6":"category-de-opinion","7":"tag-americo-zuniga","8":"tag-carlos-aceves-amezcua","9":"tag-erika-ayala-rios","10":"tag-lorena-pinon","11":"tag-marlon-ramirez","12":"tag-renato-alarcon","13":"tag-silvio-lagos"},"yoast_head":"<!-- This site is optimized with the Yoast SEO plugin v27.4 - https:\/\/yoast.com\/product\/yoast-seo-wordpress\/ -->\n<title>CDE del PRI: Senadores deciden - Los pol\u00edticos Veracruz<\/title>\n<meta name=\"robots\" content=\"index, follow, max-snippet:-1, max-image-preview:large, max-video-preview:-1\" \/>\n<link rel=\"canonical\" href=\"https:\/\/lospoliticosveracruz.com\/?p=30134\" \/>\n<meta property=\"og:locale\" content=\"es_ES\" \/>\n<meta property=\"og:type\" content=\"article\" \/>\n<meta property=\"og:title\" content=\"CDE del PRI: Senadores deciden - Los pol\u00edticos Veracruz\" \/>\n<meta property=\"og:description\" content=\"Salvador Mu\u00f1oz Los Pol\u00edticos\u00a0 Si fuera militante del PRI, apostar\u00eda para la dirigencia estatal a una mujer&#8230; aunque hay m\u00e1s apuestas por varones que por damas. As\u00ed, mientras unos citan a Marlon Ram\u00edrez, Silvio Lagos, Renato Alarc\u00f3n y Carlos Aceves Amezcua&#8230; bueno, \u00a1hasta a Am\u00e9rico Z\u00fa\u00f1iga!; otros citaron a Lorena Pi\u00f1\u00f3n y Erika Ayala R\u00edos&#8230; [&hellip;]\" \/>\n<meta property=\"og:url\" content=\"https:\/\/lospoliticosveracruz.com\/?p=30134\" \/>\n<meta property=\"og:site_name\" content=\"Los pol\u00edticos Veracruz\" \/>\n<meta property=\"article:publisher\" content=\"https:\/\/www.facebook.com\/people\/Notimemes-de-los-Polticos\/61565672886568\/\" \/>\n<meta property=\"article:published_time\" content=\"2017-01-11T06:12:18+00:00\" \/>\n<meta property=\"og:image\" content=\"https:\/\/lospoliticosveracruz.com\/wp-content\/uploads\/2016\/07\/Logo-Dor.jpg\" \/>\n\t<meta property=\"og:image:width\" content=\"200\" \/>\n\t<meta property=\"og:image:height\" content=\"200\" \/>\n\t<meta property=\"og:image:type\" content=\"image\/jpeg\" \/>\n<meta name=\"author\" content=\"Lo viste en Los Pol\u00edticos\" \/>\n<meta name=\"twitter:card\" content=\"summary_large_image\" \/>\n<meta name=\"twitter:creator\" content=\"@LosPoliticosVer\" \/>\n<meta name=\"twitter:site\" content=\"@LosPoliticosVer\" \/>\n<meta name=\"twitter:label1\" content=\"Escrito por\" \/>\n\t<meta name=\"twitter:data1\" content=\"Lo viste en Los Pol\u00edticos\" \/>\n\t<meta name=\"twitter:label2\" content=\"Tiempo de lectura\" \/>\n\t<meta name=\"twitter:data2\" content=\"4 minutos\" \/>\n<script type=\"application\/ld+json\" class=\"yoast-schema-graph\">{\"@context\":\"https:\\\/\\\/schema.org\",\"@graph\":[{\"@type\":\"Article\",\"@id\":\"https:\\\/\\\/lospoliticosveracruz.com\\\/?p=30134#article\",\"isPartOf\":{\"@id\":\"https:\\\/\\\/lospoliticosveracruz.com\\\/?p=30134\"},\"author\":{\"name\":\"Lo viste en Los Pol\u00edticos\",\"@id\":\"https:\\\/\\\/lospoliticosveracruz.com\\\/#\\\/schema\\\/person\\\/b8702bb0e538456e6efd07080bf2a4a2\"},\"headline\":\"CDE del PRI: Senadores deciden\",\"datePublished\":\"2017-01-11T06:12:18+00:00\",\"mainEntityOfPage\":{\"@id\":\"https:\\\/\\\/lospoliticosveracruz.com\\\/?p=30134\"},\"wordCount\":750,\"commentCount\":0,\"publisher\":{\"@id\":\"https:\\\/\\\/lospoliticosveracruz.com\\\/#organization\"},\"keywords\":[\"Am\u00e9rico Z\u00fa\u00f1iga\",\"Carlos Aceves Amezcua\",\"Erika Ayala R\u00edos\",\"Lorena Pi\u00f1\u00f3n\",\"Marlon Ram\u00edrez\",\"Renato Alarc\u00f3n\",\"Silvio Lagos\"],\"articleSection\":[\"De Opini\u00f3n\"],\"inLanguage\":\"es\",\"potentialAction\":[{\"@type\":\"CommentAction\",\"name\":\"Comment\",\"target\":[\"https:\\\/\\\/lospoliticosveracruz.com\\\/?p=30134#respond\"]}]},{\"@type\":\"WebPage\",\"@id\":\"https:\\\/\\\/lospoliticosveracruz.com\\\/?p=30134\",\"url\":\"https:\\\/\\\/lospoliticosveracruz.com\\\/?p=30134\",\"name\":\"CDE del PRI: Senadores deciden - Los pol\u00edticos Veracruz\",\"isPartOf\":{\"@id\":\"https:\\\/\\\/lospoliticosveracruz.com\\\/#website\"},\"datePublished\":\"2017-01-11T06:12:18+00:00\",\"breadcrumb\":{\"@id\":\"https:\\\/\\\/lospoliticosveracruz.com\\\/?p=30134#breadcrumb\"},\"inLanguage\":\"es\",\"potentialAction\":[{\"@type\":\"ReadAction\",\"target\":[\"https:\\\/\\\/lospoliticosveracruz.com\\\/?p=30134\"]}]},{\"@type\":\"BreadcrumbList\",\"@id\":\"https:\\\/\\\/lospoliticosveracruz.com\\\/?p=30134#breadcrumb\",\"itemListElement\":[{\"@type\":\"ListItem\",\"position\":1,\"name\":\"Portada\",\"item\":\"https:\\\/\\\/lospoliticosveracruz.com\\\/\"},{\"@type\":\"ListItem\",\"position\":2,\"name\":\"CDE del PRI: Senadores deciden\"}]},{\"@type\":\"WebSite\",\"@id\":\"https:\\\/\\\/lospoliticosveracruz.com\\\/#website\",\"url\":\"https:\\\/\\\/lospoliticosveracruz.com\\\/\",\"name\":\"Los pol\u00edticos Veracruz\",\"description\":\"\",\"publisher\":{\"@id\":\"https:\\\/\\\/lospoliticosveracruz.com\\\/#organization\"},\"potentialAction\":[{\"@type\":\"SearchAction\",\"target\":{\"@type\":\"EntryPoint\",\"urlTemplate\":\"https:\\\/\\\/lospoliticosveracruz.com\\\/?s={search_term_string}\"},\"query-input\":{\"@type\":\"PropertyValueSpecification\",\"valueRequired\":true,\"valueName\":\"search_term_string\"}}],\"inLanguage\":\"es\"},{\"@type\":\"Organization\",\"@id\":\"https:\\\/\\\/lospoliticosveracruz.com\\\/#organization\",\"name\":\"Los pol\u00edticos Veracruz\",\"url\":\"https:\\\/\\\/lospoliticosveracruz.com\\\/\",\"logo\":{\"@type\":\"ImageObject\",\"inLanguage\":\"es\",\"@id\":\"https:\\\/\\\/lospoliticosveracruz.com\\\/#\\\/schema\\\/logo\\\/image\\\/\",\"url\":\"https:\\\/\\\/lospoliticosveracruz.com\\\/wp-content\\\/uploads\\\/2025\\\/12\\\/Logo-Nuevo-LOS-POLITICOS-1.jpg\",\"contentUrl\":\"https:\\\/\\\/lospoliticosveracruz.com\\\/wp-content\\\/uploads\\\/2025\\\/12\\\/Logo-Nuevo-LOS-POLITICOS-1.jpg\",\"width\":260,\"height\":70,\"caption\":\"Los pol\u00edticos Veracruz\"},\"image\":{\"@id\":\"https:\\\/\\\/lospoliticosveracruz.com\\\/#\\\/schema\\\/logo\\\/image\\\/\"},\"sameAs\":[\"https:\\\/\\\/www.facebook.com\\\/people\\\/Notimemes-de-los-Polticos\\\/61565672886568\\\/\",\"https:\\\/\\\/x.com\\\/LosPoliticosVer\"]},{\"@type\":\"Person\",\"@id\":\"https:\\\/\\\/lospoliticosveracruz.com\\\/#\\\/schema\\\/person\\\/b8702bb0e538456e6efd07080bf2a4a2\",\"name\":\"Lo viste en Los Pol\u00edticos\",\"image\":{\"@type\":\"ImageObject\",\"inLanguage\":\"es\",\"@id\":\"https:\\\/\\\/secure.gravatar.com\\\/avatar\\\/3a8de04a2656d44082be478bd6c086daa447c4651605818287b9532d3d0bd435?s=96&d=mm&r=g\",\"url\":\"https:\\\/\\\/secure.gravatar.com\\\/avatar\\\/3a8de04a2656d44082be478bd6c086daa447c4651605818287b9532d3d0bd435?s=96&d=mm&r=g\",\"contentUrl\":\"https:\\\/\\\/secure.gravatar.com\\\/avatar\\\/3a8de04a2656d44082be478bd6c086daa447c4651605818287b9532d3d0bd435?s=96&d=mm&r=g\",\"caption\":\"Lo viste en Los Pol\u00edticos\"},\"url\":\"https:\\\/\\\/lospoliticosveracruz.com\\\/?author=2\"}]}<\/script>\n<!-- \/ Yoast SEO plugin. -->","yoast_head_json":{"title":"CDE del PRI: Senadores deciden - Los pol\u00edticos Veracruz","robots":{"index":"index","follow":"follow","max-snippet":"max-snippet:-1","max-image-preview":"max-image-preview:large","max-video-preview":"max-video-preview:-1"},"canonical":"https:\/\/lospoliticosveracruz.com\/?p=30134","og_locale":"es_ES","og_type":"article","og_title":"CDE del PRI: Senadores deciden - Los pol\u00edticos Veracruz","og_description":"Salvador Mu\u00f1oz Los Pol\u00edticos\u00a0 Si fuera militante del PRI, apostar\u00eda para la dirigencia estatal a una mujer&#8230; aunque hay m\u00e1s apuestas por varones que por damas. As\u00ed, mientras unos citan a Marlon Ram\u00edrez, Silvio Lagos, Renato Alarc\u00f3n y Carlos Aceves Amezcua&#8230; bueno, \u00a1hasta a Am\u00e9rico Z\u00fa\u00f1iga!; otros citaron a Lorena Pi\u00f1\u00f3n y Erika Ayala R\u00edos&#8230; [&hellip;]","og_url":"https:\/\/lospoliticosveracruz.com\/?p=30134","og_site_name":"Los pol\u00edticos Veracruz","article_publisher":"https:\/\/www.facebook.com\/people\/Notimemes-de-los-Polticos\/61565672886568\/","article_published_time":"2017-01-11T06:12:18+00:00","og_image":[{"width":200,"height":200,"url":"https:\/\/lospoliticosveracruz.com\/wp-content\/uploads\/2016\/07\/Logo-Dor.jpg","type":"image\/jpeg"}],"author":"Lo viste en Los Pol\u00edticos","twitter_card":"summary_large_image","twitter_creator":"@LosPoliticosVer","twitter_site":"@LosPoliticosVer","twitter_misc":{"Escrito por":"Lo viste en Los Pol\u00edticos","Tiempo de lectura":"4 minutos"},"schema":{"@context":"https:\/\/schema.org","@graph":[{"@type":"Article","@id":"https:\/\/lospoliticosveracruz.com\/?p=30134#article","isPartOf":{"@id":"https:\/\/lospoliticosveracruz.com\/?p=30134"},"author":{"name":"Lo viste en Los Pol\u00edticos","@id":"https:\/\/lospoliticosveracruz.com\/#\/schema\/person\/b8702bb0e538456e6efd07080bf2a4a2"},"headline":"CDE del PRI: Senadores deciden","datePublished":"2017-01-11T06:12:18+00:00","mainEntityOfPage":{"@id":"https:\/\/lospoliticosveracruz.com\/?p=30134"},"wordCount":750,"commentCount":0,"publisher":{"@id":"https:\/\/lospoliticosveracruz.com\/#organization"},"keywords":["Am\u00e9rico Z\u00fa\u00f1iga","Carlos Aceves Amezcua","Erika Ayala R\u00edos","Lorena Pi\u00f1\u00f3n","Marlon Ram\u00edrez","Renato Alarc\u00f3n","Silvio Lagos"],"articleSection":["De Opini\u00f3n"],"inLanguage":"es","potentialAction":[{"@type":"CommentAction","name":"Comment","target":["https:\/\/lospoliticosveracruz.com\/?p=30134#respond"]}]},{"@type":"WebPage","@id":"https:\/\/lospoliticosveracruz.com\/?p=30134","url":"https:\/\/lospoliticosveracruz.com\/?p=30134","name":"CDE del PRI: Senadores deciden - Los pol\u00edticos Veracruz","isPartOf":{"@id":"https:\/\/lospoliticosveracruz.com\/#website"},"datePublished":"2017-01-11T06:12:18+00:00","breadcrumb":{"@id":"https:\/\/lospoliticosveracruz.com\/?p=30134#breadcrumb"},"inLanguage":"es","potentialAction":[{"@type":"ReadAction","target":["https:\/\/lospoliticosveracruz.com\/?p=30134"]}]},{"@type":"BreadcrumbList","@id":"https:\/\/lospoliticosveracruz.com\/?p=30134#breadcrumb","itemListElement":[{"@type":"ListItem","position":1,"name":"Portada","item":"https:\/\/lospoliticosveracruz.com\/"},{"@type":"ListItem","position":2,"name":"CDE del PRI: Senadores deciden"}]},{"@type":"WebSite","@id":"https:\/\/lospoliticosveracruz.com\/#website","url":"https:\/\/lospoliticosveracruz.com\/","name":"Los pol\u00edticos Veracruz","description":"","publisher":{"@id":"https:\/\/lospoliticosveracruz.com\/#organization"},"potentialAction":[{"@type":"SearchAction","target":{"@type":"EntryPoint","urlTemplate":"https:\/\/lospoliticosveracruz.com\/?s={search_term_string}"},"query-input":{"@type":"PropertyValueSpecification","valueRequired":true,"valueName":"search_term_string"}}],"inLanguage":"es"},{"@type":"Organization","@id":"https:\/\/lospoliticosveracruz.com\/#organization","name":"Los pol\u00edticos Veracruz","url":"https:\/\/lospoliticosveracruz.com\/","logo":{"@type":"ImageObject","inLanguage":"es","@id":"https:\/\/lospoliticosveracruz.com\/#\/schema\/logo\/image\/","url":"https:\/\/lospoliticosveracruz.com\/wp-content\/uploads\/2025\/12\/Logo-Nuevo-LOS-POLITICOS-1.jpg","contentUrl":"https:\/\/lospoliticosveracruz.com\/wp-content\/uploads\/2025\/12\/Logo-Nuevo-LOS-POLITICOS-1.jpg","width":260,"height":70,"caption":"Los pol\u00edticos Veracruz"},"image":{"@id":"https:\/\/lospoliticosveracruz.com\/#\/schema\/logo\/image\/"},"sameAs":["https:\/\/www.facebook.com\/people\/Notimemes-de-los-Polticos\/61565672886568\/","https:\/\/x.com\/LosPoliticosVer"]},{"@type":"Person","@id":"https:\/\/lospoliticosveracruz.com\/#\/schema\/person\/b8702bb0e538456e6efd07080bf2a4a2","name":"Lo viste en Los Pol\u00edticos","image":{"@type":"ImageObject","inLanguage":"es","@id":"https:\/\/secure.gravatar.com\/avatar\/3a8de04a2656d44082be478bd6c086daa447c4651605818287b9532d3d0bd435?s=96&d=mm&r=g","url":"https:\/\/secure.gravatar.com\/avatar\/3a8de04a2656d44082be478bd6c086daa447c4651605818287b9532d3d0bd435?s=96&d=mm&r=g","contentUrl":"https:\/\/secure.gravatar.com\/avatar\/3a8de04a2656d44082be478bd6c086daa447c4651605818287b9532d3d0bd435?s=96&d=mm&r=g","caption":"Lo viste en Los Pol\u00edticos"},"url":"https:\/\/lospoliticosveracruz.com\/?author=2"}]}},"_links":{"self":[{"href":"https:\/\/lospoliticosveracruz.com\/index.php?rest_route=\/wp\/v2\/posts\/30134","targetHints":{"allow":["GET"]}}],"collection":[{"href":"https:\/\/lospoliticosveracruz.com\/index.php?rest_route=\/wp\/v2\/posts"}],"about":[{"href":"https:\/\/lospoliticosveracruz.com\/index.php?rest_route=\/wp\/v2\/types\/post"}],"author":[{"embeddable":true,"href":"https:\/\/lospoliticosveracruz.com\/index.php?rest_route=\/wp\/v2\/users\/2"}],"replies":[{"embeddable":true,"href":"https:\/\/lospoliticosveracruz.com\/index.php?rest_route=%2Fwp%2Fv2%2Fcomments&post=30134"}],"version-history":[{"count":3,"href":"https:\/\/lospoliticosveracruz.com\/index.php?rest_route=\/wp\/v2\/posts\/30134\/revisions"}],"predecessor-version":[{"id":30149,"href":"https:\/\/lospoliticosveracruz.com\/index.php?rest_route=\/wp\/v2\/posts\/30134\/revisions\/30149"}],"wp:attachment":[{"href":"https:\/\/lospoliticosveracruz.com\/index.php?rest_route=%2Fwp%2Fv2%2Fmedia&parent=30134"}],"wp:term":[{"taxonomy":"category","embeddable":true,"href":"https:\/\/lospoliticosveracruz.com\/index.php?rest_route=%2Fwp%2Fv2%2Fcategories&post=30134"},{"taxonomy":"post_tag","embeddable":true,"href":"https:\/\/lospoliticosveracruz.com\/index.php?rest_route=%2Fwp%2Fv2%2Ftags&post=30134"}],"curies":[{"name":"wp","href":"https:\/\/api.w.org\/{rel}","templated":true}]}}