{"id":30348,"date":"2017-01-19T22:25:00","date_gmt":"2017-01-20T04:25:00","guid":{"rendered":"http:\/\/www.lospoliticosveracruz.com.mx\/?p=30348"},"modified":"2017-01-19T22:25:00","modified_gmt":"2017-01-20T04:25:00","slug":"los-terminos-de-la-alianza-pan-prd","status":"publish","type":"post","link":"https:\/\/lospoliticosveracruz.com\/?p=30348","title":{"rendered":"Los t\u00e9rminos de la alianza PAN-PRD"},"content":{"rendered":"<p class=\"x_m_-6993227093943608218MsoNoSpacing\"><strong>Luis Alberto Romero<\/strong><\/p>\n<p class=\"x_m_-6993227093943608218MsoNoSpacing\"><em>Hora Cero<\/em><\/p>\n<p class=\"x_m_-6993227093943608218MsoNoSpacing\">\n<p class=\"x_m_-6993227093943608218MsoNoSpacing\">\n<p class=\"x_m_-6993227093943608218MsoNoSpacing\">A pesar de que no ha sido registrada ante el \u00f3rgano electoral, la alianza entre los partidos Acci\u00f3n Nacional y de la Revoluci\u00f3n Democr\u00e1tica en Veracruz defini\u00f3 ya sus t\u00e9rminos; ser\u00e1 una coalici\u00f3n total; es decir, en los 212 municipios de la entidad, nos revelan fuentes internas del Sol Azteca.<\/p>\n<p class=\"x_m_-6993227093943608218MsoNoSpacing\">\n<p class=\"x_m_-6993227093943608218MsoNoSpacing\">Al margen de lo que ocurre en el caso del PAN, partido que ha registrado un crecimiento sostenido en la \u00faltima d\u00e9cada, el PRD ha visto como su militancia, y la votaci\u00f3n que obtiene en los procesos electorales, ha decrecido de forma significativa.<u><\/u><u><\/u><\/p>\n<p class=\"x_m_-6993227093943608218MsoNoSpacing\">Atr\u00e1s quedaron los d\u00edas en los que el partido fundado por Cuauht\u00e9moc C\u00e1rdenas Sol\u00f3rzano era la principal fuerza pol\u00edtica opositora al PRI en Veracruz; hoy, ese partido se ha desdibujado y ello se refleja en la p\u00e9rdida de votos y, por consiguiente, de prerrogativas.<u><\/u><u><\/u><\/p>\n<p class=\"x_m_-6993227093943608218MsoNoSpacing\">A pesar de ello, sin embargo, el perredismo ha logrado mantenerse vigente y hoy es gobierno en la entidad, junto con su circunstancial aliado, el Partido Acci\u00f3n Nacional.<u><\/u><u><\/u><\/p>\n<p class=\"x_m_-6993227093943608218MsoNoSpacing\">Pues bien, los t\u00e9rminos de la alianza PAN-PRD para las elecciones municipales del presente a\u00f1o ya quedaron definidos: el Sol Azteca decidir\u00e1 a los candidatos por 70 alcald\u00edas, entre las que destacan las de 12 de las 30 cabeceras distritales.<u><\/u><u><\/u><\/p>\n<p class=\"x_m_-6993227093943608218MsoNoSpacing\">En municipios como Xalapa, Poza Rica, Papantla, Minatitl\u00e1n, Cosoleacaque, Ciudad Mendoza, Santiago Tuxtla y Zongolica, los abanderados de la alianza ser\u00e1n definidos por el PRD. Por otro lado, hay casos como el de Pueblo Viejo, donde todav\u00eda no queda establecido el partido que ir\u00e1 al frente.<u><\/u><u><\/u><\/p>\n<p class=\"x_m_-6993227093943608218MsoNoSpacing\">No es una mala negociaci\u00f3n para el PRD, dado que actualmente dicho partido es gobierno, por as\u00ed decirlo, en 33 municipios de la entidad, de tal manera que existen altas probabilidades de que el incremento sea importante, al finalizar 2017, en cuanto al n\u00famero de ayuntamientos en las manos del partido que oficialmente encabeza Jes\u00fas Vel\u00e1zquez Flores, quien lleg\u00f3 a la dirigencia perredista al comenzar diciembre de 2016, luego del nombramiento del ex presidente del comit\u00e9 estatal, Rogelio Franco Cast\u00e1n.<u><\/u><u><\/u><\/p>\n<p class=\"x_m_-6993227093943608218MsoNoSpacing\">Hay que recordar que a pesar de que la votaci\u00f3n del partido no aument\u00f3 entre los procesos de 2013 y 2016, la presencia pol\u00edtica del PRD s\u00ed registra un repunte significativo: hoy, esa fuerza pol\u00edtica tiene peso en el gobierno estatal; por otra parte, su representaci\u00f3n en el poder legislativo de la entidad pas\u00f3 de uno a cinco legisladores locales.<u><\/u><u><\/u><\/p>\n<p class=\"x_m_-6993227093943608218MsoNoSpacing\">A prop\u00f3sito, al interior del PRD nos dicen que cuando el ex diputado local Vel\u00e1zquez Flores lleg\u00f3 a la dirigencia estatal de dicho partido pr\u00e1cticamente no encontr\u00f3 posibilidad de negociaci\u00f3n alguna, dado que su antecesor, Rogelio Franco, ya hab\u00eda dejado todo amarrado en cuanto a los t\u00e9rminos de la alianza.<u><\/u><u><\/u><\/p>\n<p class=\"x_m_-6993227093943608218MsoNoSpacing\">A estas alturas, cuando todav\u00eda no se registra la coalici\u00f3n PAN-PRD ante el Organismo P\u00fablico Local Electoral, ya s\u00f3lo faltan por definir los casos de una decena de candidaturas por municipios peque\u00f1os.<\/p>\n<p class=\"x_m_-6993227093943608218MsoNoSpacing\"><b>Cobaev, solidaridad con el Cecan<u><\/u><u><\/u><\/b><\/p>\n<p class=\"x_m_-6993227093943608218MsoNoSpacing\">Durante los recientes seis a\u00f1os, el Centro Estatal de Cancerolog\u00eda, que lo mismo incluye una cl\u00ednica del dolor y cuidados paliativos que las \u00e1reas oncom\u00e9dica, de oncopediatr\u00eda, psicolog\u00eda y tanatolog\u00eda, radioncolog\u00eda, cirug\u00eda y una unidad de cuidados intensivos, fue sumamente afectado en t\u00e9rminos presupuestales.<u><\/u><u><\/u><\/p>\n<p class=\"x_m_-6993227093943608218MsoNoSpacing\">Adem\u00e1s de las limitaciones en el tema de los recursos, el Cecan se ha enfrentado \u00a0recientemente al esc\u00e1ndalo derivado de los medicamentos clonados, agua destilada en vez de quimioterapia, durante la administraci\u00f3n de Javier Duarte.<u><\/u><u><\/u><\/p>\n<p class=\"x_m_-6993227093943608218MsoNoSpacing\">Sin embargo, el Cecan \u201cDoctor Miguel Dorantes Meza\u201d se mantiene al margen de dicho fraude, que no solo constituye un delito, sino tambi\u00e9n un crimen. Es decir, en ese lugar se realiza un trabajo digno de reconocimiento, que es muy superior a cualquier esc\u00e1ndalo por actos de corrupci\u00f3n.<u><\/u><u><\/u><\/p>\n<p class=\"x_m_-6993227093943608218MsoNoSpacing\">Ese trabajo que realiza el Cecan a favor de los pacientes de una de las enfermedades m\u00e1s temidas por la poblaci\u00f3n es impulsado no s\u00f3lo por el gobierno, a trav\u00e9s de la Secretar\u00eda de Salud, sino tambi\u00e9n por agrupaciones civiles que realizan donaciones, como Motor, Movi\u00e9ndonos Todos contra el C\u00e1ncer; C\u00e1ritas de Xalapa; y Ahteca, Ay\u00fadame Hermano, Tengo C\u00e1ncer, entre otras.<u><\/u><u><\/u><\/p>\n<p class=\"x_m_-6993227093943608218MsoNoSpacing\">Pues bien, a esas asociaciones que realizan donaciones peri\u00f3dicas al Cecan \u00a0se sum\u00f3 el Colegio de Bachilleres del Estado de Veracruz, Cobaev, que encabeza Abel P\u00e9rez Arciniega y que depende de la Secretar\u00eda de Educaci\u00f3n del estado.<u><\/u><u><\/u><\/p>\n<p class=\"x_m_-6993227093943608218MsoNoSpacing\">Los j\u00f3venes del Cobaev llevaron a efecto la campa\u00f1a \u201cRegalando Amor\u201d, con la finalidad de donar suplementos alimenticios al Centro Estatal de Cancerolog\u00eda, para que \u00e9ste pueda apoyar a los pacientes de escasos recursos.<u><\/u><u><\/u><\/p>\n<p class=\"x_m_-6993227093943608218MsoNoSpacing\">En el evento que se desarroll\u00f3 este jueves en las instalaciones del Centro, los estudiantes del Cobaev, impulsados por los directivos de la dependencia, donaron 3 mil 314 dosis de suplemento alimenticio \u201cEnsure\u201d, lo que equivale en t\u00e9rminos econ\u00f3micos a un aproximado de 150 mil pesos.<u><\/u><u><\/u><\/p>\n<p class=\"x_m_-6993227093943608218MsoNoSpacing\">El apoyo del Cobaev a las personas con dicho padecimiento no es lo \u00fanico importante; tambi\u00e9n lo es el hecho de que con esta medida se alienta y se cultiva la solidaridad de los j\u00f3venes y el apoyo a quienes se encuentran en desgracia. @luisromero85<\/p>\n","protected":false},"excerpt":{"rendered":"<p>Luis Alberto Romero Hora Cero A pesar de que no ha sido registrada ante el \u00f3rgano electoral, la alianza entre los partidos Acci\u00f3n Nacional y de la Revoluci\u00f3n Democr\u00e1tica en Veracruz defini\u00f3 ya sus t\u00e9rminos; ser\u00e1 una coalici\u00f3n total; es decir, en los 212 municipios de la entidad, nos revelan fuentes internas del Sol Azteca. [&hellip;]<\/p>\n","protected":false},"author":2,"featured_media":0,"comment_status":"open","ping_status":"open","sticky":false,"template":"","format":"standard","meta":{"tdm_status":"","tdm_grid_status":"","footnotes":""},"categories":[70],"tags":[297,2166,837,7232,7233,808],"class_list":{"0":"post-30348","1":"post","2":"type-post","3":"status-publish","4":"format-standard","6":"category-de-opinion","7":"tag-cecan","8":"tag-cobaev","9":"tag-cuauhtemoc-cardenas-solorzano","10":"tag-jesus-velazquez-flores","11":"tag-regalando-amor","12":"tag-rogelio-franco-castan"},"yoast_head":"<!-- This site is optimized with the Yoast SEO plugin v27.4 - https:\/\/yoast.com\/product\/yoast-seo-wordpress\/ -->\n<title>Los t\u00e9rminos de la alianza PAN-PRD - Los pol\u00edticos Veracruz<\/title>\n<meta name=\"robots\" content=\"index, follow, max-snippet:-1, max-image-preview:large, max-video-preview:-1\" \/>\n<link rel=\"canonical\" href=\"https:\/\/lospoliticosveracruz.com\/?p=30348\" \/>\n<meta property=\"og:locale\" content=\"es_ES\" \/>\n<meta property=\"og:type\" content=\"article\" \/>\n<meta property=\"og:title\" content=\"Los t\u00e9rminos de la alianza PAN-PRD - Los pol\u00edticos Veracruz\" \/>\n<meta property=\"og:description\" content=\"Luis Alberto Romero Hora Cero A pesar de que no ha sido registrada ante el \u00f3rgano electoral, la alianza entre los partidos Acci\u00f3n Nacional y de la Revoluci\u00f3n Democr\u00e1tica en Veracruz defini\u00f3 ya sus t\u00e9rminos; ser\u00e1 una coalici\u00f3n total; es decir, en los 212 municipios de la entidad, nos revelan fuentes internas del Sol Azteca. [&hellip;]\" \/>\n<meta property=\"og:url\" content=\"https:\/\/lospoliticosveracruz.com\/?p=30348\" \/>\n<meta property=\"og:site_name\" content=\"Los pol\u00edticos Veracruz\" \/>\n<meta property=\"article:publisher\" content=\"https:\/\/www.facebook.com\/people\/Notimemes-de-los-Polticos\/61565672886568\/\" \/>\n<meta property=\"article:published_time\" content=\"2017-01-20T04:25:00+00:00\" \/>\n<meta property=\"og:image\" content=\"https:\/\/lospoliticosveracruz.com\/wp-content\/uploads\/2016\/07\/Logo-Dor.jpg\" \/>\n\t<meta property=\"og:image:width\" content=\"200\" \/>\n\t<meta property=\"og:image:height\" content=\"200\" \/>\n\t<meta property=\"og:image:type\" content=\"image\/jpeg\" \/>\n<meta name=\"author\" content=\"Lo viste en Los Pol\u00edticos\" \/>\n<meta name=\"twitter:card\" content=\"summary_large_image\" \/>\n<meta name=\"twitter:creator\" content=\"@LosPoliticosVer\" \/>\n<meta name=\"twitter:site\" content=\"@LosPoliticosVer\" \/>\n<meta name=\"twitter:label1\" content=\"Escrito por\" \/>\n\t<meta name=\"twitter:data1\" content=\"Lo viste en Los Pol\u00edticos\" \/>\n\t<meta name=\"twitter:label2\" content=\"Tiempo de lectura\" \/>\n\t<meta name=\"twitter:data2\" content=\"5 minutos\" \/>\n<script type=\"application\/ld+json\" class=\"yoast-schema-graph\">{\"@context\":\"https:\\\/\\\/schema.org\",\"@graph\":[{\"@type\":\"Article\",\"@id\":\"https:\\\/\\\/lospoliticosveracruz.com\\\/?p=30348#article\",\"isPartOf\":{\"@id\":\"https:\\\/\\\/lospoliticosveracruz.com\\\/?p=30348\"},\"author\":{\"name\":\"Lo viste en Los Pol\u00edticos\",\"@id\":\"https:\\\/\\\/lospoliticosveracruz.com\\\/#\\\/schema\\\/person\\\/b8702bb0e538456e6efd07080bf2a4a2\"},\"headline\":\"Los t\u00e9rminos de la alianza PAN-PRD\",\"datePublished\":\"2017-01-20T04:25:00+00:00\",\"mainEntityOfPage\":{\"@id\":\"https:\\\/\\\/lospoliticosveracruz.com\\\/?p=30348\"},\"wordCount\":907,\"commentCount\":0,\"publisher\":{\"@id\":\"https:\\\/\\\/lospoliticosveracruz.com\\\/#organization\"},\"keywords\":[\"Cecan\",\"Cobaev\",\"Cuauht\u00e9moc C\u00e1rdenas Sol\u00f3rzano\",\"Jes\u00fas Vel\u00e1zquez Flores\",\"Regalando Amor\",\"Rogelio Franco Cast\u00e1n\"],\"articleSection\":[\"De Opini\u00f3n\"],\"inLanguage\":\"es\",\"potentialAction\":[{\"@type\":\"CommentAction\",\"name\":\"Comment\",\"target\":[\"https:\\\/\\\/lospoliticosveracruz.com\\\/?p=30348#respond\"]}]},{\"@type\":\"WebPage\",\"@id\":\"https:\\\/\\\/lospoliticosveracruz.com\\\/?p=30348\",\"url\":\"https:\\\/\\\/lospoliticosveracruz.com\\\/?p=30348\",\"name\":\"Los t\u00e9rminos de la alianza PAN-PRD - Los pol\u00edticos Veracruz\",\"isPartOf\":{\"@id\":\"https:\\\/\\\/lospoliticosveracruz.com\\\/#website\"},\"datePublished\":\"2017-01-20T04:25:00+00:00\",\"breadcrumb\":{\"@id\":\"https:\\\/\\\/lospoliticosveracruz.com\\\/?p=30348#breadcrumb\"},\"inLanguage\":\"es\",\"potentialAction\":[{\"@type\":\"ReadAction\",\"target\":[\"https:\\\/\\\/lospoliticosveracruz.com\\\/?p=30348\"]}]},{\"@type\":\"BreadcrumbList\",\"@id\":\"https:\\\/\\\/lospoliticosveracruz.com\\\/?p=30348#breadcrumb\",\"itemListElement\":[{\"@type\":\"ListItem\",\"position\":1,\"name\":\"Portada\",\"item\":\"https:\\\/\\\/lospoliticosveracruz.com\\\/\"},{\"@type\":\"ListItem\",\"position\":2,\"name\":\"Los t\u00e9rminos de la alianza PAN-PRD\"}]},{\"@type\":\"WebSite\",\"@id\":\"https:\\\/\\\/lospoliticosveracruz.com\\\/#website\",\"url\":\"https:\\\/\\\/lospoliticosveracruz.com\\\/\",\"name\":\"Los pol\u00edticos Veracruz\",\"description\":\"\",\"publisher\":{\"@id\":\"https:\\\/\\\/lospoliticosveracruz.com\\\/#organization\"},\"potentialAction\":[{\"@type\":\"SearchAction\",\"target\":{\"@type\":\"EntryPoint\",\"urlTemplate\":\"https:\\\/\\\/lospoliticosveracruz.com\\\/?s={search_term_string}\"},\"query-input\":{\"@type\":\"PropertyValueSpecification\",\"valueRequired\":true,\"valueName\":\"search_term_string\"}}],\"inLanguage\":\"es\"},{\"@type\":\"Organization\",\"@id\":\"https:\\\/\\\/lospoliticosveracruz.com\\\/#organization\",\"name\":\"Los pol\u00edticos Veracruz\",\"url\":\"https:\\\/\\\/lospoliticosveracruz.com\\\/\",\"logo\":{\"@type\":\"ImageObject\",\"inLanguage\":\"es\",\"@id\":\"https:\\\/\\\/lospoliticosveracruz.com\\\/#\\\/schema\\\/logo\\\/image\\\/\",\"url\":\"https:\\\/\\\/lospoliticosveracruz.com\\\/wp-content\\\/uploads\\\/2025\\\/12\\\/Logo-Nuevo-LOS-POLITICOS-1.jpg\",\"contentUrl\":\"https:\\\/\\\/lospoliticosveracruz.com\\\/wp-content\\\/uploads\\\/2025\\\/12\\\/Logo-Nuevo-LOS-POLITICOS-1.jpg\",\"width\":260,\"height\":70,\"caption\":\"Los pol\u00edticos Veracruz\"},\"image\":{\"@id\":\"https:\\\/\\\/lospoliticosveracruz.com\\\/#\\\/schema\\\/logo\\\/image\\\/\"},\"sameAs\":[\"https:\\\/\\\/www.facebook.com\\\/people\\\/Notimemes-de-los-Polticos\\\/61565672886568\\\/\",\"https:\\\/\\\/x.com\\\/LosPoliticosVer\"]},{\"@type\":\"Person\",\"@id\":\"https:\\\/\\\/lospoliticosveracruz.com\\\/#\\\/schema\\\/person\\\/b8702bb0e538456e6efd07080bf2a4a2\",\"name\":\"Lo viste en Los Pol\u00edticos\",\"image\":{\"@type\":\"ImageObject\",\"inLanguage\":\"es\",\"@id\":\"https:\\\/\\\/secure.gravatar.com\\\/avatar\\\/3a8de04a2656d44082be478bd6c086daa447c4651605818287b9532d3d0bd435?s=96&d=mm&r=g\",\"url\":\"https:\\\/\\\/secure.gravatar.com\\\/avatar\\\/3a8de04a2656d44082be478bd6c086daa447c4651605818287b9532d3d0bd435?s=96&d=mm&r=g\",\"contentUrl\":\"https:\\\/\\\/secure.gravatar.com\\\/avatar\\\/3a8de04a2656d44082be478bd6c086daa447c4651605818287b9532d3d0bd435?s=96&d=mm&r=g\",\"caption\":\"Lo viste en Los Pol\u00edticos\"},\"url\":\"https:\\\/\\\/lospoliticosveracruz.com\\\/?author=2\"}]}<\/script>\n<!-- \/ Yoast SEO plugin. -->","yoast_head_json":{"title":"Los t\u00e9rminos de la alianza PAN-PRD - Los pol\u00edticos Veracruz","robots":{"index":"index","follow":"follow","max-snippet":"max-snippet:-1","max-image-preview":"max-image-preview:large","max-video-preview":"max-video-preview:-1"},"canonical":"https:\/\/lospoliticosveracruz.com\/?p=30348","og_locale":"es_ES","og_type":"article","og_title":"Los t\u00e9rminos de la alianza PAN-PRD - Los pol\u00edticos Veracruz","og_description":"Luis Alberto Romero Hora Cero A pesar de que no ha sido registrada ante el \u00f3rgano electoral, la alianza entre los partidos Acci\u00f3n Nacional y de la Revoluci\u00f3n Democr\u00e1tica en Veracruz defini\u00f3 ya sus t\u00e9rminos; ser\u00e1 una coalici\u00f3n total; es decir, en los 212 municipios de la entidad, nos revelan fuentes internas del Sol Azteca. [&hellip;]","og_url":"https:\/\/lospoliticosveracruz.com\/?p=30348","og_site_name":"Los pol\u00edticos Veracruz","article_publisher":"https:\/\/www.facebook.com\/people\/Notimemes-de-los-Polticos\/61565672886568\/","article_published_time":"2017-01-20T04:25:00+00:00","og_image":[{"width":200,"height":200,"url":"https:\/\/lospoliticosveracruz.com\/wp-content\/uploads\/2016\/07\/Logo-Dor.jpg","type":"image\/jpeg"}],"author":"Lo viste en Los Pol\u00edticos","twitter_card":"summary_large_image","twitter_creator":"@LosPoliticosVer","twitter_site":"@LosPoliticosVer","twitter_misc":{"Escrito por":"Lo viste en Los Pol\u00edticos","Tiempo de lectura":"5 minutos"},"schema":{"@context":"https:\/\/schema.org","@graph":[{"@type":"Article","@id":"https:\/\/lospoliticosveracruz.com\/?p=30348#article","isPartOf":{"@id":"https:\/\/lospoliticosveracruz.com\/?p=30348"},"author":{"name":"Lo viste en Los Pol\u00edticos","@id":"https:\/\/lospoliticosveracruz.com\/#\/schema\/person\/b8702bb0e538456e6efd07080bf2a4a2"},"headline":"Los t\u00e9rminos de la alianza PAN-PRD","datePublished":"2017-01-20T04:25:00+00:00","mainEntityOfPage":{"@id":"https:\/\/lospoliticosveracruz.com\/?p=30348"},"wordCount":907,"commentCount":0,"publisher":{"@id":"https:\/\/lospoliticosveracruz.com\/#organization"},"keywords":["Cecan","Cobaev","Cuauht\u00e9moc C\u00e1rdenas Sol\u00f3rzano","Jes\u00fas Vel\u00e1zquez Flores","Regalando Amor","Rogelio Franco Cast\u00e1n"],"articleSection":["De Opini\u00f3n"],"inLanguage":"es","potentialAction":[{"@type":"CommentAction","name":"Comment","target":["https:\/\/lospoliticosveracruz.com\/?p=30348#respond"]}]},{"@type":"WebPage","@id":"https:\/\/lospoliticosveracruz.com\/?p=30348","url":"https:\/\/lospoliticosveracruz.com\/?p=30348","name":"Los t\u00e9rminos de la alianza PAN-PRD - Los pol\u00edticos Veracruz","isPartOf":{"@id":"https:\/\/lospoliticosveracruz.com\/#website"},"datePublished":"2017-01-20T04:25:00+00:00","breadcrumb":{"@id":"https:\/\/lospoliticosveracruz.com\/?p=30348#breadcrumb"},"inLanguage":"es","potentialAction":[{"@type":"ReadAction","target":["https:\/\/lospoliticosveracruz.com\/?p=30348"]}]},{"@type":"BreadcrumbList","@id":"https:\/\/lospoliticosveracruz.com\/?p=30348#breadcrumb","itemListElement":[{"@type":"ListItem","position":1,"name":"Portada","item":"https:\/\/lospoliticosveracruz.com\/"},{"@type":"ListItem","position":2,"name":"Los t\u00e9rminos de la alianza PAN-PRD"}]},{"@type":"WebSite","@id":"https:\/\/lospoliticosveracruz.com\/#website","url":"https:\/\/lospoliticosveracruz.com\/","name":"Los pol\u00edticos Veracruz","description":"","publisher":{"@id":"https:\/\/lospoliticosveracruz.com\/#organization"},"potentialAction":[{"@type":"SearchAction","target":{"@type":"EntryPoint","urlTemplate":"https:\/\/lospoliticosveracruz.com\/?s={search_term_string}"},"query-input":{"@type":"PropertyValueSpecification","valueRequired":true,"valueName":"search_term_string"}}],"inLanguage":"es"},{"@type":"Organization","@id":"https:\/\/lospoliticosveracruz.com\/#organization","name":"Los pol\u00edticos Veracruz","url":"https:\/\/lospoliticosveracruz.com\/","logo":{"@type":"ImageObject","inLanguage":"es","@id":"https:\/\/lospoliticosveracruz.com\/#\/schema\/logo\/image\/","url":"https:\/\/lospoliticosveracruz.com\/wp-content\/uploads\/2025\/12\/Logo-Nuevo-LOS-POLITICOS-1.jpg","contentUrl":"https:\/\/lospoliticosveracruz.com\/wp-content\/uploads\/2025\/12\/Logo-Nuevo-LOS-POLITICOS-1.jpg","width":260,"height":70,"caption":"Los pol\u00edticos Veracruz"},"image":{"@id":"https:\/\/lospoliticosveracruz.com\/#\/schema\/logo\/image\/"},"sameAs":["https:\/\/www.facebook.com\/people\/Notimemes-de-los-Polticos\/61565672886568\/","https:\/\/x.com\/LosPoliticosVer"]},{"@type":"Person","@id":"https:\/\/lospoliticosveracruz.com\/#\/schema\/person\/b8702bb0e538456e6efd07080bf2a4a2","name":"Lo viste en Los Pol\u00edticos","image":{"@type":"ImageObject","inLanguage":"es","@id":"https:\/\/secure.gravatar.com\/avatar\/3a8de04a2656d44082be478bd6c086daa447c4651605818287b9532d3d0bd435?s=96&d=mm&r=g","url":"https:\/\/secure.gravatar.com\/avatar\/3a8de04a2656d44082be478bd6c086daa447c4651605818287b9532d3d0bd435?s=96&d=mm&r=g","contentUrl":"https:\/\/secure.gravatar.com\/avatar\/3a8de04a2656d44082be478bd6c086daa447c4651605818287b9532d3d0bd435?s=96&d=mm&r=g","caption":"Lo viste en Los Pol\u00edticos"},"url":"https:\/\/lospoliticosveracruz.com\/?author=2"}]}},"_links":{"self":[{"href":"https:\/\/lospoliticosveracruz.com\/index.php?rest_route=\/wp\/v2\/posts\/30348","targetHints":{"allow":["GET"]}}],"collection":[{"href":"https:\/\/lospoliticosveracruz.com\/index.php?rest_route=\/wp\/v2\/posts"}],"about":[{"href":"https:\/\/lospoliticosveracruz.com\/index.php?rest_route=\/wp\/v2\/types\/post"}],"author":[{"embeddable":true,"href":"https:\/\/lospoliticosveracruz.com\/index.php?rest_route=\/wp\/v2\/users\/2"}],"replies":[{"embeddable":true,"href":"https:\/\/lospoliticosveracruz.com\/index.php?rest_route=%2Fwp%2Fv2%2Fcomments&post=30348"}],"version-history":[{"count":1,"href":"https:\/\/lospoliticosveracruz.com\/index.php?rest_route=\/wp\/v2\/posts\/30348\/revisions"}],"predecessor-version":[{"id":30349,"href":"https:\/\/lospoliticosveracruz.com\/index.php?rest_route=\/wp\/v2\/posts\/30348\/revisions\/30349"}],"wp:attachment":[{"href":"https:\/\/lospoliticosveracruz.com\/index.php?rest_route=%2Fwp%2Fv2%2Fmedia&parent=30348"}],"wp:term":[{"taxonomy":"category","embeddable":true,"href":"https:\/\/lospoliticosveracruz.com\/index.php?rest_route=%2Fwp%2Fv2%2Fcategories&post=30348"},{"taxonomy":"post_tag","embeddable":true,"href":"https:\/\/lospoliticosveracruz.com\/index.php?rest_route=%2Fwp%2Fv2%2Ftags&post=30348"}],"curies":[{"name":"wp","href":"https:\/\/api.w.org\/{rel}","templated":true}]}}