{"id":30372,"date":"2017-01-22T23:18:05","date_gmt":"2017-01-23T05:18:05","guid":{"rendered":"http:\/\/www.lospoliticosveracruz.com.mx\/?p=30372"},"modified":"2017-01-22T23:18:05","modified_gmt":"2017-01-23T05:18:05","slug":"fidel-y-miguel","status":"publish","type":"post","link":"https:\/\/lospoliticosveracruz.com\/?p=30372","title":{"rendered":"Fidel y Miguel"},"content":{"rendered":"<p><strong>Salvador Mu\u00f1oz<\/strong><\/p>\n<p><em>Los Pol\u00edticos<\/em><\/p>\n<p>&nbsp;<\/p>\n<p>Si el objetivo de Fidel Herrera Beltr\u00e1n era llamar la atenci\u00f3n, \u00a1lo logr\u00f3! Uno a uno (hasta yo), fuimos entrando al aro ante la renuncia del veracruzano al consulado de Barcelona y empezaron a llover los motivos y causas que originaron la decisi\u00f3n del oriundo de Nopaltepec&#8230;<\/p>\n<p>Fidel Herrera es un pol\u00edtico que despierta lo mismo filias que fobias, y m\u00e1s en las redes sociales, recept\u00e1culo de mieles aunque m\u00e1s de hieles. \u00a1Vamos! El hecho de que se haya ubicado en cuesti\u00f3n de horas como \u201cTrending Topic\u201d en Twitter (es decir, Tema del momento), indica que sacudi\u00f3 a m\u00e1s de uno, fuera para bien o para mal.<\/p>\n<p>Hay quienes consideran que su \u201crenuncia\u201d es con motivo de la denuncia que se hizo en Veracruz en el caso de los medicamentos clonados. En entrevista que dio a \u00c9dgar \u00c1vila P\u00e9rez, corresponsal de <em>El<\/em> <em>Universal<\/em>, menciona que llega a Veracruz, donde ha de tener su domicilio, para atender a las autoridades en caso de ser requerido.<\/p>\n<p>\u00a1Ojo! Porque de inmediato, quien alz\u00f3 la mano fue Jorge Reyes Peralta, quien desde su cuenta de twitter asume la defensa del de Nopaltepec. Curioso, pero todo indica que nuevamente ha de chocar con Jorge Winckler (ahora como Fiscal) en otro caso.<\/p>\n<p>Claro, pero si se da este encuentro entre Reyes Peralta y Winckler Ortiz, j\u00farelo que ser\u00e1 algo as\u00ed como una pelea para calentar arena, porque el verdadero encuentro, la estelar de la noche, ha de ser \u201cEl Perro\u201d vs \u201cLa Nauyaca\u201d, si habl\u00e1ramos en t\u00e9rminos encordonados, pero en lenguaje llano y simple ser\u00eda Yunes contra Fidel.<\/p>\n<p>II<\/p>\n<p>(Dato curioso con respecto a los medicamentos clonados: El 23 de mayo del 2016 circul\u00f3 un video donde supuestamente a Nemi Dib le roban su cartera dentro del restaurante Asado y Tinto. Un mes despu\u00e9s, volvi\u00f3 al restaurante donde en un privado, comi\u00f3 con el propietario. \u00bfDe qu\u00e9 hablaron? S\u00f3lo ellos lo saben. Baste recordar nom\u00e1s que el due\u00f1o de este restaurante, Andr\u00e9s Beceiro Delf\u00edn, es una de las piezas claves [in]directa de las acusaciones que hizo el ex titular de Salud contra el ex administrativo de esa secretar\u00eda, Ricardo Sandoval. Siendo fr\u00edos y sin ismos, tanto Ricardo Sandoval como Andr\u00e9s Beceiro vienen siendo los hilos m\u00e1s delgados&#8230; el resto, nom\u00e1s para hacer esc\u00e1ndalo)<\/p>\n<p>III<\/p>\n<p>\u201cHacer pol\u00edtica interna\u201d. As\u00ed advierte Fidel Herrera Beltr\u00e1n que ser\u00e1 parte de su regreso a tierras veracruzanas&#8230; \u00bfo mexicanas?<\/p>\n<p>Hay que recordar que el \u00faltimo \u201ctrabajo\u201d que tuvo Fidel Herrera antes de emigrar a Europa fue como delegado del PRI en Oaxaca&#8230; \u00bfc\u00f3mo le fue en las elecciones de ese estado en 2016? Nada mal: 15 curules para el PRI; cuatro para el PRD, y tres para el PAN y otras 3 para Morena. \u00a1Ah! Y recuper\u00f3 para el PRI Oaxaca con su cuasi sobrino Alejandro Murat Hinojosa. En pocas palabras, al menos para el Revolucionario Institucional, Fidel Herrera es un activo con excelentes resultados&#8230; y ojo, porque vienen elecciones en este a\u00f1o en cuatro estados: Coahuila, Nayarit, Estado de M\u00e9xico y Veracruz. \u00bfEn qu\u00e9 estado creen que a Los Pinos o al CEN del PRI les interesar\u00eda tener al estratega pol\u00edtico de Nopaltepec?<\/p>\n<p>S\u00ed, yo tambi\u00e9n supongo eso.<\/p>\n<p>IV<\/p>\n<p>Este texto, se advierte, parte s\u00f3lo de la observaci\u00f3n que se da en el ajedrez pol\u00edtico de Veracruz y M\u00e9xico&#8230; aunque yo prefiera Damas Chinas o Inglesas&#8230; pero si hay elecciones en Nayarit, supongo que Manuel Cota Jim\u00e9nez ha de solicitar licencia como senador. En donde tengo serias dudas en con respecto a su cargo como titular de la CNC nacional&#8230; entiendo que igual, debe de dejar ese puesto y ah\u00ed es donde tengo otra duda: \u00bfFidel Herrera Beltr\u00e1n para la CNC nacional? \u00a1H\u00edjole! Hay que recordar que otro veracruzano suena para el mismo cargo: Juan Carlos Molina Palacios. Bueno, nom\u00e1s quer\u00eda aventar la moneda al aire&#8230; y esperar que, al menos, con el regreso de Fidel Herrera Beltr\u00e1n, los priistas despierten de su estado de shock&#8230; al final, es posible que en el escenario pol\u00edtico, Yunes Linares haya invocado el regreso, de manera subconsciente a alguien igual que \u00e9l. El riesgo de odiar tanto a tu enemigo, es convertirte en tu enemigo.<\/p>\n<p>smcainito@gmail.com<\/p>\n<p>&nbsp;<\/p>\n","protected":false},"excerpt":{"rendered":"<p>Salvador Mu\u00f1oz Los Pol\u00edticos &nbsp; Si el objetivo de Fidel Herrera Beltr\u00e1n era llamar la atenci\u00f3n, \u00a1lo logr\u00f3! Uno a uno (hasta yo), fuimos entrando al aro ante la renuncia del veracruzano al consulado de Barcelona y empezaron a llover los motivos y causas que originaron la decisi\u00f3n del oriundo de Nopaltepec&#8230; Fidel Herrera es [&hellip;]<\/p>\n","protected":false},"author":2,"featured_media":0,"comment_status":"open","ping_status":"open","sticky":false,"template":"","format":"standard","meta":{"tdm_status":"","tdm_grid_status":"","footnotes":""},"categories":[70],"tags":[79,7250,996,428,1215],"class_list":{"0":"post-30372","1":"post","2":"type-post","3":"status-publish","4":"format-standard","6":"category-de-opinion","7":"tag-fidel-herrera","8":"tag-jorge-reyes-peralta","9":"tag-juan-antonio-nemi-dib","10":"tag-miguel-angel-yunes-linares","11":"tag-oaxaca"},"yoast_head":"<!-- This site is optimized with the Yoast SEO plugin v27.4 - https:\/\/yoast.com\/product\/yoast-seo-wordpress\/ -->\n<title>Fidel y Miguel - Los pol\u00edticos Veracruz<\/title>\n<meta name=\"robots\" content=\"index, follow, max-snippet:-1, max-image-preview:large, max-video-preview:-1\" \/>\n<link rel=\"canonical\" href=\"https:\/\/lospoliticosveracruz.com\/?p=30372\" \/>\n<meta property=\"og:locale\" content=\"es_ES\" \/>\n<meta property=\"og:type\" content=\"article\" \/>\n<meta property=\"og:title\" content=\"Fidel y Miguel - Los pol\u00edticos Veracruz\" \/>\n<meta property=\"og:description\" content=\"Salvador Mu\u00f1oz Los Pol\u00edticos &nbsp; Si el objetivo de Fidel Herrera Beltr\u00e1n era llamar la atenci\u00f3n, \u00a1lo logr\u00f3! Uno a uno (hasta yo), fuimos entrando al aro ante la renuncia del veracruzano al consulado de Barcelona y empezaron a llover los motivos y causas que originaron la decisi\u00f3n del oriundo de Nopaltepec&#8230; Fidel Herrera es [&hellip;]\" \/>\n<meta property=\"og:url\" content=\"https:\/\/lospoliticosveracruz.com\/?p=30372\" \/>\n<meta property=\"og:site_name\" content=\"Los pol\u00edticos Veracruz\" \/>\n<meta property=\"article:publisher\" content=\"https:\/\/www.facebook.com\/people\/Notimemes-de-los-Polticos\/61565672886568\/\" \/>\n<meta property=\"article:published_time\" content=\"2017-01-23T05:18:05+00:00\" \/>\n<meta property=\"og:image\" content=\"https:\/\/lospoliticosveracruz.com\/wp-content\/uploads\/2016\/07\/Logo-Dor.jpg\" \/>\n\t<meta property=\"og:image:width\" content=\"200\" \/>\n\t<meta property=\"og:image:height\" content=\"200\" \/>\n\t<meta property=\"og:image:type\" content=\"image\/jpeg\" \/>\n<meta name=\"author\" content=\"Lo viste en Los Pol\u00edticos\" \/>\n<meta name=\"twitter:card\" content=\"summary_large_image\" \/>\n<meta name=\"twitter:creator\" content=\"@LosPoliticosVer\" \/>\n<meta name=\"twitter:site\" content=\"@LosPoliticosVer\" \/>\n<meta name=\"twitter:label1\" content=\"Escrito por\" \/>\n\t<meta name=\"twitter:data1\" content=\"Lo viste en Los Pol\u00edticos\" \/>\n\t<meta name=\"twitter:label2\" content=\"Tiempo de lectura\" \/>\n\t<meta name=\"twitter:data2\" content=\"4 minutos\" \/>\n<script type=\"application\/ld+json\" class=\"yoast-schema-graph\">{\"@context\":\"https:\\\/\\\/schema.org\",\"@graph\":[{\"@type\":\"Article\",\"@id\":\"https:\\\/\\\/lospoliticosveracruz.com\\\/?p=30372#article\",\"isPartOf\":{\"@id\":\"https:\\\/\\\/lospoliticosveracruz.com\\\/?p=30372\"},\"author\":{\"name\":\"Lo viste en Los Pol\u00edticos\",\"@id\":\"https:\\\/\\\/lospoliticosveracruz.com\\\/#\\\/schema\\\/person\\\/b8702bb0e538456e6efd07080bf2a4a2\"},\"headline\":\"Fidel y Miguel\",\"datePublished\":\"2017-01-23T05:18:05+00:00\",\"mainEntityOfPage\":{\"@id\":\"https:\\\/\\\/lospoliticosveracruz.com\\\/?p=30372\"},\"wordCount\":746,\"commentCount\":0,\"publisher\":{\"@id\":\"https:\\\/\\\/lospoliticosveracruz.com\\\/#organization\"},\"keywords\":[\"Fidel Herrera\",\"Jorge Reyes Peralta\",\"Juan Antonio Nemi Dib\",\"Miguel Angel Yunes Linares\",\"Oaxaca\"],\"articleSection\":[\"De Opini\u00f3n\"],\"inLanguage\":\"es\",\"potentialAction\":[{\"@type\":\"CommentAction\",\"name\":\"Comment\",\"target\":[\"https:\\\/\\\/lospoliticosveracruz.com\\\/?p=30372#respond\"]}]},{\"@type\":\"WebPage\",\"@id\":\"https:\\\/\\\/lospoliticosveracruz.com\\\/?p=30372\",\"url\":\"https:\\\/\\\/lospoliticosveracruz.com\\\/?p=30372\",\"name\":\"Fidel y Miguel - Los pol\u00edticos Veracruz\",\"isPartOf\":{\"@id\":\"https:\\\/\\\/lospoliticosveracruz.com\\\/#website\"},\"datePublished\":\"2017-01-23T05:18:05+00:00\",\"breadcrumb\":{\"@id\":\"https:\\\/\\\/lospoliticosveracruz.com\\\/?p=30372#breadcrumb\"},\"inLanguage\":\"es\",\"potentialAction\":[{\"@type\":\"ReadAction\",\"target\":[\"https:\\\/\\\/lospoliticosveracruz.com\\\/?p=30372\"]}]},{\"@type\":\"BreadcrumbList\",\"@id\":\"https:\\\/\\\/lospoliticosveracruz.com\\\/?p=30372#breadcrumb\",\"itemListElement\":[{\"@type\":\"ListItem\",\"position\":1,\"name\":\"Portada\",\"item\":\"https:\\\/\\\/lospoliticosveracruz.com\\\/\"},{\"@type\":\"ListItem\",\"position\":2,\"name\":\"Fidel y Miguel\"}]},{\"@type\":\"WebSite\",\"@id\":\"https:\\\/\\\/lospoliticosveracruz.com\\\/#website\",\"url\":\"https:\\\/\\\/lospoliticosveracruz.com\\\/\",\"name\":\"Los pol\u00edticos Veracruz\",\"description\":\"\",\"publisher\":{\"@id\":\"https:\\\/\\\/lospoliticosveracruz.com\\\/#organization\"},\"potentialAction\":[{\"@type\":\"SearchAction\",\"target\":{\"@type\":\"EntryPoint\",\"urlTemplate\":\"https:\\\/\\\/lospoliticosveracruz.com\\\/?s={search_term_string}\"},\"query-input\":{\"@type\":\"PropertyValueSpecification\",\"valueRequired\":true,\"valueName\":\"search_term_string\"}}],\"inLanguage\":\"es\"},{\"@type\":\"Organization\",\"@id\":\"https:\\\/\\\/lospoliticosveracruz.com\\\/#organization\",\"name\":\"Los pol\u00edticos Veracruz\",\"url\":\"https:\\\/\\\/lospoliticosveracruz.com\\\/\",\"logo\":{\"@type\":\"ImageObject\",\"inLanguage\":\"es\",\"@id\":\"https:\\\/\\\/lospoliticosveracruz.com\\\/#\\\/schema\\\/logo\\\/image\\\/\",\"url\":\"https:\\\/\\\/lospoliticosveracruz.com\\\/wp-content\\\/uploads\\\/2025\\\/12\\\/Logo-Nuevo-LOS-POLITICOS-1.jpg\",\"contentUrl\":\"https:\\\/\\\/lospoliticosveracruz.com\\\/wp-content\\\/uploads\\\/2025\\\/12\\\/Logo-Nuevo-LOS-POLITICOS-1.jpg\",\"width\":260,\"height\":70,\"caption\":\"Los pol\u00edticos Veracruz\"},\"image\":{\"@id\":\"https:\\\/\\\/lospoliticosveracruz.com\\\/#\\\/schema\\\/logo\\\/image\\\/\"},\"sameAs\":[\"https:\\\/\\\/www.facebook.com\\\/people\\\/Notimemes-de-los-Polticos\\\/61565672886568\\\/\",\"https:\\\/\\\/x.com\\\/LosPoliticosVer\"]},{\"@type\":\"Person\",\"@id\":\"https:\\\/\\\/lospoliticosveracruz.com\\\/#\\\/schema\\\/person\\\/b8702bb0e538456e6efd07080bf2a4a2\",\"name\":\"Lo viste en Los Pol\u00edticos\",\"image\":{\"@type\":\"ImageObject\",\"inLanguage\":\"es\",\"@id\":\"https:\\\/\\\/secure.gravatar.com\\\/avatar\\\/3a8de04a2656d44082be478bd6c086daa447c4651605818287b9532d3d0bd435?s=96&d=mm&r=g\",\"url\":\"https:\\\/\\\/secure.gravatar.com\\\/avatar\\\/3a8de04a2656d44082be478bd6c086daa447c4651605818287b9532d3d0bd435?s=96&d=mm&r=g\",\"contentUrl\":\"https:\\\/\\\/secure.gravatar.com\\\/avatar\\\/3a8de04a2656d44082be478bd6c086daa447c4651605818287b9532d3d0bd435?s=96&d=mm&r=g\",\"caption\":\"Lo viste en Los Pol\u00edticos\"},\"url\":\"https:\\\/\\\/lospoliticosveracruz.com\\\/?author=2\"}]}<\/script>\n<!-- \/ Yoast SEO plugin. -->","yoast_head_json":{"title":"Fidel y Miguel - Los pol\u00edticos Veracruz","robots":{"index":"index","follow":"follow","max-snippet":"max-snippet:-1","max-image-preview":"max-image-preview:large","max-video-preview":"max-video-preview:-1"},"canonical":"https:\/\/lospoliticosveracruz.com\/?p=30372","og_locale":"es_ES","og_type":"article","og_title":"Fidel y Miguel - Los pol\u00edticos Veracruz","og_description":"Salvador Mu\u00f1oz Los Pol\u00edticos &nbsp; Si el objetivo de Fidel Herrera Beltr\u00e1n era llamar la atenci\u00f3n, \u00a1lo logr\u00f3! Uno a uno (hasta yo), fuimos entrando al aro ante la renuncia del veracruzano al consulado de Barcelona y empezaron a llover los motivos y causas que originaron la decisi\u00f3n del oriundo de Nopaltepec&#8230; Fidel Herrera es [&hellip;]","og_url":"https:\/\/lospoliticosveracruz.com\/?p=30372","og_site_name":"Los pol\u00edticos Veracruz","article_publisher":"https:\/\/www.facebook.com\/people\/Notimemes-de-los-Polticos\/61565672886568\/","article_published_time":"2017-01-23T05:18:05+00:00","og_image":[{"width":200,"height":200,"url":"https:\/\/lospoliticosveracruz.com\/wp-content\/uploads\/2016\/07\/Logo-Dor.jpg","type":"image\/jpeg"}],"author":"Lo viste en Los Pol\u00edticos","twitter_card":"summary_large_image","twitter_creator":"@LosPoliticosVer","twitter_site":"@LosPoliticosVer","twitter_misc":{"Escrito por":"Lo viste en Los Pol\u00edticos","Tiempo de lectura":"4 minutos"},"schema":{"@context":"https:\/\/schema.org","@graph":[{"@type":"Article","@id":"https:\/\/lospoliticosveracruz.com\/?p=30372#article","isPartOf":{"@id":"https:\/\/lospoliticosveracruz.com\/?p=30372"},"author":{"name":"Lo viste en Los Pol\u00edticos","@id":"https:\/\/lospoliticosveracruz.com\/#\/schema\/person\/b8702bb0e538456e6efd07080bf2a4a2"},"headline":"Fidel y Miguel","datePublished":"2017-01-23T05:18:05+00:00","mainEntityOfPage":{"@id":"https:\/\/lospoliticosveracruz.com\/?p=30372"},"wordCount":746,"commentCount":0,"publisher":{"@id":"https:\/\/lospoliticosveracruz.com\/#organization"},"keywords":["Fidel Herrera","Jorge Reyes Peralta","Juan Antonio Nemi Dib","Miguel Angel Yunes Linares","Oaxaca"],"articleSection":["De Opini\u00f3n"],"inLanguage":"es","potentialAction":[{"@type":"CommentAction","name":"Comment","target":["https:\/\/lospoliticosveracruz.com\/?p=30372#respond"]}]},{"@type":"WebPage","@id":"https:\/\/lospoliticosveracruz.com\/?p=30372","url":"https:\/\/lospoliticosveracruz.com\/?p=30372","name":"Fidel y Miguel - Los pol\u00edticos Veracruz","isPartOf":{"@id":"https:\/\/lospoliticosveracruz.com\/#website"},"datePublished":"2017-01-23T05:18:05+00:00","breadcrumb":{"@id":"https:\/\/lospoliticosveracruz.com\/?p=30372#breadcrumb"},"inLanguage":"es","potentialAction":[{"@type":"ReadAction","target":["https:\/\/lospoliticosveracruz.com\/?p=30372"]}]},{"@type":"BreadcrumbList","@id":"https:\/\/lospoliticosveracruz.com\/?p=30372#breadcrumb","itemListElement":[{"@type":"ListItem","position":1,"name":"Portada","item":"https:\/\/lospoliticosveracruz.com\/"},{"@type":"ListItem","position":2,"name":"Fidel y Miguel"}]},{"@type":"WebSite","@id":"https:\/\/lospoliticosveracruz.com\/#website","url":"https:\/\/lospoliticosveracruz.com\/","name":"Los pol\u00edticos Veracruz","description":"","publisher":{"@id":"https:\/\/lospoliticosveracruz.com\/#organization"},"potentialAction":[{"@type":"SearchAction","target":{"@type":"EntryPoint","urlTemplate":"https:\/\/lospoliticosveracruz.com\/?s={search_term_string}"},"query-input":{"@type":"PropertyValueSpecification","valueRequired":true,"valueName":"search_term_string"}}],"inLanguage":"es"},{"@type":"Organization","@id":"https:\/\/lospoliticosveracruz.com\/#organization","name":"Los pol\u00edticos Veracruz","url":"https:\/\/lospoliticosveracruz.com\/","logo":{"@type":"ImageObject","inLanguage":"es","@id":"https:\/\/lospoliticosveracruz.com\/#\/schema\/logo\/image\/","url":"https:\/\/lospoliticosveracruz.com\/wp-content\/uploads\/2025\/12\/Logo-Nuevo-LOS-POLITICOS-1.jpg","contentUrl":"https:\/\/lospoliticosveracruz.com\/wp-content\/uploads\/2025\/12\/Logo-Nuevo-LOS-POLITICOS-1.jpg","width":260,"height":70,"caption":"Los pol\u00edticos Veracruz"},"image":{"@id":"https:\/\/lospoliticosveracruz.com\/#\/schema\/logo\/image\/"},"sameAs":["https:\/\/www.facebook.com\/people\/Notimemes-de-los-Polticos\/61565672886568\/","https:\/\/x.com\/LosPoliticosVer"]},{"@type":"Person","@id":"https:\/\/lospoliticosveracruz.com\/#\/schema\/person\/b8702bb0e538456e6efd07080bf2a4a2","name":"Lo viste en Los Pol\u00edticos","image":{"@type":"ImageObject","inLanguage":"es","@id":"https:\/\/secure.gravatar.com\/avatar\/3a8de04a2656d44082be478bd6c086daa447c4651605818287b9532d3d0bd435?s=96&d=mm&r=g","url":"https:\/\/secure.gravatar.com\/avatar\/3a8de04a2656d44082be478bd6c086daa447c4651605818287b9532d3d0bd435?s=96&d=mm&r=g","contentUrl":"https:\/\/secure.gravatar.com\/avatar\/3a8de04a2656d44082be478bd6c086daa447c4651605818287b9532d3d0bd435?s=96&d=mm&r=g","caption":"Lo viste en Los Pol\u00edticos"},"url":"https:\/\/lospoliticosveracruz.com\/?author=2"}]}},"_links":{"self":[{"href":"https:\/\/lospoliticosveracruz.com\/index.php?rest_route=\/wp\/v2\/posts\/30372","targetHints":{"allow":["GET"]}}],"collection":[{"href":"https:\/\/lospoliticosveracruz.com\/index.php?rest_route=\/wp\/v2\/posts"}],"about":[{"href":"https:\/\/lospoliticosveracruz.com\/index.php?rest_route=\/wp\/v2\/types\/post"}],"author":[{"embeddable":true,"href":"https:\/\/lospoliticosveracruz.com\/index.php?rest_route=\/wp\/v2\/users\/2"}],"replies":[{"embeddable":true,"href":"https:\/\/lospoliticosveracruz.com\/index.php?rest_route=%2Fwp%2Fv2%2Fcomments&post=30372"}],"version-history":[{"count":2,"href":"https:\/\/lospoliticosveracruz.com\/index.php?rest_route=\/wp\/v2\/posts\/30372\/revisions"}],"predecessor-version":[{"id":30386,"href":"https:\/\/lospoliticosveracruz.com\/index.php?rest_route=\/wp\/v2\/posts\/30372\/revisions\/30386"}],"wp:attachment":[{"href":"https:\/\/lospoliticosveracruz.com\/index.php?rest_route=%2Fwp%2Fv2%2Fmedia&parent=30372"}],"wp:term":[{"taxonomy":"category","embeddable":true,"href":"https:\/\/lospoliticosveracruz.com\/index.php?rest_route=%2Fwp%2Fv2%2Fcategories&post=30372"},{"taxonomy":"post_tag","embeddable":true,"href":"https:\/\/lospoliticosveracruz.com\/index.php?rest_route=%2Fwp%2Fv2%2Ftags&post=30372"}],"curies":[{"name":"wp","href":"https:\/\/api.w.org\/{rel}","templated":true}]}}