{"id":30374,"date":"2017-01-22T20:37:09","date_gmt":"2017-01-23T02:37:09","guid":{"rendered":"http:\/\/www.lospoliticosveracruz.com.mx\/?p=30374"},"modified":"2017-01-22T20:37:09","modified_gmt":"2017-01-23T02:37:09","slug":"una-llamada-de-atencion","status":"publish","type":"post","link":"https:\/\/lospoliticosveracruz.com\/?p=30374","title":{"rendered":"Una llamada de atenci\u00f3n"},"content":{"rendered":"<p><strong>Elena C\u00f3rdova<\/strong><\/p>\n<p><em>Luna Nueva<\/em><\/p>\n<p>&nbsp;<\/p>\n<p>&nbsp;<\/p>\n<p>Casos tan terribles como las que pasan lamentablemente y con regular frecuencia en los Estados Unidos, donde se involucran j\u00f3venes adolescentes que atentan mortalmente contras sus propios compa\u00f1eros y maestros, eran para nosotros los mexicanos, noticias lejanas, ajenas que nos causaban horror y asombro. Como dicen especialistas en este tipo de conductas, solo era cuesti\u00f3n de tiempo para que tuvi\u00e9ramos nuestros propios dramas de esa naturaleza, tal y como tristemente sucedi\u00f3 hace d\u00edas en la ciudad de Monterrey, donde un menor de 15 a\u00f1os bale\u00f3 a tres de sus compa\u00f1eros y a su maestra en el Colegio Americano del Noreste, suicid\u00e1ndose posteriormente y sin que a la fecha no haya una explicaci\u00f3n real y certera de los motivos que lo orillaron a tomar tan absurda y fatal decisi\u00f3n.<\/p>\n<p>Seguramente, muchos hemos le\u00eddo una frase que com\u00fan, trillada para algunos y no por ello carente de vigencia y validez: una llamada de atenci\u00f3n. Frase que cada grupo o sector social ha hecho suya en determinado momento y conforme a sus propios intereses. Por ejemplo, los ecologistas dicen que la naturaleza hace un llamado de atenci\u00f3n al mundo cuando advierten sobres los efectos de la contaminaci\u00f3n y poluci\u00f3n en el cambio clim\u00e1tico, tratando de que los l\u00edderes pol\u00edticos, los gobernantes tomen m\u00e1s en serio y ya no ignoren estos asuntos vitales para el progreso y bienestar de nuestra sociedad. Como tambi\u00e9n las ONG\u00b4s hacen lo propio cuando piden a los legisladores y funcionarios que regulen y adecuen leyes en las diferentes materias que involucran al ser humano, tales como equidad y g\u00e9nero, homofobia, adultos mayores, ni\u00f1os y ni\u00f1as, hasta mejores condiciones laborales, prestaciones, vivienda, alimentaci\u00f3n, y muchos temas sociales que requieren de una atenci\u00f3n especial y dedicada.<\/p>\n<p><strong>Donald, la otra llamada<\/strong><\/p>\n<p>En ese nuevo a\u00f1o que apenas inicia, para nuestro pa\u00eds, M\u00e9xico, la asunci\u00f3n del nuevo mandatario norteamericano, Donald Trump, es un llamado de atenci\u00f3n para todos. Muy en especial para nuestro gobierno que tiene que tomar medidas firmes y dignas para la defensa y protecci\u00f3n de nuestros connacionales que viven all\u00e1. y que partir de este instante ser\u00e1n sujetos de la incertidumbre y angustia diariamente.<\/p>\n<p>Los que vivimos en Veracruz y tenemos a nuestras familias, sabemos que ser\u00e1 un a\u00f1o terriblemente dif\u00edcil, complicado, obvia decir las razones que, sin duda, mayormente tiene que ver con una crisis pol\u00edtica y financiera provocada por los anteriores gobernantes y su particular forma de gobernar. Sin duda, las medidas extremas que en algunos casos se est\u00e1n tomando y que no son del agrado de muchos, sobre todo de los trabajadores despedidos sin mayor explicaci\u00f3n, son un llamado de atenci\u00f3n de que las cosas no deben ser as\u00ed y no deben volver a repetirse jam\u00e1s. No es pol\u00edticamente correcto, por decirlo de alg\u00fan modo.<\/p>\n<p>Por desgracia, en el estado de Veracruz todas las decisiones pol\u00edticas, buenas y malas, infieren en la vida econ\u00f3mica y social de la mayor\u00eda de los veracruzanos. Ya no debe ser as\u00ed m\u00e1s nunca. Y esto m\u00e1s que ser un llamado de atenci\u00f3n para los pol\u00edticos, debe ser una llamada de atenci\u00f3n para la sociedad en general. Hay muchos hechos, relacionados con la desobediencia civil, que se est\u00e1n germinando y creciendo d\u00eda a d\u00eda. Estos actos son sin duda, tambi\u00e9n una llamada de atenci\u00f3n a la opini\u00f3n p\u00fablica sobre los actos de gobierno, un<\/p>\n<p>gobierno al que al parecer se le est\u00e1n acabando las justificaciones y asignaciones de culpas a sus antecesores. Hay mucho m\u00e1s all\u00e1 que buscar en lo pol\u00edtico todas las respuestas que requiere, exige la sociedad veracruzana. Una sociedad m\u00e1s informada y m\u00e1s alerta, que ya no cree en aquello, de que yo soy mejor que los otros cuando en realidad pareciera decir, al menos no soy peor que los otros que se fueron.<\/p>\n<p>Est\u00e1n en puerta elecciones municipales en el mes de junio pr\u00f3ximo, la renovaci\u00f3n de ayuntamientos, que es el gobierno m\u00e1s cercano que puede tener un ciudadano. Hagamos una llamada de atenci\u00f3n a los futuros votantes\u2026no se equivoquen para que despu\u00e9s no se quejen.<\/p>\n","protected":false},"excerpt":{"rendered":"<p>Elena C\u00f3rdova Luna Nueva &nbsp; &nbsp; Casos tan terribles como las que pasan lamentablemente y con regular frecuencia en los Estados Unidos, donde se involucran j\u00f3venes adolescentes que atentan mortalmente contras sus propios compa\u00f1eros y maestros, eran para nosotros los mexicanos, noticias lejanas, ajenas que nos causaban horror y asombro. Como dicen especialistas en este [&hellip;]<\/p>\n","protected":false},"author":2,"featured_media":0,"comment_status":"open","ping_status":"open","sticky":false,"template":"","format":"standard","meta":{"tdm_status":"","tdm_grid_status":"","footnotes":""},"categories":[70],"tags":[7217,2846,1242],"class_list":{"0":"post-30374","1":"post","2":"type-post","3":"status-publish","4":"format-standard","6":"category-de-opinion","7":"tag-colegio-americano-del-noreste","8":"tag-donald-trump","9":"tag-monterrey"},"yoast_head":"<!-- This site is optimized with the Yoast SEO plugin v27.4 - https:\/\/yoast.com\/product\/yoast-seo-wordpress\/ -->\n<title>Una llamada de atenci\u00f3n - Los pol\u00edticos Veracruz<\/title>\n<meta name=\"robots\" content=\"index, follow, max-snippet:-1, max-image-preview:large, max-video-preview:-1\" \/>\n<link rel=\"canonical\" href=\"https:\/\/lospoliticosveracruz.com\/?p=30374\" \/>\n<meta property=\"og:locale\" content=\"es_ES\" \/>\n<meta property=\"og:type\" content=\"article\" \/>\n<meta property=\"og:title\" content=\"Una llamada de atenci\u00f3n - Los pol\u00edticos Veracruz\" \/>\n<meta property=\"og:description\" content=\"Elena C\u00f3rdova Luna Nueva &nbsp; &nbsp; Casos tan terribles como las que pasan lamentablemente y con regular frecuencia en los Estados Unidos, donde se involucran j\u00f3venes adolescentes que atentan mortalmente contras sus propios compa\u00f1eros y maestros, eran para nosotros los mexicanos, noticias lejanas, ajenas que nos causaban horror y asombro. Como dicen especialistas en este [&hellip;]\" \/>\n<meta property=\"og:url\" content=\"https:\/\/lospoliticosveracruz.com\/?p=30374\" \/>\n<meta property=\"og:site_name\" content=\"Los pol\u00edticos Veracruz\" \/>\n<meta property=\"article:publisher\" content=\"https:\/\/www.facebook.com\/people\/Notimemes-de-los-Polticos\/61565672886568\/\" \/>\n<meta property=\"article:published_time\" content=\"2017-01-23T02:37:09+00:00\" \/>\n<meta property=\"og:image\" content=\"https:\/\/lospoliticosveracruz.com\/wp-content\/uploads\/2016\/07\/Logo-Dor.jpg\" \/>\n\t<meta property=\"og:image:width\" content=\"200\" \/>\n\t<meta property=\"og:image:height\" content=\"200\" \/>\n\t<meta property=\"og:image:type\" content=\"image\/jpeg\" \/>\n<meta name=\"author\" content=\"Lo viste en Los Pol\u00edticos\" \/>\n<meta name=\"twitter:card\" content=\"summary_large_image\" \/>\n<meta name=\"twitter:creator\" content=\"@LosPoliticosVer\" \/>\n<meta name=\"twitter:site\" content=\"@LosPoliticosVer\" \/>\n<meta name=\"twitter:label1\" content=\"Escrito por\" \/>\n\t<meta name=\"twitter:data1\" content=\"Lo viste en Los Pol\u00edticos\" \/>\n\t<meta name=\"twitter:label2\" content=\"Tiempo de lectura\" \/>\n\t<meta name=\"twitter:data2\" content=\"4 minutos\" \/>\n<script type=\"application\/ld+json\" class=\"yoast-schema-graph\">{\"@context\":\"https:\\\/\\\/schema.org\",\"@graph\":[{\"@type\":\"Article\",\"@id\":\"https:\\\/\\\/lospoliticosveracruz.com\\\/?p=30374#article\",\"isPartOf\":{\"@id\":\"https:\\\/\\\/lospoliticosveracruz.com\\\/?p=30374\"},\"author\":{\"name\":\"Lo viste en Los Pol\u00edticos\",\"@id\":\"https:\\\/\\\/lospoliticosveracruz.com\\\/#\\\/schema\\\/person\\\/b8702bb0e538456e6efd07080bf2a4a2\"},\"headline\":\"Una llamada de atenci\u00f3n\",\"datePublished\":\"2017-01-23T02:37:09+00:00\",\"mainEntityOfPage\":{\"@id\":\"https:\\\/\\\/lospoliticosveracruz.com\\\/?p=30374\"},\"wordCount\":749,\"commentCount\":0,\"publisher\":{\"@id\":\"https:\\\/\\\/lospoliticosveracruz.com\\\/#organization\"},\"keywords\":[\"Colegio Americano del Noreste\",\"Donald Trump\",\"Monterrey\"],\"articleSection\":[\"De Opini\u00f3n\"],\"inLanguage\":\"es\",\"potentialAction\":[{\"@type\":\"CommentAction\",\"name\":\"Comment\",\"target\":[\"https:\\\/\\\/lospoliticosveracruz.com\\\/?p=30374#respond\"]}]},{\"@type\":\"WebPage\",\"@id\":\"https:\\\/\\\/lospoliticosveracruz.com\\\/?p=30374\",\"url\":\"https:\\\/\\\/lospoliticosveracruz.com\\\/?p=30374\",\"name\":\"Una llamada de atenci\u00f3n - Los pol\u00edticos Veracruz\",\"isPartOf\":{\"@id\":\"https:\\\/\\\/lospoliticosveracruz.com\\\/#website\"},\"datePublished\":\"2017-01-23T02:37:09+00:00\",\"breadcrumb\":{\"@id\":\"https:\\\/\\\/lospoliticosveracruz.com\\\/?p=30374#breadcrumb\"},\"inLanguage\":\"es\",\"potentialAction\":[{\"@type\":\"ReadAction\",\"target\":[\"https:\\\/\\\/lospoliticosveracruz.com\\\/?p=30374\"]}]},{\"@type\":\"BreadcrumbList\",\"@id\":\"https:\\\/\\\/lospoliticosveracruz.com\\\/?p=30374#breadcrumb\",\"itemListElement\":[{\"@type\":\"ListItem\",\"position\":1,\"name\":\"Portada\",\"item\":\"https:\\\/\\\/lospoliticosveracruz.com\\\/\"},{\"@type\":\"ListItem\",\"position\":2,\"name\":\"Una llamada de atenci\u00f3n\"}]},{\"@type\":\"WebSite\",\"@id\":\"https:\\\/\\\/lospoliticosveracruz.com\\\/#website\",\"url\":\"https:\\\/\\\/lospoliticosveracruz.com\\\/\",\"name\":\"Los pol\u00edticos Veracruz\",\"description\":\"\",\"publisher\":{\"@id\":\"https:\\\/\\\/lospoliticosveracruz.com\\\/#organization\"},\"potentialAction\":[{\"@type\":\"SearchAction\",\"target\":{\"@type\":\"EntryPoint\",\"urlTemplate\":\"https:\\\/\\\/lospoliticosveracruz.com\\\/?s={search_term_string}\"},\"query-input\":{\"@type\":\"PropertyValueSpecification\",\"valueRequired\":true,\"valueName\":\"search_term_string\"}}],\"inLanguage\":\"es\"},{\"@type\":\"Organization\",\"@id\":\"https:\\\/\\\/lospoliticosveracruz.com\\\/#organization\",\"name\":\"Los pol\u00edticos Veracruz\",\"url\":\"https:\\\/\\\/lospoliticosveracruz.com\\\/\",\"logo\":{\"@type\":\"ImageObject\",\"inLanguage\":\"es\",\"@id\":\"https:\\\/\\\/lospoliticosveracruz.com\\\/#\\\/schema\\\/logo\\\/image\\\/\",\"url\":\"https:\\\/\\\/lospoliticosveracruz.com\\\/wp-content\\\/uploads\\\/2025\\\/12\\\/Logo-Nuevo-LOS-POLITICOS-1.jpg\",\"contentUrl\":\"https:\\\/\\\/lospoliticosveracruz.com\\\/wp-content\\\/uploads\\\/2025\\\/12\\\/Logo-Nuevo-LOS-POLITICOS-1.jpg\",\"width\":260,\"height\":70,\"caption\":\"Los pol\u00edticos Veracruz\"},\"image\":{\"@id\":\"https:\\\/\\\/lospoliticosveracruz.com\\\/#\\\/schema\\\/logo\\\/image\\\/\"},\"sameAs\":[\"https:\\\/\\\/www.facebook.com\\\/people\\\/Notimemes-de-los-Polticos\\\/61565672886568\\\/\",\"https:\\\/\\\/x.com\\\/LosPoliticosVer\"]},{\"@type\":\"Person\",\"@id\":\"https:\\\/\\\/lospoliticosveracruz.com\\\/#\\\/schema\\\/person\\\/b8702bb0e538456e6efd07080bf2a4a2\",\"name\":\"Lo viste en Los Pol\u00edticos\",\"image\":{\"@type\":\"ImageObject\",\"inLanguage\":\"es\",\"@id\":\"https:\\\/\\\/secure.gravatar.com\\\/avatar\\\/3a8de04a2656d44082be478bd6c086daa447c4651605818287b9532d3d0bd435?s=96&d=mm&r=g\",\"url\":\"https:\\\/\\\/secure.gravatar.com\\\/avatar\\\/3a8de04a2656d44082be478bd6c086daa447c4651605818287b9532d3d0bd435?s=96&d=mm&r=g\",\"contentUrl\":\"https:\\\/\\\/secure.gravatar.com\\\/avatar\\\/3a8de04a2656d44082be478bd6c086daa447c4651605818287b9532d3d0bd435?s=96&d=mm&r=g\",\"caption\":\"Lo viste en Los Pol\u00edticos\"},\"url\":\"https:\\\/\\\/lospoliticosveracruz.com\\\/?author=2\"}]}<\/script>\n<!-- \/ Yoast SEO plugin. -->","yoast_head_json":{"title":"Una llamada de atenci\u00f3n - Los pol\u00edticos Veracruz","robots":{"index":"index","follow":"follow","max-snippet":"max-snippet:-1","max-image-preview":"max-image-preview:large","max-video-preview":"max-video-preview:-1"},"canonical":"https:\/\/lospoliticosveracruz.com\/?p=30374","og_locale":"es_ES","og_type":"article","og_title":"Una llamada de atenci\u00f3n - Los pol\u00edticos Veracruz","og_description":"Elena C\u00f3rdova Luna Nueva &nbsp; &nbsp; Casos tan terribles como las que pasan lamentablemente y con regular frecuencia en los Estados Unidos, donde se involucran j\u00f3venes adolescentes que atentan mortalmente contras sus propios compa\u00f1eros y maestros, eran para nosotros los mexicanos, noticias lejanas, ajenas que nos causaban horror y asombro. Como dicen especialistas en este [&hellip;]","og_url":"https:\/\/lospoliticosveracruz.com\/?p=30374","og_site_name":"Los pol\u00edticos Veracruz","article_publisher":"https:\/\/www.facebook.com\/people\/Notimemes-de-los-Polticos\/61565672886568\/","article_published_time":"2017-01-23T02:37:09+00:00","og_image":[{"width":200,"height":200,"url":"https:\/\/lospoliticosveracruz.com\/wp-content\/uploads\/2016\/07\/Logo-Dor.jpg","type":"image\/jpeg"}],"author":"Lo viste en Los Pol\u00edticos","twitter_card":"summary_large_image","twitter_creator":"@LosPoliticosVer","twitter_site":"@LosPoliticosVer","twitter_misc":{"Escrito por":"Lo viste en Los Pol\u00edticos","Tiempo de lectura":"4 minutos"},"schema":{"@context":"https:\/\/schema.org","@graph":[{"@type":"Article","@id":"https:\/\/lospoliticosveracruz.com\/?p=30374#article","isPartOf":{"@id":"https:\/\/lospoliticosveracruz.com\/?p=30374"},"author":{"name":"Lo viste en Los Pol\u00edticos","@id":"https:\/\/lospoliticosveracruz.com\/#\/schema\/person\/b8702bb0e538456e6efd07080bf2a4a2"},"headline":"Una llamada de atenci\u00f3n","datePublished":"2017-01-23T02:37:09+00:00","mainEntityOfPage":{"@id":"https:\/\/lospoliticosveracruz.com\/?p=30374"},"wordCount":749,"commentCount":0,"publisher":{"@id":"https:\/\/lospoliticosveracruz.com\/#organization"},"keywords":["Colegio Americano del Noreste","Donald Trump","Monterrey"],"articleSection":["De Opini\u00f3n"],"inLanguage":"es","potentialAction":[{"@type":"CommentAction","name":"Comment","target":["https:\/\/lospoliticosveracruz.com\/?p=30374#respond"]}]},{"@type":"WebPage","@id":"https:\/\/lospoliticosveracruz.com\/?p=30374","url":"https:\/\/lospoliticosveracruz.com\/?p=30374","name":"Una llamada de atenci\u00f3n - Los pol\u00edticos Veracruz","isPartOf":{"@id":"https:\/\/lospoliticosveracruz.com\/#website"},"datePublished":"2017-01-23T02:37:09+00:00","breadcrumb":{"@id":"https:\/\/lospoliticosveracruz.com\/?p=30374#breadcrumb"},"inLanguage":"es","potentialAction":[{"@type":"ReadAction","target":["https:\/\/lospoliticosveracruz.com\/?p=30374"]}]},{"@type":"BreadcrumbList","@id":"https:\/\/lospoliticosveracruz.com\/?p=30374#breadcrumb","itemListElement":[{"@type":"ListItem","position":1,"name":"Portada","item":"https:\/\/lospoliticosveracruz.com\/"},{"@type":"ListItem","position":2,"name":"Una llamada de atenci\u00f3n"}]},{"@type":"WebSite","@id":"https:\/\/lospoliticosveracruz.com\/#website","url":"https:\/\/lospoliticosveracruz.com\/","name":"Los pol\u00edticos Veracruz","description":"","publisher":{"@id":"https:\/\/lospoliticosveracruz.com\/#organization"},"potentialAction":[{"@type":"SearchAction","target":{"@type":"EntryPoint","urlTemplate":"https:\/\/lospoliticosveracruz.com\/?s={search_term_string}"},"query-input":{"@type":"PropertyValueSpecification","valueRequired":true,"valueName":"search_term_string"}}],"inLanguage":"es"},{"@type":"Organization","@id":"https:\/\/lospoliticosveracruz.com\/#organization","name":"Los pol\u00edticos Veracruz","url":"https:\/\/lospoliticosveracruz.com\/","logo":{"@type":"ImageObject","inLanguage":"es","@id":"https:\/\/lospoliticosveracruz.com\/#\/schema\/logo\/image\/","url":"https:\/\/lospoliticosveracruz.com\/wp-content\/uploads\/2025\/12\/Logo-Nuevo-LOS-POLITICOS-1.jpg","contentUrl":"https:\/\/lospoliticosveracruz.com\/wp-content\/uploads\/2025\/12\/Logo-Nuevo-LOS-POLITICOS-1.jpg","width":260,"height":70,"caption":"Los pol\u00edticos Veracruz"},"image":{"@id":"https:\/\/lospoliticosveracruz.com\/#\/schema\/logo\/image\/"},"sameAs":["https:\/\/www.facebook.com\/people\/Notimemes-de-los-Polticos\/61565672886568\/","https:\/\/x.com\/LosPoliticosVer"]},{"@type":"Person","@id":"https:\/\/lospoliticosveracruz.com\/#\/schema\/person\/b8702bb0e538456e6efd07080bf2a4a2","name":"Lo viste en Los Pol\u00edticos","image":{"@type":"ImageObject","inLanguage":"es","@id":"https:\/\/secure.gravatar.com\/avatar\/3a8de04a2656d44082be478bd6c086daa447c4651605818287b9532d3d0bd435?s=96&d=mm&r=g","url":"https:\/\/secure.gravatar.com\/avatar\/3a8de04a2656d44082be478bd6c086daa447c4651605818287b9532d3d0bd435?s=96&d=mm&r=g","contentUrl":"https:\/\/secure.gravatar.com\/avatar\/3a8de04a2656d44082be478bd6c086daa447c4651605818287b9532d3d0bd435?s=96&d=mm&r=g","caption":"Lo viste en Los Pol\u00edticos"},"url":"https:\/\/lospoliticosveracruz.com\/?author=2"}]}},"_links":{"self":[{"href":"https:\/\/lospoliticosveracruz.com\/index.php?rest_route=\/wp\/v2\/posts\/30374","targetHints":{"allow":["GET"]}}],"collection":[{"href":"https:\/\/lospoliticosveracruz.com\/index.php?rest_route=\/wp\/v2\/posts"}],"about":[{"href":"https:\/\/lospoliticosveracruz.com\/index.php?rest_route=\/wp\/v2\/types\/post"}],"author":[{"embeddable":true,"href":"https:\/\/lospoliticosveracruz.com\/index.php?rest_route=\/wp\/v2\/users\/2"}],"replies":[{"embeddable":true,"href":"https:\/\/lospoliticosveracruz.com\/index.php?rest_route=%2Fwp%2Fv2%2Fcomments&post=30374"}],"version-history":[{"count":1,"href":"https:\/\/lospoliticosveracruz.com\/index.php?rest_route=\/wp\/v2\/posts\/30374\/revisions"}],"predecessor-version":[{"id":30375,"href":"https:\/\/lospoliticosveracruz.com\/index.php?rest_route=\/wp\/v2\/posts\/30374\/revisions\/30375"}],"wp:attachment":[{"href":"https:\/\/lospoliticosveracruz.com\/index.php?rest_route=%2Fwp%2Fv2%2Fmedia&parent=30374"}],"wp:term":[{"taxonomy":"category","embeddable":true,"href":"https:\/\/lospoliticosveracruz.com\/index.php?rest_route=%2Fwp%2Fv2%2Fcategories&post=30374"},{"taxonomy":"post_tag","embeddable":true,"href":"https:\/\/lospoliticosveracruz.com\/index.php?rest_route=%2Fwp%2Fv2%2Ftags&post=30374"}],"curies":[{"name":"wp","href":"https:\/\/api.w.org\/{rel}","templated":true}]}}