{"id":30382,"date":"2017-01-22T23:05:51","date_gmt":"2017-01-23T05:05:51","guid":{"rendered":"http:\/\/www.lospoliticosveracruz.com.mx\/?p=30382"},"modified":"2017-01-22T23:05:51","modified_gmt":"2017-01-23T05:05:51","slug":"negociaciones-en-legisver","status":"publish","type":"post","link":"https:\/\/lospoliticosveracruz.com\/?p=30382","title":{"rendered":"Negociaciones en LegisVer"},"content":{"rendered":"<p><strong>Valeria Marcial<\/strong><\/p>\n<p><em>En Pol\u00edtica\u2026 Personas y Personalidades<\/em><\/p>\n<p>Este domingo me preparaba yo, para desestresarme un poco en la plaza y gastarme todo mi salario de shopping, cuando de pronto caminando hacia una tienda departamental, giro mi cabeza a la izquierda y en un mesa, tranquilamente degustando alimentos, veo a los coordinadores de los grupos parlamentarios de la LXIV Legislatura del PRI y del PAN.<\/p>\n<p>Juan Nicol\u00e1s Callejas Rold\u00e1n vest\u00eda camisa blanca y Sergio Hern\u00e1ndez una camisa azul marino. Ambos platicaban tranquilamente y cuando los salud\u00e9, los caballeros me sonrieron y rieron a\u00fan m\u00e1s cuando les dije \u201cay nanitas que traman ustedes\u201d. Intercambi\u00e9 m\u00e1s palabras y me retir\u00e9.<\/p>\n<p>Minutos m\u00e1s tarde, luego de derrochar miles de pesos en art\u00edculos de belleza para damas, regres\u00e9 y les ped\u00ed entrevista. Con amabilidad, me agradecieron, pero dijeron que m\u00e1s tarde les marcara o que mejor ma\u00f1ana.<\/p>\n<p>No tom\u00e9 la foto. Sin embargo s\u00e9 que no hablaban de c\u00f3mo hacer macram\u00e9 o sobre el partido de los Tiburones Rojos, no creo que estuvieran reviviendo el gol de Leobardo L\u00f3pez contra el Atlas.<\/p>\n<p>Sin duda creo que en el pa\u00eds y en Veracruz, la transici\u00f3n pol\u00edtica no es cuesti\u00f3n de voto, sino de negociaciones entre partidos. Este es un gobierno bipartidista, que si no se unen les ganar\u00e1 la izquierda (Andr\u00e9s Manuel L\u00f3pez Obrador).<\/p>\n<p>En puerta est\u00e1n las elecciones y m\u00e1s les vale, negociar con los partidos de enfrente, que no son lo mismo que los partidos de oposici\u00f3n. Para mantenerse en el poder o que a su salida, no les busquen las patas, como ellos con los anteriores funcionarios. Sin duda la verdadera izquierda ahora es el Movimiento de Regeneraci\u00f3n Nacional.<\/p>\n<p>La autorizaci\u00f3n para la reestructuraci\u00f3n de la Deuda P\u00fablica, es un hecho. La votaci\u00f3n ser\u00e1 16 del PAN, 9 del PRI, 5 del PRD, 5 de Juntos por Veracruz, los 2 Independientes y 1 del PVEM.<\/p>\n<p>He escuchado tantos comentarios sobre el gobernador Miguel \u00c1ngel Yunes Linares, que si tiene muchos \u00a0h\u2026vos y que \u00e9ste si va a acabar con la corrupci\u00f3n. Sin embargo lamento decir que no va a acaba con la corrupci\u00f3n.<\/p>\n<p>Miguel \u00c1ngel Yunes va a acabar con los corruptos que son sus enemigos, pero con los corruptos que son sus amigos, con \u00e9sos no. As\u00ed es la pol\u00edtica.<\/p>\n<p>Fidel y Miguel son iguales, pol\u00edticos que no se quiebran. Que si les dices no, les picas el orgullo, Pero en Veracruz \u00bfel PAN estar\u00e1 listo para enfrentar a Fidel con toda su furia?<\/p>\n<p>Desde Santa Fe, en la Asamblea 2017 del blanquiazul, celebraron la \u201cca\u00edda\u201d del ex gobernador priista. Pero en pleno proceso electoral, saben que saldr\u00e1n chispas de cada\u00a0<em>war room.\u00a0<\/em><\/p>\n<p>Por cierto. A los partidos pol\u00edticos no les conviene la reducci\u00f3n de Regidur\u00edas, que no es otra cosa que la aplicaci\u00f3n de la Ley Org\u00e1nica del Municipio Libre.<\/p>\n<p>El doble discurso de nuestros pol\u00edticos es evidente en cada acci\u00f3n. En pol\u00edtica no hay casualidades. Hay que ver los matices de cada suceso o acontecer, para conocer de parte de qui\u00e9n.<\/p>\n<p>En esta ocasi\u00f3n, el diputado Sebasti\u00e1n hizo suyo totalmente el dictamen y tal parece que defender\u00e1 a capa y espada la reducci\u00f3n de regidur\u00edas. En efecto hay una sobre representaci\u00f3n de regidores y con s\u00f3lo hacer valer la Ley Org\u00e1nica del Municipio Libre, dejar\u00edamos de erogar 150 millones de pesos para 236 ediles menos.<\/p>\n<p>\u00bfPor qu\u00e9 no apoyar la reducci\u00f3n de regidores? \u00a0Sencillamente no se apoya la reducci\u00f3n por el simple motivo de que con ello se reduce un margen de maniobra entre pol\u00edticos para realizar acciones de mapacheo electoral, meter en la n\u00f3mina a los amigos y hasta las novias.<\/p>\n<p>Posdata<\/p>\n<p>Si ya negociaron el presupuesto, sacaron fiscal, derogaron decretos de basificaci\u00f3n o creaciones de fideicomisos, saldr\u00e1n el resto de las peticiones del mandatario en curso, aunque digan que no est\u00e1n \u201csupeditados\u201d al gobernador.<\/p>\n<p>&nbsp;<\/p>\n<p><a href=\"mailto:Vale_1887@hotmail.com\">Vale_1887@hotmail.com<\/a><\/p>\n<p>@ValeriaMarcial<\/p>\n","protected":false},"excerpt":{"rendered":"<p>Valeria Marcial En Pol\u00edtica\u2026 Personas y Personalidades Este domingo me preparaba yo, para desestresarme un poco en la plaza y gastarme todo mi salario de shopping, cuando de pronto caminando hacia una tienda departamental, giro mi cabeza a la izquierda y en un mesa, tranquilamente degustando alimentos, veo a los coordinadores de los grupos parlamentarios [&hellip;]<\/p>\n","protected":false},"author":2,"featured_media":0,"comment_status":"open","ping_status":"open","sticky":false,"template":"","format":"standard","meta":{"tdm_status":"","tdm_grid_status":"","footnotes":""},"categories":[70],"tags":[618,3895,6480,6142],"class_list":{"0":"post-30382","1":"post","2":"type-post","3":"status-publish","4":"format-standard","6":"category-de-opinion","7":"tag-andres-manuel-lopez-obrador","8":"tag-juan-nicolas-callejas-roldan","9":"tag-lxiv-legislatura","10":"tag-sergio-hernandez"},"yoast_head":"<!-- This site is optimized with the Yoast SEO plugin v27.4 - https:\/\/yoast.com\/product\/yoast-seo-wordpress\/ -->\n<title>Negociaciones en LegisVer - Los pol\u00edticos Veracruz<\/title>\n<meta name=\"robots\" content=\"index, follow, max-snippet:-1, max-image-preview:large, max-video-preview:-1\" \/>\n<link rel=\"canonical\" href=\"https:\/\/lospoliticosveracruz.com\/?p=30382\" \/>\n<meta property=\"og:locale\" content=\"es_ES\" \/>\n<meta property=\"og:type\" content=\"article\" \/>\n<meta property=\"og:title\" content=\"Negociaciones en LegisVer - Los pol\u00edticos Veracruz\" \/>\n<meta property=\"og:description\" content=\"Valeria Marcial En Pol\u00edtica\u2026 Personas y Personalidades Este domingo me preparaba yo, para desestresarme un poco en la plaza y gastarme todo mi salario de shopping, cuando de pronto caminando hacia una tienda departamental, giro mi cabeza a la izquierda y en un mesa, tranquilamente degustando alimentos, veo a los coordinadores de los grupos parlamentarios [&hellip;]\" \/>\n<meta property=\"og:url\" content=\"https:\/\/lospoliticosveracruz.com\/?p=30382\" \/>\n<meta property=\"og:site_name\" content=\"Los pol\u00edticos Veracruz\" \/>\n<meta property=\"article:publisher\" content=\"https:\/\/www.facebook.com\/people\/Notimemes-de-los-Polticos\/61565672886568\/\" \/>\n<meta property=\"article:published_time\" content=\"2017-01-23T05:05:51+00:00\" \/>\n<meta property=\"og:image\" content=\"https:\/\/lospoliticosveracruz.com\/wp-content\/uploads\/2016\/07\/Logo-Dor.jpg\" \/>\n\t<meta property=\"og:image:width\" content=\"200\" \/>\n\t<meta property=\"og:image:height\" content=\"200\" \/>\n\t<meta property=\"og:image:type\" content=\"image\/jpeg\" \/>\n<meta name=\"author\" content=\"Lo viste en Los Pol\u00edticos\" \/>\n<meta name=\"twitter:card\" content=\"summary_large_image\" \/>\n<meta name=\"twitter:creator\" content=\"@LosPoliticosVer\" \/>\n<meta name=\"twitter:site\" content=\"@LosPoliticosVer\" \/>\n<meta name=\"twitter:label1\" content=\"Escrito por\" \/>\n\t<meta name=\"twitter:data1\" content=\"Lo viste en Los Pol\u00edticos\" \/>\n\t<meta name=\"twitter:label2\" content=\"Tiempo de lectura\" \/>\n\t<meta name=\"twitter:data2\" content=\"3 minutos\" \/>\n<script type=\"application\/ld+json\" class=\"yoast-schema-graph\">{\"@context\":\"https:\\\/\\\/schema.org\",\"@graph\":[{\"@type\":\"Article\",\"@id\":\"https:\\\/\\\/lospoliticosveracruz.com\\\/?p=30382#article\",\"isPartOf\":{\"@id\":\"https:\\\/\\\/lospoliticosveracruz.com\\\/?p=30382\"},\"author\":{\"name\":\"Lo viste en Los Pol\u00edticos\",\"@id\":\"https:\\\/\\\/lospoliticosveracruz.com\\\/#\\\/schema\\\/person\\\/b8702bb0e538456e6efd07080bf2a4a2\"},\"headline\":\"Negociaciones en LegisVer\",\"datePublished\":\"2017-01-23T05:05:51+00:00\",\"mainEntityOfPage\":{\"@id\":\"https:\\\/\\\/lospoliticosveracruz.com\\\/?p=30382\"},\"wordCount\":694,\"commentCount\":0,\"publisher\":{\"@id\":\"https:\\\/\\\/lospoliticosveracruz.com\\\/#organization\"},\"keywords\":[\"Andr\u00e9s Manuel L\u00f3pez Obrador\",\"Juan Nicol\u00e1s Callejas Rold\u00e1n\",\"LXIV Legislatura\",\"Sergio Hern\u00e1ndez\"],\"articleSection\":[\"De Opini\u00f3n\"],\"inLanguage\":\"es\",\"potentialAction\":[{\"@type\":\"CommentAction\",\"name\":\"Comment\",\"target\":[\"https:\\\/\\\/lospoliticosveracruz.com\\\/?p=30382#respond\"]}]},{\"@type\":\"WebPage\",\"@id\":\"https:\\\/\\\/lospoliticosveracruz.com\\\/?p=30382\",\"url\":\"https:\\\/\\\/lospoliticosveracruz.com\\\/?p=30382\",\"name\":\"Negociaciones en LegisVer - Los pol\u00edticos Veracruz\",\"isPartOf\":{\"@id\":\"https:\\\/\\\/lospoliticosveracruz.com\\\/#website\"},\"datePublished\":\"2017-01-23T05:05:51+00:00\",\"breadcrumb\":{\"@id\":\"https:\\\/\\\/lospoliticosveracruz.com\\\/?p=30382#breadcrumb\"},\"inLanguage\":\"es\",\"potentialAction\":[{\"@type\":\"ReadAction\",\"target\":[\"https:\\\/\\\/lospoliticosveracruz.com\\\/?p=30382\"]}]},{\"@type\":\"BreadcrumbList\",\"@id\":\"https:\\\/\\\/lospoliticosveracruz.com\\\/?p=30382#breadcrumb\",\"itemListElement\":[{\"@type\":\"ListItem\",\"position\":1,\"name\":\"Portada\",\"item\":\"https:\\\/\\\/lospoliticosveracruz.com\\\/\"},{\"@type\":\"ListItem\",\"position\":2,\"name\":\"Negociaciones en LegisVer\"}]},{\"@type\":\"WebSite\",\"@id\":\"https:\\\/\\\/lospoliticosveracruz.com\\\/#website\",\"url\":\"https:\\\/\\\/lospoliticosveracruz.com\\\/\",\"name\":\"Los pol\u00edticos Veracruz\",\"description\":\"\",\"publisher\":{\"@id\":\"https:\\\/\\\/lospoliticosveracruz.com\\\/#organization\"},\"potentialAction\":[{\"@type\":\"SearchAction\",\"target\":{\"@type\":\"EntryPoint\",\"urlTemplate\":\"https:\\\/\\\/lospoliticosveracruz.com\\\/?s={search_term_string}\"},\"query-input\":{\"@type\":\"PropertyValueSpecification\",\"valueRequired\":true,\"valueName\":\"search_term_string\"}}],\"inLanguage\":\"es\"},{\"@type\":\"Organization\",\"@id\":\"https:\\\/\\\/lospoliticosveracruz.com\\\/#organization\",\"name\":\"Los pol\u00edticos Veracruz\",\"url\":\"https:\\\/\\\/lospoliticosveracruz.com\\\/\",\"logo\":{\"@type\":\"ImageObject\",\"inLanguage\":\"es\",\"@id\":\"https:\\\/\\\/lospoliticosveracruz.com\\\/#\\\/schema\\\/logo\\\/image\\\/\",\"url\":\"https:\\\/\\\/lospoliticosveracruz.com\\\/wp-content\\\/uploads\\\/2025\\\/12\\\/Logo-Nuevo-LOS-POLITICOS-1.jpg\",\"contentUrl\":\"https:\\\/\\\/lospoliticosveracruz.com\\\/wp-content\\\/uploads\\\/2025\\\/12\\\/Logo-Nuevo-LOS-POLITICOS-1.jpg\",\"width\":260,\"height\":70,\"caption\":\"Los pol\u00edticos Veracruz\"},\"image\":{\"@id\":\"https:\\\/\\\/lospoliticosveracruz.com\\\/#\\\/schema\\\/logo\\\/image\\\/\"},\"sameAs\":[\"https:\\\/\\\/www.facebook.com\\\/people\\\/Notimemes-de-los-Polticos\\\/61565672886568\\\/\",\"https:\\\/\\\/x.com\\\/LosPoliticosVer\"]},{\"@type\":\"Person\",\"@id\":\"https:\\\/\\\/lospoliticosveracruz.com\\\/#\\\/schema\\\/person\\\/b8702bb0e538456e6efd07080bf2a4a2\",\"name\":\"Lo viste en Los Pol\u00edticos\",\"image\":{\"@type\":\"ImageObject\",\"inLanguage\":\"es\",\"@id\":\"https:\\\/\\\/secure.gravatar.com\\\/avatar\\\/3a8de04a2656d44082be478bd6c086daa447c4651605818287b9532d3d0bd435?s=96&d=mm&r=g\",\"url\":\"https:\\\/\\\/secure.gravatar.com\\\/avatar\\\/3a8de04a2656d44082be478bd6c086daa447c4651605818287b9532d3d0bd435?s=96&d=mm&r=g\",\"contentUrl\":\"https:\\\/\\\/secure.gravatar.com\\\/avatar\\\/3a8de04a2656d44082be478bd6c086daa447c4651605818287b9532d3d0bd435?s=96&d=mm&r=g\",\"caption\":\"Lo viste en Los Pol\u00edticos\"},\"url\":\"https:\\\/\\\/lospoliticosveracruz.com\\\/?author=2\"}]}<\/script>\n<!-- \/ Yoast SEO plugin. -->","yoast_head_json":{"title":"Negociaciones en LegisVer - Los pol\u00edticos Veracruz","robots":{"index":"index","follow":"follow","max-snippet":"max-snippet:-1","max-image-preview":"max-image-preview:large","max-video-preview":"max-video-preview:-1"},"canonical":"https:\/\/lospoliticosveracruz.com\/?p=30382","og_locale":"es_ES","og_type":"article","og_title":"Negociaciones en LegisVer - Los pol\u00edticos Veracruz","og_description":"Valeria Marcial En Pol\u00edtica\u2026 Personas y Personalidades Este domingo me preparaba yo, para desestresarme un poco en la plaza y gastarme todo mi salario de shopping, cuando de pronto caminando hacia una tienda departamental, giro mi cabeza a la izquierda y en un mesa, tranquilamente degustando alimentos, veo a los coordinadores de los grupos parlamentarios [&hellip;]","og_url":"https:\/\/lospoliticosveracruz.com\/?p=30382","og_site_name":"Los pol\u00edticos Veracruz","article_publisher":"https:\/\/www.facebook.com\/people\/Notimemes-de-los-Polticos\/61565672886568\/","article_published_time":"2017-01-23T05:05:51+00:00","og_image":[{"width":200,"height":200,"url":"https:\/\/lospoliticosveracruz.com\/wp-content\/uploads\/2016\/07\/Logo-Dor.jpg","type":"image\/jpeg"}],"author":"Lo viste en Los Pol\u00edticos","twitter_card":"summary_large_image","twitter_creator":"@LosPoliticosVer","twitter_site":"@LosPoliticosVer","twitter_misc":{"Escrito por":"Lo viste en Los Pol\u00edticos","Tiempo de lectura":"3 minutos"},"schema":{"@context":"https:\/\/schema.org","@graph":[{"@type":"Article","@id":"https:\/\/lospoliticosveracruz.com\/?p=30382#article","isPartOf":{"@id":"https:\/\/lospoliticosveracruz.com\/?p=30382"},"author":{"name":"Lo viste en Los Pol\u00edticos","@id":"https:\/\/lospoliticosveracruz.com\/#\/schema\/person\/b8702bb0e538456e6efd07080bf2a4a2"},"headline":"Negociaciones en LegisVer","datePublished":"2017-01-23T05:05:51+00:00","mainEntityOfPage":{"@id":"https:\/\/lospoliticosveracruz.com\/?p=30382"},"wordCount":694,"commentCount":0,"publisher":{"@id":"https:\/\/lospoliticosveracruz.com\/#organization"},"keywords":["Andr\u00e9s Manuel L\u00f3pez Obrador","Juan Nicol\u00e1s Callejas Rold\u00e1n","LXIV Legislatura","Sergio Hern\u00e1ndez"],"articleSection":["De Opini\u00f3n"],"inLanguage":"es","potentialAction":[{"@type":"CommentAction","name":"Comment","target":["https:\/\/lospoliticosveracruz.com\/?p=30382#respond"]}]},{"@type":"WebPage","@id":"https:\/\/lospoliticosveracruz.com\/?p=30382","url":"https:\/\/lospoliticosveracruz.com\/?p=30382","name":"Negociaciones en LegisVer - Los pol\u00edticos Veracruz","isPartOf":{"@id":"https:\/\/lospoliticosveracruz.com\/#website"},"datePublished":"2017-01-23T05:05:51+00:00","breadcrumb":{"@id":"https:\/\/lospoliticosveracruz.com\/?p=30382#breadcrumb"},"inLanguage":"es","potentialAction":[{"@type":"ReadAction","target":["https:\/\/lospoliticosveracruz.com\/?p=30382"]}]},{"@type":"BreadcrumbList","@id":"https:\/\/lospoliticosveracruz.com\/?p=30382#breadcrumb","itemListElement":[{"@type":"ListItem","position":1,"name":"Portada","item":"https:\/\/lospoliticosveracruz.com\/"},{"@type":"ListItem","position":2,"name":"Negociaciones en LegisVer"}]},{"@type":"WebSite","@id":"https:\/\/lospoliticosveracruz.com\/#website","url":"https:\/\/lospoliticosveracruz.com\/","name":"Los pol\u00edticos Veracruz","description":"","publisher":{"@id":"https:\/\/lospoliticosveracruz.com\/#organization"},"potentialAction":[{"@type":"SearchAction","target":{"@type":"EntryPoint","urlTemplate":"https:\/\/lospoliticosveracruz.com\/?s={search_term_string}"},"query-input":{"@type":"PropertyValueSpecification","valueRequired":true,"valueName":"search_term_string"}}],"inLanguage":"es"},{"@type":"Organization","@id":"https:\/\/lospoliticosveracruz.com\/#organization","name":"Los pol\u00edticos Veracruz","url":"https:\/\/lospoliticosveracruz.com\/","logo":{"@type":"ImageObject","inLanguage":"es","@id":"https:\/\/lospoliticosveracruz.com\/#\/schema\/logo\/image\/","url":"https:\/\/lospoliticosveracruz.com\/wp-content\/uploads\/2025\/12\/Logo-Nuevo-LOS-POLITICOS-1.jpg","contentUrl":"https:\/\/lospoliticosveracruz.com\/wp-content\/uploads\/2025\/12\/Logo-Nuevo-LOS-POLITICOS-1.jpg","width":260,"height":70,"caption":"Los pol\u00edticos Veracruz"},"image":{"@id":"https:\/\/lospoliticosveracruz.com\/#\/schema\/logo\/image\/"},"sameAs":["https:\/\/www.facebook.com\/people\/Notimemes-de-los-Polticos\/61565672886568\/","https:\/\/x.com\/LosPoliticosVer"]},{"@type":"Person","@id":"https:\/\/lospoliticosveracruz.com\/#\/schema\/person\/b8702bb0e538456e6efd07080bf2a4a2","name":"Lo viste en Los Pol\u00edticos","image":{"@type":"ImageObject","inLanguage":"es","@id":"https:\/\/secure.gravatar.com\/avatar\/3a8de04a2656d44082be478bd6c086daa447c4651605818287b9532d3d0bd435?s=96&d=mm&r=g","url":"https:\/\/secure.gravatar.com\/avatar\/3a8de04a2656d44082be478bd6c086daa447c4651605818287b9532d3d0bd435?s=96&d=mm&r=g","contentUrl":"https:\/\/secure.gravatar.com\/avatar\/3a8de04a2656d44082be478bd6c086daa447c4651605818287b9532d3d0bd435?s=96&d=mm&r=g","caption":"Lo viste en Los Pol\u00edticos"},"url":"https:\/\/lospoliticosveracruz.com\/?author=2"}]}},"_links":{"self":[{"href":"https:\/\/lospoliticosveracruz.com\/index.php?rest_route=\/wp\/v2\/posts\/30382","targetHints":{"allow":["GET"]}}],"collection":[{"href":"https:\/\/lospoliticosveracruz.com\/index.php?rest_route=\/wp\/v2\/posts"}],"about":[{"href":"https:\/\/lospoliticosveracruz.com\/index.php?rest_route=\/wp\/v2\/types\/post"}],"author":[{"embeddable":true,"href":"https:\/\/lospoliticosveracruz.com\/index.php?rest_route=\/wp\/v2\/users\/2"}],"replies":[{"embeddable":true,"href":"https:\/\/lospoliticosveracruz.com\/index.php?rest_route=%2Fwp%2Fv2%2Fcomments&post=30382"}],"version-history":[{"count":1,"href":"https:\/\/lospoliticosveracruz.com\/index.php?rest_route=\/wp\/v2\/posts\/30382\/revisions"}],"predecessor-version":[{"id":30383,"href":"https:\/\/lospoliticosveracruz.com\/index.php?rest_route=\/wp\/v2\/posts\/30382\/revisions\/30383"}],"wp:attachment":[{"href":"https:\/\/lospoliticosveracruz.com\/index.php?rest_route=%2Fwp%2Fv2%2Fmedia&parent=30382"}],"wp:term":[{"taxonomy":"category","embeddable":true,"href":"https:\/\/lospoliticosveracruz.com\/index.php?rest_route=%2Fwp%2Fv2%2Fcategories&post=30382"},{"taxonomy":"post_tag","embeddable":true,"href":"https:\/\/lospoliticosveracruz.com\/index.php?rest_route=%2Fwp%2Fv2%2Ftags&post=30382"}],"curies":[{"name":"wp","href":"https:\/\/api.w.org\/{rel}","templated":true}]}}