{"id":30826,"date":"2017-02-15T22:58:32","date_gmt":"2017-02-16T04:58:32","guid":{"rendered":"http:\/\/www.lospoliticosveracruz.com.mx\/?p=30826"},"modified":"2017-02-15T22:58:32","modified_gmt":"2017-02-16T04:58:32","slug":"aspirantes-y-transparencia","status":"publish","type":"post","link":"https:\/\/lospoliticosveracruz.com\/?p=30826","title":{"rendered":"Aspirantes y transparencia"},"content":{"rendered":"<p><strong>Salvador Mu\u00f1oz<\/strong><\/p>\n<p><em>Los Pol\u00edticos<\/em><\/p>\n<p>Entra la llamada al celular. Un amigo me pregunta si s\u00e9 d\u00f3nde est\u00e1n las oficinas de Morena porque otro amigo se va a registrar como precandidato. \u00a1Caigo en ese momento que no tengo la menor idea de d\u00f3nde est\u00e1 dicho domicilio! Para ese momento, ya mis dedos teclean un mensaje a otro amigo con tal cuestionamiento.<br \/>\nEntonces me llega otro mensaje: Este jueves, en punto de las 12 horas, se estar\u00e1 registrando Francisco Javier Escalera Carbonell como aspirante a candidato por la alcald\u00eda de Xalapa, lo que entonces puede generar una competencia a Hip\u00f3lito Rodr\u00edguez, y pensar entonces en un candidato de Morena y no en un candidato de Cuitl\u00e1huac.<br \/>\nObtengo la respuesta pero con un dato adicional: El registro de aspirantes no es en las oficinas, sino en un hotel que por m\u00e1s memoria que hago, no recuerdo su ubicaci\u00f3n pero es el Hotel City Express.<br \/>\nII<br \/>\nBueno, pues si en Morena ya se agitan las aguas rumbo a las elecciones por la presidencia municipal, en la alianza PAN-PRD tambi\u00e9n. Hasta donde se sepa, hay tres aspirantes a la candidatura. Dos varones y una dama. Beto Meza Abud, Nicanor Moreira y Ana Miriam Ferr\u00e1ez. El primer caso me llama la atenci\u00f3n porque hace un a\u00f1o, por febrero precisamente, Beto Meza solicitaba licencia del cargo de secretario general del AVE para pretender ser candidato a la Gubernatura, fuera por su partido o en la alianza con el PRI&#8230; hoy quiere ser candidato a la alcald\u00eda xalape\u00f1a \u00a1por el PAN-PRD!<br \/>\nEn el caso de Nicanor y Ana Miriam hay que destacar que ambos carecen de militancia partidista. Es decir, la alianza PAN-PRD ha de sacar a su candidata o candidato entre un ex militante y dos ciudadanos. Si hablamos que no hay militancia, entrecomillado podr\u00edamos decir que ambos \u201cno son pol\u00edticos\u201d. \u00bfVentaja o desventaja? Pusieran en la boca de Yunes Linares: Cuesti\u00f3n de percepci\u00f3n. Es ventaja \u00bfpero para qui\u00e9n? Para aquella persona que su apellido tenga marca registrada, como en su momento lo tuvo Ahued o Chedraui, lo que implicar\u00eda un punto a favor y ser\u00e1 ventaja tambi\u00e9n aquella persona que sea capaz de generar empat\u00eda con la gente, hombre y mujer, \u00a1vamos! \u00a1Qu\u00e9 haga chispa! Y no sea una buj\u00eda quemada, apagada&#8230; pero eso, en su momento, lo ha de sopesar la alianza PAN-PRD y ver en Beto Meza, Nicanor (no el caricaturista) y Ferr\u00e1ez, quien puede generar la competencia ante Morena&#8230;<br \/>\nIII<br \/>\nEn el PRI, Jos\u00e9 Luis Santiago L\u00f3pez alza la voz&#8230; por en\u00e9sima ocasi\u00f3n. En algunos nost\u00e1lgicos del poder, la esperanza est\u00e1 en que Ricardo Ahued decidiera postularse como candidato tricolor porque conf\u00edan plenamente en que Ahued ganar\u00eda, no el PRI. Mas hay que agradecer al empresario que entiende sus tiempos como tambi\u00e9n agradecer al \u201cNegro\u201d Santiago L\u00f3pez su valor por intentar competir&#8230; \u00a1ojo! si bien es ubicado como un Aliancista de hueso colorado, hasta el momento no cita esa gracia Santiago L\u00f3pez, a lo mejor por no verse como candidato de H\u00e9ctor Yunes (mismo caso de Hip\u00f3lito Rodr\u00edguez con Cuitl\u00e1huac).<br \/>\nY m\u00e1s all\u00e1 de Santiago L\u00f3pez no se ve otro suspirante m\u00e1s&#8230; quiz\u00e1s por all\u00ed el ocurrente que crea que si tuvimos a un gato como candidato, igual entonces podamos tener a un oso de peluche llevando al PRI hasta el fondo.<br \/>\nIV<br \/>\nConcluyendo. Si bien es cierto, se supone que la candidatura ha de obedecer a encuestas en la mayor\u00eda de los partidos (la excepci\u00f3n es Morena: \u00bft\u00f3mbola, volado, papel o tijeras?), tambi\u00e9n se ha de contemplar otros aspectos. Primero, la prensa no decide al candidato; la candidata o candidato m\u00ednimo deben tener carisma, empat\u00eda, popularidad; otro caso que en algunos sectores de cualquier municipio es de alta relevancia, es la vecindad; es decir, el potencial votante debe ver al candidato como parte de su ciudad, de su entorno, de ser posible, hasta de casa. Un ejemplo que vino a dar al traste con las pretensiones de algunos aspirantes a la presidencia municipal de Emiliano Zapata fue \u00e9se. Los zapatenses no se identifican con alguien que viene de Xalapa, y eso fue parte de lo que reclamaron a Shariffe Osman; recuerden el caso de Abel Cuevas Melo, identificado en Coatepec y compitiendo por Xalapa&#8230; hasta donde se sabe, creo, tanto morenos, aspirantes del PAN-PRD y del PRI, tienen domicilio en Xalapa&#8230; si estuviera equivocado, que el pueblo de Xalapa me lo demande.<\/p>\n<p>Transparencia opaca<br \/>\nEl gobierno de Miguel \u00c1ngel Yunes Linares corre el riesgo de pasar a ser lo mismo, pero m\u00e1s barato, en cuesti\u00f3n de administraci\u00f3n y transparencia. Y digo \u201cm\u00e1s barato\u201d, porque en lugar de seis a\u00f1os, ser\u00e1n dos. Mas el problema no es el tiempo, sino que al final, s\u00f3lo hayamos cambiado de colores y en el fondo, se mantengan los mismos vicios, las mismas pr\u00e1cticas, la misma cultura pol\u00edtica disfrazada por un discurso bonito y unas siglas.<br \/>\nLa ciudadana Patricia Rodr\u00edguez solicit\u00f3 informaci\u00f3n y cuando se tiene la facilidad de hacerlo por la v\u00eda electr\u00f3nica, obligan al ciudadano a recibirlo impreso, lo que conlleva a un costo, es decir, que el gobierno estatal informe, le cuesta al ciudadano. Se entiende la crisis econ\u00f3mica, pero no a ese grado. \u00bfPeor a\u00fan? S\u00ed&#8230; la opacidad de la informaci\u00f3n entregada o postergada, cuando se supone que si se busca servir a los veracruzanos, se debe empezar por transparentar el servicio a los veracruzanos&#8230; ojal\u00e1 Yunes Linares se d\u00e9 tiempo en pensar en los riesgos que implica que su gobierno s\u00f3lo sea una alternancia, donde s\u00f3lo hubo cambio de colores y las pr\u00e1cticas siguen siendo las mismas&#8230; o peores.<\/p>\n<p>smcainito@gmail.com<\/p>\n","protected":false},"excerpt":{"rendered":"<p>Salvador Mu\u00f1oz Los Pol\u00edticos Entra la llamada al celular. Un amigo me pregunta si s\u00e9 d\u00f3nde est\u00e1n las oficinas de Morena porque otro amigo se va a registrar como precandidato. \u00a1Caigo en ese momento que no tengo la menor idea de d\u00f3nde est\u00e1 dicho domicilio! Para ese momento, ya mis dedos teclean un mensaje a [&hellip;]<\/p>\n","protected":false},"author":2,"featured_media":0,"comment_status":"open","ping_status":"open","sticky":false,"template":"","format":"standard","meta":{"tdm_status":"","tdm_grid_status":"","footnotes":""},"categories":[70],"tags":[7408,1308,1328,1026,7094],"class_list":{"0":"post-30826","1":"post","2":"type-post","3":"status-publish","4":"format-standard","6":"category-de-opinion","7":"tag-ana-miriam-ferraez","8":"tag-francisco-javier-escalera-carbonell","9":"tag-jose-luis-santiago-lopez","10":"tag-morena","11":"tag-nicanor-moreira"},"yoast_head":"<!-- This site is optimized with the Yoast SEO plugin v27.4 - https:\/\/yoast.com\/product\/yoast-seo-wordpress\/ -->\n<title>Aspirantes y transparencia - Los pol\u00edticos Veracruz<\/title>\n<meta name=\"robots\" content=\"index, follow, max-snippet:-1, max-image-preview:large, max-video-preview:-1\" \/>\n<link rel=\"canonical\" href=\"https:\/\/lospoliticosveracruz.com\/?p=30826\" \/>\n<meta property=\"og:locale\" content=\"es_ES\" \/>\n<meta property=\"og:type\" content=\"article\" \/>\n<meta property=\"og:title\" content=\"Aspirantes y transparencia - Los pol\u00edticos Veracruz\" \/>\n<meta property=\"og:description\" content=\"Salvador Mu\u00f1oz Los Pol\u00edticos Entra la llamada al celular. Un amigo me pregunta si s\u00e9 d\u00f3nde est\u00e1n las oficinas de Morena porque otro amigo se va a registrar como precandidato. \u00a1Caigo en ese momento que no tengo la menor idea de d\u00f3nde est\u00e1 dicho domicilio! Para ese momento, ya mis dedos teclean un mensaje a [&hellip;]\" \/>\n<meta property=\"og:url\" content=\"https:\/\/lospoliticosveracruz.com\/?p=30826\" \/>\n<meta property=\"og:site_name\" content=\"Los pol\u00edticos Veracruz\" \/>\n<meta property=\"article:publisher\" content=\"https:\/\/www.facebook.com\/people\/Notimemes-de-los-Polticos\/61565672886568\/\" \/>\n<meta property=\"article:published_time\" content=\"2017-02-16T04:58:32+00:00\" \/>\n<meta property=\"og:image\" content=\"https:\/\/lospoliticosveracruz.com\/wp-content\/uploads\/2016\/07\/Logo-Dor.jpg\" \/>\n\t<meta property=\"og:image:width\" content=\"200\" \/>\n\t<meta property=\"og:image:height\" content=\"200\" \/>\n\t<meta property=\"og:image:type\" content=\"image\/jpeg\" \/>\n<meta name=\"author\" content=\"Lo viste en Los Pol\u00edticos\" \/>\n<meta name=\"twitter:card\" content=\"summary_large_image\" \/>\n<meta name=\"twitter:creator\" content=\"@LosPoliticosVer\" \/>\n<meta name=\"twitter:site\" content=\"@LosPoliticosVer\" \/>\n<meta name=\"twitter:label1\" content=\"Escrito por\" \/>\n\t<meta name=\"twitter:data1\" content=\"Lo viste en Los Pol\u00edticos\" \/>\n\t<meta name=\"twitter:label2\" content=\"Tiempo de lectura\" \/>\n\t<meta name=\"twitter:data2\" content=\"5 minutos\" \/>\n<script type=\"application\/ld+json\" class=\"yoast-schema-graph\">{\"@context\":\"https:\\\/\\\/schema.org\",\"@graph\":[{\"@type\":\"Article\",\"@id\":\"https:\\\/\\\/lospoliticosveracruz.com\\\/?p=30826#article\",\"isPartOf\":{\"@id\":\"https:\\\/\\\/lospoliticosveracruz.com\\\/?p=30826\"},\"author\":{\"name\":\"Lo viste en Los Pol\u00edticos\",\"@id\":\"https:\\\/\\\/lospoliticosveracruz.com\\\/#\\\/schema\\\/person\\\/b8702bb0e538456e6efd07080bf2a4a2\"},\"headline\":\"Aspirantes y transparencia\",\"datePublished\":\"2017-02-16T04:58:32+00:00\",\"mainEntityOfPage\":{\"@id\":\"https:\\\/\\\/lospoliticosveracruz.com\\\/?p=30826\"},\"wordCount\":1001,\"commentCount\":0,\"publisher\":{\"@id\":\"https:\\\/\\\/lospoliticosveracruz.com\\\/#organization\"},\"keywords\":[\"Ana Miriam Ferr\u00e1ez\",\"Francisco Javier Escalera Carbonell\",\"Jos\u00e9 Luis Santiago L\u00f3pez\",\"Morena\",\"Nicanor Moreira\"],\"articleSection\":[\"De Opini\u00f3n\"],\"inLanguage\":\"es\",\"potentialAction\":[{\"@type\":\"CommentAction\",\"name\":\"Comment\",\"target\":[\"https:\\\/\\\/lospoliticosveracruz.com\\\/?p=30826#respond\"]}]},{\"@type\":\"WebPage\",\"@id\":\"https:\\\/\\\/lospoliticosveracruz.com\\\/?p=30826\",\"url\":\"https:\\\/\\\/lospoliticosveracruz.com\\\/?p=30826\",\"name\":\"Aspirantes y transparencia - Los pol\u00edticos Veracruz\",\"isPartOf\":{\"@id\":\"https:\\\/\\\/lospoliticosveracruz.com\\\/#website\"},\"datePublished\":\"2017-02-16T04:58:32+00:00\",\"breadcrumb\":{\"@id\":\"https:\\\/\\\/lospoliticosveracruz.com\\\/?p=30826#breadcrumb\"},\"inLanguage\":\"es\",\"potentialAction\":[{\"@type\":\"ReadAction\",\"target\":[\"https:\\\/\\\/lospoliticosveracruz.com\\\/?p=30826\"]}]},{\"@type\":\"BreadcrumbList\",\"@id\":\"https:\\\/\\\/lospoliticosveracruz.com\\\/?p=30826#breadcrumb\",\"itemListElement\":[{\"@type\":\"ListItem\",\"position\":1,\"name\":\"Portada\",\"item\":\"https:\\\/\\\/lospoliticosveracruz.com\\\/\"},{\"@type\":\"ListItem\",\"position\":2,\"name\":\"Aspirantes y transparencia\"}]},{\"@type\":\"WebSite\",\"@id\":\"https:\\\/\\\/lospoliticosveracruz.com\\\/#website\",\"url\":\"https:\\\/\\\/lospoliticosveracruz.com\\\/\",\"name\":\"Los pol\u00edticos Veracruz\",\"description\":\"\",\"publisher\":{\"@id\":\"https:\\\/\\\/lospoliticosveracruz.com\\\/#organization\"},\"potentialAction\":[{\"@type\":\"SearchAction\",\"target\":{\"@type\":\"EntryPoint\",\"urlTemplate\":\"https:\\\/\\\/lospoliticosveracruz.com\\\/?s={search_term_string}\"},\"query-input\":{\"@type\":\"PropertyValueSpecification\",\"valueRequired\":true,\"valueName\":\"search_term_string\"}}],\"inLanguage\":\"es\"},{\"@type\":\"Organization\",\"@id\":\"https:\\\/\\\/lospoliticosveracruz.com\\\/#organization\",\"name\":\"Los pol\u00edticos Veracruz\",\"url\":\"https:\\\/\\\/lospoliticosveracruz.com\\\/\",\"logo\":{\"@type\":\"ImageObject\",\"inLanguage\":\"es\",\"@id\":\"https:\\\/\\\/lospoliticosveracruz.com\\\/#\\\/schema\\\/logo\\\/image\\\/\",\"url\":\"https:\\\/\\\/lospoliticosveracruz.com\\\/wp-content\\\/uploads\\\/2025\\\/12\\\/Logo-Nuevo-LOS-POLITICOS-1.jpg\",\"contentUrl\":\"https:\\\/\\\/lospoliticosveracruz.com\\\/wp-content\\\/uploads\\\/2025\\\/12\\\/Logo-Nuevo-LOS-POLITICOS-1.jpg\",\"width\":260,\"height\":70,\"caption\":\"Los pol\u00edticos Veracruz\"},\"image\":{\"@id\":\"https:\\\/\\\/lospoliticosveracruz.com\\\/#\\\/schema\\\/logo\\\/image\\\/\"},\"sameAs\":[\"https:\\\/\\\/www.facebook.com\\\/people\\\/Notimemes-de-los-Polticos\\\/61565672886568\\\/\",\"https:\\\/\\\/x.com\\\/LosPoliticosVer\"]},{\"@type\":\"Person\",\"@id\":\"https:\\\/\\\/lospoliticosveracruz.com\\\/#\\\/schema\\\/person\\\/b8702bb0e538456e6efd07080bf2a4a2\",\"name\":\"Lo viste en Los Pol\u00edticos\",\"image\":{\"@type\":\"ImageObject\",\"inLanguage\":\"es\",\"@id\":\"https:\\\/\\\/secure.gravatar.com\\\/avatar\\\/3a8de04a2656d44082be478bd6c086daa447c4651605818287b9532d3d0bd435?s=96&d=mm&r=g\",\"url\":\"https:\\\/\\\/secure.gravatar.com\\\/avatar\\\/3a8de04a2656d44082be478bd6c086daa447c4651605818287b9532d3d0bd435?s=96&d=mm&r=g\",\"contentUrl\":\"https:\\\/\\\/secure.gravatar.com\\\/avatar\\\/3a8de04a2656d44082be478bd6c086daa447c4651605818287b9532d3d0bd435?s=96&d=mm&r=g\",\"caption\":\"Lo viste en Los Pol\u00edticos\"},\"url\":\"https:\\\/\\\/lospoliticosveracruz.com\\\/?author=2\"}]}<\/script>\n<!-- \/ Yoast SEO plugin. -->","yoast_head_json":{"title":"Aspirantes y transparencia - Los pol\u00edticos Veracruz","robots":{"index":"index","follow":"follow","max-snippet":"max-snippet:-1","max-image-preview":"max-image-preview:large","max-video-preview":"max-video-preview:-1"},"canonical":"https:\/\/lospoliticosveracruz.com\/?p=30826","og_locale":"es_ES","og_type":"article","og_title":"Aspirantes y transparencia - Los pol\u00edticos Veracruz","og_description":"Salvador Mu\u00f1oz Los Pol\u00edticos Entra la llamada al celular. Un amigo me pregunta si s\u00e9 d\u00f3nde est\u00e1n las oficinas de Morena porque otro amigo se va a registrar como precandidato. \u00a1Caigo en ese momento que no tengo la menor idea de d\u00f3nde est\u00e1 dicho domicilio! Para ese momento, ya mis dedos teclean un mensaje a [&hellip;]","og_url":"https:\/\/lospoliticosveracruz.com\/?p=30826","og_site_name":"Los pol\u00edticos Veracruz","article_publisher":"https:\/\/www.facebook.com\/people\/Notimemes-de-los-Polticos\/61565672886568\/","article_published_time":"2017-02-16T04:58:32+00:00","og_image":[{"width":200,"height":200,"url":"https:\/\/lospoliticosveracruz.com\/wp-content\/uploads\/2016\/07\/Logo-Dor.jpg","type":"image\/jpeg"}],"author":"Lo viste en Los Pol\u00edticos","twitter_card":"summary_large_image","twitter_creator":"@LosPoliticosVer","twitter_site":"@LosPoliticosVer","twitter_misc":{"Escrito por":"Lo viste en Los Pol\u00edticos","Tiempo de lectura":"5 minutos"},"schema":{"@context":"https:\/\/schema.org","@graph":[{"@type":"Article","@id":"https:\/\/lospoliticosveracruz.com\/?p=30826#article","isPartOf":{"@id":"https:\/\/lospoliticosveracruz.com\/?p=30826"},"author":{"name":"Lo viste en Los Pol\u00edticos","@id":"https:\/\/lospoliticosveracruz.com\/#\/schema\/person\/b8702bb0e538456e6efd07080bf2a4a2"},"headline":"Aspirantes y transparencia","datePublished":"2017-02-16T04:58:32+00:00","mainEntityOfPage":{"@id":"https:\/\/lospoliticosveracruz.com\/?p=30826"},"wordCount":1001,"commentCount":0,"publisher":{"@id":"https:\/\/lospoliticosveracruz.com\/#organization"},"keywords":["Ana Miriam Ferr\u00e1ez","Francisco Javier Escalera Carbonell","Jos\u00e9 Luis Santiago L\u00f3pez","Morena","Nicanor Moreira"],"articleSection":["De Opini\u00f3n"],"inLanguage":"es","potentialAction":[{"@type":"CommentAction","name":"Comment","target":["https:\/\/lospoliticosveracruz.com\/?p=30826#respond"]}]},{"@type":"WebPage","@id":"https:\/\/lospoliticosveracruz.com\/?p=30826","url":"https:\/\/lospoliticosveracruz.com\/?p=30826","name":"Aspirantes y transparencia - Los pol\u00edticos Veracruz","isPartOf":{"@id":"https:\/\/lospoliticosveracruz.com\/#website"},"datePublished":"2017-02-16T04:58:32+00:00","breadcrumb":{"@id":"https:\/\/lospoliticosveracruz.com\/?p=30826#breadcrumb"},"inLanguage":"es","potentialAction":[{"@type":"ReadAction","target":["https:\/\/lospoliticosveracruz.com\/?p=30826"]}]},{"@type":"BreadcrumbList","@id":"https:\/\/lospoliticosveracruz.com\/?p=30826#breadcrumb","itemListElement":[{"@type":"ListItem","position":1,"name":"Portada","item":"https:\/\/lospoliticosveracruz.com\/"},{"@type":"ListItem","position":2,"name":"Aspirantes y transparencia"}]},{"@type":"WebSite","@id":"https:\/\/lospoliticosveracruz.com\/#website","url":"https:\/\/lospoliticosveracruz.com\/","name":"Los pol\u00edticos Veracruz","description":"","publisher":{"@id":"https:\/\/lospoliticosveracruz.com\/#organization"},"potentialAction":[{"@type":"SearchAction","target":{"@type":"EntryPoint","urlTemplate":"https:\/\/lospoliticosveracruz.com\/?s={search_term_string}"},"query-input":{"@type":"PropertyValueSpecification","valueRequired":true,"valueName":"search_term_string"}}],"inLanguage":"es"},{"@type":"Organization","@id":"https:\/\/lospoliticosveracruz.com\/#organization","name":"Los pol\u00edticos Veracruz","url":"https:\/\/lospoliticosveracruz.com\/","logo":{"@type":"ImageObject","inLanguage":"es","@id":"https:\/\/lospoliticosveracruz.com\/#\/schema\/logo\/image\/","url":"https:\/\/lospoliticosveracruz.com\/wp-content\/uploads\/2025\/12\/Logo-Nuevo-LOS-POLITICOS-1.jpg","contentUrl":"https:\/\/lospoliticosveracruz.com\/wp-content\/uploads\/2025\/12\/Logo-Nuevo-LOS-POLITICOS-1.jpg","width":260,"height":70,"caption":"Los pol\u00edticos Veracruz"},"image":{"@id":"https:\/\/lospoliticosveracruz.com\/#\/schema\/logo\/image\/"},"sameAs":["https:\/\/www.facebook.com\/people\/Notimemes-de-los-Polticos\/61565672886568\/","https:\/\/x.com\/LosPoliticosVer"]},{"@type":"Person","@id":"https:\/\/lospoliticosveracruz.com\/#\/schema\/person\/b8702bb0e538456e6efd07080bf2a4a2","name":"Lo viste en Los Pol\u00edticos","image":{"@type":"ImageObject","inLanguage":"es","@id":"https:\/\/secure.gravatar.com\/avatar\/3a8de04a2656d44082be478bd6c086daa447c4651605818287b9532d3d0bd435?s=96&d=mm&r=g","url":"https:\/\/secure.gravatar.com\/avatar\/3a8de04a2656d44082be478bd6c086daa447c4651605818287b9532d3d0bd435?s=96&d=mm&r=g","contentUrl":"https:\/\/secure.gravatar.com\/avatar\/3a8de04a2656d44082be478bd6c086daa447c4651605818287b9532d3d0bd435?s=96&d=mm&r=g","caption":"Lo viste en Los Pol\u00edticos"},"url":"https:\/\/lospoliticosveracruz.com\/?author=2"}]}},"_links":{"self":[{"href":"https:\/\/lospoliticosveracruz.com\/index.php?rest_route=\/wp\/v2\/posts\/30826","targetHints":{"allow":["GET"]}}],"collection":[{"href":"https:\/\/lospoliticosveracruz.com\/index.php?rest_route=\/wp\/v2\/posts"}],"about":[{"href":"https:\/\/lospoliticosveracruz.com\/index.php?rest_route=\/wp\/v2\/types\/post"}],"author":[{"embeddable":true,"href":"https:\/\/lospoliticosveracruz.com\/index.php?rest_route=\/wp\/v2\/users\/2"}],"replies":[{"embeddable":true,"href":"https:\/\/lospoliticosveracruz.com\/index.php?rest_route=%2Fwp%2Fv2%2Fcomments&post=30826"}],"version-history":[{"count":3,"href":"https:\/\/lospoliticosveracruz.com\/index.php?rest_route=\/wp\/v2\/posts\/30826\/revisions"}],"predecessor-version":[{"id":30882,"href":"https:\/\/lospoliticosveracruz.com\/index.php?rest_route=\/wp\/v2\/posts\/30826\/revisions\/30882"}],"wp:attachment":[{"href":"https:\/\/lospoliticosveracruz.com\/index.php?rest_route=%2Fwp%2Fv2%2Fmedia&parent=30826"}],"wp:term":[{"taxonomy":"category","embeddable":true,"href":"https:\/\/lospoliticosveracruz.com\/index.php?rest_route=%2Fwp%2Fv2%2Fcategories&post=30826"},{"taxonomy":"post_tag","embeddable":true,"href":"https:\/\/lospoliticosveracruz.com\/index.php?rest_route=%2Fwp%2Fv2%2Ftags&post=30826"}],"curies":[{"name":"wp","href":"https:\/\/api.w.org\/{rel}","templated":true}]}}