{"id":30876,"date":"2017-02-15T22:33:49","date_gmt":"2017-02-16T04:33:49","guid":{"rendered":"http:\/\/www.lospoliticosveracruz.com.mx\/?p=30876"},"modified":"2017-02-15T22:33:49","modified_gmt":"2017-02-16T04:33:49","slug":"orden-al-transporte","status":"publish","type":"post","link":"https:\/\/lospoliticosveracruz.com\/?p=30876","title":{"rendered":"Orden al Transporte"},"content":{"rendered":"<p><strong>Brenda Caballero<\/strong><\/p>\n<p><em><span style=\"font-family: 'Times New Roman', serif;\">N\u00fameros Rojos<\/span><\/em><\/p>\n<p><span style=\"font-family: 'Times New Roman', serif;\">\u00a1Corre! \u00a1Corre! Grita la se\u00f1ora a su peque\u00f1o hijo, mientras con la otra mano jala la maleta, y salen presurosos hacia la terminal de autobuses de CAXA, en Xalapa.<\/span><\/p>\n<p><span style=\"font-family: 'Times New Roman', serif;\">Otras mujeres tambi\u00e9n corren por la avenida con sus maletas en mano. Una pareja, y otros m\u00e1s sufren la misma pena. La desesperaci\u00f3n en sus rostros lo dice todo. Es tarde y posiblemente los deje el autob\u00fas.<\/span><\/p>\n<p><span style=\"font-family: 'Times New Roman', serif;\">\u00bfLa raz\u00f3n? El bloqueo de los taxistas en la avenida que da acceso a la central de autobuses los orill\u00f3 a bajarse cuadras antes y correr hasta CAXA.<\/span><\/p>\n<p><span style=\"font-family: 'Times New Roman', serif;\">No es la primera vez que se ven estos problemas con los taxistas. Anteriormente ya se hab\u00edan enfrentado. Y todo por un acuerdo de intere$es con la Central Camionera.<\/span><\/p>\n<p><span style=\"font-family: 'Times New Roman', serif;\">Entonces la pregunta surge \u00bfla concesi\u00f3n de taxis es para prestar un servicio o para hacer negocios?<\/span><\/p>\n<p><span style=\"font-family: 'Times New Roman', serif;\">Por eso ahora que el gobernador Miguel \u00c1ngel Yunes Linares habla de regularizar el transporte p\u00fablico, realmente aplaudo y me llena de esperanza que todas las anomal\u00edas que hay en este servicio se eliminen, pues los ciudadanos estamos cansados de tantas arbitrariedades.<\/span><\/p>\n<p><span style=\"font-family: 'Times New Roman', serif;\">Aclaro que no generalizo, pues tambi\u00e9n encontramos personas con verdadera vocaci\u00f3n de servicio que apoyan a los pasajeros, no abusan de las tarifas y mantienen en \u00f3ptimo nivel sus unidades.<\/span><\/p>\n<p><span style=\"font-family: 'Times New Roman', serif;\">El punto principal del Programa de Reordenamiento y Regularizaci\u00f3n del Servicio radica principalmente en reducir los actos delictivos. Recordemos que varios taxistas participaron en el saqueo a varios supermercados, en robos a negocios y casas habitaci\u00f3n, incluso se dice que hasta son halcones del crimen organizado.<\/span><\/p>\n<p><span style=\"font-family: 'Times New Roman', serif;\">Ante tal situaci\u00f3n se plantea integrar un padr\u00f3n de los prestadores del servicio del transporte p\u00fablico. Anteriormente ya se hab\u00eda tratado de hacer el Registro Estatal de Conductores, mejor conocido como REC, en donde los choferes y concesionarios ten\u00edan que inscribir sus datos y obtener un tarjet\u00f3n que colocaban en la unidad para ser identificados por los usuarios. De esta manera, el usuario al subir al veh\u00edculo, de inmediato conoc\u00eda los datos del conductor.<\/span><\/p>\n<p><span style=\"font-family: 'Times New Roman', serif;\">Esperemos que esta vez s\u00ed se complete el padr\u00f3n, pues en la actualidad tenemos hasta veh\u00edculos que circulan sin placas.<\/span><\/p>\n<p><span style=\"font-family: 'Times New Roman', serif;\">Otra etapa que contempla es la revisi\u00f3n de las condiciones en la que se presta el servicio. Punto muy importante, pues tenemos autobuses que hasta se pierden en el humo, taxis con llantas m\u00e1s que lisas o peseros que todo les suena.<\/span><\/p>\n<p><span style=\"font-family: 'Times New Roman', serif;\">\u00bfPero de verdad se har\u00e1 una revista a fondo o s\u00f3lo se pagar\u00e1 \u201cuna m\u00f3dica cantidad\u201d como se ha hecho a trav\u00e9s de los a\u00f1os para pasar la revista vehicular?<\/span><\/p>\n<p><span style=\"font-family: 'Times New Roman', serif;\">\u00bfQu\u00e9 pasar\u00e1 con las concesiones clonadas e irregulares que se vienen arrastrando de a\u00f1os anteriores? \u00bflas refrendar\u00e1n? Pregunto porque a principios de a\u00f1o las irregulares se arreglaron \u00a1como por arte de magia! Claro\u2026 \u201ccon su m\u00f3dica cantidad\u201d.<\/span><\/p>\n<p><span style=\"font-family: 'Times New Roman', serif;\">De acuerdo con el tercer punto del Proyecto de Decreto, se valorar\u00e1 la permanencia de la concesi\u00f3n de acuerdo a la calidad y competitividad.<\/span><\/p>\n<p><span style=\"font-family: 'Times New Roman', serif;\">Con estas medidas que habr\u00e1n de implementarse \u00bfde verdad se combatir\u00e1 la corrupci\u00f3n en el transporte p\u00fablico? o \u00bfS\u00f3lo ser\u00e1 una medida paliativa?<\/span><\/p>\n<p><span style=\"font-family: 'Times New Roman', serif;\">Ahora que la gasolina subi\u00f3 y que la crisis nos ahorca, esperamos un mejor servicio p\u00fablico donde estemos c\u00f3modos y sobre todo, seguros. \u00a1Pues mire que hace falta meter orden en el transporte p\u00fablico!<\/span><\/p>\n<p><span style=\"color: #0563c1;\"><u><a href=\"mailto:caballero_brenda@hotmail.com\" target=\"_blank\"><span style=\"font-family: 'Times New Roman', serif;\">caballero_brenda@hotmail.com<\/span><\/a><\/u><\/span><\/p>\n<p><span style=\"color: #0563c1;\"><u><span style=\"font-family: 'Times New Roman', serif;\">@NumerosRojos_BC<\/span><\/u><\/span><\/p>\n","protected":false},"excerpt":{"rendered":"<p>Brenda Caballero N\u00fameros Rojos \u00a1Corre! \u00a1Corre! Grita la se\u00f1ora a su peque\u00f1o hijo, mientras con la otra mano jala la maleta, y salen presurosos hacia la terminal de autobuses de CAXA, en Xalapa. Otras mujeres tambi\u00e9n corren por la avenida con sus maletas en mano. Una pareja, y otros m\u00e1s sufren la misma pena. La [&hellip;]<\/p>\n","protected":false},"author":2,"featured_media":0,"comment_status":"open","ping_status":"open","sticky":false,"template":"","format":"standard","meta":{"tdm_status":"","tdm_grid_status":"","footnotes":""},"categories":[70],"tags":[6764,428,7445,7457,236],"class_list":{"0":"post-30876","1":"post","2":"type-post","3":"status-publish","4":"format-standard","6":"category-de-opinion","7":"tag-caxa","8":"tag-miguel-angel-yunes-linares","9":"tag-programa-de-reordenamiento-y-regularizacion-del-transporte-publico","10":"tag-rec","11":"tag-taxis"},"yoast_head":"<!-- This site is optimized with the Yoast SEO plugin v27.4 - https:\/\/yoast.com\/product\/yoast-seo-wordpress\/ -->\n<title>Orden al Transporte - Los pol\u00edticos Veracruz<\/title>\n<meta name=\"robots\" content=\"index, follow, max-snippet:-1, max-image-preview:large, max-video-preview:-1\" \/>\n<link rel=\"canonical\" href=\"https:\/\/lospoliticosveracruz.com\/?p=30876\" \/>\n<meta property=\"og:locale\" content=\"es_ES\" \/>\n<meta property=\"og:type\" content=\"article\" \/>\n<meta property=\"og:title\" content=\"Orden al Transporte - Los pol\u00edticos Veracruz\" \/>\n<meta property=\"og:description\" content=\"Brenda Caballero N\u00fameros Rojos \u00a1Corre! \u00a1Corre! Grita la se\u00f1ora a su peque\u00f1o hijo, mientras con la otra mano jala la maleta, y salen presurosos hacia la terminal de autobuses de CAXA, en Xalapa. Otras mujeres tambi\u00e9n corren por la avenida con sus maletas en mano. Una pareja, y otros m\u00e1s sufren la misma pena. La [&hellip;]\" \/>\n<meta property=\"og:url\" content=\"https:\/\/lospoliticosveracruz.com\/?p=30876\" \/>\n<meta property=\"og:site_name\" content=\"Los pol\u00edticos Veracruz\" \/>\n<meta property=\"article:publisher\" content=\"https:\/\/www.facebook.com\/people\/Notimemes-de-los-Polticos\/61565672886568\/\" \/>\n<meta property=\"article:published_time\" content=\"2017-02-16T04:33:49+00:00\" \/>\n<meta property=\"og:image\" content=\"https:\/\/lospoliticosveracruz.com\/wp-content\/uploads\/2016\/07\/Logo-Dor.jpg\" \/>\n\t<meta property=\"og:image:width\" content=\"200\" \/>\n\t<meta property=\"og:image:height\" content=\"200\" \/>\n\t<meta property=\"og:image:type\" content=\"image\/jpeg\" \/>\n<meta name=\"author\" content=\"Lo viste en Los Pol\u00edticos\" \/>\n<meta name=\"twitter:card\" content=\"summary_large_image\" \/>\n<meta name=\"twitter:creator\" content=\"@LosPoliticosVer\" \/>\n<meta name=\"twitter:site\" content=\"@LosPoliticosVer\" \/>\n<meta name=\"twitter:label1\" content=\"Escrito por\" \/>\n\t<meta name=\"twitter:data1\" content=\"Lo viste en Los Pol\u00edticos\" \/>\n\t<meta name=\"twitter:label2\" content=\"Tiempo de lectura\" \/>\n\t<meta name=\"twitter:data2\" content=\"3 minutos\" \/>\n<script type=\"application\/ld+json\" class=\"yoast-schema-graph\">{\"@context\":\"https:\\\/\\\/schema.org\",\"@graph\":[{\"@type\":\"Article\",\"@id\":\"https:\\\/\\\/lospoliticosveracruz.com\\\/?p=30876#article\",\"isPartOf\":{\"@id\":\"https:\\\/\\\/lospoliticosveracruz.com\\\/?p=30876\"},\"author\":{\"name\":\"Lo viste en Los Pol\u00edticos\",\"@id\":\"https:\\\/\\\/lospoliticosveracruz.com\\\/#\\\/schema\\\/person\\\/b8702bb0e538456e6efd07080bf2a4a2\"},\"headline\":\"Orden al Transporte\",\"datePublished\":\"2017-02-16T04:33:49+00:00\",\"mainEntityOfPage\":{\"@id\":\"https:\\\/\\\/lospoliticosveracruz.com\\\/?p=30876\"},\"wordCount\":600,\"commentCount\":0,\"publisher\":{\"@id\":\"https:\\\/\\\/lospoliticosveracruz.com\\\/#organization\"},\"keywords\":[\"CAXA\",\"Miguel Angel Yunes Linares\",\"Programa de Reordenamiento y Regularizaci\u00f3n del Transporte P\u00fablico\",\"REC\",\"taxis\"],\"articleSection\":[\"De Opini\u00f3n\"],\"inLanguage\":\"es\",\"potentialAction\":[{\"@type\":\"CommentAction\",\"name\":\"Comment\",\"target\":[\"https:\\\/\\\/lospoliticosveracruz.com\\\/?p=30876#respond\"]}]},{\"@type\":\"WebPage\",\"@id\":\"https:\\\/\\\/lospoliticosveracruz.com\\\/?p=30876\",\"url\":\"https:\\\/\\\/lospoliticosveracruz.com\\\/?p=30876\",\"name\":\"Orden al Transporte - Los pol\u00edticos Veracruz\",\"isPartOf\":{\"@id\":\"https:\\\/\\\/lospoliticosveracruz.com\\\/#website\"},\"datePublished\":\"2017-02-16T04:33:49+00:00\",\"breadcrumb\":{\"@id\":\"https:\\\/\\\/lospoliticosveracruz.com\\\/?p=30876#breadcrumb\"},\"inLanguage\":\"es\",\"potentialAction\":[{\"@type\":\"ReadAction\",\"target\":[\"https:\\\/\\\/lospoliticosveracruz.com\\\/?p=30876\"]}]},{\"@type\":\"BreadcrumbList\",\"@id\":\"https:\\\/\\\/lospoliticosveracruz.com\\\/?p=30876#breadcrumb\",\"itemListElement\":[{\"@type\":\"ListItem\",\"position\":1,\"name\":\"Portada\",\"item\":\"https:\\\/\\\/lospoliticosveracruz.com\\\/\"},{\"@type\":\"ListItem\",\"position\":2,\"name\":\"Orden al Transporte\"}]},{\"@type\":\"WebSite\",\"@id\":\"https:\\\/\\\/lospoliticosveracruz.com\\\/#website\",\"url\":\"https:\\\/\\\/lospoliticosveracruz.com\\\/\",\"name\":\"Los pol\u00edticos Veracruz\",\"description\":\"\",\"publisher\":{\"@id\":\"https:\\\/\\\/lospoliticosveracruz.com\\\/#organization\"},\"potentialAction\":[{\"@type\":\"SearchAction\",\"target\":{\"@type\":\"EntryPoint\",\"urlTemplate\":\"https:\\\/\\\/lospoliticosveracruz.com\\\/?s={search_term_string}\"},\"query-input\":{\"@type\":\"PropertyValueSpecification\",\"valueRequired\":true,\"valueName\":\"search_term_string\"}}],\"inLanguage\":\"es\"},{\"@type\":\"Organization\",\"@id\":\"https:\\\/\\\/lospoliticosveracruz.com\\\/#organization\",\"name\":\"Los pol\u00edticos Veracruz\",\"url\":\"https:\\\/\\\/lospoliticosveracruz.com\\\/\",\"logo\":{\"@type\":\"ImageObject\",\"inLanguage\":\"es\",\"@id\":\"https:\\\/\\\/lospoliticosveracruz.com\\\/#\\\/schema\\\/logo\\\/image\\\/\",\"url\":\"https:\\\/\\\/lospoliticosveracruz.com\\\/wp-content\\\/uploads\\\/2025\\\/12\\\/Logo-Nuevo-LOS-POLITICOS-1.jpg\",\"contentUrl\":\"https:\\\/\\\/lospoliticosveracruz.com\\\/wp-content\\\/uploads\\\/2025\\\/12\\\/Logo-Nuevo-LOS-POLITICOS-1.jpg\",\"width\":260,\"height\":70,\"caption\":\"Los pol\u00edticos Veracruz\"},\"image\":{\"@id\":\"https:\\\/\\\/lospoliticosveracruz.com\\\/#\\\/schema\\\/logo\\\/image\\\/\"},\"sameAs\":[\"https:\\\/\\\/www.facebook.com\\\/people\\\/Notimemes-de-los-Polticos\\\/61565672886568\\\/\",\"https:\\\/\\\/x.com\\\/LosPoliticosVer\"]},{\"@type\":\"Person\",\"@id\":\"https:\\\/\\\/lospoliticosveracruz.com\\\/#\\\/schema\\\/person\\\/b8702bb0e538456e6efd07080bf2a4a2\",\"name\":\"Lo viste en Los Pol\u00edticos\",\"image\":{\"@type\":\"ImageObject\",\"inLanguage\":\"es\",\"@id\":\"https:\\\/\\\/secure.gravatar.com\\\/avatar\\\/3a8de04a2656d44082be478bd6c086daa447c4651605818287b9532d3d0bd435?s=96&d=mm&r=g\",\"url\":\"https:\\\/\\\/secure.gravatar.com\\\/avatar\\\/3a8de04a2656d44082be478bd6c086daa447c4651605818287b9532d3d0bd435?s=96&d=mm&r=g\",\"contentUrl\":\"https:\\\/\\\/secure.gravatar.com\\\/avatar\\\/3a8de04a2656d44082be478bd6c086daa447c4651605818287b9532d3d0bd435?s=96&d=mm&r=g\",\"caption\":\"Lo viste en Los Pol\u00edticos\"},\"url\":\"https:\\\/\\\/lospoliticosveracruz.com\\\/?author=2\"}]}<\/script>\n<!-- \/ Yoast SEO plugin. -->","yoast_head_json":{"title":"Orden al Transporte - Los pol\u00edticos Veracruz","robots":{"index":"index","follow":"follow","max-snippet":"max-snippet:-1","max-image-preview":"max-image-preview:large","max-video-preview":"max-video-preview:-1"},"canonical":"https:\/\/lospoliticosveracruz.com\/?p=30876","og_locale":"es_ES","og_type":"article","og_title":"Orden al Transporte - Los pol\u00edticos Veracruz","og_description":"Brenda Caballero N\u00fameros Rojos \u00a1Corre! \u00a1Corre! Grita la se\u00f1ora a su peque\u00f1o hijo, mientras con la otra mano jala la maleta, y salen presurosos hacia la terminal de autobuses de CAXA, en Xalapa. Otras mujeres tambi\u00e9n corren por la avenida con sus maletas en mano. Una pareja, y otros m\u00e1s sufren la misma pena. La [&hellip;]","og_url":"https:\/\/lospoliticosveracruz.com\/?p=30876","og_site_name":"Los pol\u00edticos Veracruz","article_publisher":"https:\/\/www.facebook.com\/people\/Notimemes-de-los-Polticos\/61565672886568\/","article_published_time":"2017-02-16T04:33:49+00:00","og_image":[{"width":200,"height":200,"url":"https:\/\/lospoliticosveracruz.com\/wp-content\/uploads\/2016\/07\/Logo-Dor.jpg","type":"image\/jpeg"}],"author":"Lo viste en Los Pol\u00edticos","twitter_card":"summary_large_image","twitter_creator":"@LosPoliticosVer","twitter_site":"@LosPoliticosVer","twitter_misc":{"Escrito por":"Lo viste en Los Pol\u00edticos","Tiempo de lectura":"3 minutos"},"schema":{"@context":"https:\/\/schema.org","@graph":[{"@type":"Article","@id":"https:\/\/lospoliticosveracruz.com\/?p=30876#article","isPartOf":{"@id":"https:\/\/lospoliticosveracruz.com\/?p=30876"},"author":{"name":"Lo viste en Los Pol\u00edticos","@id":"https:\/\/lospoliticosveracruz.com\/#\/schema\/person\/b8702bb0e538456e6efd07080bf2a4a2"},"headline":"Orden al Transporte","datePublished":"2017-02-16T04:33:49+00:00","mainEntityOfPage":{"@id":"https:\/\/lospoliticosveracruz.com\/?p=30876"},"wordCount":600,"commentCount":0,"publisher":{"@id":"https:\/\/lospoliticosveracruz.com\/#organization"},"keywords":["CAXA","Miguel Angel Yunes Linares","Programa de Reordenamiento y Regularizaci\u00f3n del Transporte P\u00fablico","REC","taxis"],"articleSection":["De Opini\u00f3n"],"inLanguage":"es","potentialAction":[{"@type":"CommentAction","name":"Comment","target":["https:\/\/lospoliticosveracruz.com\/?p=30876#respond"]}]},{"@type":"WebPage","@id":"https:\/\/lospoliticosveracruz.com\/?p=30876","url":"https:\/\/lospoliticosveracruz.com\/?p=30876","name":"Orden al Transporte - Los pol\u00edticos Veracruz","isPartOf":{"@id":"https:\/\/lospoliticosveracruz.com\/#website"},"datePublished":"2017-02-16T04:33:49+00:00","breadcrumb":{"@id":"https:\/\/lospoliticosveracruz.com\/?p=30876#breadcrumb"},"inLanguage":"es","potentialAction":[{"@type":"ReadAction","target":["https:\/\/lospoliticosveracruz.com\/?p=30876"]}]},{"@type":"BreadcrumbList","@id":"https:\/\/lospoliticosveracruz.com\/?p=30876#breadcrumb","itemListElement":[{"@type":"ListItem","position":1,"name":"Portada","item":"https:\/\/lospoliticosveracruz.com\/"},{"@type":"ListItem","position":2,"name":"Orden al Transporte"}]},{"@type":"WebSite","@id":"https:\/\/lospoliticosveracruz.com\/#website","url":"https:\/\/lospoliticosveracruz.com\/","name":"Los pol\u00edticos Veracruz","description":"","publisher":{"@id":"https:\/\/lospoliticosveracruz.com\/#organization"},"potentialAction":[{"@type":"SearchAction","target":{"@type":"EntryPoint","urlTemplate":"https:\/\/lospoliticosveracruz.com\/?s={search_term_string}"},"query-input":{"@type":"PropertyValueSpecification","valueRequired":true,"valueName":"search_term_string"}}],"inLanguage":"es"},{"@type":"Organization","@id":"https:\/\/lospoliticosveracruz.com\/#organization","name":"Los pol\u00edticos Veracruz","url":"https:\/\/lospoliticosveracruz.com\/","logo":{"@type":"ImageObject","inLanguage":"es","@id":"https:\/\/lospoliticosveracruz.com\/#\/schema\/logo\/image\/","url":"https:\/\/lospoliticosveracruz.com\/wp-content\/uploads\/2025\/12\/Logo-Nuevo-LOS-POLITICOS-1.jpg","contentUrl":"https:\/\/lospoliticosveracruz.com\/wp-content\/uploads\/2025\/12\/Logo-Nuevo-LOS-POLITICOS-1.jpg","width":260,"height":70,"caption":"Los pol\u00edticos Veracruz"},"image":{"@id":"https:\/\/lospoliticosveracruz.com\/#\/schema\/logo\/image\/"},"sameAs":["https:\/\/www.facebook.com\/people\/Notimemes-de-los-Polticos\/61565672886568\/","https:\/\/x.com\/LosPoliticosVer"]},{"@type":"Person","@id":"https:\/\/lospoliticosveracruz.com\/#\/schema\/person\/b8702bb0e538456e6efd07080bf2a4a2","name":"Lo viste en Los Pol\u00edticos","image":{"@type":"ImageObject","inLanguage":"es","@id":"https:\/\/secure.gravatar.com\/avatar\/3a8de04a2656d44082be478bd6c086daa447c4651605818287b9532d3d0bd435?s=96&d=mm&r=g","url":"https:\/\/secure.gravatar.com\/avatar\/3a8de04a2656d44082be478bd6c086daa447c4651605818287b9532d3d0bd435?s=96&d=mm&r=g","contentUrl":"https:\/\/secure.gravatar.com\/avatar\/3a8de04a2656d44082be478bd6c086daa447c4651605818287b9532d3d0bd435?s=96&d=mm&r=g","caption":"Lo viste en Los Pol\u00edticos"},"url":"https:\/\/lospoliticosveracruz.com\/?author=2"}]}},"_links":{"self":[{"href":"https:\/\/lospoliticosveracruz.com\/index.php?rest_route=\/wp\/v2\/posts\/30876","targetHints":{"allow":["GET"]}}],"collection":[{"href":"https:\/\/lospoliticosveracruz.com\/index.php?rest_route=\/wp\/v2\/posts"}],"about":[{"href":"https:\/\/lospoliticosveracruz.com\/index.php?rest_route=\/wp\/v2\/types\/post"}],"author":[{"embeddable":true,"href":"https:\/\/lospoliticosveracruz.com\/index.php?rest_route=\/wp\/v2\/users\/2"}],"replies":[{"embeddable":true,"href":"https:\/\/lospoliticosveracruz.com\/index.php?rest_route=%2Fwp%2Fv2%2Fcomments&post=30876"}],"version-history":[{"count":2,"href":"https:\/\/lospoliticosveracruz.com\/index.php?rest_route=\/wp\/v2\/posts\/30876\/revisions"}],"predecessor-version":[{"id":30880,"href":"https:\/\/lospoliticosveracruz.com\/index.php?rest_route=\/wp\/v2\/posts\/30876\/revisions\/30880"}],"wp:attachment":[{"href":"https:\/\/lospoliticosveracruz.com\/index.php?rest_route=%2Fwp%2Fv2%2Fmedia&parent=30876"}],"wp:term":[{"taxonomy":"category","embeddable":true,"href":"https:\/\/lospoliticosveracruz.com\/index.php?rest_route=%2Fwp%2Fv2%2Fcategories&post=30876"},{"taxonomy":"post_tag","embeddable":true,"href":"https:\/\/lospoliticosveracruz.com\/index.php?rest_route=%2Fwp%2Fv2%2Ftags&post=30876"}],"curies":[{"name":"wp","href":"https:\/\/api.w.org\/{rel}","templated":true}]}}