{"id":30893,"date":"2017-02-16T10:09:03","date_gmt":"2017-02-16T16:09:03","guid":{"rendered":"http:\/\/www.lospoliticosveracruz.com.mx\/?p=30893"},"modified":"2017-02-16T10:09:03","modified_gmt":"2017-02-16T16:09:03","slug":"la-leche-tambien-era-aparente","status":"publish","type":"post","link":"https:\/\/lospoliticosveracruz.com\/?p=30893","title":{"rendered":"La leche tambi\u00e9n era aparente"},"content":{"rendered":"<p class=\"x_m_-7096898894136528084Standard\" style=\"text-align: left;\" align=\"center\"><b><\/b><strong><span lang=\"ES-MX\">Ricardo V\u00e1zquez Salazar<\/span><\/strong><\/p>\n<p class=\"x_m_-7096898894136528084Standard\" style=\"text-align: left;\" align=\"center\"><em><span lang=\"ES-MX\">Esfera Pol\u00edtica<\/span><\/em><\/p>\n<p class=\"x_m_-7096898894136528084Standard\" style=\"text-align: left;\" align=\"center\">\n<p class=\"x_m_-7096898894136528084Standard\" style=\"text-align: left;\" align=\"center\">\n<p class=\"x_m_-7096898894136528084Standard\" style=\"text-align: left;\" align=\"center\"><b><\/b><span lang=\"ES-MX\">\u201cBajo el techo ondulado de la estaci\u00f3n de Chengdu, en Sichuan, centenares de j\u00f3venes chinas sonr\u00eden para la foto.<\/span><\/p>\n<p class=\"x_m_-7096898894136528084Textbody\" style=\"text-align: left;\"><span lang=\"ES-MX\">Todas lucen id\u00e9nticos delantales nuevos.<\/span><\/p>\n<p class=\"x_m_-7096898894136528084Textbody\" style=\"text-align: left;\"><span lang=\"ES-MX\">Est\u00e1n todas reci\u00e9n peinadas, lavadas, planchadas.<\/span><\/p>\n<p class=\"x_m_-7096898894136528084Textbody\" style=\"text-align: left;\"><span lang=\"ES-MX\">Est\u00e1n todas reci\u00e9n paridas.<\/span><\/p>\n<p class=\"x_m_-7096898894136528084Textbody\" style=\"text-align: left;\"><span lang=\"ES-MX\">Esperan el tren que las llevar\u00e1 a Pek\u00edn.<\/span><\/p>\n<p class=\"x_m_-7096898894136528084Textbody\" style=\"text-align: left;\"><span lang=\"ES-MX\">En Pek\u00edn, todas dar\u00e1n de mamar a beb\u00e9s ajenos.<\/span><\/p>\n<p class=\"x_m_-7096898894136528084Textbody\" style=\"text-align: left;\"><span lang=\"ES-MX\">Estas vacas lecheras ser\u00e1n bien pagadas y bien alimentadas.<\/span><\/p>\n<p class=\"x_m_-7096898894136528084Textbody\" style=\"text-align: left;\"><span lang=\"ES-MX\">Mientras tanto, muy lejos de Pek\u00edn, en las aldeas de Sichuan, sus beb\u00e9s ser\u00e1n amamantados con leche en polvo.<\/span><\/p>\n<p class=\"x_m_-7096898894136528084Textbody\" style=\"text-align: left;\"><span lang=\"ES-MX\">Todas dicen que lo hacen por ellos, para pagarles una buena educaci\u00f3n\u201d.<\/span><\/p>\n<p class=\"x_m_-7096898894136528084Textbody\" style=\"text-align: left;\"><span lang=\"ES-MX\">Es un fragmento de la obra Los hijos de los d\u00edas, del escritor uruguayo Eduardo Galeano, en\u00a0 el cap\u00edtulo correspondiente al d\u00eda 12 de febrero, titulado \u201cD\u00eda de la lactancia materna\u201d.<\/span><\/p>\n<p class=\"x_m_-7096898894136528084Textbody\" style=\"text-align: left;\"><span lang=\"ES-MX\">No se podr\u00eda hacer una analog\u00eda precisa, porque no encajar\u00eda, mas la intenci\u00f3n es hacer notar la forma despectiva en que Galeano se refiere a la leche en polvo, con toda raz\u00f3n, por tratarse de un producto aparente que se ha vuelto muy com\u00fan para ser consumido por beb\u00e9s, ni\u00f1os, j\u00f3venes y adultos, no \u00fanicamente en China, en pa\u00edses subdesarrollados la leche en polvo tiene una enorme demanda por empresas p\u00fablicas y privadas.<\/span><\/p>\n<p class=\"x_m_-7096898894136528084Textbody\" style=\"text-align: left;\"><span lang=\"ES-MX\">A lo que le llaman leche en polvo, no es aut\u00e9ntica leche de vaca deshidratada, se trata de una bebida compuesta a base de suero de leche, grasa vegetal y saborizantes, por lo que en definitiva no es \u00a0leche, debido a que no tiene valor nutritivo.<\/span><\/p>\n<p class=\"x_m_-7096898894136528084Textbody\" style=\"text-align: left;\"><span lang=\"ES-MX\">No es posible abordar el tema de la lactancia materna, porque ser\u00eda meternos en profundidades, lo \u00fanico que podr\u00edamos decir es que ah\u00ed s\u00ed, la leche materna es insustituible.<\/span><\/p>\n<p class=\"x_m_-7096898894136528084Textbody\" style=\"text-align: left;\"><span lang=\"ES-MX\">Enfocados en el punto de la llamada leche en polvo, \u00e9sta y agua de horchata viene a ser lo mismo; no tiene comparaci\u00f3n con la leche de vaca, considerada de un muy elevado valor nutritivo.<\/span><\/p>\n<p class=\"x_m_-7096898894136528084Textbody\" style=\"text-align: left;\"><span lang=\"ES-MX\">La leche no escap\u00f3 a la putrefacci\u00f3n de la fidelidad y la prosperidad, en los escasos periodos \u00a0en que se sirvieron desayunos escolares y se repart\u00edan despensas, lo que se proporcionaba no era leche verdadera, leche en polvo es lo que conten\u00edan los paquetes, mismos que se vieron interrumpidos en los \u00faltimos tres a\u00f1os del desgobierno del eterno fugitivo Javier Duarte, porque los proveedores de Chihuahua y Nuevo Le\u00f3n reclamaban sus pagos correspondientes. \u00a0\u00a0<\/span><\/p>\n<p class=\"x_m_-7096898894136528084Textbody\" style=\"text-align: left;\"><span lang=\"ES-MX\">\u00bfLa raz\u00f3n por la que se compraba y suministraba leche en polvo?<\/span><\/p>\n<p class=\"x_m_-7096898894136528084Textbody\" style=\"text-align: left;\"><span lang=\"ES-MX\">Es porque lo manejaron como un negocio m\u00e1s, un excelente negocio que hicieron en el DIF estatal.<\/span><\/p>\n<p class=\"x_m_-7096898894136528084Textbody\" style=\"text-align: left;\"><span lang=\"ES-MX\">Lo hemos apuntado en otras ocasiones, es realmente absurdo que teniendo Veracruz una producci\u00f3n de leche de vaca que rebasa los 720 millones de litros de leche al a\u00f1o, se tenga que comprar leche aparente o leche en polvo, porque qued\u00f3 desatendida la cadena alimentaria de la leche, desde la administraci\u00f3n de Fidel Herrera se dej\u00f3 abandonado un valioso eslab\u00f3n, la red de fr\u00edo, los centros de acopio de leche, el primer paso para la industrializaci\u00f3n l\u00e1ctea.<\/span><\/p>\n<p class=\"x_m_-7096898894136528084Textbody\" style=\"text-align: left;\"><span lang=\"ES-MX\">10 centro de acopio creados a todo lo largo del territorio veracruzano, seis cuentan con equipo de enfriamiento; dos totalmente terminados, Isla y Ozuluama, listos para vaciar la leche y enfriarla. Fue una inversi\u00f3n tripartita: ganaderos, gobierno estatal, y federal que financi\u00f3 la mayor parte para el equipamiento. \u00a0<\/span><\/p>\n<p class=\"x_m_-7096898894136528084Textbody\" style=\"text-align: left;\"><span lang=\"ES-MX\">Toda esta infraestructura se observa en proceso de deterioro, porque ni Fidel Herrera ni Javier Duarte tuvieron voluntad para darle uso. Aunque hubo recursos suficientes para llegar a industrializar la leche que se produce en Veracruz, el perverso negocio con la compra de leche en polvo se antepon\u00eda.<\/span><\/p>\n<p class=\"x_m_-7096898894136528084Textbody\" style=\"text-align: left;\"><span lang=\"ES-MX\">En el proyecto inicial hubo un compromiso por parte de Leche Industrializada Conasupo, Liconsa para comprar la leche a los centros de acopio; nunca se concret\u00f3 que la paraestatal comprara el producto a los ganaderos.<\/span><\/p>\n<p class=\"x_m_-7096898894136528084Textbody\" style=\"text-align: left;\"><span lang=\"ES-MX\">De las aberraciones que ocurren en nuestro pa\u00eds: en la actualidad Liconsa le compra la leche a los acaparadores, a los queseros, a los que les paga a buen precio, estable y constante, para que los llamados \u201ccoyotes\u201d les paguen a los ganaderos al precio que quieren y cuando quieren, tal y como est\u00e1 sucediendo en el municipio de Tampico Alto, Veracruz. \u00a0<\/span><\/p>\n<p class=\"x_m_-7096898894136528084Textbody\" style=\"text-align: left;\"><span lang=\"ES-MX\">El argumento de que la leche de Veracruz es de mala calidad, es un mito y as\u00ed lo han demostrado los ganaderos de Isla, de la sociedad \u201cProductores de Leche Buena\u201d, ofrecen leche de excelente calidad. Ganaderos de otros municipios estar\u00edan dispuestos a trabajar para entregar producto l\u00e1cteo como lo exige la Norma Oficial Mexicana.<\/span><\/p>\n<p class=\"x_m_-7096898894136528084Textbody\" style=\"text-align: left;\"><span lang=\"ES-MX\">Basta sacar la cabeza de nuestra entidad para ver lo que est\u00e1n haciendo en otros pa\u00edses en condiciones similares a Veracruz. \u00a0\u00a0\u00a0<\/span><\/p>\n<p class=\"x_m_-7096898894136528084Textbody\" style=\"text-align: left;\"><span lang=\"ES-MX\">Este mi\u00e9rcoles se dio a conocer que en los \u00faltimos cuatro a\u00f1os se suspendieron programas del DIF estatal. La se\u00f1ora\u00a0 Leticia M\u00e1rquez de Yunes, presidente del patronato habl\u00f3 de ir en busca de recuperarlos<\/span><\/p>\n<p class=\"x_m_-7096898894136528084Textbody\" style=\"text-align: left;\"><span lang=\"ES-MX\">La esposa del gobernador Miguel \u00c1ngel Yunes se\u00f1al\u00f3 que la infraestructura tambi\u00e9n se encuentra abandonada; situaciones por las que se hab\u00eda dejado solos a los municipios sin que pudieran brindar los apoyos necesarios a la poblaci\u00f3n. La se\u00f1ora M\u00e1rquez de Yunes adelant\u00f3 que el viernes habr\u00e1 buenas noticias de los programas que el DIF estatal pondr\u00e1 en marcha.<\/span><\/p>\n<p style=\"text-align: left;\"><a href=\"mailto:rvazquez002@yahoo.com.mx\" target=\"_blank\"><span lang=\"ES-MX\">rvazquez002@yahoo.com.mx<\/span><\/a><\/p>\n","protected":false},"excerpt":{"rendered":"<p>Ricardo V\u00e1zquez Salazar Esfera Pol\u00edtica \u201cBajo el techo ondulado de la estaci\u00f3n de Chengdu, en Sichuan, centenares de j\u00f3venes chinas sonr\u00eden para la foto. Todas lucen id\u00e9nticos delantales nuevos. Est\u00e1n todas reci\u00e9n peinadas, lavadas, planchadas. Est\u00e1n todas reci\u00e9n paridas. Esperan el tren que las llevar\u00e1 a Pek\u00edn. En Pek\u00edn, todas dar\u00e1n de mamar a beb\u00e9s [&hellip;]<\/p>\n","protected":false},"author":2,"featured_media":0,"comment_status":"open","ping_status":"open","sticky":false,"template":"","format":"standard","meta":{"tdm_status":"","tdm_grid_status":"","footnotes":""},"categories":[70],"tags":[6928,788,7459,79,162,7460,7458],"class_list":{"0":"post-30893","1":"post","2":"type-post","3":"status-publish","4":"format-standard","6":"category-de-opinion","7":"tag-desayunos-escolares","8":"tag-dif-estatal","9":"tag-eduardo-galenao","10":"tag-fidel-herrera","11":"tag-javier-duarte","12":"tag-leche-en-polvo","13":"tag-los-hijos-de-los-dias"},"yoast_head":"<!-- This site is optimized with the Yoast SEO plugin v27.4 - https:\/\/yoast.com\/product\/yoast-seo-wordpress\/ -->\n<title>La leche tambi\u00e9n era aparente - Los pol\u00edticos Veracruz<\/title>\n<meta name=\"robots\" content=\"index, follow, max-snippet:-1, max-image-preview:large, max-video-preview:-1\" \/>\n<link rel=\"canonical\" href=\"https:\/\/lospoliticosveracruz.com\/?p=30893\" \/>\n<meta property=\"og:locale\" content=\"es_ES\" \/>\n<meta property=\"og:type\" content=\"article\" \/>\n<meta property=\"og:title\" content=\"La leche tambi\u00e9n era aparente - Los pol\u00edticos Veracruz\" \/>\n<meta property=\"og:description\" content=\"Ricardo V\u00e1zquez Salazar Esfera Pol\u00edtica \u201cBajo el techo ondulado de la estaci\u00f3n de Chengdu, en Sichuan, centenares de j\u00f3venes chinas sonr\u00eden para la foto. Todas lucen id\u00e9nticos delantales nuevos. Est\u00e1n todas reci\u00e9n peinadas, lavadas, planchadas. Est\u00e1n todas reci\u00e9n paridas. Esperan el tren que las llevar\u00e1 a Pek\u00edn. En Pek\u00edn, todas dar\u00e1n de mamar a beb\u00e9s [&hellip;]\" \/>\n<meta property=\"og:url\" content=\"https:\/\/lospoliticosveracruz.com\/?p=30893\" \/>\n<meta property=\"og:site_name\" content=\"Los pol\u00edticos Veracruz\" \/>\n<meta property=\"article:publisher\" content=\"https:\/\/www.facebook.com\/people\/Notimemes-de-los-Polticos\/61565672886568\/\" \/>\n<meta property=\"article:published_time\" content=\"2017-02-16T16:09:03+00:00\" \/>\n<meta property=\"og:image\" content=\"https:\/\/lospoliticosveracruz.com\/wp-content\/uploads\/2016\/07\/Logo-Dor.jpg\" \/>\n\t<meta property=\"og:image:width\" content=\"200\" \/>\n\t<meta property=\"og:image:height\" content=\"200\" \/>\n\t<meta property=\"og:image:type\" content=\"image\/jpeg\" \/>\n<meta name=\"author\" content=\"Lo viste en Los Pol\u00edticos\" \/>\n<meta name=\"twitter:card\" content=\"summary_large_image\" \/>\n<meta name=\"twitter:creator\" content=\"@LosPoliticosVer\" \/>\n<meta name=\"twitter:site\" content=\"@LosPoliticosVer\" \/>\n<meta name=\"twitter:label1\" content=\"Escrito por\" \/>\n\t<meta name=\"twitter:data1\" content=\"Lo viste en Los Pol\u00edticos\" \/>\n\t<meta name=\"twitter:label2\" content=\"Tiempo de lectura\" \/>\n\t<meta name=\"twitter:data2\" content=\"5 minutos\" \/>\n<script type=\"application\/ld+json\" class=\"yoast-schema-graph\">{\"@context\":\"https:\\\/\\\/schema.org\",\"@graph\":[{\"@type\":\"Article\",\"@id\":\"https:\\\/\\\/lospoliticosveracruz.com\\\/?p=30893#article\",\"isPartOf\":{\"@id\":\"https:\\\/\\\/lospoliticosveracruz.com\\\/?p=30893\"},\"author\":{\"name\":\"Lo viste en Los Pol\u00edticos\",\"@id\":\"https:\\\/\\\/lospoliticosveracruz.com\\\/#\\\/schema\\\/person\\\/b8702bb0e538456e6efd07080bf2a4a2\"},\"headline\":\"La leche tambi\u00e9n era aparente\",\"datePublished\":\"2017-02-16T16:09:03+00:00\",\"mainEntityOfPage\":{\"@id\":\"https:\\\/\\\/lospoliticosveracruz.com\\\/?p=30893\"},\"wordCount\":926,\"commentCount\":0,\"publisher\":{\"@id\":\"https:\\\/\\\/lospoliticosveracruz.com\\\/#organization\"},\"keywords\":[\"Desayunos escolares\",\"DIF estatal\",\"Eduardo Galenao\",\"Fidel Herrera\",\"Javier Duarte\",\"Leche en polvo\",\"Los hijos de los d\u00edas\"],\"articleSection\":[\"De Opini\u00f3n\"],\"inLanguage\":\"es\",\"potentialAction\":[{\"@type\":\"CommentAction\",\"name\":\"Comment\",\"target\":[\"https:\\\/\\\/lospoliticosveracruz.com\\\/?p=30893#respond\"]}]},{\"@type\":\"WebPage\",\"@id\":\"https:\\\/\\\/lospoliticosveracruz.com\\\/?p=30893\",\"url\":\"https:\\\/\\\/lospoliticosveracruz.com\\\/?p=30893\",\"name\":\"La leche tambi\u00e9n era aparente - Los pol\u00edticos Veracruz\",\"isPartOf\":{\"@id\":\"https:\\\/\\\/lospoliticosveracruz.com\\\/#website\"},\"datePublished\":\"2017-02-16T16:09:03+00:00\",\"breadcrumb\":{\"@id\":\"https:\\\/\\\/lospoliticosveracruz.com\\\/?p=30893#breadcrumb\"},\"inLanguage\":\"es\",\"potentialAction\":[{\"@type\":\"ReadAction\",\"target\":[\"https:\\\/\\\/lospoliticosveracruz.com\\\/?p=30893\"]}]},{\"@type\":\"BreadcrumbList\",\"@id\":\"https:\\\/\\\/lospoliticosveracruz.com\\\/?p=30893#breadcrumb\",\"itemListElement\":[{\"@type\":\"ListItem\",\"position\":1,\"name\":\"Portada\",\"item\":\"https:\\\/\\\/lospoliticosveracruz.com\\\/\"},{\"@type\":\"ListItem\",\"position\":2,\"name\":\"La leche tambi\u00e9n era aparente\"}]},{\"@type\":\"WebSite\",\"@id\":\"https:\\\/\\\/lospoliticosveracruz.com\\\/#website\",\"url\":\"https:\\\/\\\/lospoliticosveracruz.com\\\/\",\"name\":\"Los pol\u00edticos Veracruz\",\"description\":\"\",\"publisher\":{\"@id\":\"https:\\\/\\\/lospoliticosveracruz.com\\\/#organization\"},\"potentialAction\":[{\"@type\":\"SearchAction\",\"target\":{\"@type\":\"EntryPoint\",\"urlTemplate\":\"https:\\\/\\\/lospoliticosveracruz.com\\\/?s={search_term_string}\"},\"query-input\":{\"@type\":\"PropertyValueSpecification\",\"valueRequired\":true,\"valueName\":\"search_term_string\"}}],\"inLanguage\":\"es\"},{\"@type\":\"Organization\",\"@id\":\"https:\\\/\\\/lospoliticosveracruz.com\\\/#organization\",\"name\":\"Los pol\u00edticos Veracruz\",\"url\":\"https:\\\/\\\/lospoliticosveracruz.com\\\/\",\"logo\":{\"@type\":\"ImageObject\",\"inLanguage\":\"es\",\"@id\":\"https:\\\/\\\/lospoliticosveracruz.com\\\/#\\\/schema\\\/logo\\\/image\\\/\",\"url\":\"https:\\\/\\\/lospoliticosveracruz.com\\\/wp-content\\\/uploads\\\/2025\\\/12\\\/Logo-Nuevo-LOS-POLITICOS-1.jpg\",\"contentUrl\":\"https:\\\/\\\/lospoliticosveracruz.com\\\/wp-content\\\/uploads\\\/2025\\\/12\\\/Logo-Nuevo-LOS-POLITICOS-1.jpg\",\"width\":260,\"height\":70,\"caption\":\"Los pol\u00edticos Veracruz\"},\"image\":{\"@id\":\"https:\\\/\\\/lospoliticosveracruz.com\\\/#\\\/schema\\\/logo\\\/image\\\/\"},\"sameAs\":[\"https:\\\/\\\/www.facebook.com\\\/people\\\/Notimemes-de-los-Polticos\\\/61565672886568\\\/\",\"https:\\\/\\\/x.com\\\/LosPoliticosVer\"]},{\"@type\":\"Person\",\"@id\":\"https:\\\/\\\/lospoliticosveracruz.com\\\/#\\\/schema\\\/person\\\/b8702bb0e538456e6efd07080bf2a4a2\",\"name\":\"Lo viste en Los Pol\u00edticos\",\"image\":{\"@type\":\"ImageObject\",\"inLanguage\":\"es\",\"@id\":\"https:\\\/\\\/secure.gravatar.com\\\/avatar\\\/3a8de04a2656d44082be478bd6c086daa447c4651605818287b9532d3d0bd435?s=96&d=mm&r=g\",\"url\":\"https:\\\/\\\/secure.gravatar.com\\\/avatar\\\/3a8de04a2656d44082be478bd6c086daa447c4651605818287b9532d3d0bd435?s=96&d=mm&r=g\",\"contentUrl\":\"https:\\\/\\\/secure.gravatar.com\\\/avatar\\\/3a8de04a2656d44082be478bd6c086daa447c4651605818287b9532d3d0bd435?s=96&d=mm&r=g\",\"caption\":\"Lo viste en Los Pol\u00edticos\"},\"url\":\"https:\\\/\\\/lospoliticosveracruz.com\\\/?author=2\"}]}<\/script>\n<!-- \/ Yoast SEO plugin. -->","yoast_head_json":{"title":"La leche tambi\u00e9n era aparente - Los pol\u00edticos Veracruz","robots":{"index":"index","follow":"follow","max-snippet":"max-snippet:-1","max-image-preview":"max-image-preview:large","max-video-preview":"max-video-preview:-1"},"canonical":"https:\/\/lospoliticosveracruz.com\/?p=30893","og_locale":"es_ES","og_type":"article","og_title":"La leche tambi\u00e9n era aparente - Los pol\u00edticos Veracruz","og_description":"Ricardo V\u00e1zquez Salazar Esfera Pol\u00edtica \u201cBajo el techo ondulado de la estaci\u00f3n de Chengdu, en Sichuan, centenares de j\u00f3venes chinas sonr\u00eden para la foto. Todas lucen id\u00e9nticos delantales nuevos. Est\u00e1n todas reci\u00e9n peinadas, lavadas, planchadas. Est\u00e1n todas reci\u00e9n paridas. Esperan el tren que las llevar\u00e1 a Pek\u00edn. En Pek\u00edn, todas dar\u00e1n de mamar a beb\u00e9s [&hellip;]","og_url":"https:\/\/lospoliticosveracruz.com\/?p=30893","og_site_name":"Los pol\u00edticos Veracruz","article_publisher":"https:\/\/www.facebook.com\/people\/Notimemes-de-los-Polticos\/61565672886568\/","article_published_time":"2017-02-16T16:09:03+00:00","og_image":[{"width":200,"height":200,"url":"https:\/\/lospoliticosveracruz.com\/wp-content\/uploads\/2016\/07\/Logo-Dor.jpg","type":"image\/jpeg"}],"author":"Lo viste en Los Pol\u00edticos","twitter_card":"summary_large_image","twitter_creator":"@LosPoliticosVer","twitter_site":"@LosPoliticosVer","twitter_misc":{"Escrito por":"Lo viste en Los Pol\u00edticos","Tiempo de lectura":"5 minutos"},"schema":{"@context":"https:\/\/schema.org","@graph":[{"@type":"Article","@id":"https:\/\/lospoliticosveracruz.com\/?p=30893#article","isPartOf":{"@id":"https:\/\/lospoliticosveracruz.com\/?p=30893"},"author":{"name":"Lo viste en Los Pol\u00edticos","@id":"https:\/\/lospoliticosveracruz.com\/#\/schema\/person\/b8702bb0e538456e6efd07080bf2a4a2"},"headline":"La leche tambi\u00e9n era aparente","datePublished":"2017-02-16T16:09:03+00:00","mainEntityOfPage":{"@id":"https:\/\/lospoliticosveracruz.com\/?p=30893"},"wordCount":926,"commentCount":0,"publisher":{"@id":"https:\/\/lospoliticosveracruz.com\/#organization"},"keywords":["Desayunos escolares","DIF estatal","Eduardo Galenao","Fidel Herrera","Javier Duarte","Leche en polvo","Los hijos de los d\u00edas"],"articleSection":["De Opini\u00f3n"],"inLanguage":"es","potentialAction":[{"@type":"CommentAction","name":"Comment","target":["https:\/\/lospoliticosveracruz.com\/?p=30893#respond"]}]},{"@type":"WebPage","@id":"https:\/\/lospoliticosveracruz.com\/?p=30893","url":"https:\/\/lospoliticosveracruz.com\/?p=30893","name":"La leche tambi\u00e9n era aparente - Los pol\u00edticos Veracruz","isPartOf":{"@id":"https:\/\/lospoliticosveracruz.com\/#website"},"datePublished":"2017-02-16T16:09:03+00:00","breadcrumb":{"@id":"https:\/\/lospoliticosveracruz.com\/?p=30893#breadcrumb"},"inLanguage":"es","potentialAction":[{"@type":"ReadAction","target":["https:\/\/lospoliticosveracruz.com\/?p=30893"]}]},{"@type":"BreadcrumbList","@id":"https:\/\/lospoliticosveracruz.com\/?p=30893#breadcrumb","itemListElement":[{"@type":"ListItem","position":1,"name":"Portada","item":"https:\/\/lospoliticosveracruz.com\/"},{"@type":"ListItem","position":2,"name":"La leche tambi\u00e9n era aparente"}]},{"@type":"WebSite","@id":"https:\/\/lospoliticosveracruz.com\/#website","url":"https:\/\/lospoliticosveracruz.com\/","name":"Los pol\u00edticos Veracruz","description":"","publisher":{"@id":"https:\/\/lospoliticosveracruz.com\/#organization"},"potentialAction":[{"@type":"SearchAction","target":{"@type":"EntryPoint","urlTemplate":"https:\/\/lospoliticosveracruz.com\/?s={search_term_string}"},"query-input":{"@type":"PropertyValueSpecification","valueRequired":true,"valueName":"search_term_string"}}],"inLanguage":"es"},{"@type":"Organization","@id":"https:\/\/lospoliticosveracruz.com\/#organization","name":"Los pol\u00edticos Veracruz","url":"https:\/\/lospoliticosveracruz.com\/","logo":{"@type":"ImageObject","inLanguage":"es","@id":"https:\/\/lospoliticosveracruz.com\/#\/schema\/logo\/image\/","url":"https:\/\/lospoliticosveracruz.com\/wp-content\/uploads\/2025\/12\/Logo-Nuevo-LOS-POLITICOS-1.jpg","contentUrl":"https:\/\/lospoliticosveracruz.com\/wp-content\/uploads\/2025\/12\/Logo-Nuevo-LOS-POLITICOS-1.jpg","width":260,"height":70,"caption":"Los pol\u00edticos Veracruz"},"image":{"@id":"https:\/\/lospoliticosveracruz.com\/#\/schema\/logo\/image\/"},"sameAs":["https:\/\/www.facebook.com\/people\/Notimemes-de-los-Polticos\/61565672886568\/","https:\/\/x.com\/LosPoliticosVer"]},{"@type":"Person","@id":"https:\/\/lospoliticosveracruz.com\/#\/schema\/person\/b8702bb0e538456e6efd07080bf2a4a2","name":"Lo viste en Los Pol\u00edticos","image":{"@type":"ImageObject","inLanguage":"es","@id":"https:\/\/secure.gravatar.com\/avatar\/3a8de04a2656d44082be478bd6c086daa447c4651605818287b9532d3d0bd435?s=96&d=mm&r=g","url":"https:\/\/secure.gravatar.com\/avatar\/3a8de04a2656d44082be478bd6c086daa447c4651605818287b9532d3d0bd435?s=96&d=mm&r=g","contentUrl":"https:\/\/secure.gravatar.com\/avatar\/3a8de04a2656d44082be478bd6c086daa447c4651605818287b9532d3d0bd435?s=96&d=mm&r=g","caption":"Lo viste en Los Pol\u00edticos"},"url":"https:\/\/lospoliticosveracruz.com\/?author=2"}]}},"_links":{"self":[{"href":"https:\/\/lospoliticosveracruz.com\/index.php?rest_route=\/wp\/v2\/posts\/30893","targetHints":{"allow":["GET"]}}],"collection":[{"href":"https:\/\/lospoliticosveracruz.com\/index.php?rest_route=\/wp\/v2\/posts"}],"about":[{"href":"https:\/\/lospoliticosveracruz.com\/index.php?rest_route=\/wp\/v2\/types\/post"}],"author":[{"embeddable":true,"href":"https:\/\/lospoliticosveracruz.com\/index.php?rest_route=\/wp\/v2\/users\/2"}],"replies":[{"embeddable":true,"href":"https:\/\/lospoliticosveracruz.com\/index.php?rest_route=%2Fwp%2Fv2%2Fcomments&post=30893"}],"version-history":[{"count":1,"href":"https:\/\/lospoliticosveracruz.com\/index.php?rest_route=\/wp\/v2\/posts\/30893\/revisions"}],"predecessor-version":[{"id":30894,"href":"https:\/\/lospoliticosveracruz.com\/index.php?rest_route=\/wp\/v2\/posts\/30893\/revisions\/30894"}],"wp:attachment":[{"href":"https:\/\/lospoliticosveracruz.com\/index.php?rest_route=%2Fwp%2Fv2%2Fmedia&parent=30893"}],"wp:term":[{"taxonomy":"category","embeddable":true,"href":"https:\/\/lospoliticosveracruz.com\/index.php?rest_route=%2Fwp%2Fv2%2Fcategories&post=30893"},{"taxonomy":"post_tag","embeddable":true,"href":"https:\/\/lospoliticosveracruz.com\/index.php?rest_route=%2Fwp%2Fv2%2Ftags&post=30893"}],"curies":[{"name":"wp","href":"https:\/\/api.w.org\/{rel}","templated":true}]}}