{"id":30987,"date":"2017-02-21T10:02:54","date_gmt":"2017-02-21T16:02:54","guid":{"rendered":"http:\/\/www.lospoliticosveracruz.com.mx\/?p=30987"},"modified":"2017-02-21T10:02:54","modified_gmt":"2017-02-21T16:02:54","slug":"el-mantra-de-karime","status":"publish","type":"post","link":"https:\/\/lospoliticosveracruz.com\/?p=30987","title":{"rendered":"El mantra de Karime"},"content":{"rendered":"<p class=\"x_m_8419107740859278299Standard\" style=\"text-align: left;\" align=\"center\"><strong>Ricardo V\u00e1zquez Salazar<\/strong><\/p>\n<p class=\"x_m_8419107740859278299Standard\" style=\"text-align: left;\" align=\"center\"><em><span lang=\"ES-MX\">Esfera Pol\u00edtica<\/span><\/em><\/p>\n<p class=\"x_m_8419107740859278299Standard\" style=\"text-align: left;\" align=\"center\">\n<p class=\"x_m_8419107740859278299Standard\" style=\"text-align: left;\" align=\"center\">\n<p class=\"x_m_8419107740859278299Standard\" style=\"text-align: left;\" align=\"center\"><b><\/b><span lang=\"ES-MX\">Instrumento mental o repetici\u00f3n neur\u00f3tica, convertido este lunes en trending topic: \u201cS\u00ed merezco abundancia\u201d, el mantra predilecto de Karime Mac\u00edas de Duarte, esposa del eterno pr\u00f3fugo Javier Duarte de Ochoa. Manuscrito asentado cientos o tal vez miles de veces en una libreta, parte de las pertenencias de la expareja gubernamental veracruzana encontradas en una casa en C\u00f3rdoba, que por lo informado, de los bienes asegurados por la Fiscal\u00eda General del Estado, lo de mayor valor ser\u00edan los documentos que contienen informaci\u00f3n de inversiones, ubicaci\u00f3n de propiedades adquiridas y nombres de personas involucradas, producto del atraco a las arcas p\u00fablicas. \u00a0\u00a0\u00a0<\/span><\/p>\n<p class=\"x_m_8419107740859278299Textbody\" style=\"text-align: left;\"><span lang=\"ES-MX\">Javier Duarte y Karime Mac\u00edas vendieron su alma al diablo, por una desmedida ambici\u00f3n de enriquecimiento.\u00a0<\/span><\/p>\n<p class=\"x_m_8419107740859278299Textbody\" style=\"text-align: left;\"><span lang=\"ES-MX\">Ansiaban tanto amasar una cuantiosa fortuna que, no les import\u00f3 en lo absoluto causar demasiado da\u00f1o a los veracruzanos, hasta llegar a sacrificar vidas humanas con tal de permitir y participar en la realizaci\u00f3n de negocios criminales para obtener m\u00e1s dinero.<\/span><\/p>\n<p class=\"x_m_8419107740859278299Textbody\" style=\"text-align: left;\"><span lang=\"ES-MX\">Cegados por el estruendo del poder\u00edo econ\u00f3mico, por ese deseo irrefrenable de querer ser inmensamente ricos, el mantra de Karime la hizo creer que estaba emprendiendo lo mejor de su vida, sin evaluar todo el mal que estaban causando.<\/span><\/p>\n<p class=\"x_m_8419107740859278299Textbody\" style=\"text-align: left;\"><span lang=\"ES-MX\">Lo que Karime y Javier hicieron fue estropear sus propias vidas y la de toda su familia, comenzando por sus peque\u00f1os e inocentes hijos. Hicieron del mantra una desgracia familiar, por no querer darse cuenta ni aceptar que engendraban lo m\u00e1s amargo de su existencia.<\/span><\/p>\n<p class=\"x_m_8419107740859278299Textbody\" style=\"text-align: left;\"><span lang=\"ES-MX\">Javier y Karime se hundieron en ese egocentrismo salvaje, est\u00fapido y sobredimensionado. Ambos fueron incapaces de medirse y de poner un l\u00edmite a su voraz apetito econ\u00f3mico.<\/span><\/p>\n<p class=\"x_m_8419107740859278299Textbody\" style=\"text-align: left;\"><span lang=\"ES-MX\">Cuatro meses y d\u00edas lleva huyendo el matrimonio Duarte-Mac\u00edas, una vez que se puso al descubierto el fatalismo que originaron.<\/span><\/p>\n<p class=\"x_m_8419107740859278299Textbody\" style=\"text-align: left;\"><span lang=\"ES-MX\">Hoy ya se empieza a dudar de que Javier Duarte vaya a ser aprehendido o que aparezca. El tiempo que ha transcurrido despierta todo tipo de especulaciones; un prolongado periodo de evasi\u00f3n de la justicia que ni Joaqu\u00edn \u201cEl Chapo\u201d Guzm\u00e1n se daba ese lujo.<\/span><\/p>\n<p class=\"x_m_8419107740859278299Textbody\" style=\"text-align: left;\"><span lang=\"ES-MX\">Es insuficiente un solo detenido en el penal de Pacho Viejo, el exsecretario de Seguridad P\u00fablica, capit\u00e1n \u201cTormenta\u201d; porque existen cuando menos 60 c\u00f3mplices que merodean despreocupados,\u00a0 gozan de plena libertad, algunos con fuero; operan y tejen burdo, trabajan para quien los form\u00f3 en la pol\u00edtica.<\/span><\/p>\n<p class=\"x_m_8419107740859278299Textbody\" style=\"text-align: left;\"><span lang=\"ES-MX\">En el Altiplano no quieren reconocer que la impunidad es un valioso nutriente para el hartazgo de los veracruzanos.<\/span><\/p>\n<p class=\"x_m_8419107740859278299Textbody\" style=\"text-align: left;\"><span lang=\"ES-MX\">El electorado se desahogar\u00e1 una vez m\u00e1s en las urnas el d\u00eda 4 de junio pr\u00f3ximo.<\/span><\/p>\n<p class=\"x_m_8419107740859278299Textbody\" style=\"text-align: left;\"><span lang=\"ES-MX\">Karime y Javier hicieron de su mantra una aut\u00e9ntica desgracia, para ellos mismos y para los veracruzanos. \u00a0\u00a0\u00a0<\/span><\/p>\n<p style=\"text-align: left;\"><a href=\"mailto:rvazquez002@yahoo.com.mx\" target=\"_blank\"><span lang=\"ES-MX\">rvazquez002@yahoo.com.mx<\/span><\/a><\/p>\n","protected":false},"excerpt":{"rendered":"<p>Ricardo V\u00e1zquez Salazar Esfera Pol\u00edtica Instrumento mental o repetici\u00f3n neur\u00f3tica, convertido este lunes en trending topic: \u201cS\u00ed merezco abundancia\u201d, el mantra predilecto de Karime Mac\u00edas de Duarte, esposa del eterno pr\u00f3fugo Javier Duarte de Ochoa. Manuscrito asentado cientos o tal vez miles de veces en una libreta, parte de las pertenencias de la expareja gubernamental [&hellip;]<\/p>\n","protected":false},"author":2,"featured_media":30983,"comment_status":"open","ping_status":"open","sticky":false,"template":"","format":"standard","meta":{"tdm_status":"","tdm_grid_status":"","footnotes":""},"categories":[70],"tags":[7504,751,162,789,7503],"class_list":{"0":"post-30987","1":"post","2":"type-post","3":"status-publish","4":"format-standard","5":"has-post-thumbnail","7":"category-de-opinion","8":"tag-capitan-tormenta","9":"tag-cordoba","10":"tag-javier-duarte","11":"tag-karime-macias","12":"tag-si-merezco-abundancia"},"yoast_head":"<!-- This site is optimized with the Yoast SEO plugin v27.4 - https:\/\/yoast.com\/product\/yoast-seo-wordpress\/ -->\n<title>El mantra de Karime - Los pol\u00edticos Veracruz<\/title>\n<meta name=\"robots\" content=\"index, follow, max-snippet:-1, max-image-preview:large, max-video-preview:-1\" \/>\n<link rel=\"canonical\" href=\"https:\/\/lospoliticosveracruz.com\/?p=30987\" \/>\n<meta property=\"og:locale\" content=\"es_ES\" \/>\n<meta property=\"og:type\" content=\"article\" \/>\n<meta property=\"og:title\" content=\"El mantra de Karime - Los pol\u00edticos Veracruz\" \/>\n<meta property=\"og:description\" content=\"Ricardo V\u00e1zquez Salazar Esfera Pol\u00edtica Instrumento mental o repetici\u00f3n neur\u00f3tica, convertido este lunes en trending topic: \u201cS\u00ed merezco abundancia\u201d, el mantra predilecto de Karime Mac\u00edas de Duarte, esposa del eterno pr\u00f3fugo Javier Duarte de Ochoa. Manuscrito asentado cientos o tal vez miles de veces en una libreta, parte de las pertenencias de la expareja gubernamental [&hellip;]\" \/>\n<meta property=\"og:url\" content=\"https:\/\/lospoliticosveracruz.com\/?p=30987\" \/>\n<meta property=\"og:site_name\" content=\"Los pol\u00edticos Veracruz\" \/>\n<meta property=\"article:publisher\" content=\"https:\/\/www.facebook.com\/people\/Notimemes-de-los-Polticos\/61565672886568\/\" \/>\n<meta property=\"article:published_time\" content=\"2017-02-21T16:02:54+00:00\" \/>\n<meta property=\"og:image\" content=\"https:\/\/lospoliticosveracruz.com\/wp-content\/uploads\/2017\/02\/S\u00ed-merezco-abundancia.jpg\" \/>\n\t<meta property=\"og:image:width\" content=\"1024\" \/>\n\t<meta property=\"og:image:height\" content=\"682\" \/>\n\t<meta property=\"og:image:type\" content=\"image\/jpeg\" \/>\n<meta name=\"author\" content=\"Lo viste en Los Pol\u00edticos\" \/>\n<meta name=\"twitter:card\" content=\"summary_large_image\" \/>\n<meta name=\"twitter:creator\" content=\"@LosPoliticosVer\" \/>\n<meta name=\"twitter:site\" content=\"@LosPoliticosVer\" \/>\n<meta name=\"twitter:label1\" content=\"Escrito por\" \/>\n\t<meta name=\"twitter:data1\" content=\"Lo viste en Los Pol\u00edticos\" \/>\n\t<meta name=\"twitter:label2\" content=\"Tiempo de lectura\" \/>\n\t<meta name=\"twitter:data2\" content=\"2 minutos\" \/>\n<script type=\"application\/ld+json\" class=\"yoast-schema-graph\">{\"@context\":\"https:\\\/\\\/schema.org\",\"@graph\":[{\"@type\":\"Article\",\"@id\":\"https:\\\/\\\/lospoliticosveracruz.com\\\/?p=30987#article\",\"isPartOf\":{\"@id\":\"https:\\\/\\\/lospoliticosveracruz.com\\\/?p=30987\"},\"author\":{\"name\":\"Lo viste en Los Pol\u00edticos\",\"@id\":\"https:\\\/\\\/lospoliticosveracruz.com\\\/#\\\/schema\\\/person\\\/b8702bb0e538456e6efd07080bf2a4a2\"},\"headline\":\"El mantra de Karime\",\"datePublished\":\"2017-02-21T16:02:54+00:00\",\"mainEntityOfPage\":{\"@id\":\"https:\\\/\\\/lospoliticosveracruz.com\\\/?p=30987\"},\"wordCount\":478,\"commentCount\":0,\"publisher\":{\"@id\":\"https:\\\/\\\/lospoliticosveracruz.com\\\/#organization\"},\"image\":{\"@id\":\"https:\\\/\\\/lospoliticosveracruz.com\\\/?p=30987#primaryimage\"},\"thumbnailUrl\":\"https:\\\/\\\/lospoliticosveracruz.com\\\/wp-content\\\/uploads\\\/2017\\\/02\\\/S\u00ed-merezco-abundancia.jpg\",\"keywords\":[\"Capit\u00e1n Tormenta\",\"C\u00f3rdoba\",\"Javier Duarte\",\"Karime Mac\u00edas\",\"S\u00ed merezco abundancia\"],\"articleSection\":[\"De Opini\u00f3n\"],\"inLanguage\":\"es\",\"potentialAction\":[{\"@type\":\"CommentAction\",\"name\":\"Comment\",\"target\":[\"https:\\\/\\\/lospoliticosveracruz.com\\\/?p=30987#respond\"]}]},{\"@type\":\"WebPage\",\"@id\":\"https:\\\/\\\/lospoliticosveracruz.com\\\/?p=30987\",\"url\":\"https:\\\/\\\/lospoliticosveracruz.com\\\/?p=30987\",\"name\":\"El mantra de Karime - Los pol\u00edticos Veracruz\",\"isPartOf\":{\"@id\":\"https:\\\/\\\/lospoliticosveracruz.com\\\/#website\"},\"primaryImageOfPage\":{\"@id\":\"https:\\\/\\\/lospoliticosveracruz.com\\\/?p=30987#primaryimage\"},\"image\":{\"@id\":\"https:\\\/\\\/lospoliticosveracruz.com\\\/?p=30987#primaryimage\"},\"thumbnailUrl\":\"https:\\\/\\\/lospoliticosveracruz.com\\\/wp-content\\\/uploads\\\/2017\\\/02\\\/S\u00ed-merezco-abundancia.jpg\",\"datePublished\":\"2017-02-21T16:02:54+00:00\",\"breadcrumb\":{\"@id\":\"https:\\\/\\\/lospoliticosveracruz.com\\\/?p=30987#breadcrumb\"},\"inLanguage\":\"es\",\"potentialAction\":[{\"@type\":\"ReadAction\",\"target\":[\"https:\\\/\\\/lospoliticosveracruz.com\\\/?p=30987\"]}]},{\"@type\":\"ImageObject\",\"inLanguage\":\"es\",\"@id\":\"https:\\\/\\\/lospoliticosveracruz.com\\\/?p=30987#primaryimage\",\"url\":\"https:\\\/\\\/lospoliticosveracruz.com\\\/wp-content\\\/uploads\\\/2017\\\/02\\\/S\u00ed-merezco-abundancia.jpg\",\"contentUrl\":\"https:\\\/\\\/lospoliticosveracruz.com\\\/wp-content\\\/uploads\\\/2017\\\/02\\\/S\u00ed-merezco-abundancia.jpg\",\"width\":1024,\"height\":682},{\"@type\":\"BreadcrumbList\",\"@id\":\"https:\\\/\\\/lospoliticosveracruz.com\\\/?p=30987#breadcrumb\",\"itemListElement\":[{\"@type\":\"ListItem\",\"position\":1,\"name\":\"Portada\",\"item\":\"https:\\\/\\\/lospoliticosveracruz.com\\\/\"},{\"@type\":\"ListItem\",\"position\":2,\"name\":\"El mantra de Karime\"}]},{\"@type\":\"WebSite\",\"@id\":\"https:\\\/\\\/lospoliticosveracruz.com\\\/#website\",\"url\":\"https:\\\/\\\/lospoliticosveracruz.com\\\/\",\"name\":\"Los pol\u00edticos Veracruz\",\"description\":\"\",\"publisher\":{\"@id\":\"https:\\\/\\\/lospoliticosveracruz.com\\\/#organization\"},\"potentialAction\":[{\"@type\":\"SearchAction\",\"target\":{\"@type\":\"EntryPoint\",\"urlTemplate\":\"https:\\\/\\\/lospoliticosveracruz.com\\\/?s={search_term_string}\"},\"query-input\":{\"@type\":\"PropertyValueSpecification\",\"valueRequired\":true,\"valueName\":\"search_term_string\"}}],\"inLanguage\":\"es\"},{\"@type\":\"Organization\",\"@id\":\"https:\\\/\\\/lospoliticosveracruz.com\\\/#organization\",\"name\":\"Los pol\u00edticos Veracruz\",\"url\":\"https:\\\/\\\/lospoliticosveracruz.com\\\/\",\"logo\":{\"@type\":\"ImageObject\",\"inLanguage\":\"es\",\"@id\":\"https:\\\/\\\/lospoliticosveracruz.com\\\/#\\\/schema\\\/logo\\\/image\\\/\",\"url\":\"https:\\\/\\\/lospoliticosveracruz.com\\\/wp-content\\\/uploads\\\/2025\\\/12\\\/Logo-Nuevo-LOS-POLITICOS-1.jpg\",\"contentUrl\":\"https:\\\/\\\/lospoliticosveracruz.com\\\/wp-content\\\/uploads\\\/2025\\\/12\\\/Logo-Nuevo-LOS-POLITICOS-1.jpg\",\"width\":260,\"height\":70,\"caption\":\"Los pol\u00edticos Veracruz\"},\"image\":{\"@id\":\"https:\\\/\\\/lospoliticosveracruz.com\\\/#\\\/schema\\\/logo\\\/image\\\/\"},\"sameAs\":[\"https:\\\/\\\/www.facebook.com\\\/people\\\/Notimemes-de-los-Polticos\\\/61565672886568\\\/\",\"https:\\\/\\\/x.com\\\/LosPoliticosVer\"]},{\"@type\":\"Person\",\"@id\":\"https:\\\/\\\/lospoliticosveracruz.com\\\/#\\\/schema\\\/person\\\/b8702bb0e538456e6efd07080bf2a4a2\",\"name\":\"Lo viste en Los Pol\u00edticos\",\"image\":{\"@type\":\"ImageObject\",\"inLanguage\":\"es\",\"@id\":\"https:\\\/\\\/secure.gravatar.com\\\/avatar\\\/3a8de04a2656d44082be478bd6c086daa447c4651605818287b9532d3d0bd435?s=96&d=mm&r=g\",\"url\":\"https:\\\/\\\/secure.gravatar.com\\\/avatar\\\/3a8de04a2656d44082be478bd6c086daa447c4651605818287b9532d3d0bd435?s=96&d=mm&r=g\",\"contentUrl\":\"https:\\\/\\\/secure.gravatar.com\\\/avatar\\\/3a8de04a2656d44082be478bd6c086daa447c4651605818287b9532d3d0bd435?s=96&d=mm&r=g\",\"caption\":\"Lo viste en Los Pol\u00edticos\"},\"url\":\"https:\\\/\\\/lospoliticosveracruz.com\\\/?author=2\"}]}<\/script>\n<!-- \/ Yoast SEO plugin. -->","yoast_head_json":{"title":"El mantra de Karime - Los pol\u00edticos Veracruz","robots":{"index":"index","follow":"follow","max-snippet":"max-snippet:-1","max-image-preview":"max-image-preview:large","max-video-preview":"max-video-preview:-1"},"canonical":"https:\/\/lospoliticosveracruz.com\/?p=30987","og_locale":"es_ES","og_type":"article","og_title":"El mantra de Karime - Los pol\u00edticos Veracruz","og_description":"Ricardo V\u00e1zquez Salazar Esfera Pol\u00edtica Instrumento mental o repetici\u00f3n neur\u00f3tica, convertido este lunes en trending topic: \u201cS\u00ed merezco abundancia\u201d, el mantra predilecto de Karime Mac\u00edas de Duarte, esposa del eterno pr\u00f3fugo Javier Duarte de Ochoa. Manuscrito asentado cientos o tal vez miles de veces en una libreta, parte de las pertenencias de la expareja gubernamental [&hellip;]","og_url":"https:\/\/lospoliticosveracruz.com\/?p=30987","og_site_name":"Los pol\u00edticos Veracruz","article_publisher":"https:\/\/www.facebook.com\/people\/Notimemes-de-los-Polticos\/61565672886568\/","article_published_time":"2017-02-21T16:02:54+00:00","og_image":[{"width":1024,"height":682,"url":"https:\/\/lospoliticosveracruz.com\/wp-content\/uploads\/2017\/02\/S\u00ed-merezco-abundancia.jpg","type":"image\/jpeg"}],"author":"Lo viste en Los Pol\u00edticos","twitter_card":"summary_large_image","twitter_creator":"@LosPoliticosVer","twitter_site":"@LosPoliticosVer","twitter_misc":{"Escrito por":"Lo viste en Los Pol\u00edticos","Tiempo de lectura":"2 minutos"},"schema":{"@context":"https:\/\/schema.org","@graph":[{"@type":"Article","@id":"https:\/\/lospoliticosveracruz.com\/?p=30987#article","isPartOf":{"@id":"https:\/\/lospoliticosveracruz.com\/?p=30987"},"author":{"name":"Lo viste en Los Pol\u00edticos","@id":"https:\/\/lospoliticosveracruz.com\/#\/schema\/person\/b8702bb0e538456e6efd07080bf2a4a2"},"headline":"El mantra de Karime","datePublished":"2017-02-21T16:02:54+00:00","mainEntityOfPage":{"@id":"https:\/\/lospoliticosveracruz.com\/?p=30987"},"wordCount":478,"commentCount":0,"publisher":{"@id":"https:\/\/lospoliticosveracruz.com\/#organization"},"image":{"@id":"https:\/\/lospoliticosveracruz.com\/?p=30987#primaryimage"},"thumbnailUrl":"https:\/\/lospoliticosveracruz.com\/wp-content\/uploads\/2017\/02\/S\u00ed-merezco-abundancia.jpg","keywords":["Capit\u00e1n Tormenta","C\u00f3rdoba","Javier Duarte","Karime Mac\u00edas","S\u00ed merezco abundancia"],"articleSection":["De Opini\u00f3n"],"inLanguage":"es","potentialAction":[{"@type":"CommentAction","name":"Comment","target":["https:\/\/lospoliticosveracruz.com\/?p=30987#respond"]}]},{"@type":"WebPage","@id":"https:\/\/lospoliticosveracruz.com\/?p=30987","url":"https:\/\/lospoliticosveracruz.com\/?p=30987","name":"El mantra de Karime - Los pol\u00edticos Veracruz","isPartOf":{"@id":"https:\/\/lospoliticosveracruz.com\/#website"},"primaryImageOfPage":{"@id":"https:\/\/lospoliticosveracruz.com\/?p=30987#primaryimage"},"image":{"@id":"https:\/\/lospoliticosveracruz.com\/?p=30987#primaryimage"},"thumbnailUrl":"https:\/\/lospoliticosveracruz.com\/wp-content\/uploads\/2017\/02\/S\u00ed-merezco-abundancia.jpg","datePublished":"2017-02-21T16:02:54+00:00","breadcrumb":{"@id":"https:\/\/lospoliticosveracruz.com\/?p=30987#breadcrumb"},"inLanguage":"es","potentialAction":[{"@type":"ReadAction","target":["https:\/\/lospoliticosveracruz.com\/?p=30987"]}]},{"@type":"ImageObject","inLanguage":"es","@id":"https:\/\/lospoliticosveracruz.com\/?p=30987#primaryimage","url":"https:\/\/lospoliticosveracruz.com\/wp-content\/uploads\/2017\/02\/S\u00ed-merezco-abundancia.jpg","contentUrl":"https:\/\/lospoliticosveracruz.com\/wp-content\/uploads\/2017\/02\/S\u00ed-merezco-abundancia.jpg","width":1024,"height":682},{"@type":"BreadcrumbList","@id":"https:\/\/lospoliticosveracruz.com\/?p=30987#breadcrumb","itemListElement":[{"@type":"ListItem","position":1,"name":"Portada","item":"https:\/\/lospoliticosveracruz.com\/"},{"@type":"ListItem","position":2,"name":"El mantra de Karime"}]},{"@type":"WebSite","@id":"https:\/\/lospoliticosveracruz.com\/#website","url":"https:\/\/lospoliticosveracruz.com\/","name":"Los pol\u00edticos Veracruz","description":"","publisher":{"@id":"https:\/\/lospoliticosveracruz.com\/#organization"},"potentialAction":[{"@type":"SearchAction","target":{"@type":"EntryPoint","urlTemplate":"https:\/\/lospoliticosveracruz.com\/?s={search_term_string}"},"query-input":{"@type":"PropertyValueSpecification","valueRequired":true,"valueName":"search_term_string"}}],"inLanguage":"es"},{"@type":"Organization","@id":"https:\/\/lospoliticosveracruz.com\/#organization","name":"Los pol\u00edticos Veracruz","url":"https:\/\/lospoliticosveracruz.com\/","logo":{"@type":"ImageObject","inLanguage":"es","@id":"https:\/\/lospoliticosveracruz.com\/#\/schema\/logo\/image\/","url":"https:\/\/lospoliticosveracruz.com\/wp-content\/uploads\/2025\/12\/Logo-Nuevo-LOS-POLITICOS-1.jpg","contentUrl":"https:\/\/lospoliticosveracruz.com\/wp-content\/uploads\/2025\/12\/Logo-Nuevo-LOS-POLITICOS-1.jpg","width":260,"height":70,"caption":"Los pol\u00edticos Veracruz"},"image":{"@id":"https:\/\/lospoliticosveracruz.com\/#\/schema\/logo\/image\/"},"sameAs":["https:\/\/www.facebook.com\/people\/Notimemes-de-los-Polticos\/61565672886568\/","https:\/\/x.com\/LosPoliticosVer"]},{"@type":"Person","@id":"https:\/\/lospoliticosveracruz.com\/#\/schema\/person\/b8702bb0e538456e6efd07080bf2a4a2","name":"Lo viste en Los Pol\u00edticos","image":{"@type":"ImageObject","inLanguage":"es","@id":"https:\/\/secure.gravatar.com\/avatar\/3a8de04a2656d44082be478bd6c086daa447c4651605818287b9532d3d0bd435?s=96&d=mm&r=g","url":"https:\/\/secure.gravatar.com\/avatar\/3a8de04a2656d44082be478bd6c086daa447c4651605818287b9532d3d0bd435?s=96&d=mm&r=g","contentUrl":"https:\/\/secure.gravatar.com\/avatar\/3a8de04a2656d44082be478bd6c086daa447c4651605818287b9532d3d0bd435?s=96&d=mm&r=g","caption":"Lo viste en Los Pol\u00edticos"},"url":"https:\/\/lospoliticosveracruz.com\/?author=2"}]}},"_links":{"self":[{"href":"https:\/\/lospoliticosveracruz.com\/index.php?rest_route=\/wp\/v2\/posts\/30987","targetHints":{"allow":["GET"]}}],"collection":[{"href":"https:\/\/lospoliticosveracruz.com\/index.php?rest_route=\/wp\/v2\/posts"}],"about":[{"href":"https:\/\/lospoliticosveracruz.com\/index.php?rest_route=\/wp\/v2\/types\/post"}],"author":[{"embeddable":true,"href":"https:\/\/lospoliticosveracruz.com\/index.php?rest_route=\/wp\/v2\/users\/2"}],"replies":[{"embeddable":true,"href":"https:\/\/lospoliticosveracruz.com\/index.php?rest_route=%2Fwp%2Fv2%2Fcomments&post=30987"}],"version-history":[{"count":1,"href":"https:\/\/lospoliticosveracruz.com\/index.php?rest_route=\/wp\/v2\/posts\/30987\/revisions"}],"predecessor-version":[{"id":30988,"href":"https:\/\/lospoliticosveracruz.com\/index.php?rest_route=\/wp\/v2\/posts\/30987\/revisions\/30988"}],"wp:featuredmedia":[{"embeddable":true,"href":"https:\/\/lospoliticosveracruz.com\/index.php?rest_route=\/wp\/v2\/media\/30983"}],"wp:attachment":[{"href":"https:\/\/lospoliticosveracruz.com\/index.php?rest_route=%2Fwp%2Fv2%2Fmedia&parent=30987"}],"wp:term":[{"taxonomy":"category","embeddable":true,"href":"https:\/\/lospoliticosveracruz.com\/index.php?rest_route=%2Fwp%2Fv2%2Fcategories&post=30987"},{"taxonomy":"post_tag","embeddable":true,"href":"https:\/\/lospoliticosveracruz.com\/index.php?rest_route=%2Fwp%2Fv2%2Ftags&post=30987"}],"curies":[{"name":"wp","href":"https:\/\/api.w.org\/{rel}","templated":true}]}}