{"id":31094,"date":"2017-02-27T09:14:56","date_gmt":"2017-02-27T15:14:56","guid":{"rendered":"http:\/\/www.lospoliticosveracruz.com.mx\/?p=31094"},"modified":"2017-02-27T09:14:56","modified_gmt":"2017-02-27T15:14:56","slug":"cultura-colectiva-machista-antimachismo","status":"publish","type":"post","link":"https:\/\/lospoliticosveracruz.com\/?p=31094","title":{"rendered":"Cultura Colectiva: machista antimachismo"},"content":{"rendered":"<p><strong>Cecilia Mu\u00f1oz<\/strong><\/p>\n<p><em>Polisemia<\/em><\/p>\n<p>&nbsp;<\/p>\n<p>&nbsp;<\/p>\n<p>En sus inicios, Cultura Colectiva promet\u00eda. A lo mejor era el nombre. Quiz\u00e1s daba la impresi\u00f3n de que se constituir\u00eda como una red polif\u00f3nica que dar\u00eda a conocer las manifestaciones m\u00e1s interesantes de la actividad humana y que se convertir\u00eda en una web de referencia para seguir las tendencias del pensamiento actual.<\/p>\n<p>Pero la decepci\u00f3n no tard\u00f3 en llegar.<\/p>\n<p>En efecto, Cultura Colectiva ha crecido impresionantemente, con contenidos m\u00e1s o menos interesantes y enarbolando si no la bandera del feminismo, s\u00ed la de \u201cla igualdad de g\u00e9nero\u201d. Como prueba, si buscamos en Google las palabras \u201cCultura Colectiva\u201d y \u201cmachismo\u201d descubriremos en los resultados una tendencia a denunciar \u00e9ste.<\/p>\n<p>El problema seguramente radica en que la p\u00e1gina tiene varios colaboradores y al parecer en su l\u00ednea editorial no existe nada parecido a la perspectiva de g\u00e9nero. No parece que haya una sola persona que revise los art\u00edculos antes de publicarlos y diga \u201cesto es inapropiado, desagradable o contrario a nuestra l\u00ednea de pensamiento\u201d. Solo de esa forma puedo comprender que hace alg\u00fan tiempo la web haya publicado un art\u00edculo acerca de un asesino serial de mujeres y lo haya ilustrado con fotos de las v\u00edctimas siendo torturadas. \u00bfSensibilidad, d\u00f3nde? \u00bfRevictimizaci\u00f3n? \u00a1Aqu\u00ed!<\/p>\n<p>A ra\u00edz del art\u00edculo que menciono decid\u00ed dejar de leer la publicaci\u00f3n. Ya hac\u00eda alg\u00fan tiempo que notaba mensajes contradictorios en la web, tambaleantes entre el machismo expl\u00edcito, el feminismo sutil y el machismo \u201cbuena onda\u201d, pero aquello fue la gota que derram\u00f3 el vaso. A partir de entonces, cada que alguno de mis contactos compart\u00eda uno de sus art\u00edculos, pasaba de largo.<\/p>\n<p>Tiempo despu\u00e9s (15 de febrero de 2017), la revista digital Antes de Eva public\u00f3 el art\u00edculo \u201cQuerida Cultura Colectiva: te falta perspectiva de g\u00e9nero\u201d, en el que resume los problemas que dicha p\u00e1gina tiene al respecto. Lo le\u00ed y no pude estar m\u00e1s de acuerdo, por lo que lo compart\u00ed y me olvid\u00e9 del tema: alguien m\u00e1s ya hab\u00eda expresado mi malestar.<\/p>\n<p>Pero probablemente el recado no le lleg\u00f3 a la p\u00e1gina, pues este s\u00e1bado decidi\u00f3 publicar un video que, muy a mi pesar, no pude evitar ver: \u201cMachismo empieza con \u2018m\u2019 de mam\u00e1\u201d, en el que se\u00f1ala que las madres son las culpables machismo en la sociedad y pasa por alto el papel de los padres, t\u00edos, abuelos, vecinos, amigos, escuela, medios, pel\u00edculas, etc&#8230; Como si al nacer, el ser humano se encerrara en una cueva con su madre y \u00e9sta fuera la \u00fanica responsable de educarlo respecto al mundo al que saldr\u00e1. Por supuesto, a quien cre\u00f3 el video no le interesaba cuestionar el tradicional papel de la mujer-madre como la \u00fanica transmisora de valores y educaci\u00f3n en la familia.<\/p>\n<p>Si estamos de buenas, podemos ver en Cultura Colectiva el ejemplo perfecto de lo que pasa cuando un medio no tiene ni tantita capacitaci\u00f3n en perspectiva de g\u00e9nero: crea contenidos antimachismo\u2026 con argumentos machistas. Y eso es solo la punta del iceberg&#8230; La p\u00e1gina da para que las famosas gafas violetas que cada feminista lleva terminen estrelladas.<\/p>\n<p>Esto no se trata de censura, sino de una cr\u00edtica muy necesaria para una p\u00e1gina que cuenta con m\u00e1s de 16 millones de \u201cme gusta\u201d en Facebook. La visibilidad conlleva una gran responsabilidad&#8230; Cu\u00e1ndo tenemos la oportunidad de hacer p\u00fablica nuestra voz, \u00bfqu\u00e9 clase de pensamiento queremos propagar? Y \u00e9sta no es una pregunta solo para la web, sino para cualquiera que tenga la posibilidad de influir en los otros. Por favor, no sea la Cultura Colectiva de sus amigos.<\/p>\n<p>Correo: polisemia@outlook.es<\/p>\n<p>Twitter: polisemia_CM<\/p>\n","protected":false},"excerpt":{"rendered":"<p>Cecilia Mu\u00f1oz Polisemia &nbsp; &nbsp; En sus inicios, Cultura Colectiva promet\u00eda. A lo mejor era el nombre. Quiz\u00e1s daba la impresi\u00f3n de que se constituir\u00eda como una red polif\u00f3nica que dar\u00eda a conocer las manifestaciones m\u00e1s interesantes de la actividad humana y que se convertir\u00eda en una web de referencia para seguir las tendencias del [&hellip;]<\/p>\n","protected":false},"author":2,"featured_media":0,"comment_status":"open","ping_status":"open","sticky":false,"template":"","format":"standard","meta":{"tdm_status":"","tdm_grid_status":"","footnotes":""},"categories":[70],"tags":[7556,2747,4843,2830,827,3570,7557],"class_list":{"0":"post-31094","1":"post","2":"type-post","3":"status-publish","4":"format-standard","6":"category-de-opinion","7":"tag-cultura-colectiva","8":"tag-feminismo","9":"tag-igualdad-de-genero","10":"tag-machismo","11":"tag-madre","12":"tag-maternidad","13":"tag-revictimizacion"},"yoast_head":"<!-- This site is optimized with the Yoast SEO plugin v27.4 - https:\/\/yoast.com\/product\/yoast-seo-wordpress\/ -->\n<title>Cultura Colectiva: machista antimachismo - Los pol\u00edticos Veracruz<\/title>\n<meta name=\"robots\" content=\"index, follow, max-snippet:-1, max-image-preview:large, max-video-preview:-1\" \/>\n<link rel=\"canonical\" href=\"https:\/\/lospoliticosveracruz.com\/?p=31094\" \/>\n<meta property=\"og:locale\" content=\"es_ES\" \/>\n<meta property=\"og:type\" content=\"article\" \/>\n<meta property=\"og:title\" content=\"Cultura Colectiva: machista antimachismo - Los pol\u00edticos Veracruz\" \/>\n<meta property=\"og:description\" content=\"Cecilia Mu\u00f1oz Polisemia &nbsp; &nbsp; En sus inicios, Cultura Colectiva promet\u00eda. A lo mejor era el nombre. Quiz\u00e1s daba la impresi\u00f3n de que se constituir\u00eda como una red polif\u00f3nica que dar\u00eda a conocer las manifestaciones m\u00e1s interesantes de la actividad humana y que se convertir\u00eda en una web de referencia para seguir las tendencias del [&hellip;]\" \/>\n<meta property=\"og:url\" content=\"https:\/\/lospoliticosveracruz.com\/?p=31094\" \/>\n<meta property=\"og:site_name\" content=\"Los pol\u00edticos Veracruz\" \/>\n<meta property=\"article:publisher\" content=\"https:\/\/www.facebook.com\/people\/Notimemes-de-los-Polticos\/61565672886568\/\" \/>\n<meta property=\"article:published_time\" content=\"2017-02-27T15:14:56+00:00\" \/>\n<meta property=\"og:image\" content=\"https:\/\/lospoliticosveracruz.com\/wp-content\/uploads\/2016\/07\/Logo-Dor.jpg\" \/>\n\t<meta property=\"og:image:width\" content=\"200\" \/>\n\t<meta property=\"og:image:height\" content=\"200\" \/>\n\t<meta property=\"og:image:type\" content=\"image\/jpeg\" \/>\n<meta name=\"author\" content=\"Lo viste en Los Pol\u00edticos\" \/>\n<meta name=\"twitter:card\" content=\"summary_large_image\" \/>\n<meta name=\"twitter:creator\" content=\"@LosPoliticosVer\" \/>\n<meta name=\"twitter:site\" content=\"@LosPoliticosVer\" \/>\n<meta name=\"twitter:label1\" content=\"Escrito por\" \/>\n\t<meta name=\"twitter:data1\" content=\"Lo viste en Los Pol\u00edticos\" \/>\n\t<meta name=\"twitter:label2\" content=\"Tiempo de lectura\" \/>\n\t<meta name=\"twitter:data2\" content=\"3 minutos\" \/>\n<script type=\"application\/ld+json\" class=\"yoast-schema-graph\">{\"@context\":\"https:\\\/\\\/schema.org\",\"@graph\":[{\"@type\":\"Article\",\"@id\":\"https:\\\/\\\/lospoliticosveracruz.com\\\/?p=31094#article\",\"isPartOf\":{\"@id\":\"https:\\\/\\\/lospoliticosveracruz.com\\\/?p=31094\"},\"author\":{\"name\":\"Lo viste en Los Pol\u00edticos\",\"@id\":\"https:\\\/\\\/lospoliticosveracruz.com\\\/#\\\/schema\\\/person\\\/b8702bb0e538456e6efd07080bf2a4a2\"},\"headline\":\"Cultura Colectiva: machista antimachismo\",\"datePublished\":\"2017-02-27T15:14:56+00:00\",\"mainEntityOfPage\":{\"@id\":\"https:\\\/\\\/lospoliticosveracruz.com\\\/?p=31094\"},\"wordCount\":646,\"commentCount\":0,\"publisher\":{\"@id\":\"https:\\\/\\\/lospoliticosveracruz.com\\\/#organization\"},\"keywords\":[\"Cultura Colectiva\",\"Feminismo\",\"igualdad de g\u00e9nero\",\"Machismo\",\"madre\",\"maternidad\",\"Revictimizaci\u00f3n\"],\"articleSection\":[\"De Opini\u00f3n\"],\"inLanguage\":\"es\",\"potentialAction\":[{\"@type\":\"CommentAction\",\"name\":\"Comment\",\"target\":[\"https:\\\/\\\/lospoliticosveracruz.com\\\/?p=31094#respond\"]}]},{\"@type\":\"WebPage\",\"@id\":\"https:\\\/\\\/lospoliticosveracruz.com\\\/?p=31094\",\"url\":\"https:\\\/\\\/lospoliticosveracruz.com\\\/?p=31094\",\"name\":\"Cultura Colectiva: machista antimachismo - Los pol\u00edticos Veracruz\",\"isPartOf\":{\"@id\":\"https:\\\/\\\/lospoliticosveracruz.com\\\/#website\"},\"datePublished\":\"2017-02-27T15:14:56+00:00\",\"breadcrumb\":{\"@id\":\"https:\\\/\\\/lospoliticosveracruz.com\\\/?p=31094#breadcrumb\"},\"inLanguage\":\"es\",\"potentialAction\":[{\"@type\":\"ReadAction\",\"target\":[\"https:\\\/\\\/lospoliticosveracruz.com\\\/?p=31094\"]}]},{\"@type\":\"BreadcrumbList\",\"@id\":\"https:\\\/\\\/lospoliticosveracruz.com\\\/?p=31094#breadcrumb\",\"itemListElement\":[{\"@type\":\"ListItem\",\"position\":1,\"name\":\"Portada\",\"item\":\"https:\\\/\\\/lospoliticosveracruz.com\\\/\"},{\"@type\":\"ListItem\",\"position\":2,\"name\":\"Cultura Colectiva: machista antimachismo\"}]},{\"@type\":\"WebSite\",\"@id\":\"https:\\\/\\\/lospoliticosveracruz.com\\\/#website\",\"url\":\"https:\\\/\\\/lospoliticosveracruz.com\\\/\",\"name\":\"Los pol\u00edticos Veracruz\",\"description\":\"\",\"publisher\":{\"@id\":\"https:\\\/\\\/lospoliticosveracruz.com\\\/#organization\"},\"potentialAction\":[{\"@type\":\"SearchAction\",\"target\":{\"@type\":\"EntryPoint\",\"urlTemplate\":\"https:\\\/\\\/lospoliticosveracruz.com\\\/?s={search_term_string}\"},\"query-input\":{\"@type\":\"PropertyValueSpecification\",\"valueRequired\":true,\"valueName\":\"search_term_string\"}}],\"inLanguage\":\"es\"},{\"@type\":\"Organization\",\"@id\":\"https:\\\/\\\/lospoliticosveracruz.com\\\/#organization\",\"name\":\"Los pol\u00edticos Veracruz\",\"url\":\"https:\\\/\\\/lospoliticosveracruz.com\\\/\",\"logo\":{\"@type\":\"ImageObject\",\"inLanguage\":\"es\",\"@id\":\"https:\\\/\\\/lospoliticosveracruz.com\\\/#\\\/schema\\\/logo\\\/image\\\/\",\"url\":\"https:\\\/\\\/lospoliticosveracruz.com\\\/wp-content\\\/uploads\\\/2025\\\/12\\\/Logo-Nuevo-LOS-POLITICOS-1.jpg\",\"contentUrl\":\"https:\\\/\\\/lospoliticosveracruz.com\\\/wp-content\\\/uploads\\\/2025\\\/12\\\/Logo-Nuevo-LOS-POLITICOS-1.jpg\",\"width\":260,\"height\":70,\"caption\":\"Los pol\u00edticos Veracruz\"},\"image\":{\"@id\":\"https:\\\/\\\/lospoliticosveracruz.com\\\/#\\\/schema\\\/logo\\\/image\\\/\"},\"sameAs\":[\"https:\\\/\\\/www.facebook.com\\\/people\\\/Notimemes-de-los-Polticos\\\/61565672886568\\\/\",\"https:\\\/\\\/x.com\\\/LosPoliticosVer\"]},{\"@type\":\"Person\",\"@id\":\"https:\\\/\\\/lospoliticosveracruz.com\\\/#\\\/schema\\\/person\\\/b8702bb0e538456e6efd07080bf2a4a2\",\"name\":\"Lo viste en Los Pol\u00edticos\",\"image\":{\"@type\":\"ImageObject\",\"inLanguage\":\"es\",\"@id\":\"https:\\\/\\\/secure.gravatar.com\\\/avatar\\\/3a8de04a2656d44082be478bd6c086daa447c4651605818287b9532d3d0bd435?s=96&d=mm&r=g\",\"url\":\"https:\\\/\\\/secure.gravatar.com\\\/avatar\\\/3a8de04a2656d44082be478bd6c086daa447c4651605818287b9532d3d0bd435?s=96&d=mm&r=g\",\"contentUrl\":\"https:\\\/\\\/secure.gravatar.com\\\/avatar\\\/3a8de04a2656d44082be478bd6c086daa447c4651605818287b9532d3d0bd435?s=96&d=mm&r=g\",\"caption\":\"Lo viste en Los Pol\u00edticos\"},\"url\":\"https:\\\/\\\/lospoliticosveracruz.com\\\/?author=2\"}]}<\/script>\n<!-- \/ Yoast SEO plugin. -->","yoast_head_json":{"title":"Cultura Colectiva: machista antimachismo - Los pol\u00edticos Veracruz","robots":{"index":"index","follow":"follow","max-snippet":"max-snippet:-1","max-image-preview":"max-image-preview:large","max-video-preview":"max-video-preview:-1"},"canonical":"https:\/\/lospoliticosveracruz.com\/?p=31094","og_locale":"es_ES","og_type":"article","og_title":"Cultura Colectiva: machista antimachismo - Los pol\u00edticos Veracruz","og_description":"Cecilia Mu\u00f1oz Polisemia &nbsp; &nbsp; En sus inicios, Cultura Colectiva promet\u00eda. A lo mejor era el nombre. Quiz\u00e1s daba la impresi\u00f3n de que se constituir\u00eda como una red polif\u00f3nica que dar\u00eda a conocer las manifestaciones m\u00e1s interesantes de la actividad humana y que se convertir\u00eda en una web de referencia para seguir las tendencias del [&hellip;]","og_url":"https:\/\/lospoliticosveracruz.com\/?p=31094","og_site_name":"Los pol\u00edticos Veracruz","article_publisher":"https:\/\/www.facebook.com\/people\/Notimemes-de-los-Polticos\/61565672886568\/","article_published_time":"2017-02-27T15:14:56+00:00","og_image":[{"width":200,"height":200,"url":"https:\/\/lospoliticosveracruz.com\/wp-content\/uploads\/2016\/07\/Logo-Dor.jpg","type":"image\/jpeg"}],"author":"Lo viste en Los Pol\u00edticos","twitter_card":"summary_large_image","twitter_creator":"@LosPoliticosVer","twitter_site":"@LosPoliticosVer","twitter_misc":{"Escrito por":"Lo viste en Los Pol\u00edticos","Tiempo de lectura":"3 minutos"},"schema":{"@context":"https:\/\/schema.org","@graph":[{"@type":"Article","@id":"https:\/\/lospoliticosveracruz.com\/?p=31094#article","isPartOf":{"@id":"https:\/\/lospoliticosveracruz.com\/?p=31094"},"author":{"name":"Lo viste en Los Pol\u00edticos","@id":"https:\/\/lospoliticosveracruz.com\/#\/schema\/person\/b8702bb0e538456e6efd07080bf2a4a2"},"headline":"Cultura Colectiva: machista antimachismo","datePublished":"2017-02-27T15:14:56+00:00","mainEntityOfPage":{"@id":"https:\/\/lospoliticosveracruz.com\/?p=31094"},"wordCount":646,"commentCount":0,"publisher":{"@id":"https:\/\/lospoliticosveracruz.com\/#organization"},"keywords":["Cultura Colectiva","Feminismo","igualdad de g\u00e9nero","Machismo","madre","maternidad","Revictimizaci\u00f3n"],"articleSection":["De Opini\u00f3n"],"inLanguage":"es","potentialAction":[{"@type":"CommentAction","name":"Comment","target":["https:\/\/lospoliticosveracruz.com\/?p=31094#respond"]}]},{"@type":"WebPage","@id":"https:\/\/lospoliticosveracruz.com\/?p=31094","url":"https:\/\/lospoliticosveracruz.com\/?p=31094","name":"Cultura Colectiva: machista antimachismo - Los pol\u00edticos Veracruz","isPartOf":{"@id":"https:\/\/lospoliticosveracruz.com\/#website"},"datePublished":"2017-02-27T15:14:56+00:00","breadcrumb":{"@id":"https:\/\/lospoliticosveracruz.com\/?p=31094#breadcrumb"},"inLanguage":"es","potentialAction":[{"@type":"ReadAction","target":["https:\/\/lospoliticosveracruz.com\/?p=31094"]}]},{"@type":"BreadcrumbList","@id":"https:\/\/lospoliticosveracruz.com\/?p=31094#breadcrumb","itemListElement":[{"@type":"ListItem","position":1,"name":"Portada","item":"https:\/\/lospoliticosveracruz.com\/"},{"@type":"ListItem","position":2,"name":"Cultura Colectiva: machista antimachismo"}]},{"@type":"WebSite","@id":"https:\/\/lospoliticosveracruz.com\/#website","url":"https:\/\/lospoliticosveracruz.com\/","name":"Los pol\u00edticos Veracruz","description":"","publisher":{"@id":"https:\/\/lospoliticosveracruz.com\/#organization"},"potentialAction":[{"@type":"SearchAction","target":{"@type":"EntryPoint","urlTemplate":"https:\/\/lospoliticosveracruz.com\/?s={search_term_string}"},"query-input":{"@type":"PropertyValueSpecification","valueRequired":true,"valueName":"search_term_string"}}],"inLanguage":"es"},{"@type":"Organization","@id":"https:\/\/lospoliticosveracruz.com\/#organization","name":"Los pol\u00edticos Veracruz","url":"https:\/\/lospoliticosveracruz.com\/","logo":{"@type":"ImageObject","inLanguage":"es","@id":"https:\/\/lospoliticosveracruz.com\/#\/schema\/logo\/image\/","url":"https:\/\/lospoliticosveracruz.com\/wp-content\/uploads\/2025\/12\/Logo-Nuevo-LOS-POLITICOS-1.jpg","contentUrl":"https:\/\/lospoliticosveracruz.com\/wp-content\/uploads\/2025\/12\/Logo-Nuevo-LOS-POLITICOS-1.jpg","width":260,"height":70,"caption":"Los pol\u00edticos Veracruz"},"image":{"@id":"https:\/\/lospoliticosveracruz.com\/#\/schema\/logo\/image\/"},"sameAs":["https:\/\/www.facebook.com\/people\/Notimemes-de-los-Polticos\/61565672886568\/","https:\/\/x.com\/LosPoliticosVer"]},{"@type":"Person","@id":"https:\/\/lospoliticosveracruz.com\/#\/schema\/person\/b8702bb0e538456e6efd07080bf2a4a2","name":"Lo viste en Los Pol\u00edticos","image":{"@type":"ImageObject","inLanguage":"es","@id":"https:\/\/secure.gravatar.com\/avatar\/3a8de04a2656d44082be478bd6c086daa447c4651605818287b9532d3d0bd435?s=96&d=mm&r=g","url":"https:\/\/secure.gravatar.com\/avatar\/3a8de04a2656d44082be478bd6c086daa447c4651605818287b9532d3d0bd435?s=96&d=mm&r=g","contentUrl":"https:\/\/secure.gravatar.com\/avatar\/3a8de04a2656d44082be478bd6c086daa447c4651605818287b9532d3d0bd435?s=96&d=mm&r=g","caption":"Lo viste en Los Pol\u00edticos"},"url":"https:\/\/lospoliticosveracruz.com\/?author=2"}]}},"_links":{"self":[{"href":"https:\/\/lospoliticosveracruz.com\/index.php?rest_route=\/wp\/v2\/posts\/31094","targetHints":{"allow":["GET"]}}],"collection":[{"href":"https:\/\/lospoliticosveracruz.com\/index.php?rest_route=\/wp\/v2\/posts"}],"about":[{"href":"https:\/\/lospoliticosveracruz.com\/index.php?rest_route=\/wp\/v2\/types\/post"}],"author":[{"embeddable":true,"href":"https:\/\/lospoliticosveracruz.com\/index.php?rest_route=\/wp\/v2\/users\/2"}],"replies":[{"embeddable":true,"href":"https:\/\/lospoliticosveracruz.com\/index.php?rest_route=%2Fwp%2Fv2%2Fcomments&post=31094"}],"version-history":[{"count":1,"href":"https:\/\/lospoliticosveracruz.com\/index.php?rest_route=\/wp\/v2\/posts\/31094\/revisions"}],"predecessor-version":[{"id":31095,"href":"https:\/\/lospoliticosveracruz.com\/index.php?rest_route=\/wp\/v2\/posts\/31094\/revisions\/31095"}],"wp:attachment":[{"href":"https:\/\/lospoliticosveracruz.com\/index.php?rest_route=%2Fwp%2Fv2%2Fmedia&parent=31094"}],"wp:term":[{"taxonomy":"category","embeddable":true,"href":"https:\/\/lospoliticosveracruz.com\/index.php?rest_route=%2Fwp%2Fv2%2Fcategories&post=31094"},{"taxonomy":"post_tag","embeddable":true,"href":"https:\/\/lospoliticosveracruz.com\/index.php?rest_route=%2Fwp%2Fv2%2Ftags&post=31094"}],"curies":[{"name":"wp","href":"https:\/\/api.w.org\/{rel}","templated":true}]}}