{"id":31102,"date":"2017-02-27T18:39:36","date_gmt":"2017-02-28T00:39:36","guid":{"rendered":"http:\/\/www.lospoliticosveracruz.com.mx\/?p=31102"},"modified":"2017-02-27T18:39:36","modified_gmt":"2017-02-28T00:39:36","slug":"en-democracia-partidista-deben-respetarse-las-corrientes-minoritarias","status":"publish","type":"post","link":"https:\/\/lospoliticosveracruz.com\/?p=31102","title":{"rendered":"En democracia partidista deben respetarse las corrientes minoritarias\u00a0"},"content":{"rendered":"<div class=\"x_gmail_msg\">\n<p class=\"x_m_4021518070513584766p2 x_gmail_msg\"><strong><span class=\"x_m_4021518070513584766s1 x_gmail_msg\">Valeria Marcial<\/span><\/strong><\/p>\n<p class=\"x_m_4021518070513584766p2 x_gmail_msg\"><em><span class=\"x_m_4021518070513584766s1 x_gmail_msg\">En Pol\u00edtica&#8230; Personas y Personalidades<span class=\"x_m_4021518070513584766Apple-converted-space x_gmail_msg\">\u00a0<\/span><\/span><\/em><\/p>\n<\/div>\n<p class=\"x_m_4021518070513584766p2 x_gmail_msg\">\n<div class=\"x_gmail_msg\">\n<p class=\"x_m_4021518070513584766p2 x_gmail_msg\"><span class=\"x_m_4021518070513584766s1 x_gmail_msg\">En una democracia completa se respetan los ideales y afinidades pol\u00edticas y de corrientes partidistas minoritarias, incluso dentro de instituciones.<span class=\"x_m_4021518070513584766Apple-converted-space x_gmail_msg\">\u00a0<\/span><\/span><\/p>\n<p class=\"x_m_4021518070513584766p2 x_gmail_msg\"><span class=\"x_m_4021518070513584766s1 x_gmail_msg\">Ayer en el registro del \u00abPr\u00edncipe\u00bb Fernando Yunes M\u00e1rquez as\u00ed como hubo aplausos tambi\u00e9n hubo gritos de descontento en el Partido Acci\u00f3n Nacional (PAN).<span class=\"x_m_4021518070513584766Apple-converted-space x_gmail_msg\">\u00a0<\/span><\/span><\/p>\n<p class=\"x_m_4021518070513584766p2 x_gmail_msg\"><span class=\"x_m_4021518070513584766s1 x_gmail_msg\">Si bien eran muchos los acarreados y otros los queda bien, as\u00ed como los verdaderos simpatizantes y amigos de Ferni Yunes, tambi\u00e9n no pas\u00f3 desapercibido el descontento de Luis Rey Obreg\u00f3n quien gritaba \u00abfuera el pr\u00edncipe\u00bb en reclamo a la familia Yunes Linares qu\u00e9 tal parece se han apoderado del<span class=\"x_m_4021518070513584766Apple-converted-space x_gmail_msg\">\u00a0<\/span><\/span><span class=\"x_m_4021518070513584766s1 x_gmail_msg\">blanquiazul.<span class=\"x_m_4021518070513584766Apple-converted-space x_gmail_msg\">\u00a0<\/span><\/span><\/p>\n<p class=\"x_m_4021518070513584766p2 x_gmail_msg\"><span class=\"x_m_4021518070513584766s1 x_gmail_msg\">Pero la respuesta de los paleros del pr\u00edncipe fue gritarle \u00abhuev\u00f3n\u00bb \u00abhuev\u00f3n\u00bb una y otra vez. Por cierto una ex regidora se puso al t\u00fa por t\u00fa a los gritos desde el patio hasta el segundo piso del Comit\u00e9 Directivo Estatal. Pues no que muy fresas y pipiriz nais.<span class=\"x_m_4021518070513584766Apple-converted-space x_gmail_msg\">\u00a0<\/span><\/span><\/p>\n<p class=\"x_m_4021518070513584766p2 x_gmail_msg\"><span class=\"x_m_4021518070513584766s1 x_gmail_msg\">El que mal se vio en su figura de Secretario General fue Carlos Valenzuela quien desde el tercer piso callaba al panista opositor. Mal porque simple y sencillamente es pieza importante en la democracia del partido. Si claro sabemos su amor y pasi\u00f3n y que su corazoncito tiene due\u00f1o y a quien obedece, pero el cargo que ocupa requiere sensibilidad y madurez y no dejarse llevar por el calor del momento.<span class=\"x_m_4021518070513584766Apple-converted-space x_gmail_msg\">\u00a0<\/span><\/span><\/p>\n<p class=\"x_m_4021518070513584766p2 x_gmail_msg\"><span class=\"x_m_4021518070513584766s1 x_gmail_msg\">En cualquier partido es sano se respeten las corrientes minoritarias.<span class=\"x_m_4021518070513584766Apple-converted-space x_gmail_msg\">\u00a0<\/span><\/span><\/p>\n<p class=\"x_m_4021518070513584766p2 x_gmail_msg\"><span class=\"x_m_4021518070513584766s1 x_gmail_msg\">Si algo debe prevalecer es la mesura entre el Comit\u00e9 Directivo de un partido. Despu\u00e9s de todo, se trata de votos que suman al partido fuerza pol\u00edtica y posicionamiento. El PAN debe mantenerse fuerte e ir por el resto de los votantes y no es con gritos y sombrerazos, dimes y escupitajos como se logra ganar adeptos.<span class=\"x_m_4021518070513584766Apple-converted-space x_gmail_msg\">\u00a0<\/span><\/span><\/p>\n<p class=\"x_m_4021518070513584766p2 x_gmail_msg\"><span class=\"x_m_4021518070513584766s1 x_gmail_msg\">Aunque al inconforme tambi\u00e9n fue evidente le molest\u00f3 el mensaje del senador con licencia quien advirti\u00f3 \u00abno ceder\u00e1 a chantajes\u00bb que sin duda dar\u00e1n pie a negociaciones y posiciones pol\u00edticas.<span class=\"x_m_4021518070513584766Apple-converted-space x_gmail_msg\">\u00a0<\/span><\/span><\/p>\n<p class=\"x_m_4021518070513584766p2 x_gmail_msg\"><span class=\"x_m_4021518070513584766s1 x_gmail_msg\">Solo que\u00a0no es con discursos agresivos como se logra unidad. Hay otro t\u00e9rmino que se llama consenso. El enemigo no son los correligionarios, el enemigo est\u00e1 afuera y se llama Morena, PRI y abstencionismo.<span class=\"x_m_4021518070513584766Apple-converted-space x_gmail_msg\">\u00a0<\/span><\/span><\/p>\n<p class=\"x_m_4021518070513584766p2 x_gmail_msg\"><span class=\"x_m_4021518070513584766s1 x_gmail_msg\">El enemigo son las voces que advierten el gobierno medi\u00e1tico de su padre, al cual deben empezarle a mostrarles resultados tangibles. Empleo, inversiones, seguridad, reconstrucci\u00f3n y rehabilitaci\u00f3n de caminos, carreteras y puentes.<span class=\"x_m_4021518070513584766Apple-converted-space x_gmail_msg\">\u00a0<\/span><\/span><\/p>\n<p class=\"x_m_4021518070513584766p2 x_gmail_msg\"><span class=\"x_m_4021518070513584766s1 x_gmail_msg\">Aparte del priismo porte\u00f1o arraigado, ese cuyos votantes conocen perfectamente las entra\u00f1as de la pol\u00edtica y saben de qu\u00e9 pie cojea cada candidato.<span class=\"x_m_4021518070513584766Apple-converted-space x_gmail_msg\">\u00a0<\/span><\/span><\/p>\n<p class=\"x_m_4021518070513584766p2 x_gmail_msg\"><span class=\"x_m_4021518070513584766s1 x_gmail_msg\">Gustavo, El huevo Arteaga y lo que se sumen son los enemigos del PAN, los de casa hay que sumarlos para que con ello se traiga la constancia de mayor\u00eda a las oficinas.<span class=\"x_m_4021518070513584766Apple-converted-space x_gmail_msg\">\u00a0<\/span><\/span><\/p>\n<p class=\"x_m_4021518070513584766p2 x_gmail_msg\"><span class=\"x_m_4021518070513584766s1 x_gmail_msg\">Pero lo que si vale comentar pa&#8217; que al rato no se hagan chismes, es que Fernando no solt\u00f3 comentario alguno en contra de este durante el suceso. Por lo menos no en ese momento.<\/span><\/p>\n<p class=\"x_m_4021518070513584766p2 x_gmail_msg\"><strong><span class=\"x_m_4021518070513584766s1 x_gmail_msg\">La sensibilidad pol\u00edtica<span class=\"x_m_4021518070513584766Apple-converted-space x_gmail_msg\">\u00a0<\/span><\/span><\/strong><\/p>\n<p class=\"x_m_4021518070513584766p2 x_gmail_msg\"><span class=\"x_m_4021518070513584766s1 x_gmail_msg\">Desde el Congreso del Estado apuestan a la sensibilidad pol\u00edtica y que acepten y carguen con la culpa del quebranto financiero. Es decir que se apruebe la reestructuraci\u00f3n de la Deuda P\u00fablica esa con la que nos van a atorar por m\u00e1s a\u00f1os&#8230;<span class=\"x_m_4021518070513584766Apple-converted-space x_gmail_msg\">\u00a0<\/span><\/span><\/p>\n<p class=\"x_m_4021518070513584766p2 x_gmail_msg\"><span class=\"x_m_4021518070513584766s1 x_gmail_msg\">\u00a1Gocelo hoy y p\u00e1guelo ma\u00f1ana! Nimodo ya estamos adentro. Pero todo sea por el bien de Veracruz.<span class=\"x_m_4021518070513584766Apple-converted-space x_gmail_msg\">\u00a0<\/span><\/span><\/p>\n<p class=\"x_m_4021518070513584766p2 x_gmail_msg\"><span class=\"x_m_4021518070513584766s1 x_gmail_msg\">Sin embargo hay descontento entre diputados porque<span class=\"x_m_4021518070513584766Apple-converted-space x_gmail_msg\">\u00a0 <\/span>el apret\u00f3n viene con amenazas en contra de algunos legisladores.<span class=\"x_m_4021518070513584766Apple-converted-space x_gmail_msg\">\u00a0<\/span><\/span><\/p>\n<p class=\"x_m_4021518070513584766p2 x_gmail_msg\"><span class=\"x_m_4021518070513584766s1 x_gmail_msg\">@ValeriaMarcial<\/span><\/p>\n<p class=\"x_m_4021518070513584766p2 x_gmail_msg\"><span class=\"x_m_4021518070513584766s1 x_gmail_msg\">Escr\u00edbame a <a class=\"x_gmail_msg\" href=\"mailto:vale_1887@hotmail.com\" target=\"_blank\">vale_1887@hotmail.com<\/a><span class=\"x_m_4021518070513584766Apple-converted-space x_gmail_msg\">\u00a0<\/span><\/span><\/p>\n<\/div>\n<p>&nbsp;<\/p>\n","protected":false},"excerpt":{"rendered":"<p>Valeria Marcial En Pol\u00edtica&#8230; Personas y Personalidades\u00a0 En una democracia completa se respetan los ideales y afinidades pol\u00edticas y de corrientes partidistas minoritarias, incluso dentro de instituciones.\u00a0 Ayer en el registro del \u00abPr\u00edncipe\u00bb Fernando Yunes M\u00e1rquez as\u00ed como hubo aplausos tambi\u00e9n hubo gritos de descontento en el Partido Acci\u00f3n Nacional (PAN).\u00a0 Si bien eran muchos [&hellip;]<\/p>\n","protected":false},"author":2,"featured_media":0,"comment_status":"open","ping_status":"open","sticky":false,"template":"","format":"standard","meta":{"tdm_status":"","tdm_grid_status":"","footnotes":""},"categories":[70],"tags":[7559,818,266],"class_list":{"0":"post-31102","1":"post","2":"type-post","3":"status-publish","4":"format-standard","6":"category-de-opinion","7":"tag-carlos-valenzuela","8":"tag-fernando-yunes-marquez","9":"tag-pan"},"yoast_head":"<!-- This site is optimized with the Yoast SEO plugin v27.4 - https:\/\/yoast.com\/product\/yoast-seo-wordpress\/ -->\n<title>En democracia partidista deben respetarse las corrientes minoritarias\u00a0 - Los pol\u00edticos Veracruz<\/title>\n<meta name=\"robots\" content=\"index, follow, max-snippet:-1, max-image-preview:large, max-video-preview:-1\" \/>\n<link rel=\"canonical\" href=\"https:\/\/lospoliticosveracruz.com\/?p=31102\" \/>\n<meta property=\"og:locale\" content=\"es_ES\" \/>\n<meta property=\"og:type\" content=\"article\" \/>\n<meta property=\"og:title\" content=\"En democracia partidista deben respetarse las corrientes minoritarias\u00a0 - Los pol\u00edticos Veracruz\" \/>\n<meta property=\"og:description\" content=\"Valeria Marcial En Pol\u00edtica&#8230; Personas y Personalidades\u00a0 En una democracia completa se respetan los ideales y afinidades pol\u00edticas y de corrientes partidistas minoritarias, incluso dentro de instituciones.\u00a0 Ayer en el registro del \u00abPr\u00edncipe\u00bb Fernando Yunes M\u00e1rquez as\u00ed como hubo aplausos tambi\u00e9n hubo gritos de descontento en el Partido Acci\u00f3n Nacional (PAN).\u00a0 Si bien eran muchos [&hellip;]\" \/>\n<meta property=\"og:url\" content=\"https:\/\/lospoliticosveracruz.com\/?p=31102\" \/>\n<meta property=\"og:site_name\" content=\"Los pol\u00edticos Veracruz\" \/>\n<meta property=\"article:publisher\" content=\"https:\/\/www.facebook.com\/people\/Notimemes-de-los-Polticos\/61565672886568\/\" \/>\n<meta property=\"article:published_time\" content=\"2017-02-28T00:39:36+00:00\" \/>\n<meta property=\"og:image\" content=\"https:\/\/lospoliticosveracruz.com\/wp-content\/uploads\/2016\/07\/Logo-Dor.jpg\" \/>\n\t<meta property=\"og:image:width\" content=\"200\" \/>\n\t<meta property=\"og:image:height\" content=\"200\" \/>\n\t<meta property=\"og:image:type\" content=\"image\/jpeg\" \/>\n<meta name=\"author\" content=\"Lo viste en Los Pol\u00edticos\" \/>\n<meta name=\"twitter:card\" content=\"summary_large_image\" \/>\n<meta name=\"twitter:creator\" content=\"@LosPoliticosVer\" \/>\n<meta name=\"twitter:site\" content=\"@LosPoliticosVer\" \/>\n<meta name=\"twitter:label1\" content=\"Escrito por\" \/>\n\t<meta name=\"twitter:data1\" content=\"Lo viste en Los Pol\u00edticos\" \/>\n\t<meta name=\"twitter:label2\" content=\"Tiempo de lectura\" \/>\n\t<meta name=\"twitter:data2\" content=\"3 minutos\" \/>\n<script type=\"application\/ld+json\" class=\"yoast-schema-graph\">{\"@context\":\"https:\\\/\\\/schema.org\",\"@graph\":[{\"@type\":\"Article\",\"@id\":\"https:\\\/\\\/lospoliticosveracruz.com\\\/?p=31102#article\",\"isPartOf\":{\"@id\":\"https:\\\/\\\/lospoliticosveracruz.com\\\/?p=31102\"},\"author\":{\"name\":\"Lo viste en Los Pol\u00edticos\",\"@id\":\"https:\\\/\\\/lospoliticosveracruz.com\\\/#\\\/schema\\\/person\\\/b8702bb0e538456e6efd07080bf2a4a2\"},\"headline\":\"En democracia partidista deben respetarse las corrientes minoritarias\u00a0\",\"datePublished\":\"2017-02-28T00:39:36+00:00\",\"mainEntityOfPage\":{\"@id\":\"https:\\\/\\\/lospoliticosveracruz.com\\\/?p=31102\"},\"wordCount\":609,\"commentCount\":0,\"publisher\":{\"@id\":\"https:\\\/\\\/lospoliticosveracruz.com\\\/#organization\"},\"keywords\":[\"Carlos Valenzuela\",\"Fernando Yunes M\u00e1rquez\",\"PAN\"],\"articleSection\":[\"De Opini\u00f3n\"],\"inLanguage\":\"es\",\"potentialAction\":[{\"@type\":\"CommentAction\",\"name\":\"Comment\",\"target\":[\"https:\\\/\\\/lospoliticosveracruz.com\\\/?p=31102#respond\"]}]},{\"@type\":\"WebPage\",\"@id\":\"https:\\\/\\\/lospoliticosveracruz.com\\\/?p=31102\",\"url\":\"https:\\\/\\\/lospoliticosveracruz.com\\\/?p=31102\",\"name\":\"En democracia partidista deben respetarse las corrientes minoritarias\u00a0 - Los pol\u00edticos Veracruz\",\"isPartOf\":{\"@id\":\"https:\\\/\\\/lospoliticosveracruz.com\\\/#website\"},\"datePublished\":\"2017-02-28T00:39:36+00:00\",\"breadcrumb\":{\"@id\":\"https:\\\/\\\/lospoliticosveracruz.com\\\/?p=31102#breadcrumb\"},\"inLanguage\":\"es\",\"potentialAction\":[{\"@type\":\"ReadAction\",\"target\":[\"https:\\\/\\\/lospoliticosveracruz.com\\\/?p=31102\"]}]},{\"@type\":\"BreadcrumbList\",\"@id\":\"https:\\\/\\\/lospoliticosveracruz.com\\\/?p=31102#breadcrumb\",\"itemListElement\":[{\"@type\":\"ListItem\",\"position\":1,\"name\":\"Portada\",\"item\":\"https:\\\/\\\/lospoliticosveracruz.com\\\/\"},{\"@type\":\"ListItem\",\"position\":2,\"name\":\"En democracia partidista deben respetarse las corrientes minoritarias\u00a0\"}]},{\"@type\":\"WebSite\",\"@id\":\"https:\\\/\\\/lospoliticosveracruz.com\\\/#website\",\"url\":\"https:\\\/\\\/lospoliticosveracruz.com\\\/\",\"name\":\"Los pol\u00edticos Veracruz\",\"description\":\"\",\"publisher\":{\"@id\":\"https:\\\/\\\/lospoliticosveracruz.com\\\/#organization\"},\"potentialAction\":[{\"@type\":\"SearchAction\",\"target\":{\"@type\":\"EntryPoint\",\"urlTemplate\":\"https:\\\/\\\/lospoliticosveracruz.com\\\/?s={search_term_string}\"},\"query-input\":{\"@type\":\"PropertyValueSpecification\",\"valueRequired\":true,\"valueName\":\"search_term_string\"}}],\"inLanguage\":\"es\"},{\"@type\":\"Organization\",\"@id\":\"https:\\\/\\\/lospoliticosveracruz.com\\\/#organization\",\"name\":\"Los pol\u00edticos Veracruz\",\"url\":\"https:\\\/\\\/lospoliticosveracruz.com\\\/\",\"logo\":{\"@type\":\"ImageObject\",\"inLanguage\":\"es\",\"@id\":\"https:\\\/\\\/lospoliticosveracruz.com\\\/#\\\/schema\\\/logo\\\/image\\\/\",\"url\":\"https:\\\/\\\/lospoliticosveracruz.com\\\/wp-content\\\/uploads\\\/2025\\\/12\\\/Logo-Nuevo-LOS-POLITICOS-1.jpg\",\"contentUrl\":\"https:\\\/\\\/lospoliticosveracruz.com\\\/wp-content\\\/uploads\\\/2025\\\/12\\\/Logo-Nuevo-LOS-POLITICOS-1.jpg\",\"width\":260,\"height\":70,\"caption\":\"Los pol\u00edticos Veracruz\"},\"image\":{\"@id\":\"https:\\\/\\\/lospoliticosveracruz.com\\\/#\\\/schema\\\/logo\\\/image\\\/\"},\"sameAs\":[\"https:\\\/\\\/www.facebook.com\\\/people\\\/Notimemes-de-los-Polticos\\\/61565672886568\\\/\",\"https:\\\/\\\/x.com\\\/LosPoliticosVer\"]},{\"@type\":\"Person\",\"@id\":\"https:\\\/\\\/lospoliticosveracruz.com\\\/#\\\/schema\\\/person\\\/b8702bb0e538456e6efd07080bf2a4a2\",\"name\":\"Lo viste en Los Pol\u00edticos\",\"image\":{\"@type\":\"ImageObject\",\"inLanguage\":\"es\",\"@id\":\"https:\\\/\\\/secure.gravatar.com\\\/avatar\\\/3a8de04a2656d44082be478bd6c086daa447c4651605818287b9532d3d0bd435?s=96&d=mm&r=g\",\"url\":\"https:\\\/\\\/secure.gravatar.com\\\/avatar\\\/3a8de04a2656d44082be478bd6c086daa447c4651605818287b9532d3d0bd435?s=96&d=mm&r=g\",\"contentUrl\":\"https:\\\/\\\/secure.gravatar.com\\\/avatar\\\/3a8de04a2656d44082be478bd6c086daa447c4651605818287b9532d3d0bd435?s=96&d=mm&r=g\",\"caption\":\"Lo viste en Los Pol\u00edticos\"},\"url\":\"https:\\\/\\\/lospoliticosveracruz.com\\\/?author=2\"}]}<\/script>\n<!-- \/ Yoast SEO plugin. -->","yoast_head_json":{"title":"En democracia partidista deben respetarse las corrientes minoritarias\u00a0 - Los pol\u00edticos Veracruz","robots":{"index":"index","follow":"follow","max-snippet":"max-snippet:-1","max-image-preview":"max-image-preview:large","max-video-preview":"max-video-preview:-1"},"canonical":"https:\/\/lospoliticosveracruz.com\/?p=31102","og_locale":"es_ES","og_type":"article","og_title":"En democracia partidista deben respetarse las corrientes minoritarias\u00a0 - Los pol\u00edticos Veracruz","og_description":"Valeria Marcial En Pol\u00edtica&#8230; Personas y Personalidades\u00a0 En una democracia completa se respetan los ideales y afinidades pol\u00edticas y de corrientes partidistas minoritarias, incluso dentro de instituciones.\u00a0 Ayer en el registro del \u00abPr\u00edncipe\u00bb Fernando Yunes M\u00e1rquez as\u00ed como hubo aplausos tambi\u00e9n hubo gritos de descontento en el Partido Acci\u00f3n Nacional (PAN).\u00a0 Si bien eran muchos [&hellip;]","og_url":"https:\/\/lospoliticosveracruz.com\/?p=31102","og_site_name":"Los pol\u00edticos Veracruz","article_publisher":"https:\/\/www.facebook.com\/people\/Notimemes-de-los-Polticos\/61565672886568\/","article_published_time":"2017-02-28T00:39:36+00:00","og_image":[{"width":200,"height":200,"url":"https:\/\/lospoliticosveracruz.com\/wp-content\/uploads\/2016\/07\/Logo-Dor.jpg","type":"image\/jpeg"}],"author":"Lo viste en Los Pol\u00edticos","twitter_card":"summary_large_image","twitter_creator":"@LosPoliticosVer","twitter_site":"@LosPoliticosVer","twitter_misc":{"Escrito por":"Lo viste en Los Pol\u00edticos","Tiempo de lectura":"3 minutos"},"schema":{"@context":"https:\/\/schema.org","@graph":[{"@type":"Article","@id":"https:\/\/lospoliticosveracruz.com\/?p=31102#article","isPartOf":{"@id":"https:\/\/lospoliticosveracruz.com\/?p=31102"},"author":{"name":"Lo viste en Los Pol\u00edticos","@id":"https:\/\/lospoliticosveracruz.com\/#\/schema\/person\/b8702bb0e538456e6efd07080bf2a4a2"},"headline":"En democracia partidista deben respetarse las corrientes minoritarias\u00a0","datePublished":"2017-02-28T00:39:36+00:00","mainEntityOfPage":{"@id":"https:\/\/lospoliticosveracruz.com\/?p=31102"},"wordCount":609,"commentCount":0,"publisher":{"@id":"https:\/\/lospoliticosveracruz.com\/#organization"},"keywords":["Carlos Valenzuela","Fernando Yunes M\u00e1rquez","PAN"],"articleSection":["De Opini\u00f3n"],"inLanguage":"es","potentialAction":[{"@type":"CommentAction","name":"Comment","target":["https:\/\/lospoliticosveracruz.com\/?p=31102#respond"]}]},{"@type":"WebPage","@id":"https:\/\/lospoliticosveracruz.com\/?p=31102","url":"https:\/\/lospoliticosveracruz.com\/?p=31102","name":"En democracia partidista deben respetarse las corrientes minoritarias\u00a0 - Los pol\u00edticos Veracruz","isPartOf":{"@id":"https:\/\/lospoliticosveracruz.com\/#website"},"datePublished":"2017-02-28T00:39:36+00:00","breadcrumb":{"@id":"https:\/\/lospoliticosveracruz.com\/?p=31102#breadcrumb"},"inLanguage":"es","potentialAction":[{"@type":"ReadAction","target":["https:\/\/lospoliticosveracruz.com\/?p=31102"]}]},{"@type":"BreadcrumbList","@id":"https:\/\/lospoliticosveracruz.com\/?p=31102#breadcrumb","itemListElement":[{"@type":"ListItem","position":1,"name":"Portada","item":"https:\/\/lospoliticosveracruz.com\/"},{"@type":"ListItem","position":2,"name":"En democracia partidista deben respetarse las corrientes minoritarias\u00a0"}]},{"@type":"WebSite","@id":"https:\/\/lospoliticosveracruz.com\/#website","url":"https:\/\/lospoliticosveracruz.com\/","name":"Los pol\u00edticos Veracruz","description":"","publisher":{"@id":"https:\/\/lospoliticosveracruz.com\/#organization"},"potentialAction":[{"@type":"SearchAction","target":{"@type":"EntryPoint","urlTemplate":"https:\/\/lospoliticosveracruz.com\/?s={search_term_string}"},"query-input":{"@type":"PropertyValueSpecification","valueRequired":true,"valueName":"search_term_string"}}],"inLanguage":"es"},{"@type":"Organization","@id":"https:\/\/lospoliticosveracruz.com\/#organization","name":"Los pol\u00edticos Veracruz","url":"https:\/\/lospoliticosveracruz.com\/","logo":{"@type":"ImageObject","inLanguage":"es","@id":"https:\/\/lospoliticosveracruz.com\/#\/schema\/logo\/image\/","url":"https:\/\/lospoliticosveracruz.com\/wp-content\/uploads\/2025\/12\/Logo-Nuevo-LOS-POLITICOS-1.jpg","contentUrl":"https:\/\/lospoliticosveracruz.com\/wp-content\/uploads\/2025\/12\/Logo-Nuevo-LOS-POLITICOS-1.jpg","width":260,"height":70,"caption":"Los pol\u00edticos Veracruz"},"image":{"@id":"https:\/\/lospoliticosveracruz.com\/#\/schema\/logo\/image\/"},"sameAs":["https:\/\/www.facebook.com\/people\/Notimemes-de-los-Polticos\/61565672886568\/","https:\/\/x.com\/LosPoliticosVer"]},{"@type":"Person","@id":"https:\/\/lospoliticosveracruz.com\/#\/schema\/person\/b8702bb0e538456e6efd07080bf2a4a2","name":"Lo viste en Los Pol\u00edticos","image":{"@type":"ImageObject","inLanguage":"es","@id":"https:\/\/secure.gravatar.com\/avatar\/3a8de04a2656d44082be478bd6c086daa447c4651605818287b9532d3d0bd435?s=96&d=mm&r=g","url":"https:\/\/secure.gravatar.com\/avatar\/3a8de04a2656d44082be478bd6c086daa447c4651605818287b9532d3d0bd435?s=96&d=mm&r=g","contentUrl":"https:\/\/secure.gravatar.com\/avatar\/3a8de04a2656d44082be478bd6c086daa447c4651605818287b9532d3d0bd435?s=96&d=mm&r=g","caption":"Lo viste en Los Pol\u00edticos"},"url":"https:\/\/lospoliticosveracruz.com\/?author=2"}]}},"_links":{"self":[{"href":"https:\/\/lospoliticosveracruz.com\/index.php?rest_route=\/wp\/v2\/posts\/31102","targetHints":{"allow":["GET"]}}],"collection":[{"href":"https:\/\/lospoliticosveracruz.com\/index.php?rest_route=\/wp\/v2\/posts"}],"about":[{"href":"https:\/\/lospoliticosveracruz.com\/index.php?rest_route=\/wp\/v2\/types\/post"}],"author":[{"embeddable":true,"href":"https:\/\/lospoliticosveracruz.com\/index.php?rest_route=\/wp\/v2\/users\/2"}],"replies":[{"embeddable":true,"href":"https:\/\/lospoliticosveracruz.com\/index.php?rest_route=%2Fwp%2Fv2%2Fcomments&post=31102"}],"version-history":[{"count":1,"href":"https:\/\/lospoliticosveracruz.com\/index.php?rest_route=\/wp\/v2\/posts\/31102\/revisions"}],"predecessor-version":[{"id":31103,"href":"https:\/\/lospoliticosveracruz.com\/index.php?rest_route=\/wp\/v2\/posts\/31102\/revisions\/31103"}],"wp:attachment":[{"href":"https:\/\/lospoliticosveracruz.com\/index.php?rest_route=%2Fwp%2Fv2%2Fmedia&parent=31102"}],"wp:term":[{"taxonomy":"category","embeddable":true,"href":"https:\/\/lospoliticosveracruz.com\/index.php?rest_route=%2Fwp%2Fv2%2Fcategories&post=31102"},{"taxonomy":"post_tag","embeddable":true,"href":"https:\/\/lospoliticosveracruz.com\/index.php?rest_route=%2Fwp%2Fv2%2Ftags&post=31102"}],"curies":[{"name":"wp","href":"https:\/\/api.w.org\/{rel}","templated":true}]}}