{"id":31148,"date":"2017-03-01T08:55:26","date_gmt":"2017-03-01T14:55:26","guid":{"rendered":"http:\/\/www.lospoliticosveracruz.com.mx\/?p=31148"},"modified":"2017-03-01T08:55:26","modified_gmt":"2017-03-01T14:55:26","slug":"pensar-juntas-para-habitar-juntas","status":"publish","type":"post","link":"https:\/\/lospoliticosveracruz.com\/?p=31148","title":{"rendered":"Pensar juntas para habitar juntas"},"content":{"rendered":"<p><strong>Harmida Rubio Guti\u00e9rrez<\/strong><\/p>\n<p><em>Mujeres que saben lat\u00edn<\/em><\/p>\n<p>&nbsp;<\/p>\n<p>&nbsp;<\/p>\n<p>El espacio publico es el lugar de la ciudad donde la ciudadan\u00eda se manifiesta. Hombres y mujeres. Pero \u00bfrealmente es as\u00ed? \u00bfPodemos nosotras manifestarnos social, cultural y pol\u00edticamente como ciudadanas en la ciudad?<\/p>\n<p>Las condiciones en las que est\u00e1 dise\u00f1ada la ciudad y sus espacios p\u00fablicos, muchas veces no toman en cuenta nuestros tiempos, actividades, energ\u00eda y gustos. Ya mucho se ha dicho que el espacio publico culturalmente se ha asignado a los hombres y el privado a las mujeres. En pleno siglo XXI, cuando ya hemos ganado espacios en la educaci\u00f3n y en el trabajo, \u00e9stos no acaban de darse en la ciudad.<\/p>\n<p>Silvia Soto, investigadora de la UAM, dice que en el espacio p\u00fablico lo que causa controversia y conflicto es la extra\u00f1eza de que las mujeres no est\u00e9n ejerciendo su rol tradicional como reproductoras. Es decir, una mujer que trabaja, que no es madre, que disfruta el paseo sola o con amigas, en fin, que no se est\u00e1 haciendo cargo de la familia y los hijos en su casa, es cuestionada con actitudes y pr\u00e1cticas sociales en el espacio p\u00fablico, pero tambi\u00e9n es cuestionada y discriminada con la forma de estos espacios, que la excluyen y amenazan en su mayor\u00eda.<\/p>\n<p>El acoso callejero, la dificultad de movernos en ciertos lugares por como est\u00e1n dise\u00f1ados, las pocas opciones de lugares seguros para nosotras las 24 horas, dan cuenta de ello.<\/p>\n<p>Ante este panorama, la sociedad y los gobiernos tienen esta asignatura pendiente en las ciudades mexicanas, pero nosotras tambi\u00e9n.<\/p>\n<p>No nos hemos puesto a pensar en conjunto c\u00f3mo nos gustar\u00eda que fuera nuestra ciudad, los lugares a los que acostumbramos ir, las calles, los parques, el transporte p\u00fablico. C\u00f3mo podr\u00edamos transformarlos para que fueran amables y entra\u00f1ables para la ni\u00f1a que juega, la joven que estudia y se divierte, la mujer adulta que busca un oasis de tranquilidad y la mujer mayor que busca contemplar el paisaje. As\u00ed como para la adulta que juega, la ni\u00f1a que busca un oasis, la joven que contempla y la anciana que se divierte. No es que nunca nos hayamos puesto a pensar en lo individual en c\u00f3mo es el lugar que deseamos habitar, pero no lo hemos hecho juntas.<\/p>\n<p>No ser\u00eda esta una soluci\u00f3n total y \u00fanica para los problemas que tenemos al habitar la ciudad, porque los conflictos que vivimos en ella son complejos y no dependen s\u00f3lo de nuestra opini\u00f3n; sin embargo, s\u00ed que es un paso que no hemos dado, el empezar a crear ese espacio (de pensamiento y de materia) en el que conversemos juntas c\u00f3mo queremos habitar.<\/p>\n<p>Somos todas diferentes, Sabemos que no hay una sola forma de ser mujer, por tanto no hay tampoco una sola manera de habitar los espacios p\u00fablicos de nuestras ciudades. Sin embargo, s\u00ed que podemos encontrar convergencias, ideas creativas en las que coincidamos. Esas son las que hacen falta para poder exigir no s\u00f3lo ciudades seguras, sino ciudades nuestras, donde nos sentimos profundamente libres y ciudadanas.<\/p>\n<p>Tenemos mil combinaciones de ser y habitar y todas ellas necesitan de lugares dignos y amables. Invent\u00e9moslos.<\/p>\n","protected":false},"excerpt":{"rendered":"<p>Harmida Rubio Guti\u00e9rrez Mujeres que saben lat\u00edn &nbsp; &nbsp; El espacio publico es el lugar de la ciudad donde la ciudadan\u00eda se manifiesta. Hombres y mujeres. Pero \u00bfrealmente es as\u00ed? \u00bfPodemos nosotras manifestarnos social, cultural y pol\u00edticamente como ciudadanas en la ciudad? Las condiciones en las que est\u00e1 dise\u00f1ada la ciudad y sus espacios p\u00fablicos, [&hellip;]<\/p>\n","protected":false},"author":2,"featured_media":0,"comment_status":"open","ping_status":"open","sticky":false,"template":"","format":"standard","meta":{"tdm_status":"","tdm_grid_status":"","footnotes":""},"categories":[70],"tags":[7569,2305,7570],"class_list":{"0":"post-31148","1":"post","2":"type-post","3":"status-publish","4":"format-standard","6":"category-de-opinion","7":"tag-espacio-publico","8":"tag-mujeres","9":"tag-silvia-soto"},"yoast_head":"<!-- This site is optimized with the Yoast SEO plugin v27.4 - https:\/\/yoast.com\/product\/yoast-seo-wordpress\/ -->\n<title>Pensar juntas para habitar juntas - Los pol\u00edticos Veracruz<\/title>\n<meta name=\"robots\" content=\"index, follow, max-snippet:-1, max-image-preview:large, max-video-preview:-1\" \/>\n<link rel=\"canonical\" href=\"https:\/\/lospoliticosveracruz.com\/?p=31148\" \/>\n<meta property=\"og:locale\" content=\"es_ES\" \/>\n<meta property=\"og:type\" content=\"article\" \/>\n<meta property=\"og:title\" content=\"Pensar juntas para habitar juntas - Los pol\u00edticos Veracruz\" \/>\n<meta property=\"og:description\" content=\"Harmida Rubio Guti\u00e9rrez Mujeres que saben lat\u00edn &nbsp; &nbsp; El espacio publico es el lugar de la ciudad donde la ciudadan\u00eda se manifiesta. Hombres y mujeres. Pero \u00bfrealmente es as\u00ed? \u00bfPodemos nosotras manifestarnos social, cultural y pol\u00edticamente como ciudadanas en la ciudad? Las condiciones en las que est\u00e1 dise\u00f1ada la ciudad y sus espacios p\u00fablicos, [&hellip;]\" \/>\n<meta property=\"og:url\" content=\"https:\/\/lospoliticosveracruz.com\/?p=31148\" \/>\n<meta property=\"og:site_name\" content=\"Los pol\u00edticos Veracruz\" \/>\n<meta property=\"article:publisher\" content=\"https:\/\/www.facebook.com\/people\/Notimemes-de-los-Polticos\/61565672886568\/\" \/>\n<meta property=\"article:published_time\" content=\"2017-03-01T14:55:26+00:00\" \/>\n<meta property=\"og:image\" content=\"https:\/\/lospoliticosveracruz.com\/wp-content\/uploads\/2016\/07\/Logo-Dor.jpg\" \/>\n\t<meta property=\"og:image:width\" content=\"200\" \/>\n\t<meta property=\"og:image:height\" content=\"200\" \/>\n\t<meta property=\"og:image:type\" content=\"image\/jpeg\" \/>\n<meta name=\"author\" content=\"Lo viste en Los Pol\u00edticos\" \/>\n<meta name=\"twitter:card\" content=\"summary_large_image\" \/>\n<meta name=\"twitter:creator\" content=\"@LosPoliticosVer\" \/>\n<meta name=\"twitter:site\" content=\"@LosPoliticosVer\" \/>\n<meta name=\"twitter:label1\" content=\"Escrito por\" \/>\n\t<meta name=\"twitter:data1\" content=\"Lo viste en Los Pol\u00edticos\" \/>\n\t<meta name=\"twitter:label2\" content=\"Tiempo de lectura\" \/>\n\t<meta name=\"twitter:data2\" content=\"3 minutos\" \/>\n<script type=\"application\/ld+json\" class=\"yoast-schema-graph\">{\"@context\":\"https:\\\/\\\/schema.org\",\"@graph\":[{\"@type\":\"Article\",\"@id\":\"https:\\\/\\\/lospoliticosveracruz.com\\\/?p=31148#article\",\"isPartOf\":{\"@id\":\"https:\\\/\\\/lospoliticosveracruz.com\\\/?p=31148\"},\"author\":{\"name\":\"Lo viste en Los Pol\u00edticos\",\"@id\":\"https:\\\/\\\/lospoliticosveracruz.com\\\/#\\\/schema\\\/person\\\/b8702bb0e538456e6efd07080bf2a4a2\"},\"headline\":\"Pensar juntas para habitar juntas\",\"datePublished\":\"2017-03-01T14:55:26+00:00\",\"mainEntityOfPage\":{\"@id\":\"https:\\\/\\\/lospoliticosveracruz.com\\\/?p=31148\"},\"wordCount\":561,\"commentCount\":0,\"publisher\":{\"@id\":\"https:\\\/\\\/lospoliticosveracruz.com\\\/#organization\"},\"keywords\":[\"Espacio p\u00fablico\",\"Mujeres\",\"Silvia Soto\"],\"articleSection\":[\"De Opini\u00f3n\"],\"inLanguage\":\"es\",\"potentialAction\":[{\"@type\":\"CommentAction\",\"name\":\"Comment\",\"target\":[\"https:\\\/\\\/lospoliticosveracruz.com\\\/?p=31148#respond\"]}]},{\"@type\":\"WebPage\",\"@id\":\"https:\\\/\\\/lospoliticosveracruz.com\\\/?p=31148\",\"url\":\"https:\\\/\\\/lospoliticosveracruz.com\\\/?p=31148\",\"name\":\"Pensar juntas para habitar juntas - Los pol\u00edticos Veracruz\",\"isPartOf\":{\"@id\":\"https:\\\/\\\/lospoliticosveracruz.com\\\/#website\"},\"datePublished\":\"2017-03-01T14:55:26+00:00\",\"breadcrumb\":{\"@id\":\"https:\\\/\\\/lospoliticosveracruz.com\\\/?p=31148#breadcrumb\"},\"inLanguage\":\"es\",\"potentialAction\":[{\"@type\":\"ReadAction\",\"target\":[\"https:\\\/\\\/lospoliticosveracruz.com\\\/?p=31148\"]}]},{\"@type\":\"BreadcrumbList\",\"@id\":\"https:\\\/\\\/lospoliticosveracruz.com\\\/?p=31148#breadcrumb\",\"itemListElement\":[{\"@type\":\"ListItem\",\"position\":1,\"name\":\"Portada\",\"item\":\"https:\\\/\\\/lospoliticosveracruz.com\\\/\"},{\"@type\":\"ListItem\",\"position\":2,\"name\":\"Pensar juntas para habitar juntas\"}]},{\"@type\":\"WebSite\",\"@id\":\"https:\\\/\\\/lospoliticosveracruz.com\\\/#website\",\"url\":\"https:\\\/\\\/lospoliticosveracruz.com\\\/\",\"name\":\"Los pol\u00edticos Veracruz\",\"description\":\"\",\"publisher\":{\"@id\":\"https:\\\/\\\/lospoliticosveracruz.com\\\/#organization\"},\"potentialAction\":[{\"@type\":\"SearchAction\",\"target\":{\"@type\":\"EntryPoint\",\"urlTemplate\":\"https:\\\/\\\/lospoliticosveracruz.com\\\/?s={search_term_string}\"},\"query-input\":{\"@type\":\"PropertyValueSpecification\",\"valueRequired\":true,\"valueName\":\"search_term_string\"}}],\"inLanguage\":\"es\"},{\"@type\":\"Organization\",\"@id\":\"https:\\\/\\\/lospoliticosveracruz.com\\\/#organization\",\"name\":\"Los pol\u00edticos Veracruz\",\"url\":\"https:\\\/\\\/lospoliticosveracruz.com\\\/\",\"logo\":{\"@type\":\"ImageObject\",\"inLanguage\":\"es\",\"@id\":\"https:\\\/\\\/lospoliticosveracruz.com\\\/#\\\/schema\\\/logo\\\/image\\\/\",\"url\":\"https:\\\/\\\/lospoliticosveracruz.com\\\/wp-content\\\/uploads\\\/2025\\\/12\\\/Logo-Nuevo-LOS-POLITICOS-1.jpg\",\"contentUrl\":\"https:\\\/\\\/lospoliticosveracruz.com\\\/wp-content\\\/uploads\\\/2025\\\/12\\\/Logo-Nuevo-LOS-POLITICOS-1.jpg\",\"width\":260,\"height\":70,\"caption\":\"Los pol\u00edticos Veracruz\"},\"image\":{\"@id\":\"https:\\\/\\\/lospoliticosveracruz.com\\\/#\\\/schema\\\/logo\\\/image\\\/\"},\"sameAs\":[\"https:\\\/\\\/www.facebook.com\\\/people\\\/Notimemes-de-los-Polticos\\\/61565672886568\\\/\",\"https:\\\/\\\/x.com\\\/LosPoliticosVer\"]},{\"@type\":\"Person\",\"@id\":\"https:\\\/\\\/lospoliticosveracruz.com\\\/#\\\/schema\\\/person\\\/b8702bb0e538456e6efd07080bf2a4a2\",\"name\":\"Lo viste en Los Pol\u00edticos\",\"image\":{\"@type\":\"ImageObject\",\"inLanguage\":\"es\",\"@id\":\"https:\\\/\\\/secure.gravatar.com\\\/avatar\\\/3a8de04a2656d44082be478bd6c086daa447c4651605818287b9532d3d0bd435?s=96&d=mm&r=g\",\"url\":\"https:\\\/\\\/secure.gravatar.com\\\/avatar\\\/3a8de04a2656d44082be478bd6c086daa447c4651605818287b9532d3d0bd435?s=96&d=mm&r=g\",\"contentUrl\":\"https:\\\/\\\/secure.gravatar.com\\\/avatar\\\/3a8de04a2656d44082be478bd6c086daa447c4651605818287b9532d3d0bd435?s=96&d=mm&r=g\",\"caption\":\"Lo viste en Los Pol\u00edticos\"},\"url\":\"https:\\\/\\\/lospoliticosveracruz.com\\\/?author=2\"}]}<\/script>\n<!-- \/ Yoast SEO plugin. -->","yoast_head_json":{"title":"Pensar juntas para habitar juntas - Los pol\u00edticos Veracruz","robots":{"index":"index","follow":"follow","max-snippet":"max-snippet:-1","max-image-preview":"max-image-preview:large","max-video-preview":"max-video-preview:-1"},"canonical":"https:\/\/lospoliticosveracruz.com\/?p=31148","og_locale":"es_ES","og_type":"article","og_title":"Pensar juntas para habitar juntas - Los pol\u00edticos Veracruz","og_description":"Harmida Rubio Guti\u00e9rrez Mujeres que saben lat\u00edn &nbsp; &nbsp; El espacio publico es el lugar de la ciudad donde la ciudadan\u00eda se manifiesta. Hombres y mujeres. Pero \u00bfrealmente es as\u00ed? \u00bfPodemos nosotras manifestarnos social, cultural y pol\u00edticamente como ciudadanas en la ciudad? Las condiciones en las que est\u00e1 dise\u00f1ada la ciudad y sus espacios p\u00fablicos, [&hellip;]","og_url":"https:\/\/lospoliticosveracruz.com\/?p=31148","og_site_name":"Los pol\u00edticos Veracruz","article_publisher":"https:\/\/www.facebook.com\/people\/Notimemes-de-los-Polticos\/61565672886568\/","article_published_time":"2017-03-01T14:55:26+00:00","og_image":[{"width":200,"height":200,"url":"https:\/\/lospoliticosveracruz.com\/wp-content\/uploads\/2016\/07\/Logo-Dor.jpg","type":"image\/jpeg"}],"author":"Lo viste en Los Pol\u00edticos","twitter_card":"summary_large_image","twitter_creator":"@LosPoliticosVer","twitter_site":"@LosPoliticosVer","twitter_misc":{"Escrito por":"Lo viste en Los Pol\u00edticos","Tiempo de lectura":"3 minutos"},"schema":{"@context":"https:\/\/schema.org","@graph":[{"@type":"Article","@id":"https:\/\/lospoliticosveracruz.com\/?p=31148#article","isPartOf":{"@id":"https:\/\/lospoliticosveracruz.com\/?p=31148"},"author":{"name":"Lo viste en Los Pol\u00edticos","@id":"https:\/\/lospoliticosveracruz.com\/#\/schema\/person\/b8702bb0e538456e6efd07080bf2a4a2"},"headline":"Pensar juntas para habitar juntas","datePublished":"2017-03-01T14:55:26+00:00","mainEntityOfPage":{"@id":"https:\/\/lospoliticosveracruz.com\/?p=31148"},"wordCount":561,"commentCount":0,"publisher":{"@id":"https:\/\/lospoliticosveracruz.com\/#organization"},"keywords":["Espacio p\u00fablico","Mujeres","Silvia Soto"],"articleSection":["De Opini\u00f3n"],"inLanguage":"es","potentialAction":[{"@type":"CommentAction","name":"Comment","target":["https:\/\/lospoliticosveracruz.com\/?p=31148#respond"]}]},{"@type":"WebPage","@id":"https:\/\/lospoliticosveracruz.com\/?p=31148","url":"https:\/\/lospoliticosveracruz.com\/?p=31148","name":"Pensar juntas para habitar juntas - Los pol\u00edticos Veracruz","isPartOf":{"@id":"https:\/\/lospoliticosveracruz.com\/#website"},"datePublished":"2017-03-01T14:55:26+00:00","breadcrumb":{"@id":"https:\/\/lospoliticosveracruz.com\/?p=31148#breadcrumb"},"inLanguage":"es","potentialAction":[{"@type":"ReadAction","target":["https:\/\/lospoliticosveracruz.com\/?p=31148"]}]},{"@type":"BreadcrumbList","@id":"https:\/\/lospoliticosveracruz.com\/?p=31148#breadcrumb","itemListElement":[{"@type":"ListItem","position":1,"name":"Portada","item":"https:\/\/lospoliticosveracruz.com\/"},{"@type":"ListItem","position":2,"name":"Pensar juntas para habitar juntas"}]},{"@type":"WebSite","@id":"https:\/\/lospoliticosveracruz.com\/#website","url":"https:\/\/lospoliticosveracruz.com\/","name":"Los pol\u00edticos Veracruz","description":"","publisher":{"@id":"https:\/\/lospoliticosveracruz.com\/#organization"},"potentialAction":[{"@type":"SearchAction","target":{"@type":"EntryPoint","urlTemplate":"https:\/\/lospoliticosveracruz.com\/?s={search_term_string}"},"query-input":{"@type":"PropertyValueSpecification","valueRequired":true,"valueName":"search_term_string"}}],"inLanguage":"es"},{"@type":"Organization","@id":"https:\/\/lospoliticosveracruz.com\/#organization","name":"Los pol\u00edticos Veracruz","url":"https:\/\/lospoliticosveracruz.com\/","logo":{"@type":"ImageObject","inLanguage":"es","@id":"https:\/\/lospoliticosveracruz.com\/#\/schema\/logo\/image\/","url":"https:\/\/lospoliticosveracruz.com\/wp-content\/uploads\/2025\/12\/Logo-Nuevo-LOS-POLITICOS-1.jpg","contentUrl":"https:\/\/lospoliticosveracruz.com\/wp-content\/uploads\/2025\/12\/Logo-Nuevo-LOS-POLITICOS-1.jpg","width":260,"height":70,"caption":"Los pol\u00edticos Veracruz"},"image":{"@id":"https:\/\/lospoliticosveracruz.com\/#\/schema\/logo\/image\/"},"sameAs":["https:\/\/www.facebook.com\/people\/Notimemes-de-los-Polticos\/61565672886568\/","https:\/\/x.com\/LosPoliticosVer"]},{"@type":"Person","@id":"https:\/\/lospoliticosveracruz.com\/#\/schema\/person\/b8702bb0e538456e6efd07080bf2a4a2","name":"Lo viste en Los Pol\u00edticos","image":{"@type":"ImageObject","inLanguage":"es","@id":"https:\/\/secure.gravatar.com\/avatar\/3a8de04a2656d44082be478bd6c086daa447c4651605818287b9532d3d0bd435?s=96&d=mm&r=g","url":"https:\/\/secure.gravatar.com\/avatar\/3a8de04a2656d44082be478bd6c086daa447c4651605818287b9532d3d0bd435?s=96&d=mm&r=g","contentUrl":"https:\/\/secure.gravatar.com\/avatar\/3a8de04a2656d44082be478bd6c086daa447c4651605818287b9532d3d0bd435?s=96&d=mm&r=g","caption":"Lo viste en Los Pol\u00edticos"},"url":"https:\/\/lospoliticosveracruz.com\/?author=2"}]}},"_links":{"self":[{"href":"https:\/\/lospoliticosveracruz.com\/index.php?rest_route=\/wp\/v2\/posts\/31148","targetHints":{"allow":["GET"]}}],"collection":[{"href":"https:\/\/lospoliticosveracruz.com\/index.php?rest_route=\/wp\/v2\/posts"}],"about":[{"href":"https:\/\/lospoliticosveracruz.com\/index.php?rest_route=\/wp\/v2\/types\/post"}],"author":[{"embeddable":true,"href":"https:\/\/lospoliticosveracruz.com\/index.php?rest_route=\/wp\/v2\/users\/2"}],"replies":[{"embeddable":true,"href":"https:\/\/lospoliticosveracruz.com\/index.php?rest_route=%2Fwp%2Fv2%2Fcomments&post=31148"}],"version-history":[{"count":1,"href":"https:\/\/lospoliticosveracruz.com\/index.php?rest_route=\/wp\/v2\/posts\/31148\/revisions"}],"predecessor-version":[{"id":31149,"href":"https:\/\/lospoliticosveracruz.com\/index.php?rest_route=\/wp\/v2\/posts\/31148\/revisions\/31149"}],"wp:attachment":[{"href":"https:\/\/lospoliticosveracruz.com\/index.php?rest_route=%2Fwp%2Fv2%2Fmedia&parent=31148"}],"wp:term":[{"taxonomy":"category","embeddable":true,"href":"https:\/\/lospoliticosveracruz.com\/index.php?rest_route=%2Fwp%2Fv2%2Fcategories&post=31148"},{"taxonomy":"post_tag","embeddable":true,"href":"https:\/\/lospoliticosveracruz.com\/index.php?rest_route=%2Fwp%2Fv2%2Ftags&post=31148"}],"curies":[{"name":"wp","href":"https:\/\/api.w.org\/{rel}","templated":true}]}}