{"id":31150,"date":"2017-03-01T09:07:26","date_gmt":"2017-03-01T15:07:26","guid":{"rendered":"http:\/\/www.lospoliticosveracruz.com.mx\/?p=31150"},"modified":"2017-03-01T09:07:26","modified_gmt":"2017-03-01T15:07:26","slug":"la-tragedia-de-las-zonas-petroleras","status":"publish","type":"post","link":"https:\/\/lospoliticosveracruz.com\/?p=31150","title":{"rendered":"La tragedia de las zonas petroleras"},"content":{"rendered":"<p class=\"x_m_8855245553143444387MsoNoSpacing x_gmail_msg\"><strong>Luis Alberto Romero<\/strong><\/p>\n<p class=\"x_m_8855245553143444387MsoNoSpacing x_gmail_msg\"><em>Hora Cero<\/em><\/p>\n<p class=\"x_m_8855245553143444387MsoNoSpacing x_gmail_msg\"><b class=\"x_gmail_msg\">\u00a0<\/b><\/p>\n<p class=\"x_m_8855245553143444387MsoNoSpacing x_gmail_msg\">\n<p class=\"x_m_8855245553143444387MsoNoSpacing x_gmail_msg\">\n<p class=\"x_m_8855245553143444387MsoNoSpacing x_gmail_msg\">La nota fue difundida por el peri\u00f3dico El Financiero, que establece que Petr\u00f3leos Mexicanos ha registrado p\u00e9rdidas durante cuatro a\u00f1os consecutivos.<u class=\"x_gmail_msg\"><\/u><u class=\"x_gmail_msg\"><\/u><\/p>\n<p class=\"x_m_8855245553143444387MsoNoSpacing x_gmail_msg\">De igual manera, sostiene que Pemex intenta establecer acuerdos con compa\u00f1\u00edas petroleras extranjeras, a fin de enfrentar la baja en la producci\u00f3n.<u class=\"x_gmail_msg\"><\/u><u class=\"x_gmail_msg\"><\/u><\/p>\n<p class=\"x_m_8855245553143444387MsoNoSpacing x_gmail_msg\">Solo durante el \u00faltimo trimestre de 2016, la citada empresa registr\u00f3 p\u00e9rdidas por 32 mil 600 millones de pesos. Por si fuera poco, el total de las p\u00e9rdidas acumuladas de 2012 a la fecha supera 1.4 billones de pesos.<u class=\"x_gmail_msg\"><\/u><u class=\"x_gmail_msg\"><\/u><\/p>\n<p class=\"x_m_8855245553143444387MsoNoSpacing x_gmail_msg\">Probablemente la \u00fanica buena noticia con relaci\u00f3n a Pemex, si as\u00ed se le puede considerar, es una reducci\u00f3n en el ritmo de las p\u00e9rdidas en un\u00a0 58 por ciento.<u class=\"x_gmail_msg\"><\/u><u class=\"x_gmail_msg\"><\/u><\/p>\n<p class=\"x_m_8855245553143444387MsoNoSpacing x_gmail_msg\">Lo malo es que las proyecciones de Pemex establecen una ca\u00edda de 1.925 millones de barriles diarios el presente a\u00f1o, lo que representa el nivel m\u00e1s bajo desde hace 37 a\u00f1os, desde 1980. Hasta ah\u00ed la nota de El Financiero.<u class=\"x_gmail_msg\"><\/u><u class=\"x_gmail_msg\"><\/u><\/p>\n<p class=\"x_m_8855245553143444387MsoNoSpacing x_gmail_msg\">Esa crisis, por supuesto, ha impactado de manera dram\u00e1tica en las zonas petroleras de Veracruz, Campeche, Tamaulipas y Tabasco, donde las empresas proveedoras de Pemex han reducido pr\u00e1cticamente al m\u00ednimo sus operaciones; por si fuera poco, los despidos son asunto de todos los d\u00edas.<u class=\"x_gmail_msg\"><\/u><u class=\"x_gmail_msg\"><\/u><\/p>\n<p class=\"x_m_8855245553143444387MsoNoSpacing x_gmail_msg\">As\u00ed las cosas, derivado de la crisis petrolera, los estados productores del hidrocarburo registraron una considerable reducci\u00f3n en sus ingresos por participaciones y fondos federales.<u class=\"x_gmail_msg\"><\/u><u class=\"x_gmail_msg\"><\/u><\/p>\n<p class=\"x_m_8855245553143444387MsoNoSpacing x_gmail_msg\">Esa situaci\u00f3n se refleja en los municipios cuya econom\u00eda depende en gran medida de la industria petrolera, como Coatzacoalcos, en el sur del estado; y Poza Rica, en la zona norte, donde c\u00e1lculos conservadores hablan de m\u00e1s de dos mil empleos perdidos, entre trabajadores de Pemex y personal de las empresas que prestan servicios a la industria.<u class=\"x_gmail_msg\"><\/u><u class=\"x_gmail_msg\"><\/u><\/p>\n<p class=\"x_m_8855245553143444387MsoNoSpacing x_gmail_msg\">\u00danicamente en Poza Rica, Pemex finiquit\u00f3 su relaci\u00f3n con 600 trabajadores entre 2015 y 2016. Y lo peor, anticipan expertos en el tema, es que en el horizonte no se observa una posible recuperaci\u00f3n de la industria petrolera nacional; al contrario, podr\u00edamos decir que la crisis del sector no tiene para cuando terminar.<u class=\"x_gmail_msg\"><\/u><u class=\"x_gmail_msg\"><\/u><\/p>\n<p class=\"x_m_8855245553143444387MsoNoSpacing x_gmail_msg\">Basta con mencionar que desde noviembre de 2014, cuando super\u00f3 los 70 d\u00f3lares por barril, el precio de la mezcla mexicana de petr\u00f3leo no ha tenido un nivel favorable para la econom\u00eda nacional.<u class=\"x_gmail_msg\"><\/u><u class=\"x_gmail_msg\"><\/u><\/p>\n<p class=\"x_m_8855245553143444387MsoNoSpacing x_gmail_msg\">Hoy, Poza Rica y Coatzacoalcos, dos municipios relativamente distantes, enfrentan problemas similares: despidos, desempleo, inseguridad y una actividad comercial deprimida que se refleja en el cierre de negocios.<u class=\"x_gmail_msg\"><\/u><u class=\"x_gmail_msg\"><\/u><\/p>\n<p class=\"x_m_8855245553143444387MsoNoSpacing x_gmail_msg\">Una coincidencia m\u00e1s: en esos dos municipios, el PRI ha sido derrotado en los recientes procesos electorales, lo que podr\u00eda interpretarse como un indicador del nivel de descontento social.<\/p>\n<p class=\"x_m_8855245553143444387MsoNoSpacing x_gmail_msg\"><b class=\"x_gmail_msg\">Xalapa, importante obra<u class=\"x_gmail_msg\"><\/u><u class=\"x_gmail_msg\"><\/u><\/b><\/p>\n<p class=\"x_m_8855245553143444387MsoNoSpacing x_gmail_msg\">El 2016 cerr\u00f3 con un viento tempestuoso de crisis econ\u00f3mica y el 2017 inici\u00f3 con un gran ventarr\u00f3n. En todos los rincones del globo se habla de esta debacle econ\u00f3mica y en Veracruz de una manera particular, porque sufrimos el tsunami de una administraci\u00f3n que hasta las bancas del parque Ju\u00e1rez se llev\u00f3, por referir los memes \u00e9picos que circularon de la famosa bodega incautada a Javier Duarte.<u class=\"x_gmail_msg\"><\/u><u class=\"x_gmail_msg\"><\/u><\/p>\n<p class=\"x_m_8855245553143444387MsoNoSpacing x_gmail_msg\">Sin embargo, en Xalapa y para el gobierno de Am\u00e9rico Z\u00fa\u00f1iga, la crisis ha sido una oportunidad de salir avante con creatividad y buena administraci\u00f3n de los recursos p\u00fablicos, con los que se ha mantenido una cruzada de obra p\u00fablica que no tiene precedente en la historia de la capital.<u class=\"x_gmail_msg\"><\/u><u class=\"x_gmail_msg\"><\/u><\/p>\n<p class=\"x_m_8855245553143444387MsoNoSpacing x_gmail_msg\">Hasta ayer, que cerr\u00f3 el mes de febrero, este reportero contabiliz\u00f3 34 obras inauguradas y entregadas. Le estoy hablando de obras de infraestructura f\u00edsica, ya sea en planteles escolares, calles pavimentadas o de drenaje sanitario. Y me refiero a obras entregadas oficial y formalmente y no a las que ya fueron concluidas y que los xalape\u00f1os podemos disfrutar, como la calle Zaragoza, que no ha sido inaugurada o la Avenida Acueducto y Primero de Mayo, que tampoco han tenido ese evento protocolario, por citar algunas.<u class=\"x_gmail_msg\"><\/u><u class=\"x_gmail_msg\"><\/u><\/p>\n<p class=\"x_m_8855245553143444387MsoNoSpacing x_gmail_msg\">Por cierto, qued\u00f3 muy bien ese circuito que rodea al Museo de Antropolog\u00eda de Xalapa, dos pavimentaciones pensadas y proyectadas as\u00ed por el gobierno municipal, para mejorar la movilidad en la zona y distinguir dignamente el segundo museo m\u00e1s importante de Am\u00e9rica Latina y la primera Escuela Normal del pa\u00eds, la Benem\u00e9rita Escuela Normal Veracruzana.<u class=\"x_gmail_msg\"><\/u><u class=\"x_gmail_msg\"><\/u><\/p>\n<p class=\"x_m_8855245553143444387MsoNoSpacing x_gmail_msg\">El alcalde inici\u00f3 el a\u00f1o inaugurando la calle Tuxpan, luego entreg\u00f3 el deportivo Crisanto Grajales, en el parque ecol\u00f3gico El Haya. De ah\u00ed, por citar por su nombre, sin la colonia, podemos enlistar otras calles y obras como: Retorno Tulipanes, Andador Uno, Canarios, Venezuela, Privada Los Pinos, Taj\u00edn, Circuito Quetzalc\u00f3atl, y el Circuito Las Flores, entregado ayer en Jardines de Las \u00c1nimas, por citar solo algunos ejemplos.<u class=\"x_gmail_msg\"><\/u><u class=\"x_gmail_msg\"><\/u><\/p>\n<p class=\"x_m_8855245553143444387MsoNoSpacing x_gmail_msg\">Son calles y avenidas en toda la ciudad, en nodos estrat\u00e9gicos, que han permitido mejorar los flujos vehiculares en donde antes se generaban muchos conflictos.<u class=\"x_gmail_msg\"><\/u><u class=\"x_gmail_msg\"><\/u><\/p>\n<p class=\"x_m_8855245553143444387MsoNoSpacing x_gmail_msg\">A estas calles hay que sumar obras de infraestructura escolar, aulas, bardas perimetrales y muros de contenci\u00f3n, que han beneficiado a miles de estudiantes.<u class=\"x_gmail_msg\"><\/u><u class=\"x_gmail_msg\"><\/u><\/p>\n<p class=\"x_m_8855245553143444387MsoNoSpacing x_gmail_msg\">En total son 34 las obras inauguradas por Am\u00e9rico Z\u00fa\u00f1iga Mart\u00ednez en los dos primeros meses del 2017.<u class=\"x_gmail_msg\"><\/u><u class=\"x_gmail_msg\"><\/u><\/p>\n<p class=\"x_m_8855245553143444387MsoNoSpacing x_gmail_msg\">El mun\u00edcipe ha dado banderazos importantes a reconstrucciones como la de la Avenida R\u00e9bsamen, la calle Durazno, Primo Verdad, y la rehabilitaci\u00f3n del Teatro J. J. Herrera.<u class=\"x_gmail_msg\"><\/u><u class=\"x_gmail_msg\"><\/u><\/p>\n<p class=\"x_m_8855245553143444387MsoNoSpacing x_gmail_msg\">As\u00ed que si bien es verdad que estamos en la vor\u00e1gine de una crisis econ\u00f3mica muy fuerte, en el gobierno municipal, los recursos se utilizan como debe ser y ah\u00ed est\u00e1n a la vista esta gran cantidad de obras de gran beneficio social para miles de xalape\u00f1os. @luisromero85<\/p>\n","protected":false},"excerpt":{"rendered":"<p>Luis Alberto Romero Hora Cero \u00a0 La nota fue difundida por el peri\u00f3dico El Financiero, que establece que Petr\u00f3leos Mexicanos ha registrado p\u00e9rdidas durante cuatro a\u00f1os consecutivos. De igual manera, sostiene que Pemex intenta establecer acuerdos con compa\u00f1\u00edas petroleras extranjeras, a fin de enfrentar la baja en la producci\u00f3n. Solo durante el \u00faltimo trimestre de [&hellip;]<\/p>\n","protected":false},"author":2,"featured_media":0,"comment_status":"open","ping_status":"open","sticky":false,"template":"","format":"standard","meta":{"tdm_status":"","tdm_grid_status":"","footnotes":""},"categories":[70],"tags":[371,4514,372,7571,1267],"class_list":{"0":"post-31150","1":"post","2":"type-post","3":"status-publish","4":"format-standard","6":"category-de-opinion","7":"tag-coatzacoalcos","8":"tag-el-financiero","9":"tag-pemex","10":"tag-perdidas","11":"tag-poza-rica"},"yoast_head":"<!-- This site is optimized with the Yoast SEO plugin v27.4 - https:\/\/yoast.com\/product\/yoast-seo-wordpress\/ -->\n<title>La tragedia de las zonas petroleras - Los pol\u00edticos Veracruz<\/title>\n<meta name=\"robots\" content=\"index, follow, max-snippet:-1, max-image-preview:large, max-video-preview:-1\" \/>\n<link rel=\"canonical\" href=\"https:\/\/lospoliticosveracruz.com\/?p=31150\" \/>\n<meta property=\"og:locale\" content=\"es_ES\" \/>\n<meta property=\"og:type\" content=\"article\" \/>\n<meta property=\"og:title\" content=\"La tragedia de las zonas petroleras - Los pol\u00edticos Veracruz\" \/>\n<meta property=\"og:description\" content=\"Luis Alberto Romero Hora Cero \u00a0 La nota fue difundida por el peri\u00f3dico El Financiero, que establece que Petr\u00f3leos Mexicanos ha registrado p\u00e9rdidas durante cuatro a\u00f1os consecutivos. De igual manera, sostiene que Pemex intenta establecer acuerdos con compa\u00f1\u00edas petroleras extranjeras, a fin de enfrentar la baja en la producci\u00f3n. Solo durante el \u00faltimo trimestre de [&hellip;]\" \/>\n<meta property=\"og:url\" content=\"https:\/\/lospoliticosveracruz.com\/?p=31150\" \/>\n<meta property=\"og:site_name\" content=\"Los pol\u00edticos Veracruz\" \/>\n<meta property=\"article:publisher\" content=\"https:\/\/www.facebook.com\/people\/Notimemes-de-los-Polticos\/61565672886568\/\" \/>\n<meta property=\"article:published_time\" content=\"2017-03-01T15:07:26+00:00\" \/>\n<meta property=\"og:image\" content=\"https:\/\/lospoliticosveracruz.com\/wp-content\/uploads\/2016\/07\/Logo-Dor.jpg\" \/>\n\t<meta property=\"og:image:width\" content=\"200\" \/>\n\t<meta property=\"og:image:height\" content=\"200\" \/>\n\t<meta property=\"og:image:type\" content=\"image\/jpeg\" \/>\n<meta name=\"author\" content=\"Lo viste en Los Pol\u00edticos\" \/>\n<meta name=\"twitter:card\" content=\"summary_large_image\" \/>\n<meta name=\"twitter:creator\" content=\"@LosPoliticosVer\" \/>\n<meta name=\"twitter:site\" content=\"@LosPoliticosVer\" \/>\n<meta name=\"twitter:label1\" content=\"Escrito por\" \/>\n\t<meta name=\"twitter:data1\" content=\"Lo viste en Los Pol\u00edticos\" \/>\n\t<meta name=\"twitter:label2\" content=\"Tiempo de lectura\" \/>\n\t<meta name=\"twitter:data2\" content=\"5 minutos\" \/>\n<script type=\"application\/ld+json\" class=\"yoast-schema-graph\">{\"@context\":\"https:\\\/\\\/schema.org\",\"@graph\":[{\"@type\":\"Article\",\"@id\":\"https:\\\/\\\/lospoliticosveracruz.com\\\/?p=31150#article\",\"isPartOf\":{\"@id\":\"https:\\\/\\\/lospoliticosveracruz.com\\\/?p=31150\"},\"author\":{\"name\":\"Lo viste en Los Pol\u00edticos\",\"@id\":\"https:\\\/\\\/lospoliticosveracruz.com\\\/#\\\/schema\\\/person\\\/b8702bb0e538456e6efd07080bf2a4a2\"},\"headline\":\"La tragedia de las zonas petroleras\",\"datePublished\":\"2017-03-01T15:07:26+00:00\",\"mainEntityOfPage\":{\"@id\":\"https:\\\/\\\/lospoliticosveracruz.com\\\/?p=31150\"},\"wordCount\":947,\"commentCount\":0,\"publisher\":{\"@id\":\"https:\\\/\\\/lospoliticosveracruz.com\\\/#organization\"},\"keywords\":[\"Coatzacoalcos\",\"El Financiero\",\"Pemex\",\"P\u00e9rdidas\",\"Poza Rica\"],\"articleSection\":[\"De Opini\u00f3n\"],\"inLanguage\":\"es\",\"potentialAction\":[{\"@type\":\"CommentAction\",\"name\":\"Comment\",\"target\":[\"https:\\\/\\\/lospoliticosveracruz.com\\\/?p=31150#respond\"]}]},{\"@type\":\"WebPage\",\"@id\":\"https:\\\/\\\/lospoliticosveracruz.com\\\/?p=31150\",\"url\":\"https:\\\/\\\/lospoliticosveracruz.com\\\/?p=31150\",\"name\":\"La tragedia de las zonas petroleras - Los pol\u00edticos Veracruz\",\"isPartOf\":{\"@id\":\"https:\\\/\\\/lospoliticosveracruz.com\\\/#website\"},\"datePublished\":\"2017-03-01T15:07:26+00:00\",\"breadcrumb\":{\"@id\":\"https:\\\/\\\/lospoliticosveracruz.com\\\/?p=31150#breadcrumb\"},\"inLanguage\":\"es\",\"potentialAction\":[{\"@type\":\"ReadAction\",\"target\":[\"https:\\\/\\\/lospoliticosveracruz.com\\\/?p=31150\"]}]},{\"@type\":\"BreadcrumbList\",\"@id\":\"https:\\\/\\\/lospoliticosveracruz.com\\\/?p=31150#breadcrumb\",\"itemListElement\":[{\"@type\":\"ListItem\",\"position\":1,\"name\":\"Portada\",\"item\":\"https:\\\/\\\/lospoliticosveracruz.com\\\/\"},{\"@type\":\"ListItem\",\"position\":2,\"name\":\"La tragedia de las zonas petroleras\"}]},{\"@type\":\"WebSite\",\"@id\":\"https:\\\/\\\/lospoliticosveracruz.com\\\/#website\",\"url\":\"https:\\\/\\\/lospoliticosveracruz.com\\\/\",\"name\":\"Los pol\u00edticos Veracruz\",\"description\":\"\",\"publisher\":{\"@id\":\"https:\\\/\\\/lospoliticosveracruz.com\\\/#organization\"},\"potentialAction\":[{\"@type\":\"SearchAction\",\"target\":{\"@type\":\"EntryPoint\",\"urlTemplate\":\"https:\\\/\\\/lospoliticosveracruz.com\\\/?s={search_term_string}\"},\"query-input\":{\"@type\":\"PropertyValueSpecification\",\"valueRequired\":true,\"valueName\":\"search_term_string\"}}],\"inLanguage\":\"es\"},{\"@type\":\"Organization\",\"@id\":\"https:\\\/\\\/lospoliticosveracruz.com\\\/#organization\",\"name\":\"Los pol\u00edticos Veracruz\",\"url\":\"https:\\\/\\\/lospoliticosveracruz.com\\\/\",\"logo\":{\"@type\":\"ImageObject\",\"inLanguage\":\"es\",\"@id\":\"https:\\\/\\\/lospoliticosveracruz.com\\\/#\\\/schema\\\/logo\\\/image\\\/\",\"url\":\"https:\\\/\\\/lospoliticosveracruz.com\\\/wp-content\\\/uploads\\\/2025\\\/12\\\/Logo-Nuevo-LOS-POLITICOS-1.jpg\",\"contentUrl\":\"https:\\\/\\\/lospoliticosveracruz.com\\\/wp-content\\\/uploads\\\/2025\\\/12\\\/Logo-Nuevo-LOS-POLITICOS-1.jpg\",\"width\":260,\"height\":70,\"caption\":\"Los pol\u00edticos Veracruz\"},\"image\":{\"@id\":\"https:\\\/\\\/lospoliticosveracruz.com\\\/#\\\/schema\\\/logo\\\/image\\\/\"},\"sameAs\":[\"https:\\\/\\\/www.facebook.com\\\/people\\\/Notimemes-de-los-Polticos\\\/61565672886568\\\/\",\"https:\\\/\\\/x.com\\\/LosPoliticosVer\"]},{\"@type\":\"Person\",\"@id\":\"https:\\\/\\\/lospoliticosveracruz.com\\\/#\\\/schema\\\/person\\\/b8702bb0e538456e6efd07080bf2a4a2\",\"name\":\"Lo viste en Los Pol\u00edticos\",\"image\":{\"@type\":\"ImageObject\",\"inLanguage\":\"es\",\"@id\":\"https:\\\/\\\/secure.gravatar.com\\\/avatar\\\/3a8de04a2656d44082be478bd6c086daa447c4651605818287b9532d3d0bd435?s=96&d=mm&r=g\",\"url\":\"https:\\\/\\\/secure.gravatar.com\\\/avatar\\\/3a8de04a2656d44082be478bd6c086daa447c4651605818287b9532d3d0bd435?s=96&d=mm&r=g\",\"contentUrl\":\"https:\\\/\\\/secure.gravatar.com\\\/avatar\\\/3a8de04a2656d44082be478bd6c086daa447c4651605818287b9532d3d0bd435?s=96&d=mm&r=g\",\"caption\":\"Lo viste en Los Pol\u00edticos\"},\"url\":\"https:\\\/\\\/lospoliticosveracruz.com\\\/?author=2\"}]}<\/script>\n<!-- \/ Yoast SEO plugin. -->","yoast_head_json":{"title":"La tragedia de las zonas petroleras - Los pol\u00edticos Veracruz","robots":{"index":"index","follow":"follow","max-snippet":"max-snippet:-1","max-image-preview":"max-image-preview:large","max-video-preview":"max-video-preview:-1"},"canonical":"https:\/\/lospoliticosveracruz.com\/?p=31150","og_locale":"es_ES","og_type":"article","og_title":"La tragedia de las zonas petroleras - Los pol\u00edticos Veracruz","og_description":"Luis Alberto Romero Hora Cero \u00a0 La nota fue difundida por el peri\u00f3dico El Financiero, que establece que Petr\u00f3leos Mexicanos ha registrado p\u00e9rdidas durante cuatro a\u00f1os consecutivos. De igual manera, sostiene que Pemex intenta establecer acuerdos con compa\u00f1\u00edas petroleras extranjeras, a fin de enfrentar la baja en la producci\u00f3n. Solo durante el \u00faltimo trimestre de [&hellip;]","og_url":"https:\/\/lospoliticosveracruz.com\/?p=31150","og_site_name":"Los pol\u00edticos Veracruz","article_publisher":"https:\/\/www.facebook.com\/people\/Notimemes-de-los-Polticos\/61565672886568\/","article_published_time":"2017-03-01T15:07:26+00:00","og_image":[{"width":200,"height":200,"url":"https:\/\/lospoliticosveracruz.com\/wp-content\/uploads\/2016\/07\/Logo-Dor.jpg","type":"image\/jpeg"}],"author":"Lo viste en Los Pol\u00edticos","twitter_card":"summary_large_image","twitter_creator":"@LosPoliticosVer","twitter_site":"@LosPoliticosVer","twitter_misc":{"Escrito por":"Lo viste en Los Pol\u00edticos","Tiempo de lectura":"5 minutos"},"schema":{"@context":"https:\/\/schema.org","@graph":[{"@type":"Article","@id":"https:\/\/lospoliticosveracruz.com\/?p=31150#article","isPartOf":{"@id":"https:\/\/lospoliticosveracruz.com\/?p=31150"},"author":{"name":"Lo viste en Los Pol\u00edticos","@id":"https:\/\/lospoliticosveracruz.com\/#\/schema\/person\/b8702bb0e538456e6efd07080bf2a4a2"},"headline":"La tragedia de las zonas petroleras","datePublished":"2017-03-01T15:07:26+00:00","mainEntityOfPage":{"@id":"https:\/\/lospoliticosveracruz.com\/?p=31150"},"wordCount":947,"commentCount":0,"publisher":{"@id":"https:\/\/lospoliticosveracruz.com\/#organization"},"keywords":["Coatzacoalcos","El Financiero","Pemex","P\u00e9rdidas","Poza Rica"],"articleSection":["De Opini\u00f3n"],"inLanguage":"es","potentialAction":[{"@type":"CommentAction","name":"Comment","target":["https:\/\/lospoliticosveracruz.com\/?p=31150#respond"]}]},{"@type":"WebPage","@id":"https:\/\/lospoliticosveracruz.com\/?p=31150","url":"https:\/\/lospoliticosveracruz.com\/?p=31150","name":"La tragedia de las zonas petroleras - Los pol\u00edticos Veracruz","isPartOf":{"@id":"https:\/\/lospoliticosveracruz.com\/#website"},"datePublished":"2017-03-01T15:07:26+00:00","breadcrumb":{"@id":"https:\/\/lospoliticosveracruz.com\/?p=31150#breadcrumb"},"inLanguage":"es","potentialAction":[{"@type":"ReadAction","target":["https:\/\/lospoliticosveracruz.com\/?p=31150"]}]},{"@type":"BreadcrumbList","@id":"https:\/\/lospoliticosveracruz.com\/?p=31150#breadcrumb","itemListElement":[{"@type":"ListItem","position":1,"name":"Portada","item":"https:\/\/lospoliticosveracruz.com\/"},{"@type":"ListItem","position":2,"name":"La tragedia de las zonas petroleras"}]},{"@type":"WebSite","@id":"https:\/\/lospoliticosveracruz.com\/#website","url":"https:\/\/lospoliticosveracruz.com\/","name":"Los pol\u00edticos Veracruz","description":"","publisher":{"@id":"https:\/\/lospoliticosveracruz.com\/#organization"},"potentialAction":[{"@type":"SearchAction","target":{"@type":"EntryPoint","urlTemplate":"https:\/\/lospoliticosveracruz.com\/?s={search_term_string}"},"query-input":{"@type":"PropertyValueSpecification","valueRequired":true,"valueName":"search_term_string"}}],"inLanguage":"es"},{"@type":"Organization","@id":"https:\/\/lospoliticosveracruz.com\/#organization","name":"Los pol\u00edticos Veracruz","url":"https:\/\/lospoliticosveracruz.com\/","logo":{"@type":"ImageObject","inLanguage":"es","@id":"https:\/\/lospoliticosveracruz.com\/#\/schema\/logo\/image\/","url":"https:\/\/lospoliticosveracruz.com\/wp-content\/uploads\/2025\/12\/Logo-Nuevo-LOS-POLITICOS-1.jpg","contentUrl":"https:\/\/lospoliticosveracruz.com\/wp-content\/uploads\/2025\/12\/Logo-Nuevo-LOS-POLITICOS-1.jpg","width":260,"height":70,"caption":"Los pol\u00edticos Veracruz"},"image":{"@id":"https:\/\/lospoliticosveracruz.com\/#\/schema\/logo\/image\/"},"sameAs":["https:\/\/www.facebook.com\/people\/Notimemes-de-los-Polticos\/61565672886568\/","https:\/\/x.com\/LosPoliticosVer"]},{"@type":"Person","@id":"https:\/\/lospoliticosveracruz.com\/#\/schema\/person\/b8702bb0e538456e6efd07080bf2a4a2","name":"Lo viste en Los Pol\u00edticos","image":{"@type":"ImageObject","inLanguage":"es","@id":"https:\/\/secure.gravatar.com\/avatar\/3a8de04a2656d44082be478bd6c086daa447c4651605818287b9532d3d0bd435?s=96&d=mm&r=g","url":"https:\/\/secure.gravatar.com\/avatar\/3a8de04a2656d44082be478bd6c086daa447c4651605818287b9532d3d0bd435?s=96&d=mm&r=g","contentUrl":"https:\/\/secure.gravatar.com\/avatar\/3a8de04a2656d44082be478bd6c086daa447c4651605818287b9532d3d0bd435?s=96&d=mm&r=g","caption":"Lo viste en Los Pol\u00edticos"},"url":"https:\/\/lospoliticosveracruz.com\/?author=2"}]}},"_links":{"self":[{"href":"https:\/\/lospoliticosveracruz.com\/index.php?rest_route=\/wp\/v2\/posts\/31150","targetHints":{"allow":["GET"]}}],"collection":[{"href":"https:\/\/lospoliticosveracruz.com\/index.php?rest_route=\/wp\/v2\/posts"}],"about":[{"href":"https:\/\/lospoliticosveracruz.com\/index.php?rest_route=\/wp\/v2\/types\/post"}],"author":[{"embeddable":true,"href":"https:\/\/lospoliticosveracruz.com\/index.php?rest_route=\/wp\/v2\/users\/2"}],"replies":[{"embeddable":true,"href":"https:\/\/lospoliticosveracruz.com\/index.php?rest_route=%2Fwp%2Fv2%2Fcomments&post=31150"}],"version-history":[{"count":1,"href":"https:\/\/lospoliticosveracruz.com\/index.php?rest_route=\/wp\/v2\/posts\/31150\/revisions"}],"predecessor-version":[{"id":31151,"href":"https:\/\/lospoliticosveracruz.com\/index.php?rest_route=\/wp\/v2\/posts\/31150\/revisions\/31151"}],"wp:attachment":[{"href":"https:\/\/lospoliticosveracruz.com\/index.php?rest_route=%2Fwp%2Fv2%2Fmedia&parent=31150"}],"wp:term":[{"taxonomy":"category","embeddable":true,"href":"https:\/\/lospoliticosveracruz.com\/index.php?rest_route=%2Fwp%2Fv2%2Fcategories&post=31150"},{"taxonomy":"post_tag","embeddable":true,"href":"https:\/\/lospoliticosveracruz.com\/index.php?rest_route=%2Fwp%2Fv2%2Ftags&post=31150"}],"curies":[{"name":"wp","href":"https:\/\/api.w.org\/{rel}","templated":true}]}}