{"id":31239,"date":"2017-03-05T22:11:13","date_gmt":"2017-03-06T04:11:13","guid":{"rendered":"http:\/\/www.lospoliticosveracruz.com.mx\/?p=31239"},"modified":"2017-03-05T22:11:13","modified_gmt":"2017-03-06T04:11:13","slug":"la-antigua-pan-por-una-mujer","status":"publish","type":"post","link":"https:\/\/lospoliticosveracruz.com\/?p=31239","title":{"rendered":"La Antigua: PAN, \u00bfpor una mujer?"},"content":{"rendered":"<p dir=\"ltr\"><strong>Salvador Mu\u00f1oz<\/strong><\/p>\n<p dir=\"ltr\"><em>Los Pol\u00edticos<\/em><\/p>\n<p dir=\"ltr\">\n<p>&nbsp;<\/p>\n<p dir=\"ltr\">Ha de ser la temporada electoral, por eso creo que el Monarquismo a la Veracruzana sale a flote por donde quiera que se le mire\u2026 como en La Antigua, donde el sue\u00f1o por alcanzar, mantener o repetir el poder llega hasta la alcoba. Hoy, el tema no ser\u00e1n los hijos o hijas, hermanos o hermanas que alcanzan cargos p\u00fablicos v\u00eda apellido, como pueden ser los mismos Yunes (rojos o azules), los Garc\u00eda Escalante, los Rementer\u00eda, los Bernal, etc\u00e9tera. El Monarquismo a la Veracruzana se da en cualquier partido. \u00bfCu\u00e1ntas esposas o maridos no hemos visto encumbrarse en cargos pol\u00edticos \u201cherencia\u201d de su pareja? El deseo de servirse puede tener a veces un disfraz de \u201cdeseo de servir\u201d.<\/p>\n<p dir=\"ltr\">II<\/p>\n<p dir=\"ltr\">En La Antigua, donde precisamente ayer estuvo el Gobernador Miguel \u00c1ngel Yunes Linares, hay cuatro contendientes que buscan la candidatura del PAN por la alcald\u00eda de este municipio. Entre estos cuatro, aparece Adolfo Carri\u00f3n Carrillo y su esposa Olivia Melchor. S\u00ed, esta pareja no se anda con rodeos y juega al doble en aras de aumentar sus posibilidades.<\/p>\n<p dir=\"ltr\">Adolfo Carri\u00f3n fue alcalde de La Antigua por unos meses, cuando en marzo del 2013, entra al quite despu\u00e9s de que Javier Duarte de Ochoa llamara a la subsecretar\u00eda de Salud al presidente municipal Arturo Navarrete Escobar. Bueno, pues los nueve meses que estuvo la pareja Carri\u00f3n-Melchor fueron suficientes para gestar un gusto por el poder, tan as\u00ed, que los dos se apuntaron como precandidatos por la alcald\u00eda\u2026 eso es tener un matrimonio que busca \u201cla equidad\u201d&#8230;<\/p>\n<p dir=\"ltr\">III<\/p>\n<p dir=\"ltr\">Pues ya que tocamos el tema de Cardel, vale comentar que otro de los que se apunt\u00f3 por este partido fue Hugo Castro Rosado, quien fuera regidor en la administraci\u00f3n de Navarrete-Carri\u00f3n y fungiera como titular de Comisi\u00f3n de Agua local hasta que literalmente el alcalde Felipe de Jes\u00fas Fabi\u00e1n Medina, mejor conocido como El Negro, lo pusiera de patitas en la calle a mediados del 2015. Curioso, un a\u00f1o despu\u00e9s, el Orfis hace una observaci\u00f3n por un mill\u00f3n de pesos en el periodo en que estuvo trabajando Castro Rosado. No es la primera vez que se pone en duda su labor, porque cuando edil, se le acus\u00f3 de \u201chacer cobros discrecionales a comerciantes\u201d que al parecer, no eran reportados a la Hacienda municipal.<\/p>\n<p dir=\"ltr\">IV<\/p>\n<p dir=\"ltr\">La empresaria Paty Montiel Escobar es la cuarta aspirante a la alcald\u00eda de La Antigua. Compiti\u00f3 en la pasada contienda por la diputaci\u00f3n federal y ya sabe lo que significa \u201cque le echen la maquinaria del duartismo encima\u201d. Sus conocidos dicen que es m\u00e1s empresaria que pol\u00edtica; la gente dice que es m\u00e1s altruista que pol\u00edtica; pero su planilla la podr\u00eda ubicar como pol\u00edtica pues lleva en la suplencia a Roc\u00edo Guti\u00e9rrez Sarmiento, dirigente del Sol Azteca en este municipio. En suma, podr\u00eda ser las tres cosas, empresaria, pol\u00edtica y altruista, m\u00e1s cuando tiene definido que su salario como alcaldesa de La Antigua, lo ha de donar para atender a personas de la tercera edad y para apoyar a los estudiantes de comunidades.<\/p>\n<p dir=\"ltr\">V<\/p>\n<p dir=\"ltr\">Curiosidades de La Antigua\u2026 hace cuatro a\u00f1os, Paty Montiel estaba enfilada para atender el DIF municipal pero a la mera hora, el Negro Fabi\u00e1n Medina se raj\u00f3, falt\u00f3 a su palabra. Dicen que le dio miedo al alcalde que Paty Montiel lo opacara por ese altruismo que rodea a esta empresaria que estuvo al frente de la Cruz Roja. No, no se trata de que Paty Montiel sea \u201cdesprendida\u201d, no. Ella cree en la gente que le pide ayuda y no duda en apoyar.<\/p>\n<p dir=\"ltr\">Como sea, al menos en Cardel, los panistas y mucho menos los ciudadanos &nbsp;no ven con agrado que el Monarquismo a la Veracruzana en las figuras del matrimonio Carri\u00f3n-Melchor se quiera imponer, pero tampoco ven con simpat\u00eda que un ex regidor y ex titular del Agua, ubicado bajo la sospecha, aporte demasiado. En una de \u00e9sas, el PAN apuesta su carta en una empresaria, que sabe lo que es la administraci\u00f3n y mano firme, que no u\u00f1a larga&#8230; baste recordar que al final, como bien dicen las mujeres, las que tienen car\u00e1cter, \u201cquienes ponen los huevos \u00a1son las gallinas!\u201d<\/p>\n<p>&nbsp;<\/p>\n<p dir=\"ltr\"><a href=\"mailto:smcainito@gmail.com\" target=\"_blank\">smcainito@gmail.com<\/a><\/p>\n","protected":false},"excerpt":{"rendered":"<p>Salvador Mu\u00f1oz Los Pol\u00edticos &nbsp; Ha de ser la temporada electoral, por eso creo que el Monarquismo a la Veracruzana sale a flote por donde quiera que se le mire\u2026 como en La Antigua, donde el sue\u00f1o por alcanzar, mantener o repetir el poder llega hasta la alcoba. Hoy, el tema no ser\u00e1n los hijos [&hellip;]<\/p>\n","protected":false},"author":2,"featured_media":0,"comment_status":"open","ping_status":"open","sticky":false,"template":"","format":"standard","meta":{"tdm_status":"","tdm_grid_status":"","footnotes":""},"categories":[70],"tags":[7611,428,7612,266,7613,7614],"class_list":{"0":"post-31239","1":"post","2":"type-post","3":"status-publish","4":"format-standard","6":"category-de-opinion","7":"tag-la-antigua","8":"tag-miguel-angel-yunes-linares","9":"tag-olivia-melchor","10":"tag-pan","11":"tag-paty-montiel-escobar","12":"tag-rocio-gutierrez-sarmiento"},"yoast_head":"<!-- This site is optimized with the Yoast SEO plugin v27.4 - https:\/\/yoast.com\/product\/yoast-seo-wordpress\/ -->\n<title>La Antigua: PAN, \u00bfpor una mujer? - Los pol\u00edticos Veracruz<\/title>\n<meta name=\"robots\" content=\"index, follow, max-snippet:-1, max-image-preview:large, max-video-preview:-1\" \/>\n<link rel=\"canonical\" href=\"https:\/\/lospoliticosveracruz.com\/?p=31239\" \/>\n<meta property=\"og:locale\" content=\"es_ES\" \/>\n<meta property=\"og:type\" content=\"article\" \/>\n<meta property=\"og:title\" content=\"La Antigua: PAN, \u00bfpor una mujer? - Los pol\u00edticos Veracruz\" \/>\n<meta property=\"og:description\" content=\"Salvador Mu\u00f1oz Los Pol\u00edticos &nbsp; Ha de ser la temporada electoral, por eso creo que el Monarquismo a la Veracruzana sale a flote por donde quiera que se le mire\u2026 como en La Antigua, donde el sue\u00f1o por alcanzar, mantener o repetir el poder llega hasta la alcoba. Hoy, el tema no ser\u00e1n los hijos [&hellip;]\" \/>\n<meta property=\"og:url\" content=\"https:\/\/lospoliticosveracruz.com\/?p=31239\" \/>\n<meta property=\"og:site_name\" content=\"Los pol\u00edticos Veracruz\" \/>\n<meta property=\"article:publisher\" content=\"https:\/\/www.facebook.com\/people\/Notimemes-de-los-Polticos\/61565672886568\/\" \/>\n<meta property=\"article:published_time\" content=\"2017-03-06T04:11:13+00:00\" \/>\n<meta property=\"og:image\" content=\"https:\/\/lospoliticosveracruz.com\/wp-content\/uploads\/2016\/07\/Logo-Dor.jpg\" \/>\n\t<meta property=\"og:image:width\" content=\"200\" \/>\n\t<meta property=\"og:image:height\" content=\"200\" \/>\n\t<meta property=\"og:image:type\" content=\"image\/jpeg\" \/>\n<meta name=\"author\" content=\"Lo viste en Los Pol\u00edticos\" \/>\n<meta name=\"twitter:card\" content=\"summary_large_image\" \/>\n<meta name=\"twitter:creator\" content=\"@LosPoliticosVer\" \/>\n<meta name=\"twitter:site\" content=\"@LosPoliticosVer\" \/>\n<meta name=\"twitter:label1\" content=\"Escrito por\" \/>\n\t<meta name=\"twitter:data1\" content=\"Lo viste en Los Pol\u00edticos\" \/>\n\t<meta name=\"twitter:label2\" content=\"Tiempo de lectura\" \/>\n\t<meta name=\"twitter:data2\" content=\"4 minutos\" \/>\n<script type=\"application\/ld+json\" class=\"yoast-schema-graph\">{\"@context\":\"https:\\\/\\\/schema.org\",\"@graph\":[{\"@type\":\"Article\",\"@id\":\"https:\\\/\\\/lospoliticosveracruz.com\\\/?p=31239#article\",\"isPartOf\":{\"@id\":\"https:\\\/\\\/lospoliticosveracruz.com\\\/?p=31239\"},\"author\":{\"name\":\"Lo viste en Los Pol\u00edticos\",\"@id\":\"https:\\\/\\\/lospoliticosveracruz.com\\\/#\\\/schema\\\/person\\\/b8702bb0e538456e6efd07080bf2a4a2\"},\"headline\":\"La Antigua: PAN, \u00bfpor una mujer?\",\"datePublished\":\"2017-03-06T04:11:13+00:00\",\"mainEntityOfPage\":{\"@id\":\"https:\\\/\\\/lospoliticosveracruz.com\\\/?p=31239\"},\"wordCount\":747,\"commentCount\":1,\"publisher\":{\"@id\":\"https:\\\/\\\/lospoliticosveracruz.com\\\/#organization\"},\"keywords\":[\"La Antigua\",\"Miguel Angel Yunes Linares\",\"Olivia Melchor\",\"PAN\",\"Paty Montiel Escobar\",\"Roc\u00edo Guti\u00e9rrez Sarmiento\"],\"articleSection\":[\"De Opini\u00f3n\"],\"inLanguage\":\"es\",\"potentialAction\":[{\"@type\":\"CommentAction\",\"name\":\"Comment\",\"target\":[\"https:\\\/\\\/lospoliticosveracruz.com\\\/?p=31239#respond\"]}]},{\"@type\":\"WebPage\",\"@id\":\"https:\\\/\\\/lospoliticosveracruz.com\\\/?p=31239\",\"url\":\"https:\\\/\\\/lospoliticosveracruz.com\\\/?p=31239\",\"name\":\"La Antigua: PAN, \u00bfpor una mujer? - Los pol\u00edticos Veracruz\",\"isPartOf\":{\"@id\":\"https:\\\/\\\/lospoliticosveracruz.com\\\/#website\"},\"datePublished\":\"2017-03-06T04:11:13+00:00\",\"breadcrumb\":{\"@id\":\"https:\\\/\\\/lospoliticosveracruz.com\\\/?p=31239#breadcrumb\"},\"inLanguage\":\"es\",\"potentialAction\":[{\"@type\":\"ReadAction\",\"target\":[\"https:\\\/\\\/lospoliticosveracruz.com\\\/?p=31239\"]}]},{\"@type\":\"BreadcrumbList\",\"@id\":\"https:\\\/\\\/lospoliticosveracruz.com\\\/?p=31239#breadcrumb\",\"itemListElement\":[{\"@type\":\"ListItem\",\"position\":1,\"name\":\"Portada\",\"item\":\"https:\\\/\\\/lospoliticosveracruz.com\\\/\"},{\"@type\":\"ListItem\",\"position\":2,\"name\":\"La Antigua: PAN, \u00bfpor una mujer?\"}]},{\"@type\":\"WebSite\",\"@id\":\"https:\\\/\\\/lospoliticosveracruz.com\\\/#website\",\"url\":\"https:\\\/\\\/lospoliticosveracruz.com\\\/\",\"name\":\"Los pol\u00edticos Veracruz\",\"description\":\"\",\"publisher\":{\"@id\":\"https:\\\/\\\/lospoliticosveracruz.com\\\/#organization\"},\"potentialAction\":[{\"@type\":\"SearchAction\",\"target\":{\"@type\":\"EntryPoint\",\"urlTemplate\":\"https:\\\/\\\/lospoliticosveracruz.com\\\/?s={search_term_string}\"},\"query-input\":{\"@type\":\"PropertyValueSpecification\",\"valueRequired\":true,\"valueName\":\"search_term_string\"}}],\"inLanguage\":\"es\"},{\"@type\":\"Organization\",\"@id\":\"https:\\\/\\\/lospoliticosveracruz.com\\\/#organization\",\"name\":\"Los pol\u00edticos Veracruz\",\"url\":\"https:\\\/\\\/lospoliticosveracruz.com\\\/\",\"logo\":{\"@type\":\"ImageObject\",\"inLanguage\":\"es\",\"@id\":\"https:\\\/\\\/lospoliticosveracruz.com\\\/#\\\/schema\\\/logo\\\/image\\\/\",\"url\":\"https:\\\/\\\/lospoliticosveracruz.com\\\/wp-content\\\/uploads\\\/2025\\\/12\\\/Logo-Nuevo-LOS-POLITICOS-1.jpg\",\"contentUrl\":\"https:\\\/\\\/lospoliticosveracruz.com\\\/wp-content\\\/uploads\\\/2025\\\/12\\\/Logo-Nuevo-LOS-POLITICOS-1.jpg\",\"width\":260,\"height\":70,\"caption\":\"Los pol\u00edticos Veracruz\"},\"image\":{\"@id\":\"https:\\\/\\\/lospoliticosveracruz.com\\\/#\\\/schema\\\/logo\\\/image\\\/\"},\"sameAs\":[\"https:\\\/\\\/www.facebook.com\\\/people\\\/Notimemes-de-los-Polticos\\\/61565672886568\\\/\",\"https:\\\/\\\/x.com\\\/LosPoliticosVer\"]},{\"@type\":\"Person\",\"@id\":\"https:\\\/\\\/lospoliticosveracruz.com\\\/#\\\/schema\\\/person\\\/b8702bb0e538456e6efd07080bf2a4a2\",\"name\":\"Lo viste en Los Pol\u00edticos\",\"image\":{\"@type\":\"ImageObject\",\"inLanguage\":\"es\",\"@id\":\"https:\\\/\\\/secure.gravatar.com\\\/avatar\\\/3a8de04a2656d44082be478bd6c086daa447c4651605818287b9532d3d0bd435?s=96&d=mm&r=g\",\"url\":\"https:\\\/\\\/secure.gravatar.com\\\/avatar\\\/3a8de04a2656d44082be478bd6c086daa447c4651605818287b9532d3d0bd435?s=96&d=mm&r=g\",\"contentUrl\":\"https:\\\/\\\/secure.gravatar.com\\\/avatar\\\/3a8de04a2656d44082be478bd6c086daa447c4651605818287b9532d3d0bd435?s=96&d=mm&r=g\",\"caption\":\"Lo viste en Los Pol\u00edticos\"},\"url\":\"https:\\\/\\\/lospoliticosveracruz.com\\\/?author=2\"}]}<\/script>\n<!-- \/ Yoast SEO plugin. -->","yoast_head_json":{"title":"La Antigua: PAN, \u00bfpor una mujer? - Los pol\u00edticos Veracruz","robots":{"index":"index","follow":"follow","max-snippet":"max-snippet:-1","max-image-preview":"max-image-preview:large","max-video-preview":"max-video-preview:-1"},"canonical":"https:\/\/lospoliticosveracruz.com\/?p=31239","og_locale":"es_ES","og_type":"article","og_title":"La Antigua: PAN, \u00bfpor una mujer? - Los pol\u00edticos Veracruz","og_description":"Salvador Mu\u00f1oz Los Pol\u00edticos &nbsp; Ha de ser la temporada electoral, por eso creo que el Monarquismo a la Veracruzana sale a flote por donde quiera que se le mire\u2026 como en La Antigua, donde el sue\u00f1o por alcanzar, mantener o repetir el poder llega hasta la alcoba. Hoy, el tema no ser\u00e1n los hijos [&hellip;]","og_url":"https:\/\/lospoliticosveracruz.com\/?p=31239","og_site_name":"Los pol\u00edticos Veracruz","article_publisher":"https:\/\/www.facebook.com\/people\/Notimemes-de-los-Polticos\/61565672886568\/","article_published_time":"2017-03-06T04:11:13+00:00","og_image":[{"width":200,"height":200,"url":"https:\/\/lospoliticosveracruz.com\/wp-content\/uploads\/2016\/07\/Logo-Dor.jpg","type":"image\/jpeg"}],"author":"Lo viste en Los Pol\u00edticos","twitter_card":"summary_large_image","twitter_creator":"@LosPoliticosVer","twitter_site":"@LosPoliticosVer","twitter_misc":{"Escrito por":"Lo viste en Los Pol\u00edticos","Tiempo de lectura":"4 minutos"},"schema":{"@context":"https:\/\/schema.org","@graph":[{"@type":"Article","@id":"https:\/\/lospoliticosveracruz.com\/?p=31239#article","isPartOf":{"@id":"https:\/\/lospoliticosveracruz.com\/?p=31239"},"author":{"name":"Lo viste en Los Pol\u00edticos","@id":"https:\/\/lospoliticosveracruz.com\/#\/schema\/person\/b8702bb0e538456e6efd07080bf2a4a2"},"headline":"La Antigua: PAN, \u00bfpor una mujer?","datePublished":"2017-03-06T04:11:13+00:00","mainEntityOfPage":{"@id":"https:\/\/lospoliticosveracruz.com\/?p=31239"},"wordCount":747,"commentCount":1,"publisher":{"@id":"https:\/\/lospoliticosveracruz.com\/#organization"},"keywords":["La Antigua","Miguel Angel Yunes Linares","Olivia Melchor","PAN","Paty Montiel Escobar","Roc\u00edo Guti\u00e9rrez Sarmiento"],"articleSection":["De Opini\u00f3n"],"inLanguage":"es","potentialAction":[{"@type":"CommentAction","name":"Comment","target":["https:\/\/lospoliticosveracruz.com\/?p=31239#respond"]}]},{"@type":"WebPage","@id":"https:\/\/lospoliticosveracruz.com\/?p=31239","url":"https:\/\/lospoliticosveracruz.com\/?p=31239","name":"La Antigua: PAN, \u00bfpor una mujer? - Los pol\u00edticos Veracruz","isPartOf":{"@id":"https:\/\/lospoliticosveracruz.com\/#website"},"datePublished":"2017-03-06T04:11:13+00:00","breadcrumb":{"@id":"https:\/\/lospoliticosveracruz.com\/?p=31239#breadcrumb"},"inLanguage":"es","potentialAction":[{"@type":"ReadAction","target":["https:\/\/lospoliticosveracruz.com\/?p=31239"]}]},{"@type":"BreadcrumbList","@id":"https:\/\/lospoliticosveracruz.com\/?p=31239#breadcrumb","itemListElement":[{"@type":"ListItem","position":1,"name":"Portada","item":"https:\/\/lospoliticosveracruz.com\/"},{"@type":"ListItem","position":2,"name":"La Antigua: PAN, \u00bfpor una mujer?"}]},{"@type":"WebSite","@id":"https:\/\/lospoliticosveracruz.com\/#website","url":"https:\/\/lospoliticosveracruz.com\/","name":"Los pol\u00edticos Veracruz","description":"","publisher":{"@id":"https:\/\/lospoliticosveracruz.com\/#organization"},"potentialAction":[{"@type":"SearchAction","target":{"@type":"EntryPoint","urlTemplate":"https:\/\/lospoliticosveracruz.com\/?s={search_term_string}"},"query-input":{"@type":"PropertyValueSpecification","valueRequired":true,"valueName":"search_term_string"}}],"inLanguage":"es"},{"@type":"Organization","@id":"https:\/\/lospoliticosveracruz.com\/#organization","name":"Los pol\u00edticos Veracruz","url":"https:\/\/lospoliticosveracruz.com\/","logo":{"@type":"ImageObject","inLanguage":"es","@id":"https:\/\/lospoliticosveracruz.com\/#\/schema\/logo\/image\/","url":"https:\/\/lospoliticosveracruz.com\/wp-content\/uploads\/2025\/12\/Logo-Nuevo-LOS-POLITICOS-1.jpg","contentUrl":"https:\/\/lospoliticosveracruz.com\/wp-content\/uploads\/2025\/12\/Logo-Nuevo-LOS-POLITICOS-1.jpg","width":260,"height":70,"caption":"Los pol\u00edticos Veracruz"},"image":{"@id":"https:\/\/lospoliticosveracruz.com\/#\/schema\/logo\/image\/"},"sameAs":["https:\/\/www.facebook.com\/people\/Notimemes-de-los-Polticos\/61565672886568\/","https:\/\/x.com\/LosPoliticosVer"]},{"@type":"Person","@id":"https:\/\/lospoliticosveracruz.com\/#\/schema\/person\/b8702bb0e538456e6efd07080bf2a4a2","name":"Lo viste en Los Pol\u00edticos","image":{"@type":"ImageObject","inLanguage":"es","@id":"https:\/\/secure.gravatar.com\/avatar\/3a8de04a2656d44082be478bd6c086daa447c4651605818287b9532d3d0bd435?s=96&d=mm&r=g","url":"https:\/\/secure.gravatar.com\/avatar\/3a8de04a2656d44082be478bd6c086daa447c4651605818287b9532d3d0bd435?s=96&d=mm&r=g","contentUrl":"https:\/\/secure.gravatar.com\/avatar\/3a8de04a2656d44082be478bd6c086daa447c4651605818287b9532d3d0bd435?s=96&d=mm&r=g","caption":"Lo viste en Los Pol\u00edticos"},"url":"https:\/\/lospoliticosveracruz.com\/?author=2"}]}},"_links":{"self":[{"href":"https:\/\/lospoliticosveracruz.com\/index.php?rest_route=\/wp\/v2\/posts\/31239","targetHints":{"allow":["GET"]}}],"collection":[{"href":"https:\/\/lospoliticosveracruz.com\/index.php?rest_route=\/wp\/v2\/posts"}],"about":[{"href":"https:\/\/lospoliticosveracruz.com\/index.php?rest_route=\/wp\/v2\/types\/post"}],"author":[{"embeddable":true,"href":"https:\/\/lospoliticosveracruz.com\/index.php?rest_route=\/wp\/v2\/users\/2"}],"replies":[{"embeddable":true,"href":"https:\/\/lospoliticosveracruz.com\/index.php?rest_route=%2Fwp%2Fv2%2Fcomments&post=31239"}],"version-history":[{"count":2,"href":"https:\/\/lospoliticosveracruz.com\/index.php?rest_route=\/wp\/v2\/posts\/31239\/revisions"}],"predecessor-version":[{"id":31242,"href":"https:\/\/lospoliticosveracruz.com\/index.php?rest_route=\/wp\/v2\/posts\/31239\/revisions\/31242"}],"wp:attachment":[{"href":"https:\/\/lospoliticosveracruz.com\/index.php?rest_route=%2Fwp%2Fv2%2Fmedia&parent=31239"}],"wp:term":[{"taxonomy":"category","embeddable":true,"href":"https:\/\/lospoliticosveracruz.com\/index.php?rest_route=%2Fwp%2Fv2%2Fcategories&post=31239"},{"taxonomy":"post_tag","embeddable":true,"href":"https:\/\/lospoliticosveracruz.com\/index.php?rest_route=%2Fwp%2Fv2%2Ftags&post=31239"}],"curies":[{"name":"wp","href":"https:\/\/api.w.org\/{rel}","templated":true}]}}