{"id":31273,"date":"2017-03-08T12:28:44","date_gmt":"2017-03-08T18:28:44","guid":{"rendered":"http:\/\/www.lospoliticosveracruz.com.mx\/?p=31273"},"modified":"2017-03-08T12:38:50","modified_gmt":"2017-03-08T18:38:50","slug":"veracruz-desempleo-pobreza-y-crisis","status":"publish","type":"post","link":"https:\/\/lospoliticosveracruz.com\/?p=31273","title":{"rendered":"Veracruz, desempleo, pobreza y crisis"},"content":{"rendered":"<p><b>Luis Alberto Romero<\/b><\/p>\n<p><i>Hora Cero<\/i><\/p>\n<p>&nbsp;<\/p>\n<p>La crisis en el sector energ\u00e9tico es una de las principales causas del incremento en las cifras del desempleo en Veracruz; sin embargo, no es la \u00fanica: la industria de la construcci\u00f3n tambi\u00e9n enfrenta serios problemas y ello se refleja en la condici\u00f3n de vida de quienes dependen de dicha actividad.<\/p>\n<p>El a\u00f1o pasado, por ejemplo, el Consejo Coordinador Empresarial advirti\u00f3 sobre dicho problema y se\u00f1al\u00f3 que la falta de pago, la deuda del gobierno \u2013de las instancias estatal y municipal\u2013 con los constructores veracruzanos hab\u00eda ocasionado despidos y una baja en la perspectiva en cuanto a la creaci\u00f3n de nuevas plazas laborales.<\/p>\n<p>Desde hace al menos tres a\u00f1os, las empresas veracruzanas que fueron proveedoras de la pasada administraci\u00f3n estatal comenzaron a resentir falta de liquidez, lo que provoc\u00f3 que muchas redujeran su n\u00f3mina de personal, su actividad empresarial o, en el peor de los casos, optaran por bajar la cortina en espera de mejores tiempos.<\/p>\n<p>S\u00f3lo durante el primer semestre de 2016, empresarios de la industria de la construcci\u00f3n en el sur de Veracruz hablaron de la p\u00e9rdida de 600 empleos.<\/p>\n<p>Contando las plazas que liquidaron Pemex y las compa\u00f1\u00edas transnacionales del sector de los hidrocarburos, as\u00ed como las empresas que se dedican al comercio y los servicios, la cifra que se relaciona con la p\u00e9rdida de empleos en Veracruz podr\u00eda ubicarse en m\u00e1s de 10 mil en los \u00faltimos meses.<\/p>\n<p>En materia de desempleo, lo que se vive en Veracruz es una tragedia que s\u00f3lo se compara con la dimensi\u00f3n del problema de la inseguridad. Pr\u00e1cticamente no hay regi\u00f3n de la entidad que se salve de esa complicada situaci\u00f3n.<\/p>\n<p>Recordemos que los resultados de la m\u00e1s reciente Encuesta Nacional de Ocupaci\u00f3n y Empleo del Instituto Nacional de Estad\u00edstica, Geograf\u00eda e Inform\u00e1tica ubica la tasa de desocupaci\u00f3n en la entidad en 3.5 por ciento; 110 mil veracruzanos no tienen trabajo.<\/p>\n<p>Esa es una de las aristas de la tragedia veracruzana que tiene que ver con la inseguridad, el desempleo y la pobreza extrema, talones de Aquiles con los que no ha podido ning\u00fan gobierno, sea federal o estatal.<br \/>\n<b>Tendencia laboral de la pobreza<\/b><\/p>\n<p>De forma reciente, el Consejo Nacional de Evaluaci\u00f3n de la Pol\u00edtica de Desarrollo Social, Coneval, inform\u00f3 sobre el \u00cdndice de Tendencia Laboral de la Pobreza, con datos actualizados al cuarto trimestre de 2016.<\/p>\n<p>En dicho estudio destaca que el poder adquisitivo del ingreso laboral de los hogares se redujo en un punto porcentual entre el tercero y el cuarto trimestre del a\u00f1o pasado.<\/p>\n<p>Destaca tambi\u00e9n una significativa reducci\u00f3n, 4.8 por ciento, en el \u00cdndice de Tendencia Laboral de la Pobreza en el \u00e1mbito nacional.<\/p>\n<p>El citado estudio de Coneval fue difundido en febrero pasado y en \u00e9l se consigna que en cuanto al mencionado \u00edndice, pr\u00e1cticamente no hay cambios importantes en los \u00faltimos 8 a\u00f1os.<\/p>\n<p>Entre los resultados del trabajo del Coneval, llama la atenci\u00f3n que los peores n\u00fameros en cuanto a la pobreza laboral en nuestro pa\u00eds se han registrado en los \u00faltimos dos a\u00f1os y probablemente a ello se deba el baj\u00edsimo nivel de aprobaci\u00f3n del presidente Pe\u00f1a Nieto.<\/p>\n<p><b>Las carencias veracruzanas<\/b><\/p>\n<p>Por cierto, el Coneval tambi\u00e9n ha dado a conocer las estad\u00edsticas sobre la evoluci\u00f3n de las carencias sociales en las entidades federativas. En ese punto, destaca que Veracruz, junto con Tamaulipas y Coahuila, es el estado en que m\u00e1s aument\u00f3 el rezago educativo en el periodo de 2010 a 2015.<\/p>\n<p>En el lapso de 2014 y 2015, la entidad veracruzana fue una de las tres que peores n\u00fameros presentaron en calidad y espacios de vivienda.<\/p>\n<p>En general, podr\u00edamos decir que los n\u00fameros de Veracruz en cuanto a carencias sociales no podr\u00edan ser peores: es el cuarto estado con m\u00e1s problemas de rezago educativo (26 por ciento); el tercero en carencias por acceso a los servicios de salud (19.2 por ciento); el cuarto entre los que tienen m\u00e1s carencias en calidad y espacios de vivienda (19.5 por ciento); el quinto en acceso a los servicios b\u00e1sicos (40.9 por ciento); y el quinto en acceso a la alimentaci\u00f3n (30.1 por ciento).<\/p>\n<p>Por otro lado, en el periodo de 2010 a 2016, la entidad donde m\u00e1s cay\u00f3 el poder adquisitivo de la poblaci\u00f3n fue, precisamente, la veracruzana, con 14.3 por ciento.<\/p>\n<p>Esos lamentables n\u00fameros de Veracruz nos hablan, sin duda, del fracaso de la pol\u00edtica social de los gobiernos estatal y federal en una entidad rica en recursos pero v\u00edctima del saqueo, la corrupci\u00f3n y el desinter\u00e9s gubernamental. En pocas palabras, mucho beneficiario de programas sociales; amplio padr\u00f3n de Sedesol, pero muy pocos resultados en esa materia.<\/p>\n<p>No nos vaya a salir otra vez la delegada de la dependencia, Anil\u00fa Ingram, con la estulticia de que en Veracruz hay mucha pobreza por la gran poblaci\u00f3n del estado.<\/p>\n<p>El problema es que mientras los cargos y los espacios de decisi\u00f3n en las \u00e1reas de gobierno, estatal y federal, sigan en manos de improvisados o personas con una evidente falta de preparaci\u00f3n, la pol\u00edtica de desarrollo social seguir\u00e1 dando palos de ciego.<\/p>\n<p>@luisromero85<\/p>\n","protected":false},"excerpt":{"rendered":"<p>Luis Alberto Romero Hora Cero &nbsp; La crisis en el sector energ\u00e9tico es una de las principales causas del incremento en las cifras del desempleo en Veracruz; sin embargo, no es la \u00fanica: la industria de la construcci\u00f3n tambi\u00e9n enfrenta serios problemas y ello se refleja en la condici\u00f3n de vida de quienes dependen de [&hellip;]<\/p>\n","protected":false},"author":2,"featured_media":0,"comment_status":"open","ping_status":"open","sticky":false,"template":"","format":"standard","meta":{"tdm_status":"","tdm_grid_status":"","footnotes":""},"categories":[70],"tags":[1824,7037,97,7633,715,195],"class_list":{"0":"post-31273","1":"post","2":"type-post","3":"status-publish","4":"format-standard","6":"category-de-opinion","7":"tag-coneval","8":"tag-desempleo","9":"tag-pobreza","10":"tag-sector-energetico","11":"tag-sedesol","12":"tag-veracruz"},"yoast_head":"<!-- This site is optimized with the Yoast SEO plugin v27.4 - https:\/\/yoast.com\/product\/yoast-seo-wordpress\/ -->\n<title>Veracruz, desempleo, pobreza y crisis - Los pol\u00edticos Veracruz<\/title>\n<meta name=\"robots\" content=\"index, follow, max-snippet:-1, max-image-preview:large, max-video-preview:-1\" \/>\n<link rel=\"canonical\" href=\"https:\/\/lospoliticosveracruz.com\/?p=31273\" \/>\n<meta property=\"og:locale\" content=\"es_ES\" \/>\n<meta property=\"og:type\" content=\"article\" \/>\n<meta property=\"og:title\" content=\"Veracruz, desempleo, pobreza y crisis - Los pol\u00edticos Veracruz\" \/>\n<meta property=\"og:description\" content=\"Luis Alberto Romero Hora Cero &nbsp; La crisis en el sector energ\u00e9tico es una de las principales causas del incremento en las cifras del desempleo en Veracruz; sin embargo, no es la \u00fanica: la industria de la construcci\u00f3n tambi\u00e9n enfrenta serios problemas y ello se refleja en la condici\u00f3n de vida de quienes dependen de [&hellip;]\" \/>\n<meta property=\"og:url\" content=\"https:\/\/lospoliticosveracruz.com\/?p=31273\" \/>\n<meta property=\"og:site_name\" content=\"Los pol\u00edticos Veracruz\" \/>\n<meta property=\"article:publisher\" content=\"https:\/\/www.facebook.com\/people\/Notimemes-de-los-Polticos\/61565672886568\/\" \/>\n<meta property=\"article:published_time\" content=\"2017-03-08T18:28:44+00:00\" \/>\n<meta property=\"article:modified_time\" content=\"2017-03-08T18:38:50+00:00\" \/>\n<meta property=\"og:image\" content=\"https:\/\/lospoliticosveracruz.com\/wp-content\/uploads\/2016\/07\/Logo-Dor.jpg\" \/>\n\t<meta property=\"og:image:width\" content=\"200\" \/>\n\t<meta property=\"og:image:height\" content=\"200\" \/>\n\t<meta property=\"og:image:type\" content=\"image\/jpeg\" \/>\n<meta name=\"author\" content=\"Lo viste en Los Pol\u00edticos\" \/>\n<meta name=\"twitter:card\" content=\"summary_large_image\" \/>\n<meta name=\"twitter:creator\" content=\"@LosPoliticosVer\" \/>\n<meta name=\"twitter:site\" content=\"@LosPoliticosVer\" \/>\n<meta name=\"twitter:label1\" content=\"Escrito por\" \/>\n\t<meta name=\"twitter:data1\" content=\"Lo viste en Los Pol\u00edticos\" \/>\n\t<meta name=\"twitter:label2\" content=\"Tiempo de lectura\" \/>\n\t<meta name=\"twitter:data2\" content=\"4 minutos\" \/>\n<script type=\"application\/ld+json\" class=\"yoast-schema-graph\">{\"@context\":\"https:\\\/\\\/schema.org\",\"@graph\":[{\"@type\":\"Article\",\"@id\":\"https:\\\/\\\/lospoliticosveracruz.com\\\/?p=31273#article\",\"isPartOf\":{\"@id\":\"https:\\\/\\\/lospoliticosveracruz.com\\\/?p=31273\"},\"author\":{\"name\":\"Lo viste en Los Pol\u00edticos\",\"@id\":\"https:\\\/\\\/lospoliticosveracruz.com\\\/#\\\/schema\\\/person\\\/b8702bb0e538456e6efd07080bf2a4a2\"},\"headline\":\"Veracruz, desempleo, pobreza y crisis\",\"datePublished\":\"2017-03-08T18:28:44+00:00\",\"dateModified\":\"2017-03-08T18:38:50+00:00\",\"mainEntityOfPage\":{\"@id\":\"https:\\\/\\\/lospoliticosveracruz.com\\\/?p=31273\"},\"wordCount\":895,\"commentCount\":1,\"publisher\":{\"@id\":\"https:\\\/\\\/lospoliticosveracruz.com\\\/#organization\"},\"keywords\":[\"Coneval\",\"Desempleo\",\"pobreza\",\"Sector energ\u00e9tico\",\"Sedesol\",\"Veracruz\"],\"articleSection\":[\"De Opini\u00f3n\"],\"inLanguage\":\"es\",\"potentialAction\":[{\"@type\":\"CommentAction\",\"name\":\"Comment\",\"target\":[\"https:\\\/\\\/lospoliticosveracruz.com\\\/?p=31273#respond\"]}]},{\"@type\":\"WebPage\",\"@id\":\"https:\\\/\\\/lospoliticosveracruz.com\\\/?p=31273\",\"url\":\"https:\\\/\\\/lospoliticosveracruz.com\\\/?p=31273\",\"name\":\"Veracruz, desempleo, pobreza y crisis - Los pol\u00edticos Veracruz\",\"isPartOf\":{\"@id\":\"https:\\\/\\\/lospoliticosveracruz.com\\\/#website\"},\"datePublished\":\"2017-03-08T18:28:44+00:00\",\"dateModified\":\"2017-03-08T18:38:50+00:00\",\"breadcrumb\":{\"@id\":\"https:\\\/\\\/lospoliticosveracruz.com\\\/?p=31273#breadcrumb\"},\"inLanguage\":\"es\",\"potentialAction\":[{\"@type\":\"ReadAction\",\"target\":[\"https:\\\/\\\/lospoliticosveracruz.com\\\/?p=31273\"]}]},{\"@type\":\"BreadcrumbList\",\"@id\":\"https:\\\/\\\/lospoliticosveracruz.com\\\/?p=31273#breadcrumb\",\"itemListElement\":[{\"@type\":\"ListItem\",\"position\":1,\"name\":\"Portada\",\"item\":\"https:\\\/\\\/lospoliticosveracruz.com\\\/\"},{\"@type\":\"ListItem\",\"position\":2,\"name\":\"Veracruz, desempleo, pobreza y crisis\"}]},{\"@type\":\"WebSite\",\"@id\":\"https:\\\/\\\/lospoliticosveracruz.com\\\/#website\",\"url\":\"https:\\\/\\\/lospoliticosveracruz.com\\\/\",\"name\":\"Los pol\u00edticos Veracruz\",\"description\":\"\",\"publisher\":{\"@id\":\"https:\\\/\\\/lospoliticosveracruz.com\\\/#organization\"},\"potentialAction\":[{\"@type\":\"SearchAction\",\"target\":{\"@type\":\"EntryPoint\",\"urlTemplate\":\"https:\\\/\\\/lospoliticosveracruz.com\\\/?s={search_term_string}\"},\"query-input\":{\"@type\":\"PropertyValueSpecification\",\"valueRequired\":true,\"valueName\":\"search_term_string\"}}],\"inLanguage\":\"es\"},{\"@type\":\"Organization\",\"@id\":\"https:\\\/\\\/lospoliticosveracruz.com\\\/#organization\",\"name\":\"Los pol\u00edticos Veracruz\",\"url\":\"https:\\\/\\\/lospoliticosveracruz.com\\\/\",\"logo\":{\"@type\":\"ImageObject\",\"inLanguage\":\"es\",\"@id\":\"https:\\\/\\\/lospoliticosveracruz.com\\\/#\\\/schema\\\/logo\\\/image\\\/\",\"url\":\"https:\\\/\\\/lospoliticosveracruz.com\\\/wp-content\\\/uploads\\\/2025\\\/12\\\/Logo-Nuevo-LOS-POLITICOS-1.jpg\",\"contentUrl\":\"https:\\\/\\\/lospoliticosveracruz.com\\\/wp-content\\\/uploads\\\/2025\\\/12\\\/Logo-Nuevo-LOS-POLITICOS-1.jpg\",\"width\":260,\"height\":70,\"caption\":\"Los pol\u00edticos Veracruz\"},\"image\":{\"@id\":\"https:\\\/\\\/lospoliticosveracruz.com\\\/#\\\/schema\\\/logo\\\/image\\\/\"},\"sameAs\":[\"https:\\\/\\\/www.facebook.com\\\/people\\\/Notimemes-de-los-Polticos\\\/61565672886568\\\/\",\"https:\\\/\\\/x.com\\\/LosPoliticosVer\"]},{\"@type\":\"Person\",\"@id\":\"https:\\\/\\\/lospoliticosveracruz.com\\\/#\\\/schema\\\/person\\\/b8702bb0e538456e6efd07080bf2a4a2\",\"name\":\"Lo viste en Los Pol\u00edticos\",\"image\":{\"@type\":\"ImageObject\",\"inLanguage\":\"es\",\"@id\":\"https:\\\/\\\/secure.gravatar.com\\\/avatar\\\/3a8de04a2656d44082be478bd6c086daa447c4651605818287b9532d3d0bd435?s=96&d=mm&r=g\",\"url\":\"https:\\\/\\\/secure.gravatar.com\\\/avatar\\\/3a8de04a2656d44082be478bd6c086daa447c4651605818287b9532d3d0bd435?s=96&d=mm&r=g\",\"contentUrl\":\"https:\\\/\\\/secure.gravatar.com\\\/avatar\\\/3a8de04a2656d44082be478bd6c086daa447c4651605818287b9532d3d0bd435?s=96&d=mm&r=g\",\"caption\":\"Lo viste en Los Pol\u00edticos\"},\"url\":\"https:\\\/\\\/lospoliticosveracruz.com\\\/?author=2\"}]}<\/script>\n<!-- \/ Yoast SEO plugin. -->","yoast_head_json":{"title":"Veracruz, desempleo, pobreza y crisis - Los pol\u00edticos Veracruz","robots":{"index":"index","follow":"follow","max-snippet":"max-snippet:-1","max-image-preview":"max-image-preview:large","max-video-preview":"max-video-preview:-1"},"canonical":"https:\/\/lospoliticosveracruz.com\/?p=31273","og_locale":"es_ES","og_type":"article","og_title":"Veracruz, desempleo, pobreza y crisis - Los pol\u00edticos Veracruz","og_description":"Luis Alberto Romero Hora Cero &nbsp; La crisis en el sector energ\u00e9tico es una de las principales causas del incremento en las cifras del desempleo en Veracruz; sin embargo, no es la \u00fanica: la industria de la construcci\u00f3n tambi\u00e9n enfrenta serios problemas y ello se refleja en la condici\u00f3n de vida de quienes dependen de [&hellip;]","og_url":"https:\/\/lospoliticosveracruz.com\/?p=31273","og_site_name":"Los pol\u00edticos Veracruz","article_publisher":"https:\/\/www.facebook.com\/people\/Notimemes-de-los-Polticos\/61565672886568\/","article_published_time":"2017-03-08T18:28:44+00:00","article_modified_time":"2017-03-08T18:38:50+00:00","og_image":[{"width":200,"height":200,"url":"https:\/\/lospoliticosveracruz.com\/wp-content\/uploads\/2016\/07\/Logo-Dor.jpg","type":"image\/jpeg"}],"author":"Lo viste en Los Pol\u00edticos","twitter_card":"summary_large_image","twitter_creator":"@LosPoliticosVer","twitter_site":"@LosPoliticosVer","twitter_misc":{"Escrito por":"Lo viste en Los Pol\u00edticos","Tiempo de lectura":"4 minutos"},"schema":{"@context":"https:\/\/schema.org","@graph":[{"@type":"Article","@id":"https:\/\/lospoliticosveracruz.com\/?p=31273#article","isPartOf":{"@id":"https:\/\/lospoliticosveracruz.com\/?p=31273"},"author":{"name":"Lo viste en Los Pol\u00edticos","@id":"https:\/\/lospoliticosveracruz.com\/#\/schema\/person\/b8702bb0e538456e6efd07080bf2a4a2"},"headline":"Veracruz, desempleo, pobreza y crisis","datePublished":"2017-03-08T18:28:44+00:00","dateModified":"2017-03-08T18:38:50+00:00","mainEntityOfPage":{"@id":"https:\/\/lospoliticosveracruz.com\/?p=31273"},"wordCount":895,"commentCount":1,"publisher":{"@id":"https:\/\/lospoliticosveracruz.com\/#organization"},"keywords":["Coneval","Desempleo","pobreza","Sector energ\u00e9tico","Sedesol","Veracruz"],"articleSection":["De Opini\u00f3n"],"inLanguage":"es","potentialAction":[{"@type":"CommentAction","name":"Comment","target":["https:\/\/lospoliticosveracruz.com\/?p=31273#respond"]}]},{"@type":"WebPage","@id":"https:\/\/lospoliticosveracruz.com\/?p=31273","url":"https:\/\/lospoliticosveracruz.com\/?p=31273","name":"Veracruz, desempleo, pobreza y crisis - Los pol\u00edticos Veracruz","isPartOf":{"@id":"https:\/\/lospoliticosveracruz.com\/#website"},"datePublished":"2017-03-08T18:28:44+00:00","dateModified":"2017-03-08T18:38:50+00:00","breadcrumb":{"@id":"https:\/\/lospoliticosveracruz.com\/?p=31273#breadcrumb"},"inLanguage":"es","potentialAction":[{"@type":"ReadAction","target":["https:\/\/lospoliticosveracruz.com\/?p=31273"]}]},{"@type":"BreadcrumbList","@id":"https:\/\/lospoliticosveracruz.com\/?p=31273#breadcrumb","itemListElement":[{"@type":"ListItem","position":1,"name":"Portada","item":"https:\/\/lospoliticosveracruz.com\/"},{"@type":"ListItem","position":2,"name":"Veracruz, desempleo, pobreza y crisis"}]},{"@type":"WebSite","@id":"https:\/\/lospoliticosveracruz.com\/#website","url":"https:\/\/lospoliticosveracruz.com\/","name":"Los pol\u00edticos Veracruz","description":"","publisher":{"@id":"https:\/\/lospoliticosveracruz.com\/#organization"},"potentialAction":[{"@type":"SearchAction","target":{"@type":"EntryPoint","urlTemplate":"https:\/\/lospoliticosveracruz.com\/?s={search_term_string}"},"query-input":{"@type":"PropertyValueSpecification","valueRequired":true,"valueName":"search_term_string"}}],"inLanguage":"es"},{"@type":"Organization","@id":"https:\/\/lospoliticosveracruz.com\/#organization","name":"Los pol\u00edticos Veracruz","url":"https:\/\/lospoliticosveracruz.com\/","logo":{"@type":"ImageObject","inLanguage":"es","@id":"https:\/\/lospoliticosveracruz.com\/#\/schema\/logo\/image\/","url":"https:\/\/lospoliticosveracruz.com\/wp-content\/uploads\/2025\/12\/Logo-Nuevo-LOS-POLITICOS-1.jpg","contentUrl":"https:\/\/lospoliticosveracruz.com\/wp-content\/uploads\/2025\/12\/Logo-Nuevo-LOS-POLITICOS-1.jpg","width":260,"height":70,"caption":"Los pol\u00edticos Veracruz"},"image":{"@id":"https:\/\/lospoliticosveracruz.com\/#\/schema\/logo\/image\/"},"sameAs":["https:\/\/www.facebook.com\/people\/Notimemes-de-los-Polticos\/61565672886568\/","https:\/\/x.com\/LosPoliticosVer"]},{"@type":"Person","@id":"https:\/\/lospoliticosveracruz.com\/#\/schema\/person\/b8702bb0e538456e6efd07080bf2a4a2","name":"Lo viste en Los Pol\u00edticos","image":{"@type":"ImageObject","inLanguage":"es","@id":"https:\/\/secure.gravatar.com\/avatar\/3a8de04a2656d44082be478bd6c086daa447c4651605818287b9532d3d0bd435?s=96&d=mm&r=g","url":"https:\/\/secure.gravatar.com\/avatar\/3a8de04a2656d44082be478bd6c086daa447c4651605818287b9532d3d0bd435?s=96&d=mm&r=g","contentUrl":"https:\/\/secure.gravatar.com\/avatar\/3a8de04a2656d44082be478bd6c086daa447c4651605818287b9532d3d0bd435?s=96&d=mm&r=g","caption":"Lo viste en Los Pol\u00edticos"},"url":"https:\/\/lospoliticosveracruz.com\/?author=2"}]}},"_links":{"self":[{"href":"https:\/\/lospoliticosveracruz.com\/index.php?rest_route=\/wp\/v2\/posts\/31273","targetHints":{"allow":["GET"]}}],"collection":[{"href":"https:\/\/lospoliticosveracruz.com\/index.php?rest_route=\/wp\/v2\/posts"}],"about":[{"href":"https:\/\/lospoliticosveracruz.com\/index.php?rest_route=\/wp\/v2\/types\/post"}],"author":[{"embeddable":true,"href":"https:\/\/lospoliticosveracruz.com\/index.php?rest_route=\/wp\/v2\/users\/2"}],"replies":[{"embeddable":true,"href":"https:\/\/lospoliticosveracruz.com\/index.php?rest_route=%2Fwp%2Fv2%2Fcomments&post=31273"}],"version-history":[{"count":1,"href":"https:\/\/lospoliticosveracruz.com\/index.php?rest_route=\/wp\/v2\/posts\/31273\/revisions"}],"predecessor-version":[{"id":31274,"href":"https:\/\/lospoliticosveracruz.com\/index.php?rest_route=\/wp\/v2\/posts\/31273\/revisions\/31274"}],"wp:attachment":[{"href":"https:\/\/lospoliticosveracruz.com\/index.php?rest_route=%2Fwp%2Fv2%2Fmedia&parent=31273"}],"wp:term":[{"taxonomy":"category","embeddable":true,"href":"https:\/\/lospoliticosveracruz.com\/index.php?rest_route=%2Fwp%2Fv2%2Fcategories&post=31273"},{"taxonomy":"post_tag","embeddable":true,"href":"https:\/\/lospoliticosveracruz.com\/index.php?rest_route=%2Fwp%2Fv2%2Ftags&post=31273"}],"curies":[{"name":"wp","href":"https:\/\/api.w.org\/{rel}","templated":true}]}}