{"id":31291,"date":"2017-03-12T21:35:00","date_gmt":"2017-03-13T03:35:00","guid":{"rendered":"http:\/\/www.lospoliticosveracruz.com.mx\/?p=31291"},"modified":"2017-03-12T21:35:00","modified_gmt":"2017-03-13T03:35:00","slug":"mayl-en-chino","status":"publish","type":"post","link":"https:\/\/lospoliticosveracruz.com\/?p=31291","title":{"rendered":"MAYL en chino"},"content":{"rendered":"<p><strong>Salvador Mu\u00f1oz<\/strong><\/p>\n<p><em>Los Pol\u00edticos<\/em><br \/>\nLa queja entre reporteros fue el porqu\u00e9 enterarse de la detenci\u00f3n de Flavino R\u00edos Alvarado v\u00eda \u201cReforma\u201d y no mediante un bolet\u00edn de la Fiscal\u00eda General del Estado. Hay quienes dicen que es por el \u201cconvenio\u201d que existe entre el medio capitalino y el Gobierno estatal, pero bajo ese argumento entonces se vendr\u00eda abajo el \u201cconvenio\u201d o \u201cexclusividad\u201d que \u201cten\u00eda\u201d Notiver&#8230;<br \/>\nA ello hay que agregar que en cuanto los interesados en el tema vieron la noticia en \u201cReforma\u201d, demandaron que el Fiscal General del Estado saliera a confirmar la veracidad de la noticia, pero s\u00f3lo hubo silencio del encargado de la Fiscal\u00eda&#8230;<br \/>\nTantito \u201cpior\u201d&#8230; circul\u00f3 por redes sociales una entrevista a Flavino R\u00edos Alvarado \u00a1confirmando \u00e9l mismo su detenci\u00f3n! \u00bfY el Fiscal? \u00a1Ni idea!<br \/>\nY cuando pensamos que no pod\u00eda ocurrir algo m\u00e1s canijo, sale el Gobernador para hablar del tema&#8230; no el Fiscal.<br \/>\nBueno, realmente cuando uno escucha decir al Gobernador que \u201cde acuerdo con la informaci\u00f3n proporcionada por el Secretario de Seguridad P\u00fablica, Jaime T\u00e9llez Mari\u00e9, la detenci\u00f3n del exgobernador interino, Flavino R\u00edos Alvarado, se da como consecuencia de una orden de aprehensi\u00f3n girada por un juez ubicado en el penal de Pacho Viejo\u201d, uno podr\u00eda entender (hasta cierto punto) el silencio de Jorge Winckler Ortiz&#8230; no tuvo vela en el entierro&#8230; o en la detenci\u00f3n.<br \/>\nAunque hay que citar que \u201cReforma\u201d le da la medalla a la Fiscal\u00eda por la detenci\u00f3n&#8230; pero tambi\u00e9n el PRD dice que ellos fueron los que denunciaron&#8230; al final, lo \u00fanico que se genera es un vac\u00edo de informaci\u00f3n que da lugar a algo extraordinario: \u00a1que se hable de la detenci\u00f3n de Flavino!<br \/>\nA continuaci\u00f3n, los comentarios en torno a este nuevo suceso que hace que los editores no sufran por una Nota de Ocho Columnas en pleno domingo:<br \/>\n* La buena noticia: Cay\u00f3 el ex gobernador; la mala noticia: era el interino&#8230;<br \/>\n* Flavino R\u00edos simplemente entra en lugar de Javier Duarte de Ochoa a la c\u00e1rcel en calidad de \u201cDetenido Interino\u201d&#8230;<br \/>\n* Dice Flavino R\u00edos que su caso s\u00f3lo se trata de una \u201ccaja china\u201d&#8230; \u00bfo cuentos chinos?<br \/>\n* Que el verdadero delito de Flavino R\u00edos ante las atrocidades de Duarte de Ochoa fue quedarse como chinito: \u201cNom\u00e1s milando\u201d.<br \/>\n* Indignaci\u00f3n en el abogado por la prisi\u00f3n preventiva a su cliente: \u201c\u00bfUn a\u00f1o en Pacho por dos meses en Palacio?\u201d<br \/>\n* Si Flavino R\u00edos \u201cayud\u00f3 a escapar\u201d a Javier Duarte&#8230; \u00bfqu\u00e9 hizo Ricardo Garc\u00eda Guzm\u00e1n en su tiempo como Contralor?<br \/>\n* Ahora no habr\u00e1 \u201cfiltraciones\u201d de fotos de Flavino porque se agotaron los memes del Chaleco naranja con Berm\u00fadez&#8230;<br \/>\n* Que si Winckler no habl\u00f3 es porque estaba atendiendo su otro negocio: \u00a1Las pizzas!<br \/>\n* \u201cQuien haga bullying a Flavino recibir\u00e1 un descuento en las pizzas\u201d, subi\u00f3 en su tuiter Winckul\u00edn&#8230; \u00a1es broma! \u00a1No se crea!<br \/>\n* El Senador Fernando&#8230; pero Herrera (el otro pidi\u00f3 permiso para buscar la candidatura del Puerto) pide que R\u00edo Alvarado informe sobre el paradero de Duarte&#8230; es m\u00e1s f\u00e1cil preguntarle eso a los casi 20 diputados del PRI y PVEM que est\u00e1n en la C\u00e1mara baja, \u00bfno?<br \/>\nComo sea, la detenci\u00f3n de Flavino para en seco las cr\u00edticas a los 100 d\u00edas de Gobierno de Miguel \u00c1ngel Yunes Linares, la ola de violencia que vive la entidad, los problemas financieros y qui\u00e9n sabe si esa pretensi\u00f3n de no generar convenios con ning\u00fan medio&#8230; aunque el rumor persista que al menos s\u00ed con \u201cReforma\u201d&#8230;<br \/>\nsmcainito@gmail.com<\/p>\n","protected":false},"excerpt":{"rendered":"<p>Salvador Mu\u00f1oz Los Pol\u00edticos La queja entre reporteros fue el porqu\u00e9 enterarse de la detenci\u00f3n de Flavino R\u00edos Alvarado v\u00eda \u201cReforma\u201d y no mediante un bolet\u00edn de la Fiscal\u00eda General del Estado. Hay quienes dicen que es por el \u201cconvenio\u201d que existe entre el medio capitalino y el Gobierno estatal, pero bajo ese argumento entonces [&hellip;]<\/p>\n","protected":false},"author":2,"featured_media":0,"comment_status":"open","ping_status":"open","sticky":false,"template":"","format":"standard","meta":{"tdm_status":"","tdm_grid_status":"","footnotes":""},"categories":[70],"tags":[343,1225,3091],"class_list":{"0":"post-31291","1":"post","2":"type-post","3":"status-publish","4":"format-standard","6":"category-de-opinion","7":"tag-flavino-rios-alvarado","8":"tag-notiver","9":"tag-reforma"},"yoast_head":"<!-- This site is optimized with the Yoast SEO plugin v27.4 - https:\/\/yoast.com\/product\/yoast-seo-wordpress\/ -->\n<title>MAYL en chino - Los pol\u00edticos Veracruz<\/title>\n<meta name=\"robots\" content=\"index, follow, max-snippet:-1, max-image-preview:large, max-video-preview:-1\" \/>\n<link rel=\"canonical\" href=\"https:\/\/lospoliticosveracruz.com\/?p=31291\" \/>\n<meta property=\"og:locale\" content=\"es_ES\" \/>\n<meta property=\"og:type\" content=\"article\" \/>\n<meta property=\"og:title\" content=\"MAYL en chino - Los pol\u00edticos Veracruz\" \/>\n<meta property=\"og:description\" content=\"Salvador Mu\u00f1oz Los Pol\u00edticos La queja entre reporteros fue el porqu\u00e9 enterarse de la detenci\u00f3n de Flavino R\u00edos Alvarado v\u00eda \u201cReforma\u201d y no mediante un bolet\u00edn de la Fiscal\u00eda General del Estado. Hay quienes dicen que es por el \u201cconvenio\u201d que existe entre el medio capitalino y el Gobierno estatal, pero bajo ese argumento entonces [&hellip;]\" \/>\n<meta property=\"og:url\" content=\"https:\/\/lospoliticosveracruz.com\/?p=31291\" \/>\n<meta property=\"og:site_name\" content=\"Los pol\u00edticos Veracruz\" \/>\n<meta property=\"article:publisher\" content=\"https:\/\/www.facebook.com\/people\/Notimemes-de-los-Polticos\/61565672886568\/\" \/>\n<meta property=\"article:published_time\" content=\"2017-03-13T03:35:00+00:00\" \/>\n<meta property=\"og:image\" content=\"https:\/\/lospoliticosveracruz.com\/wp-content\/uploads\/2016\/07\/Logo-Dor.jpg\" \/>\n\t<meta property=\"og:image:width\" content=\"200\" \/>\n\t<meta property=\"og:image:height\" content=\"200\" \/>\n\t<meta property=\"og:image:type\" content=\"image\/jpeg\" \/>\n<meta name=\"author\" content=\"Lo viste en Los Pol\u00edticos\" \/>\n<meta name=\"twitter:card\" content=\"summary_large_image\" \/>\n<meta name=\"twitter:creator\" content=\"@LosPoliticosVer\" \/>\n<meta name=\"twitter:site\" content=\"@LosPoliticosVer\" \/>\n<meta name=\"twitter:label1\" content=\"Escrito por\" \/>\n\t<meta name=\"twitter:data1\" content=\"Lo viste en Los Pol\u00edticos\" \/>\n\t<meta name=\"twitter:label2\" content=\"Tiempo de lectura\" \/>\n\t<meta name=\"twitter:data2\" content=\"3 minutos\" \/>\n<script type=\"application\/ld+json\" class=\"yoast-schema-graph\">{\"@context\":\"https:\\\/\\\/schema.org\",\"@graph\":[{\"@type\":\"Article\",\"@id\":\"https:\\\/\\\/lospoliticosveracruz.com\\\/?p=31291#article\",\"isPartOf\":{\"@id\":\"https:\\\/\\\/lospoliticosveracruz.com\\\/?p=31291\"},\"author\":{\"name\":\"Lo viste en Los Pol\u00edticos\",\"@id\":\"https:\\\/\\\/lospoliticosveracruz.com\\\/#\\\/schema\\\/person\\\/b8702bb0e538456e6efd07080bf2a4a2\"},\"headline\":\"MAYL en chino\",\"datePublished\":\"2017-03-13T03:35:00+00:00\",\"mainEntityOfPage\":{\"@id\":\"https:\\\/\\\/lospoliticosveracruz.com\\\/?p=31291\"},\"wordCount\":623,\"commentCount\":0,\"publisher\":{\"@id\":\"https:\\\/\\\/lospoliticosveracruz.com\\\/#organization\"},\"keywords\":[\"Flavino R\u00edos Alvarado\",\"Notiver\",\"Reforma\"],\"articleSection\":[\"De Opini\u00f3n\"],\"inLanguage\":\"es\",\"potentialAction\":[{\"@type\":\"CommentAction\",\"name\":\"Comment\",\"target\":[\"https:\\\/\\\/lospoliticosveracruz.com\\\/?p=31291#respond\"]}]},{\"@type\":\"WebPage\",\"@id\":\"https:\\\/\\\/lospoliticosveracruz.com\\\/?p=31291\",\"url\":\"https:\\\/\\\/lospoliticosveracruz.com\\\/?p=31291\",\"name\":\"MAYL en chino - Los pol\u00edticos Veracruz\",\"isPartOf\":{\"@id\":\"https:\\\/\\\/lospoliticosveracruz.com\\\/#website\"},\"datePublished\":\"2017-03-13T03:35:00+00:00\",\"breadcrumb\":{\"@id\":\"https:\\\/\\\/lospoliticosveracruz.com\\\/?p=31291#breadcrumb\"},\"inLanguage\":\"es\",\"potentialAction\":[{\"@type\":\"ReadAction\",\"target\":[\"https:\\\/\\\/lospoliticosveracruz.com\\\/?p=31291\"]}]},{\"@type\":\"BreadcrumbList\",\"@id\":\"https:\\\/\\\/lospoliticosveracruz.com\\\/?p=31291#breadcrumb\",\"itemListElement\":[{\"@type\":\"ListItem\",\"position\":1,\"name\":\"Portada\",\"item\":\"https:\\\/\\\/lospoliticosveracruz.com\\\/\"},{\"@type\":\"ListItem\",\"position\":2,\"name\":\"MAYL en chino\"}]},{\"@type\":\"WebSite\",\"@id\":\"https:\\\/\\\/lospoliticosveracruz.com\\\/#website\",\"url\":\"https:\\\/\\\/lospoliticosveracruz.com\\\/\",\"name\":\"Los pol\u00edticos Veracruz\",\"description\":\"\",\"publisher\":{\"@id\":\"https:\\\/\\\/lospoliticosveracruz.com\\\/#organization\"},\"potentialAction\":[{\"@type\":\"SearchAction\",\"target\":{\"@type\":\"EntryPoint\",\"urlTemplate\":\"https:\\\/\\\/lospoliticosveracruz.com\\\/?s={search_term_string}\"},\"query-input\":{\"@type\":\"PropertyValueSpecification\",\"valueRequired\":true,\"valueName\":\"search_term_string\"}}],\"inLanguage\":\"es\"},{\"@type\":\"Organization\",\"@id\":\"https:\\\/\\\/lospoliticosveracruz.com\\\/#organization\",\"name\":\"Los pol\u00edticos Veracruz\",\"url\":\"https:\\\/\\\/lospoliticosveracruz.com\\\/\",\"logo\":{\"@type\":\"ImageObject\",\"inLanguage\":\"es\",\"@id\":\"https:\\\/\\\/lospoliticosveracruz.com\\\/#\\\/schema\\\/logo\\\/image\\\/\",\"url\":\"https:\\\/\\\/lospoliticosveracruz.com\\\/wp-content\\\/uploads\\\/2025\\\/12\\\/Logo-Nuevo-LOS-POLITICOS-1.jpg\",\"contentUrl\":\"https:\\\/\\\/lospoliticosveracruz.com\\\/wp-content\\\/uploads\\\/2025\\\/12\\\/Logo-Nuevo-LOS-POLITICOS-1.jpg\",\"width\":260,\"height\":70,\"caption\":\"Los pol\u00edticos Veracruz\"},\"image\":{\"@id\":\"https:\\\/\\\/lospoliticosveracruz.com\\\/#\\\/schema\\\/logo\\\/image\\\/\"},\"sameAs\":[\"https:\\\/\\\/www.facebook.com\\\/people\\\/Notimemes-de-los-Polticos\\\/61565672886568\\\/\",\"https:\\\/\\\/x.com\\\/LosPoliticosVer\"]},{\"@type\":\"Person\",\"@id\":\"https:\\\/\\\/lospoliticosveracruz.com\\\/#\\\/schema\\\/person\\\/b8702bb0e538456e6efd07080bf2a4a2\",\"name\":\"Lo viste en Los Pol\u00edticos\",\"image\":{\"@type\":\"ImageObject\",\"inLanguage\":\"es\",\"@id\":\"https:\\\/\\\/secure.gravatar.com\\\/avatar\\\/3a8de04a2656d44082be478bd6c086daa447c4651605818287b9532d3d0bd435?s=96&d=mm&r=g\",\"url\":\"https:\\\/\\\/secure.gravatar.com\\\/avatar\\\/3a8de04a2656d44082be478bd6c086daa447c4651605818287b9532d3d0bd435?s=96&d=mm&r=g\",\"contentUrl\":\"https:\\\/\\\/secure.gravatar.com\\\/avatar\\\/3a8de04a2656d44082be478bd6c086daa447c4651605818287b9532d3d0bd435?s=96&d=mm&r=g\",\"caption\":\"Lo viste en Los Pol\u00edticos\"},\"url\":\"https:\\\/\\\/lospoliticosveracruz.com\\\/?author=2\"}]}<\/script>\n<!-- \/ Yoast SEO plugin. -->","yoast_head_json":{"title":"MAYL en chino - Los pol\u00edticos Veracruz","robots":{"index":"index","follow":"follow","max-snippet":"max-snippet:-1","max-image-preview":"max-image-preview:large","max-video-preview":"max-video-preview:-1"},"canonical":"https:\/\/lospoliticosveracruz.com\/?p=31291","og_locale":"es_ES","og_type":"article","og_title":"MAYL en chino - Los pol\u00edticos Veracruz","og_description":"Salvador Mu\u00f1oz Los Pol\u00edticos La queja entre reporteros fue el porqu\u00e9 enterarse de la detenci\u00f3n de Flavino R\u00edos Alvarado v\u00eda \u201cReforma\u201d y no mediante un bolet\u00edn de la Fiscal\u00eda General del Estado. Hay quienes dicen que es por el \u201cconvenio\u201d que existe entre el medio capitalino y el Gobierno estatal, pero bajo ese argumento entonces [&hellip;]","og_url":"https:\/\/lospoliticosveracruz.com\/?p=31291","og_site_name":"Los pol\u00edticos Veracruz","article_publisher":"https:\/\/www.facebook.com\/people\/Notimemes-de-los-Polticos\/61565672886568\/","article_published_time":"2017-03-13T03:35:00+00:00","og_image":[{"width":200,"height":200,"url":"https:\/\/lospoliticosveracruz.com\/wp-content\/uploads\/2016\/07\/Logo-Dor.jpg","type":"image\/jpeg"}],"author":"Lo viste en Los Pol\u00edticos","twitter_card":"summary_large_image","twitter_creator":"@LosPoliticosVer","twitter_site":"@LosPoliticosVer","twitter_misc":{"Escrito por":"Lo viste en Los Pol\u00edticos","Tiempo de lectura":"3 minutos"},"schema":{"@context":"https:\/\/schema.org","@graph":[{"@type":"Article","@id":"https:\/\/lospoliticosveracruz.com\/?p=31291#article","isPartOf":{"@id":"https:\/\/lospoliticosveracruz.com\/?p=31291"},"author":{"name":"Lo viste en Los Pol\u00edticos","@id":"https:\/\/lospoliticosveracruz.com\/#\/schema\/person\/b8702bb0e538456e6efd07080bf2a4a2"},"headline":"MAYL en chino","datePublished":"2017-03-13T03:35:00+00:00","mainEntityOfPage":{"@id":"https:\/\/lospoliticosveracruz.com\/?p=31291"},"wordCount":623,"commentCount":0,"publisher":{"@id":"https:\/\/lospoliticosveracruz.com\/#organization"},"keywords":["Flavino R\u00edos Alvarado","Notiver","Reforma"],"articleSection":["De Opini\u00f3n"],"inLanguage":"es","potentialAction":[{"@type":"CommentAction","name":"Comment","target":["https:\/\/lospoliticosveracruz.com\/?p=31291#respond"]}]},{"@type":"WebPage","@id":"https:\/\/lospoliticosveracruz.com\/?p=31291","url":"https:\/\/lospoliticosveracruz.com\/?p=31291","name":"MAYL en chino - Los pol\u00edticos Veracruz","isPartOf":{"@id":"https:\/\/lospoliticosveracruz.com\/#website"},"datePublished":"2017-03-13T03:35:00+00:00","breadcrumb":{"@id":"https:\/\/lospoliticosveracruz.com\/?p=31291#breadcrumb"},"inLanguage":"es","potentialAction":[{"@type":"ReadAction","target":["https:\/\/lospoliticosveracruz.com\/?p=31291"]}]},{"@type":"BreadcrumbList","@id":"https:\/\/lospoliticosveracruz.com\/?p=31291#breadcrumb","itemListElement":[{"@type":"ListItem","position":1,"name":"Portada","item":"https:\/\/lospoliticosveracruz.com\/"},{"@type":"ListItem","position":2,"name":"MAYL en chino"}]},{"@type":"WebSite","@id":"https:\/\/lospoliticosveracruz.com\/#website","url":"https:\/\/lospoliticosveracruz.com\/","name":"Los pol\u00edticos Veracruz","description":"","publisher":{"@id":"https:\/\/lospoliticosveracruz.com\/#organization"},"potentialAction":[{"@type":"SearchAction","target":{"@type":"EntryPoint","urlTemplate":"https:\/\/lospoliticosveracruz.com\/?s={search_term_string}"},"query-input":{"@type":"PropertyValueSpecification","valueRequired":true,"valueName":"search_term_string"}}],"inLanguage":"es"},{"@type":"Organization","@id":"https:\/\/lospoliticosveracruz.com\/#organization","name":"Los pol\u00edticos Veracruz","url":"https:\/\/lospoliticosveracruz.com\/","logo":{"@type":"ImageObject","inLanguage":"es","@id":"https:\/\/lospoliticosveracruz.com\/#\/schema\/logo\/image\/","url":"https:\/\/lospoliticosveracruz.com\/wp-content\/uploads\/2025\/12\/Logo-Nuevo-LOS-POLITICOS-1.jpg","contentUrl":"https:\/\/lospoliticosveracruz.com\/wp-content\/uploads\/2025\/12\/Logo-Nuevo-LOS-POLITICOS-1.jpg","width":260,"height":70,"caption":"Los pol\u00edticos Veracruz"},"image":{"@id":"https:\/\/lospoliticosveracruz.com\/#\/schema\/logo\/image\/"},"sameAs":["https:\/\/www.facebook.com\/people\/Notimemes-de-los-Polticos\/61565672886568\/","https:\/\/x.com\/LosPoliticosVer"]},{"@type":"Person","@id":"https:\/\/lospoliticosveracruz.com\/#\/schema\/person\/b8702bb0e538456e6efd07080bf2a4a2","name":"Lo viste en Los Pol\u00edticos","image":{"@type":"ImageObject","inLanguage":"es","@id":"https:\/\/secure.gravatar.com\/avatar\/3a8de04a2656d44082be478bd6c086daa447c4651605818287b9532d3d0bd435?s=96&d=mm&r=g","url":"https:\/\/secure.gravatar.com\/avatar\/3a8de04a2656d44082be478bd6c086daa447c4651605818287b9532d3d0bd435?s=96&d=mm&r=g","contentUrl":"https:\/\/secure.gravatar.com\/avatar\/3a8de04a2656d44082be478bd6c086daa447c4651605818287b9532d3d0bd435?s=96&d=mm&r=g","caption":"Lo viste en Los Pol\u00edticos"},"url":"https:\/\/lospoliticosveracruz.com\/?author=2"}]}},"_links":{"self":[{"href":"https:\/\/lospoliticosveracruz.com\/index.php?rest_route=\/wp\/v2\/posts\/31291","targetHints":{"allow":["GET"]}}],"collection":[{"href":"https:\/\/lospoliticosveracruz.com\/index.php?rest_route=\/wp\/v2\/posts"}],"about":[{"href":"https:\/\/lospoliticosveracruz.com\/index.php?rest_route=\/wp\/v2\/types\/post"}],"author":[{"embeddable":true,"href":"https:\/\/lospoliticosveracruz.com\/index.php?rest_route=\/wp\/v2\/users\/2"}],"replies":[{"embeddable":true,"href":"https:\/\/lospoliticosveracruz.com\/index.php?rest_route=%2Fwp%2Fv2%2Fcomments&post=31291"}],"version-history":[{"count":3,"href":"https:\/\/lospoliticosveracruz.com\/index.php?rest_route=\/wp\/v2\/posts\/31291\/revisions"}],"predecessor-version":[{"id":31337,"href":"https:\/\/lospoliticosveracruz.com\/index.php?rest_route=\/wp\/v2\/posts\/31291\/revisions\/31337"}],"wp:attachment":[{"href":"https:\/\/lospoliticosveracruz.com\/index.php?rest_route=%2Fwp%2Fv2%2Fmedia&parent=31291"}],"wp:term":[{"taxonomy":"category","embeddable":true,"href":"https:\/\/lospoliticosveracruz.com\/index.php?rest_route=%2Fwp%2Fv2%2Fcategories&post=31291"},{"taxonomy":"post_tag","embeddable":true,"href":"https:\/\/lospoliticosveracruz.com\/index.php?rest_route=%2Fwp%2Fv2%2Ftags&post=31291"}],"curies":[{"name":"wp","href":"https:\/\/api.w.org\/{rel}","templated":true}]}}