{"id":31299,"date":"2017-03-09T08:29:07","date_gmt":"2017-03-09T14:29:07","guid":{"rendered":"http:\/\/www.lospoliticosveracruz.com.mx\/?p=31299"},"modified":"2017-03-09T08:29:07","modified_gmt":"2017-03-09T14:29:07","slug":"jose-de-la-torre-por-su-tercer-periodo","status":"publish","type":"post","link":"https:\/\/lospoliticosveracruz.com\/?p=31299","title":{"rendered":"Jos\u00e9 de la Torre, por su tercer periodo"},"content":{"rendered":"<p><b>Luis Alberto Romero<\/b><\/p>\n<p><i>Hora Cero<\/i><\/p>\n<p>&nbsp;<\/p>\n<p>&nbsp;<\/p>\n<p>Si hay un municipio en el que el Partido Revolucionario Institucional no tiene la m\u00ednima oportunidad de competir con probabilidades de \u00e9xito en las elecciones municipales del presente a\u00f1o, ese es Mart\u00ednez de la Torre, donde el tricolor y sus aliados podr\u00edan caer al tercer lugar.<\/p>\n<p>La alianza entre los partidos Acci\u00f3n Nacional y de la Revoluci\u00f3n Democr\u00e1tica determinaron postular al ex alcalde y ex diputado federal Jos\u00e9 de la Torre S\u00e1nchez, quien ir\u00eda por su tercer periodo al frente del ayuntamiento local.<\/p>\n<p>De la Torre S\u00e1nchez es uno de los cuadros m\u00e1s importantes del panismo en esa regi\u00f3n y el capital pol\u00edtico que ha logrado acumular se compara, por ejemplo, con el de Joaqu\u00edn Rosendo Guzm\u00e1n Avil\u00e9s en el municipio de Tantoyuca; o con el de Ricardo Garc\u00eda Guzm\u00e1n en P\u00e1nuco; o el de Jorge Vera Hern\u00e1ndez en \u00c1lamo.<\/p>\n<p>Ese capital pol\u00edtico hace pensar que la elecci\u00f3n martinense ser\u00e1 s\u00f3lo de tr\u00e1mite, dado que ni el PRI, ni Morena, y mucho menos el Movimiento Ciudadano, han perfilado a candidatos de verdadero peso. En pocas palabras, el panista se enfrentar\u00eda en esa contienda a flanes, candidatos sin demasiada consistencia.<\/p>\n<p>Por la alianza PRI- Verde, es muy probable, nos dicen, que vaya como abanderado el empresario Jorge Luis Mendoza Velarde, propietario del equipo Limoneros de Mart\u00ednez de la Torre, escuadra que milita en la tercera divisi\u00f3n del f\u00fatbol profesional. Se trata de un personaje que colabor\u00f3 en la administraci\u00f3n del ex gobernador poblano Mario Mar\u00edn, conocido en el mundo de la pol\u00edtica y los memes como el \u201cgober precioso\u201d, con quien el martinense trabaj\u00f3 de cerca en el \u00e1rea de Finanzas, concretamente en la Subsecretar\u00eda de Administraci\u00f3n, espacio del que sali\u00f3 sumamente desgastado y cuestionado.<\/p>\n<p>Por cierto, en Mart\u00ednez de la Torre se comenta que una vez frustrada la intenci\u00f3n del grupo que encabeza el alcalde Rolando Olivares Ahumada por colocar a un subalterno como aspirante por el Movimiento de Regeneraci\u00f3n Nacional, el edil estar\u00eda pujando por ubicar a su esposa, la se\u00f1ora Esperanza Vel\u00e1zquez, como candidata a la presidencia municipal por el PRI.<\/p>\n<p>Al parecer, Olivares Ahumada conf\u00eda en que la d\u00e9bil estructura municipal es suficiente para dar la batalla en una contienda que de antemano luce perdida para su causa.<\/p>\n<p>Por otro lado, hay que recordar que el principal aliado del alcalde de Mart\u00ednez de la Torre, el actual diputado federal por ese distrito, Edgar Spinoso Carrera, se encuentra en desgracia pol\u00edtica, sin fuerza y m\u00e1s preocupado por la revisi\u00f3n a sus cuentas y por los se\u00f1alamientos que pesan en su contra por haber sido uno de los personajes m\u00e1s vinculados al ex gobernador Javier Duarte de Ochoa, hoy pr\u00f3fugo de la justicia.<\/p>\n<p>En ese lugar, a prop\u00f3sito, corren versiones en el sentido de que Rodrigo Calder\u00f3n, otro empresario estrechamente vinculado al alcalde Rolando Olivares, intent\u00f3 la postulaci\u00f3n por Morena, partido del que lo batearon por sus nexos con el edil martinense. Al final, el partido de L\u00f3pez Obrador se inclin\u00f3 por Adri\u00e1n Montiel Mart\u00ednez, un microempresario local.<\/p>\n<p>En Mart\u00ednez de la Torre, por \u00faltimo, el Movimiento Ciudadano lanza al ruedo al empresario Eduardo S\u00e1nchez Mac\u00edas, ex diputado local, quien ha pasado por el PRI, el Partido Verde, el Panal, el PT y ahora por el instituto que lidera Dante Delgado.<\/p>\n<p>La candidatura de Eduardo S\u00e1nchez, nos dicen, se perfila como una participaci\u00f3n m\u00e1s bien testimonial, porque no le toman muy en serio.<\/p>\n<p>Ante dicho escenario, lo m\u00e1s probable es que ese municipio se vuelva a pintar de azul.<\/p>\n<p><b>Xalapa, obras estrat\u00e9gicas de infraestructura<\/b><\/p>\n<p>En Xalapa, este jueves el alcalde Am\u00e9rico Z\u00fa\u00f1iga entrega la reconstrucci\u00f3n con concreto hidr\u00e1ulico de la calle Francisco Sarabia, entre las avenidas 20 de Noviembre y P\u00edpila, en la colonia Jos\u00e9 Cardel.<\/p>\n<p>Esta obra cuenta con pavimento hidr\u00e1ulico banquetas, guarniciones, red de agua potable y drenaje sanitario y pluvial.<\/p>\n<p>Ah\u00ed se invirtieron m\u00e1s de 8.2 millones de pesos de recursos federales del Fondo para el Fortalecimiento de la Infraestructura Estatal y Municipal 2016 (Ramo General 23).<\/p>\n<p>De esta manera, el Ayuntamiento beneficia directamente a 700 vecinos y desde luego a toda la poblaci\u00f3n que transita diariamente por esta estrat\u00e9gica arteria.<\/p>\n<p>Se trata de una obra muy solicitada, porque Sarabia es una de las principales calles que desaloja el tr\u00e1fico del centro de la ciudad; y requer\u00eda un fuerte mantenimiento debido al tiempo que llevaba en operaci\u00f3n.<\/p>\n<p>Sarabia forma parte de un gran programa para intervenir el coraz\u00f3n de Xalapa, en el que se incluyen obras para mejorar la infraestructura, la movilidad y la calidad de vida de las familias y establecimientos que aqu\u00ed se asientan.<\/p>\n<p>Hay que citar vialidades estrat\u00e9gicas que ha construido Am\u00e9rico Z\u00fa\u00f1iga como la avenida Antonio M. Quirasco, la avenida Orizaba, la calle Francisco V\u00e1zquez, Argentina, Matamoros, Hortensia, Chiapas, Xalape\u00f1os Ilustres, Mata, Hidalgo, Manuel Doblado y P\u00edpila; tambi\u00e9n las avenidas Primero de Mayo, Acueducto y la calle Tuxpan; en la zona centro las calles Zaragoza y Primo Verdad, entre otras.<\/p>\n<p>Construir cerca de 200 vialidades nuevas en tres a\u00f1os se dice f\u00e1cil, parece f\u00e1cil, pero es un logro del que los xalape\u00f1os deben sentirse orgullosos porque se han impuesto records de obra p\u00fablica. @luisromero85<\/p>\n","protected":false},"excerpt":{"rendered":"<p>Luis Alberto Romero Hora Cero &nbsp; &nbsp; Si hay un municipio en el que el Partido Revolucionario Institucional no tiene la m\u00ednima oportunidad de competir con probabilidades de \u00e9xito en las elecciones municipales del presente a\u00f1o, ese es Mart\u00ednez de la Torre, donde el tricolor y sus aliados podr\u00edan caer al tercer lugar. La alianza [&hellip;]<\/p>\n","protected":false},"author":2,"featured_media":0,"comment_status":"open","ping_status":"open","sticky":false,"template":"","format":"standard","meta":{"tdm_status":"","tdm_grid_status":"","footnotes":""},"categories":[70],"tags":[5019,963,3479,251],"class_list":{"0":"post-31299","1":"post","2":"type-post","3":"status-publish","4":"format-standard","6":"category-de-opinion","7":"tag-jose-de-la-torre-sanchez","8":"tag-martinez-de-la-torre","9":"tag-pan-prd","10":"tag-pri"},"yoast_head":"<!-- This site is optimized with the Yoast SEO plugin v27.4 - https:\/\/yoast.com\/product\/yoast-seo-wordpress\/ -->\n<title>Jos\u00e9 de la Torre, por su tercer periodo - Los pol\u00edticos Veracruz<\/title>\n<meta name=\"robots\" content=\"index, follow, max-snippet:-1, max-image-preview:large, max-video-preview:-1\" \/>\n<link rel=\"canonical\" href=\"https:\/\/lospoliticosveracruz.com\/?p=31299\" \/>\n<meta property=\"og:locale\" content=\"es_ES\" \/>\n<meta property=\"og:type\" content=\"article\" \/>\n<meta property=\"og:title\" content=\"Jos\u00e9 de la Torre, por su tercer periodo - Los pol\u00edticos Veracruz\" \/>\n<meta property=\"og:description\" content=\"Luis Alberto Romero Hora Cero &nbsp; &nbsp; Si hay un municipio en el que el Partido Revolucionario Institucional no tiene la m\u00ednima oportunidad de competir con probabilidades de \u00e9xito en las elecciones municipales del presente a\u00f1o, ese es Mart\u00ednez de la Torre, donde el tricolor y sus aliados podr\u00edan caer al tercer lugar. La alianza [&hellip;]\" \/>\n<meta property=\"og:url\" content=\"https:\/\/lospoliticosveracruz.com\/?p=31299\" \/>\n<meta property=\"og:site_name\" content=\"Los pol\u00edticos Veracruz\" \/>\n<meta property=\"article:publisher\" content=\"https:\/\/www.facebook.com\/people\/Notimemes-de-los-Polticos\/61565672886568\/\" \/>\n<meta property=\"article:published_time\" content=\"2017-03-09T14:29:07+00:00\" \/>\n<meta property=\"og:image\" content=\"https:\/\/lospoliticosveracruz.com\/wp-content\/uploads\/2016\/07\/Logo-Dor.jpg\" \/>\n\t<meta property=\"og:image:width\" content=\"200\" \/>\n\t<meta property=\"og:image:height\" content=\"200\" \/>\n\t<meta property=\"og:image:type\" content=\"image\/jpeg\" \/>\n<meta name=\"author\" content=\"Lo viste en Los Pol\u00edticos\" \/>\n<meta name=\"twitter:card\" content=\"summary_large_image\" \/>\n<meta name=\"twitter:creator\" content=\"@LosPoliticosVer\" \/>\n<meta name=\"twitter:site\" content=\"@LosPoliticosVer\" \/>\n<meta name=\"twitter:label1\" content=\"Escrito por\" \/>\n\t<meta name=\"twitter:data1\" content=\"Lo viste en Los Pol\u00edticos\" \/>\n\t<meta name=\"twitter:label2\" content=\"Tiempo de lectura\" \/>\n\t<meta name=\"twitter:data2\" content=\"5 minutos\" \/>\n<script type=\"application\/ld+json\" class=\"yoast-schema-graph\">{\"@context\":\"https:\\\/\\\/schema.org\",\"@graph\":[{\"@type\":\"Article\",\"@id\":\"https:\\\/\\\/lospoliticosveracruz.com\\\/?p=31299#article\",\"isPartOf\":{\"@id\":\"https:\\\/\\\/lospoliticosveracruz.com\\\/?p=31299\"},\"author\":{\"name\":\"Lo viste en Los Pol\u00edticos\",\"@id\":\"https:\\\/\\\/lospoliticosveracruz.com\\\/#\\\/schema\\\/person\\\/b8702bb0e538456e6efd07080bf2a4a2\"},\"headline\":\"Jos\u00e9 de la Torre, por su tercer periodo\",\"datePublished\":\"2017-03-09T14:29:07+00:00\",\"mainEntityOfPage\":{\"@id\":\"https:\\\/\\\/lospoliticosveracruz.com\\\/?p=31299\"},\"wordCount\":948,\"commentCount\":0,\"publisher\":{\"@id\":\"https:\\\/\\\/lospoliticosveracruz.com\\\/#organization\"},\"keywords\":[\"Jos\u00e9 de la Torre S\u00e1nchez\",\"Mart\u00ednez de la Torre\",\"PAN-PRD\",\"PRI\"],\"articleSection\":[\"De Opini\u00f3n\"],\"inLanguage\":\"es\",\"potentialAction\":[{\"@type\":\"CommentAction\",\"name\":\"Comment\",\"target\":[\"https:\\\/\\\/lospoliticosveracruz.com\\\/?p=31299#respond\"]}]},{\"@type\":\"WebPage\",\"@id\":\"https:\\\/\\\/lospoliticosveracruz.com\\\/?p=31299\",\"url\":\"https:\\\/\\\/lospoliticosveracruz.com\\\/?p=31299\",\"name\":\"Jos\u00e9 de la Torre, por su tercer periodo - Los pol\u00edticos Veracruz\",\"isPartOf\":{\"@id\":\"https:\\\/\\\/lospoliticosveracruz.com\\\/#website\"},\"datePublished\":\"2017-03-09T14:29:07+00:00\",\"breadcrumb\":{\"@id\":\"https:\\\/\\\/lospoliticosveracruz.com\\\/?p=31299#breadcrumb\"},\"inLanguage\":\"es\",\"potentialAction\":[{\"@type\":\"ReadAction\",\"target\":[\"https:\\\/\\\/lospoliticosveracruz.com\\\/?p=31299\"]}]},{\"@type\":\"BreadcrumbList\",\"@id\":\"https:\\\/\\\/lospoliticosveracruz.com\\\/?p=31299#breadcrumb\",\"itemListElement\":[{\"@type\":\"ListItem\",\"position\":1,\"name\":\"Portada\",\"item\":\"https:\\\/\\\/lospoliticosveracruz.com\\\/\"},{\"@type\":\"ListItem\",\"position\":2,\"name\":\"Jos\u00e9 de la Torre, por su tercer periodo\"}]},{\"@type\":\"WebSite\",\"@id\":\"https:\\\/\\\/lospoliticosveracruz.com\\\/#website\",\"url\":\"https:\\\/\\\/lospoliticosveracruz.com\\\/\",\"name\":\"Los pol\u00edticos Veracruz\",\"description\":\"\",\"publisher\":{\"@id\":\"https:\\\/\\\/lospoliticosveracruz.com\\\/#organization\"},\"potentialAction\":[{\"@type\":\"SearchAction\",\"target\":{\"@type\":\"EntryPoint\",\"urlTemplate\":\"https:\\\/\\\/lospoliticosveracruz.com\\\/?s={search_term_string}\"},\"query-input\":{\"@type\":\"PropertyValueSpecification\",\"valueRequired\":true,\"valueName\":\"search_term_string\"}}],\"inLanguage\":\"es\"},{\"@type\":\"Organization\",\"@id\":\"https:\\\/\\\/lospoliticosveracruz.com\\\/#organization\",\"name\":\"Los pol\u00edticos Veracruz\",\"url\":\"https:\\\/\\\/lospoliticosveracruz.com\\\/\",\"logo\":{\"@type\":\"ImageObject\",\"inLanguage\":\"es\",\"@id\":\"https:\\\/\\\/lospoliticosveracruz.com\\\/#\\\/schema\\\/logo\\\/image\\\/\",\"url\":\"https:\\\/\\\/lospoliticosveracruz.com\\\/wp-content\\\/uploads\\\/2025\\\/12\\\/Logo-Nuevo-LOS-POLITICOS-1.jpg\",\"contentUrl\":\"https:\\\/\\\/lospoliticosveracruz.com\\\/wp-content\\\/uploads\\\/2025\\\/12\\\/Logo-Nuevo-LOS-POLITICOS-1.jpg\",\"width\":260,\"height\":70,\"caption\":\"Los pol\u00edticos Veracruz\"},\"image\":{\"@id\":\"https:\\\/\\\/lospoliticosveracruz.com\\\/#\\\/schema\\\/logo\\\/image\\\/\"},\"sameAs\":[\"https:\\\/\\\/www.facebook.com\\\/people\\\/Notimemes-de-los-Polticos\\\/61565672886568\\\/\",\"https:\\\/\\\/x.com\\\/LosPoliticosVer\"]},{\"@type\":\"Person\",\"@id\":\"https:\\\/\\\/lospoliticosveracruz.com\\\/#\\\/schema\\\/person\\\/b8702bb0e538456e6efd07080bf2a4a2\",\"name\":\"Lo viste en Los Pol\u00edticos\",\"image\":{\"@type\":\"ImageObject\",\"inLanguage\":\"es\",\"@id\":\"https:\\\/\\\/secure.gravatar.com\\\/avatar\\\/3a8de04a2656d44082be478bd6c086daa447c4651605818287b9532d3d0bd435?s=96&d=mm&r=g\",\"url\":\"https:\\\/\\\/secure.gravatar.com\\\/avatar\\\/3a8de04a2656d44082be478bd6c086daa447c4651605818287b9532d3d0bd435?s=96&d=mm&r=g\",\"contentUrl\":\"https:\\\/\\\/secure.gravatar.com\\\/avatar\\\/3a8de04a2656d44082be478bd6c086daa447c4651605818287b9532d3d0bd435?s=96&d=mm&r=g\",\"caption\":\"Lo viste en Los Pol\u00edticos\"},\"url\":\"https:\\\/\\\/lospoliticosveracruz.com\\\/?author=2\"}]}<\/script>\n<!-- \/ Yoast SEO plugin. -->","yoast_head_json":{"title":"Jos\u00e9 de la Torre, por su tercer periodo - Los pol\u00edticos Veracruz","robots":{"index":"index","follow":"follow","max-snippet":"max-snippet:-1","max-image-preview":"max-image-preview:large","max-video-preview":"max-video-preview:-1"},"canonical":"https:\/\/lospoliticosveracruz.com\/?p=31299","og_locale":"es_ES","og_type":"article","og_title":"Jos\u00e9 de la Torre, por su tercer periodo - Los pol\u00edticos Veracruz","og_description":"Luis Alberto Romero Hora Cero &nbsp; &nbsp; Si hay un municipio en el que el Partido Revolucionario Institucional no tiene la m\u00ednima oportunidad de competir con probabilidades de \u00e9xito en las elecciones municipales del presente a\u00f1o, ese es Mart\u00ednez de la Torre, donde el tricolor y sus aliados podr\u00edan caer al tercer lugar. La alianza [&hellip;]","og_url":"https:\/\/lospoliticosveracruz.com\/?p=31299","og_site_name":"Los pol\u00edticos Veracruz","article_publisher":"https:\/\/www.facebook.com\/people\/Notimemes-de-los-Polticos\/61565672886568\/","article_published_time":"2017-03-09T14:29:07+00:00","og_image":[{"width":200,"height":200,"url":"https:\/\/lospoliticosveracruz.com\/wp-content\/uploads\/2016\/07\/Logo-Dor.jpg","type":"image\/jpeg"}],"author":"Lo viste en Los Pol\u00edticos","twitter_card":"summary_large_image","twitter_creator":"@LosPoliticosVer","twitter_site":"@LosPoliticosVer","twitter_misc":{"Escrito por":"Lo viste en Los Pol\u00edticos","Tiempo de lectura":"5 minutos"},"schema":{"@context":"https:\/\/schema.org","@graph":[{"@type":"Article","@id":"https:\/\/lospoliticosveracruz.com\/?p=31299#article","isPartOf":{"@id":"https:\/\/lospoliticosveracruz.com\/?p=31299"},"author":{"name":"Lo viste en Los Pol\u00edticos","@id":"https:\/\/lospoliticosveracruz.com\/#\/schema\/person\/b8702bb0e538456e6efd07080bf2a4a2"},"headline":"Jos\u00e9 de la Torre, por su tercer periodo","datePublished":"2017-03-09T14:29:07+00:00","mainEntityOfPage":{"@id":"https:\/\/lospoliticosveracruz.com\/?p=31299"},"wordCount":948,"commentCount":0,"publisher":{"@id":"https:\/\/lospoliticosveracruz.com\/#organization"},"keywords":["Jos\u00e9 de la Torre S\u00e1nchez","Mart\u00ednez de la Torre","PAN-PRD","PRI"],"articleSection":["De Opini\u00f3n"],"inLanguage":"es","potentialAction":[{"@type":"CommentAction","name":"Comment","target":["https:\/\/lospoliticosveracruz.com\/?p=31299#respond"]}]},{"@type":"WebPage","@id":"https:\/\/lospoliticosveracruz.com\/?p=31299","url":"https:\/\/lospoliticosveracruz.com\/?p=31299","name":"Jos\u00e9 de la Torre, por su tercer periodo - Los pol\u00edticos Veracruz","isPartOf":{"@id":"https:\/\/lospoliticosveracruz.com\/#website"},"datePublished":"2017-03-09T14:29:07+00:00","breadcrumb":{"@id":"https:\/\/lospoliticosveracruz.com\/?p=31299#breadcrumb"},"inLanguage":"es","potentialAction":[{"@type":"ReadAction","target":["https:\/\/lospoliticosveracruz.com\/?p=31299"]}]},{"@type":"BreadcrumbList","@id":"https:\/\/lospoliticosveracruz.com\/?p=31299#breadcrumb","itemListElement":[{"@type":"ListItem","position":1,"name":"Portada","item":"https:\/\/lospoliticosveracruz.com\/"},{"@type":"ListItem","position":2,"name":"Jos\u00e9 de la Torre, por su tercer periodo"}]},{"@type":"WebSite","@id":"https:\/\/lospoliticosveracruz.com\/#website","url":"https:\/\/lospoliticosveracruz.com\/","name":"Los pol\u00edticos Veracruz","description":"","publisher":{"@id":"https:\/\/lospoliticosveracruz.com\/#organization"},"potentialAction":[{"@type":"SearchAction","target":{"@type":"EntryPoint","urlTemplate":"https:\/\/lospoliticosveracruz.com\/?s={search_term_string}"},"query-input":{"@type":"PropertyValueSpecification","valueRequired":true,"valueName":"search_term_string"}}],"inLanguage":"es"},{"@type":"Organization","@id":"https:\/\/lospoliticosveracruz.com\/#organization","name":"Los pol\u00edticos Veracruz","url":"https:\/\/lospoliticosveracruz.com\/","logo":{"@type":"ImageObject","inLanguage":"es","@id":"https:\/\/lospoliticosveracruz.com\/#\/schema\/logo\/image\/","url":"https:\/\/lospoliticosveracruz.com\/wp-content\/uploads\/2025\/12\/Logo-Nuevo-LOS-POLITICOS-1.jpg","contentUrl":"https:\/\/lospoliticosveracruz.com\/wp-content\/uploads\/2025\/12\/Logo-Nuevo-LOS-POLITICOS-1.jpg","width":260,"height":70,"caption":"Los pol\u00edticos Veracruz"},"image":{"@id":"https:\/\/lospoliticosveracruz.com\/#\/schema\/logo\/image\/"},"sameAs":["https:\/\/www.facebook.com\/people\/Notimemes-de-los-Polticos\/61565672886568\/","https:\/\/x.com\/LosPoliticosVer"]},{"@type":"Person","@id":"https:\/\/lospoliticosveracruz.com\/#\/schema\/person\/b8702bb0e538456e6efd07080bf2a4a2","name":"Lo viste en Los Pol\u00edticos","image":{"@type":"ImageObject","inLanguage":"es","@id":"https:\/\/secure.gravatar.com\/avatar\/3a8de04a2656d44082be478bd6c086daa447c4651605818287b9532d3d0bd435?s=96&d=mm&r=g","url":"https:\/\/secure.gravatar.com\/avatar\/3a8de04a2656d44082be478bd6c086daa447c4651605818287b9532d3d0bd435?s=96&d=mm&r=g","contentUrl":"https:\/\/secure.gravatar.com\/avatar\/3a8de04a2656d44082be478bd6c086daa447c4651605818287b9532d3d0bd435?s=96&d=mm&r=g","caption":"Lo viste en Los Pol\u00edticos"},"url":"https:\/\/lospoliticosveracruz.com\/?author=2"}]}},"_links":{"self":[{"href":"https:\/\/lospoliticosveracruz.com\/index.php?rest_route=\/wp\/v2\/posts\/31299","targetHints":{"allow":["GET"]}}],"collection":[{"href":"https:\/\/lospoliticosveracruz.com\/index.php?rest_route=\/wp\/v2\/posts"}],"about":[{"href":"https:\/\/lospoliticosveracruz.com\/index.php?rest_route=\/wp\/v2\/types\/post"}],"author":[{"embeddable":true,"href":"https:\/\/lospoliticosveracruz.com\/index.php?rest_route=\/wp\/v2\/users\/2"}],"replies":[{"embeddable":true,"href":"https:\/\/lospoliticosveracruz.com\/index.php?rest_route=%2Fwp%2Fv2%2Fcomments&post=31299"}],"version-history":[{"count":2,"href":"https:\/\/lospoliticosveracruz.com\/index.php?rest_route=\/wp\/v2\/posts\/31299\/revisions"}],"predecessor-version":[{"id":31303,"href":"https:\/\/lospoliticosveracruz.com\/index.php?rest_route=\/wp\/v2\/posts\/31299\/revisions\/31303"}],"wp:attachment":[{"href":"https:\/\/lospoliticosveracruz.com\/index.php?rest_route=%2Fwp%2Fv2%2Fmedia&parent=31299"}],"wp:term":[{"taxonomy":"category","embeddable":true,"href":"https:\/\/lospoliticosveracruz.com\/index.php?rest_route=%2Fwp%2Fv2%2Fcategories&post=31299"},{"taxonomy":"post_tag","embeddable":true,"href":"https:\/\/lospoliticosveracruz.com\/index.php?rest_route=%2Fwp%2Fv2%2Ftags&post=31299"}],"curies":[{"name":"wp","href":"https:\/\/api.w.org\/{rel}","templated":true}]}}