{"id":31307,"date":"2017-03-09T21:05:20","date_gmt":"2017-03-10T03:05:20","guid":{"rendered":"http:\/\/www.lospoliticosveracruz.com.mx\/?p=31307"},"modified":"2017-03-09T21:05:20","modified_gmt":"2017-03-10T03:05:20","slug":"panuco-duartista-vs-duartista","status":"publish","type":"post","link":"https:\/\/lospoliticosveracruz.com\/?p=31307","title":{"rendered":"P\u00e1nuco: \u00bfDuartista vs Duartista?"},"content":{"rendered":"<p><strong>Salvador Mu\u00f1oz<\/strong><\/p>\n<p><em>Los Pol\u00edticos<\/em><\/p>\n<p>&nbsp;<\/p>\n<p>Con la recepci\u00f3n de \u201cpr\u00f3fugos del duartismo y del fidelismo\u201d, el PAN como el PRD es seguro que ya hayan imaginado los escenarios que podr\u00edan provocar llev\u00e1ndolos como candidatos&#8230; porque en el imaginario, es posible que se tenga una batalla campal por las alcald\u00edas entre priistas y ex priistas; o hasta en un momento dado, el encuentro en las boletas entre duartistas versus duartistas.<\/p>\n<p>II<\/p>\n<p>En P\u00e1nuco, este fen\u00f3meno electoral pudiera poner al votante que le mete coco a su sufragio, en un dilema si es que en el PAN-PRD se apuesta por llevar como candidato a Ricardo Garc\u00eda Guzm\u00e1n y si en el PRI entra al quite Tava Ortega Arteaga. \u00bfYa van viendo cu\u00e1l ser\u00eda el predicamento?<\/p>\n<p>Si en la contienda electoral que maneja por eslogan \u201cContigo, el cambio sigue\u201d, todo indica que se va a apostar al discurso que a\u00fan mantiene el Gobernador Yunes Linares de que todo el duartismo apesta a corrupci\u00f3n, ah\u00ed est\u00e1 el dilema: c\u00f3mo comprender a P\u00e1nuco. Es cuesti\u00f3n de checar: por un lado, Ricardo Garc\u00eda Guzm\u00e1n es se\u00f1alado en un video como \u201cTapadera de Duarte\u201d en ese entonces por el candidato a Gobernador Miguel \u00c1ngel Yunes Linares&#8230; \u00bfpor qu\u00e9 tendr\u00eda que cambiar la percepci\u00f3n ahora que es Gobernador? Por otro lado, Tava Ortega aval\u00f3 y defendi\u00f3 cada una de las iniciativas y acciones que el hoy pr\u00f3fugo le mand\u00f3&#8230; dos duartistas de hueso colorado frente a frente&#8230; y frente al electorado.<\/p>\n<p>III<\/p>\n<p>\u00bfSe le puede agregar algo m\u00e1s? \u00a1Claro! Apenas hace unos ocho meses, los panuquenses se prodigaron en votos para llevar a Rodri, el m\u00e1s peque\u00f1o del Clan Garc\u00eda Escalante, a una curul por la v\u00eda del PVEM y PRI, pero, a ver, c\u00f3mo chingaos explicarles a todos esos votantes que, si don Ricardo, el jefe del Clan, va como candidato, ahora, en lugar de votar por el PVEM o el PRI, tendr\u00edan que hacerlo por el partido que hace varios meses no ten\u00edan que hacerlo. \u00bfA poco no es un dilema?<\/p>\n<p>IV<\/p>\n<p>Ac\u00e1 hemos insistido en la Monarqu\u00eda a la Veracruzana&#8230; incluso hemos tocado el tema de los Garc\u00eda Escalante, pero \u00a1qu\u00e9 creen! Quieren llevar m\u00e1s all\u00e1 de P\u00e1nuco su territorio&#8230; por ah\u00ed dijeran, igualito que los Yunes M\u00e1rquez, que ahora van por el Puerto&#8230; bueno, pues los Garc\u00eda Escalante ahora van \u00a1por Tempoal!<\/p>\n<p>La tierra del Xantolo se est\u00e1 convirtiendo en un dolor de cabeza para Ricardo Garc\u00eda Guzm\u00e1n, \u00bfpor qu\u00e9? Primero: hay que agregar la lucha interna en la que se mete al entrar a esta regi\u00f3n con el cacique del pueblo, Patricio Chirinos del \u00c1ngel, actual alcalde, quien dicho sea de paso, fiel a la tradici\u00f3n, tiene mano para postular a su candidato: Abel Hermenegildo D\u00edaz Ponce, su oficial mayor. \u00bfY qu\u00e9 pitos toca Garc\u00eda Guzm\u00e1n en Tempoal? \u00a1Ah! Pues ac\u00e1 entra ese sentido del monarquismo a la Veracruzana, cuando busca que quede como candidato Jos\u00e9 Luis Romero D\u00edaz, \u00bfy qui\u00e9n es este personaje?, pues el t\u00edo de Ximena Azuara, la esposa de Ricky Garc\u00eda Escalante, alcalde de P\u00e1nuco.<\/p>\n<p>Ya nada m\u00e1s para comentar: Patricio Chirinos del \u00c1ngel no ha perdido elecci\u00f3n cuando le dejan manejar el proceso \u00a1y m\u00e1s ahora que es alcalde!<\/p>\n<p>&nbsp;<\/p>\n<p><strong>NO ES MONEDITA DE ORO<\/strong><\/p>\n<p>Me llama la atenci\u00f3n \u201cEl Ni\u00f1o\u201d, que ladra y ladra. Le pregunto al sujeto de los ladridos que qu\u00e9 le pasa. \u201cQuiere volver a casa\u201d y como ya casi no ve, le ladra para saber que a\u00fan est\u00e1 el due\u00f1o. En El Salmoral, en Casa del Campesino, los comisariados ejidales la reciben con gusto&#8230; en las redes sociales, tras la columna donde sale a relucir su nombre, dos personas se le van encima. Respetables las opiniones&#8230; como respetable el aprecio que percibo que le tienen a Paty Montiel.<\/p>\n<p>Tres o cuatro mujeres la esperan. Le piden su intervenci\u00f3n para agilizar los tr\u00e1mites para un Telebachillerato. Ya tienen el terreno al lado de la secundaria. Les pide copias para ver qu\u00e9 puede hacer en Espacios Educativos.<\/p>\n<p>Me llama la atenci\u00f3n un tatuaje que tiene en su mu\u00f1eca con las letras J, I, A. Son las siglas de sus hijos Julio, Isa\u00edas y Andrea.<\/p>\n<p>Me presume una pulsera en su otra mano&#8230; se la dio una interna a quien acusaron de robo&#8230; cree en la historia de la mujer y tiene un abogado en su caso para tratar de sacarla de la c\u00e1rcel.<\/p>\n<p>Le cuento de las cr\u00edticas y cuenta que est\u00e1 acostumbrada a ellas&#8230; platica de su hermana y las razones por las que no pone un pie en La Antigua; platica de su hermano y su madre, do\u00f1a Marycarmen, y nos presume que fue modelo de Max Factor. Tambi\u00e9n platica de su padre, Isa\u00edas Montiel, cuando fue secuestrado y de su matrimonio, cuando tuvo que dejar los jeans y su pasi\u00f3n por montar. De la revista que sac\u00f3 y que cerr\u00f3.<\/p>\n<p>\u00bfLas cr\u00edticas? No es monedita de oro, y son tiempos electorales&#8230; al final, las entiende pero las deja pasar, prefiere no guardar rencores. Mejor se sienta a esperar la decisi\u00f3n de su partido, el PAN, para ver si hoy, en esta ocasi\u00f3n, recibe la oportunidad para ser candidata a la alcald\u00eda de La Antigua.<\/p>\n<p>&nbsp;<\/p>\n<p>smcainito@gmail.com<\/p>\n<p>&nbsp;<\/p>\n<p>&nbsp;<\/p>\n","protected":false},"excerpt":{"rendered":"<p>Salvador Mu\u00f1oz Los Pol\u00edticos &nbsp; Con la recepci\u00f3n de \u201cpr\u00f3fugos del duartismo y del fidelismo\u201d, el PAN como el PRD es seguro que ya hayan imaginado los escenarios que podr\u00edan provocar llev\u00e1ndolos como candidatos&#8230; porque en el imaginario, es posible que se tenga una batalla campal por las alcald\u00edas entre priistas y ex priistas; o [&hellip;]<\/p>\n","protected":false},"author":2,"featured_media":0,"comment_status":"open","ping_status":"open","sticky":false,"template":"","format":"standard","meta":{"tdm_status":"","tdm_grid_status":"","footnotes":""},"categories":[70],"tags":[7654,2473,7655,2474,1443,935,7656,1272],"class_list":{"0":"post-31307","1":"post","2":"type-post","3":"status-publish","4":"format-standard","6":"category-de-opinion","7":"tag-contigo","8":"tag-duartismo","9":"tag-el-cambio-sigue","10":"tag-fidelismo","11":"tag-octavia-ortega-arteaga","12":"tag-panuco","13":"tag-paty-montiel","14":"tag-ricardo-garcia-guzman"},"yoast_head":"<!-- This site is optimized with the Yoast SEO plugin v27.4 - https:\/\/yoast.com\/product\/yoast-seo-wordpress\/ -->\n<title>P\u00e1nuco: \u00bfDuartista vs Duartista? - Los pol\u00edticos Veracruz<\/title>\n<meta name=\"robots\" content=\"index, follow, max-snippet:-1, max-image-preview:large, max-video-preview:-1\" \/>\n<link rel=\"canonical\" href=\"https:\/\/lospoliticosveracruz.com\/?p=31307\" \/>\n<meta property=\"og:locale\" content=\"es_ES\" \/>\n<meta property=\"og:type\" content=\"article\" \/>\n<meta property=\"og:title\" content=\"P\u00e1nuco: \u00bfDuartista vs Duartista? - Los pol\u00edticos Veracruz\" \/>\n<meta property=\"og:description\" content=\"Salvador Mu\u00f1oz Los Pol\u00edticos &nbsp; Con la recepci\u00f3n de \u201cpr\u00f3fugos del duartismo y del fidelismo\u201d, el PAN como el PRD es seguro que ya hayan imaginado los escenarios que podr\u00edan provocar llev\u00e1ndolos como candidatos&#8230; porque en el imaginario, es posible que se tenga una batalla campal por las alcald\u00edas entre priistas y ex priistas; o [&hellip;]\" \/>\n<meta property=\"og:url\" content=\"https:\/\/lospoliticosveracruz.com\/?p=31307\" \/>\n<meta property=\"og:site_name\" content=\"Los pol\u00edticos Veracruz\" \/>\n<meta property=\"article:publisher\" content=\"https:\/\/www.facebook.com\/people\/Notimemes-de-los-Polticos\/61565672886568\/\" \/>\n<meta property=\"article:published_time\" content=\"2017-03-10T03:05:20+00:00\" \/>\n<meta property=\"og:image\" content=\"https:\/\/lospoliticosveracruz.com\/wp-content\/uploads\/2016\/07\/Logo-Dor.jpg\" \/>\n\t<meta property=\"og:image:width\" content=\"200\" \/>\n\t<meta property=\"og:image:height\" content=\"200\" \/>\n\t<meta property=\"og:image:type\" content=\"image\/jpeg\" \/>\n<meta name=\"author\" content=\"Lo viste en Los Pol\u00edticos\" \/>\n<meta name=\"twitter:card\" content=\"summary_large_image\" \/>\n<meta name=\"twitter:creator\" content=\"@LosPoliticosVer\" \/>\n<meta name=\"twitter:site\" content=\"@LosPoliticosVer\" \/>\n<meta name=\"twitter:label1\" content=\"Escrito por\" \/>\n\t<meta name=\"twitter:data1\" content=\"Lo viste en Los Pol\u00edticos\" \/>\n\t<meta name=\"twitter:label2\" content=\"Tiempo de lectura\" \/>\n\t<meta name=\"twitter:data2\" content=\"5 minutos\" \/>\n<script type=\"application\/ld+json\" class=\"yoast-schema-graph\">{\"@context\":\"https:\\\/\\\/schema.org\",\"@graph\":[{\"@type\":\"Article\",\"@id\":\"https:\\\/\\\/lospoliticosveracruz.com\\\/?p=31307#article\",\"isPartOf\":{\"@id\":\"https:\\\/\\\/lospoliticosveracruz.com\\\/?p=31307\"},\"author\":{\"name\":\"Lo viste en Los Pol\u00edticos\",\"@id\":\"https:\\\/\\\/lospoliticosveracruz.com\\\/#\\\/schema\\\/person\\\/b8702bb0e538456e6efd07080bf2a4a2\"},\"headline\":\"P\u00e1nuco: \u00bfDuartista vs Duartista?\",\"datePublished\":\"2017-03-10T03:05:20+00:00\",\"mainEntityOfPage\":{\"@id\":\"https:\\\/\\\/lospoliticosveracruz.com\\\/?p=31307\"},\"wordCount\":945,\"commentCount\":0,\"publisher\":{\"@id\":\"https:\\\/\\\/lospoliticosveracruz.com\\\/#organization\"},\"keywords\":[\"Contigo\",\"Duartismo\",\"el cambio sigue\",\"Fidelismo\",\"Octavia Ortega Arteaga\",\"P\u00e1nuco\",\"Paty Montiel\",\"Ricardo Garc\u00eda Guzm\u00e1n\"],\"articleSection\":[\"De Opini\u00f3n\"],\"inLanguage\":\"es\",\"potentialAction\":[{\"@type\":\"CommentAction\",\"name\":\"Comment\",\"target\":[\"https:\\\/\\\/lospoliticosveracruz.com\\\/?p=31307#respond\"]}]},{\"@type\":\"WebPage\",\"@id\":\"https:\\\/\\\/lospoliticosveracruz.com\\\/?p=31307\",\"url\":\"https:\\\/\\\/lospoliticosveracruz.com\\\/?p=31307\",\"name\":\"P\u00e1nuco: \u00bfDuartista vs Duartista? - Los pol\u00edticos Veracruz\",\"isPartOf\":{\"@id\":\"https:\\\/\\\/lospoliticosveracruz.com\\\/#website\"},\"datePublished\":\"2017-03-10T03:05:20+00:00\",\"breadcrumb\":{\"@id\":\"https:\\\/\\\/lospoliticosveracruz.com\\\/?p=31307#breadcrumb\"},\"inLanguage\":\"es\",\"potentialAction\":[{\"@type\":\"ReadAction\",\"target\":[\"https:\\\/\\\/lospoliticosveracruz.com\\\/?p=31307\"]}]},{\"@type\":\"BreadcrumbList\",\"@id\":\"https:\\\/\\\/lospoliticosveracruz.com\\\/?p=31307#breadcrumb\",\"itemListElement\":[{\"@type\":\"ListItem\",\"position\":1,\"name\":\"Portada\",\"item\":\"https:\\\/\\\/lospoliticosveracruz.com\\\/\"},{\"@type\":\"ListItem\",\"position\":2,\"name\":\"P\u00e1nuco: \u00bfDuartista vs Duartista?\"}]},{\"@type\":\"WebSite\",\"@id\":\"https:\\\/\\\/lospoliticosveracruz.com\\\/#website\",\"url\":\"https:\\\/\\\/lospoliticosveracruz.com\\\/\",\"name\":\"Los pol\u00edticos Veracruz\",\"description\":\"\",\"publisher\":{\"@id\":\"https:\\\/\\\/lospoliticosveracruz.com\\\/#organization\"},\"potentialAction\":[{\"@type\":\"SearchAction\",\"target\":{\"@type\":\"EntryPoint\",\"urlTemplate\":\"https:\\\/\\\/lospoliticosveracruz.com\\\/?s={search_term_string}\"},\"query-input\":{\"@type\":\"PropertyValueSpecification\",\"valueRequired\":true,\"valueName\":\"search_term_string\"}}],\"inLanguage\":\"es\"},{\"@type\":\"Organization\",\"@id\":\"https:\\\/\\\/lospoliticosveracruz.com\\\/#organization\",\"name\":\"Los pol\u00edticos Veracruz\",\"url\":\"https:\\\/\\\/lospoliticosveracruz.com\\\/\",\"logo\":{\"@type\":\"ImageObject\",\"inLanguage\":\"es\",\"@id\":\"https:\\\/\\\/lospoliticosveracruz.com\\\/#\\\/schema\\\/logo\\\/image\\\/\",\"url\":\"https:\\\/\\\/lospoliticosveracruz.com\\\/wp-content\\\/uploads\\\/2025\\\/12\\\/Logo-Nuevo-LOS-POLITICOS-1.jpg\",\"contentUrl\":\"https:\\\/\\\/lospoliticosveracruz.com\\\/wp-content\\\/uploads\\\/2025\\\/12\\\/Logo-Nuevo-LOS-POLITICOS-1.jpg\",\"width\":260,\"height\":70,\"caption\":\"Los pol\u00edticos Veracruz\"},\"image\":{\"@id\":\"https:\\\/\\\/lospoliticosveracruz.com\\\/#\\\/schema\\\/logo\\\/image\\\/\"},\"sameAs\":[\"https:\\\/\\\/www.facebook.com\\\/people\\\/Notimemes-de-los-Polticos\\\/61565672886568\\\/\",\"https:\\\/\\\/x.com\\\/LosPoliticosVer\"]},{\"@type\":\"Person\",\"@id\":\"https:\\\/\\\/lospoliticosveracruz.com\\\/#\\\/schema\\\/person\\\/b8702bb0e538456e6efd07080bf2a4a2\",\"name\":\"Lo viste en Los Pol\u00edticos\",\"image\":{\"@type\":\"ImageObject\",\"inLanguage\":\"es\",\"@id\":\"https:\\\/\\\/secure.gravatar.com\\\/avatar\\\/3a8de04a2656d44082be478bd6c086daa447c4651605818287b9532d3d0bd435?s=96&d=mm&r=g\",\"url\":\"https:\\\/\\\/secure.gravatar.com\\\/avatar\\\/3a8de04a2656d44082be478bd6c086daa447c4651605818287b9532d3d0bd435?s=96&d=mm&r=g\",\"contentUrl\":\"https:\\\/\\\/secure.gravatar.com\\\/avatar\\\/3a8de04a2656d44082be478bd6c086daa447c4651605818287b9532d3d0bd435?s=96&d=mm&r=g\",\"caption\":\"Lo viste en Los Pol\u00edticos\"},\"url\":\"https:\\\/\\\/lospoliticosveracruz.com\\\/?author=2\"}]}<\/script>\n<!-- \/ Yoast SEO plugin. -->","yoast_head_json":{"title":"P\u00e1nuco: \u00bfDuartista vs Duartista? - Los pol\u00edticos Veracruz","robots":{"index":"index","follow":"follow","max-snippet":"max-snippet:-1","max-image-preview":"max-image-preview:large","max-video-preview":"max-video-preview:-1"},"canonical":"https:\/\/lospoliticosveracruz.com\/?p=31307","og_locale":"es_ES","og_type":"article","og_title":"P\u00e1nuco: \u00bfDuartista vs Duartista? - Los pol\u00edticos Veracruz","og_description":"Salvador Mu\u00f1oz Los Pol\u00edticos &nbsp; Con la recepci\u00f3n de \u201cpr\u00f3fugos del duartismo y del fidelismo\u201d, el PAN como el PRD es seguro que ya hayan imaginado los escenarios que podr\u00edan provocar llev\u00e1ndolos como candidatos&#8230; porque en el imaginario, es posible que se tenga una batalla campal por las alcald\u00edas entre priistas y ex priistas; o [&hellip;]","og_url":"https:\/\/lospoliticosveracruz.com\/?p=31307","og_site_name":"Los pol\u00edticos Veracruz","article_publisher":"https:\/\/www.facebook.com\/people\/Notimemes-de-los-Polticos\/61565672886568\/","article_published_time":"2017-03-10T03:05:20+00:00","og_image":[{"width":200,"height":200,"url":"https:\/\/lospoliticosveracruz.com\/wp-content\/uploads\/2016\/07\/Logo-Dor.jpg","type":"image\/jpeg"}],"author":"Lo viste en Los Pol\u00edticos","twitter_card":"summary_large_image","twitter_creator":"@LosPoliticosVer","twitter_site":"@LosPoliticosVer","twitter_misc":{"Escrito por":"Lo viste en Los Pol\u00edticos","Tiempo de lectura":"5 minutos"},"schema":{"@context":"https:\/\/schema.org","@graph":[{"@type":"Article","@id":"https:\/\/lospoliticosveracruz.com\/?p=31307#article","isPartOf":{"@id":"https:\/\/lospoliticosveracruz.com\/?p=31307"},"author":{"name":"Lo viste en Los Pol\u00edticos","@id":"https:\/\/lospoliticosveracruz.com\/#\/schema\/person\/b8702bb0e538456e6efd07080bf2a4a2"},"headline":"P\u00e1nuco: \u00bfDuartista vs Duartista?","datePublished":"2017-03-10T03:05:20+00:00","mainEntityOfPage":{"@id":"https:\/\/lospoliticosveracruz.com\/?p=31307"},"wordCount":945,"commentCount":0,"publisher":{"@id":"https:\/\/lospoliticosveracruz.com\/#organization"},"keywords":["Contigo","Duartismo","el cambio sigue","Fidelismo","Octavia Ortega Arteaga","P\u00e1nuco","Paty Montiel","Ricardo Garc\u00eda Guzm\u00e1n"],"articleSection":["De Opini\u00f3n"],"inLanguage":"es","potentialAction":[{"@type":"CommentAction","name":"Comment","target":["https:\/\/lospoliticosveracruz.com\/?p=31307#respond"]}]},{"@type":"WebPage","@id":"https:\/\/lospoliticosveracruz.com\/?p=31307","url":"https:\/\/lospoliticosveracruz.com\/?p=31307","name":"P\u00e1nuco: \u00bfDuartista vs Duartista? - Los pol\u00edticos Veracruz","isPartOf":{"@id":"https:\/\/lospoliticosveracruz.com\/#website"},"datePublished":"2017-03-10T03:05:20+00:00","breadcrumb":{"@id":"https:\/\/lospoliticosveracruz.com\/?p=31307#breadcrumb"},"inLanguage":"es","potentialAction":[{"@type":"ReadAction","target":["https:\/\/lospoliticosveracruz.com\/?p=31307"]}]},{"@type":"BreadcrumbList","@id":"https:\/\/lospoliticosveracruz.com\/?p=31307#breadcrumb","itemListElement":[{"@type":"ListItem","position":1,"name":"Portada","item":"https:\/\/lospoliticosveracruz.com\/"},{"@type":"ListItem","position":2,"name":"P\u00e1nuco: \u00bfDuartista vs Duartista?"}]},{"@type":"WebSite","@id":"https:\/\/lospoliticosveracruz.com\/#website","url":"https:\/\/lospoliticosveracruz.com\/","name":"Los pol\u00edticos Veracruz","description":"","publisher":{"@id":"https:\/\/lospoliticosveracruz.com\/#organization"},"potentialAction":[{"@type":"SearchAction","target":{"@type":"EntryPoint","urlTemplate":"https:\/\/lospoliticosveracruz.com\/?s={search_term_string}"},"query-input":{"@type":"PropertyValueSpecification","valueRequired":true,"valueName":"search_term_string"}}],"inLanguage":"es"},{"@type":"Organization","@id":"https:\/\/lospoliticosveracruz.com\/#organization","name":"Los pol\u00edticos Veracruz","url":"https:\/\/lospoliticosveracruz.com\/","logo":{"@type":"ImageObject","inLanguage":"es","@id":"https:\/\/lospoliticosveracruz.com\/#\/schema\/logo\/image\/","url":"https:\/\/lospoliticosveracruz.com\/wp-content\/uploads\/2025\/12\/Logo-Nuevo-LOS-POLITICOS-1.jpg","contentUrl":"https:\/\/lospoliticosveracruz.com\/wp-content\/uploads\/2025\/12\/Logo-Nuevo-LOS-POLITICOS-1.jpg","width":260,"height":70,"caption":"Los pol\u00edticos Veracruz"},"image":{"@id":"https:\/\/lospoliticosveracruz.com\/#\/schema\/logo\/image\/"},"sameAs":["https:\/\/www.facebook.com\/people\/Notimemes-de-los-Polticos\/61565672886568\/","https:\/\/x.com\/LosPoliticosVer"]},{"@type":"Person","@id":"https:\/\/lospoliticosveracruz.com\/#\/schema\/person\/b8702bb0e538456e6efd07080bf2a4a2","name":"Lo viste en Los Pol\u00edticos","image":{"@type":"ImageObject","inLanguage":"es","@id":"https:\/\/secure.gravatar.com\/avatar\/3a8de04a2656d44082be478bd6c086daa447c4651605818287b9532d3d0bd435?s=96&d=mm&r=g","url":"https:\/\/secure.gravatar.com\/avatar\/3a8de04a2656d44082be478bd6c086daa447c4651605818287b9532d3d0bd435?s=96&d=mm&r=g","contentUrl":"https:\/\/secure.gravatar.com\/avatar\/3a8de04a2656d44082be478bd6c086daa447c4651605818287b9532d3d0bd435?s=96&d=mm&r=g","caption":"Lo viste en Los Pol\u00edticos"},"url":"https:\/\/lospoliticosveracruz.com\/?author=2"}]}},"_links":{"self":[{"href":"https:\/\/lospoliticosveracruz.com\/index.php?rest_route=\/wp\/v2\/posts\/31307","targetHints":{"allow":["GET"]}}],"collection":[{"href":"https:\/\/lospoliticosveracruz.com\/index.php?rest_route=\/wp\/v2\/posts"}],"about":[{"href":"https:\/\/lospoliticosveracruz.com\/index.php?rest_route=\/wp\/v2\/types\/post"}],"author":[{"embeddable":true,"href":"https:\/\/lospoliticosveracruz.com\/index.php?rest_route=\/wp\/v2\/users\/2"}],"replies":[{"embeddable":true,"href":"https:\/\/lospoliticosveracruz.com\/index.php?rest_route=%2Fwp%2Fv2%2Fcomments&post=31307"}],"version-history":[{"count":1,"href":"https:\/\/lospoliticosveracruz.com\/index.php?rest_route=\/wp\/v2\/posts\/31307\/revisions"}],"predecessor-version":[{"id":31308,"href":"https:\/\/lospoliticosveracruz.com\/index.php?rest_route=\/wp\/v2\/posts\/31307\/revisions\/31308"}],"wp:attachment":[{"href":"https:\/\/lospoliticosveracruz.com\/index.php?rest_route=%2Fwp%2Fv2%2Fmedia&parent=31307"}],"wp:term":[{"taxonomy":"category","embeddable":true,"href":"https:\/\/lospoliticosveracruz.com\/index.php?rest_route=%2Fwp%2Fv2%2Fcategories&post=31307"},{"taxonomy":"post_tag","embeddable":true,"href":"https:\/\/lospoliticosveracruz.com\/index.php?rest_route=%2Fwp%2Fv2%2Ftags&post=31307"}],"curies":[{"name":"wp","href":"https:\/\/api.w.org\/{rel}","templated":true}]}}