{"id":31310,"date":"2017-03-10T09:22:58","date_gmt":"2017-03-10T15:22:58","guid":{"rendered":"http:\/\/www.lospoliticosveracruz.com.mx\/?p=31310"},"modified":"2017-03-10T09:23:14","modified_gmt":"2017-03-10T15:23:14","slug":"deconstruir-la-masculinidad","status":"publish","type":"post","link":"https:\/\/lospoliticosveracruz.com\/?p=31310","title":{"rendered":"Deconstruir la masculinidad"},"content":{"rendered":"<p align=\"JUSTIFY\"><a name=\"_GoBack\"><\/a><\/p>\n<p align=\"JUSTIFY\"><strong>Naldy Rodr\u00edguez<\/strong><\/p>\n<p align=\"JUSTIFY\"><em>Transparencia 3.0<\/em><\/p>\n<p align=\"JUSTIFY\">Las mujeres solemos culpar a los hombres de todos nuestros males y acostumbramos tambi\u00e9n a generalizar sus conductas.<\/p>\n<p align=\"JUSTIFY\">Todos son infieles, machistas, a todos les gusta la fiesta y el trago, y todos se desentienden de los hijos. Nada m\u00e1s falso.<\/p>\n<p align=\"JUSTIFY\">Lo que s\u00ed es cierto es que todav\u00eda hay una sociedad que aplaude y hasta promueve la violencia que ejercen los hombres, patrones que se siguen desde la infancia. Le decimos al ni\u00f1o que no se deje de los otros, que se \u00abdefienda\u00bb o lo madreamos; cuando son j\u00f3venes, validamos que sean \u00abnovieros\u00bb o que no lleguen a casa a dormir&#8230;\u00a0es \u00abhombre\u00bb; y cuando ya son adultos, aprobamos que se impongan y demuestren su fortaleza en p\u00fablico.<\/p>\n<p align=\"JUSTIFY\">Pero es esta generaci\u00f3n la que ejerce una paternidad responsable, pasan m\u00e1s tiempo con sus hijos y comparten derechos y obligaciones (juntas en la escuela, fiestas infantiles, la realizaci\u00f3n de las tareas, entre otros). Mi padre no me cambi\u00f3 los pa\u00f1ales ni prepar\u00f3 las mamilas, pero el padre de mis hijas s\u00ed lo hizo.<\/p>\n<p align=\"JUSTIFY\">Muchos hombres m\u00e1s asumen con responsabilidad el papel que juegan en la sociedad, pero adem\u00e1s tratan de construir relaciones igualitarias, como lo hacen los integrantes de HRVida.<\/p>\n<p align=\"JUSTIFY\">Profesionistas, investigadores y padres de familia han conjuntado su esfuerzo y llevan ya 14 a\u00f1os como agentes de cambio para romper una cultura machista y faloc\u00e9ntrica.<\/p>\n<p align=\"JUSTIFY\">Primero se constituyeron como un grupo denominado \u00abHombres renunciando a la violencia\u00bb para dar paso a \u00abhombres responsabiliz\u00e1ndose de su vida\u00bb.<\/p>\n<p align=\"JUSTIFY\">Actualmente tienen cuatro grupos activos de trabajo, uno de ellos con hombres que han sido mandatados por los juzgados, pues fueron sentenciados por ejercer violencia.<\/p>\n<p align=\"JUSTIFY\">En la Conmemoraci\u00f3n del D\u00eda Internacional de la Mujer, quise escucharlos. Es una gran aportaci\u00f3n al esfuerzo de las f\u00e9minas para erradicar la violencia y trabajar en la construcci\u00f3n de una sociedad igualitaria.<\/p>\n<p align=\"JUSTIFY\">En un conservatorio e intercambio de ideas -realizado en las instalaciones de la Comisi\u00f3n Estatal de Derechos Humanos con la presencia de su titular Namiko Matzumoto-, expusieron los retos de los hombres para contribuir a garantizar los derechos de las mujeres, sin detrimento de los suyos.<\/p>\n<p align=\"JUSTIFY\">La paternidad responsable es un tema que les ocupa a los hombres de HR Vida, porque saben que 8 de cada 10 asumen el rol de padre, aunque no tengan hijos; y que tienen defectos y alguna que otra virtud.<\/p>\n<p align=\"JUSTIFY\">Les preocupa que en M\u00e9xico el parto sea la primera causa de ingreso hospitalario en ni\u00f1as de 10 a 14 a\u00f1os, y que el 63 por ciento de las mujeres de 15 a\u00f1os o m\u00e1s hayan sufrido alg\u00fan tipo de violencia, en la mayor\u00eda de los casos la agresi\u00f3n viene de la pareja.<\/p>\n<p>\u00abDe 2006 a 2014 m\u00e1s de mil 500 ni\u00f1as de 10 a\u00f1os tuvieron un hijo\u00bb, inform\u00f3 el doctor Benno George Keijzer Fokker, investigador<span lang=\"es-MX\"> de la Universidad Veracruzana e integrante de HR Vida.<\/span><\/p>\n<p align=\"JUSTIFY\">Tambi\u00e9n se pronunciaron por pol\u00edticas p\u00fablicas que promuevan la igualdad, pues est\u00e1n conscientes que las mujeres trabajan m\u00e1s, tienen menores salarios y padecen mobbing laboral (acoso y hostigamiento en este \u00e1mbito).<\/p>\n<p align=\"JUSTIFY\">Es cultural, dijo uno de los ponentes, hay una violencia simb\u00f3lica que no permite identificarla, que hablar mal de una mujer o mirarle el cuerpo de forma lasciva es permitido.<\/p>\n<p align=\"JUSTIFY\">&#8212;<\/p>\n<p>\u201cElla no es mi hija, pero la amo. T\u00fa tal vez no la ames&#8230; pero s\u00ed es tu hija. Por favor, te lo suplico, ponla a salvo\u201d<span lang=\"es-MX\">, le dice el profesor Charles a un envejecido Logan. Es una pel\u00edcula para adultos violenta que marca el fin de una <\/span><span lang=\"es-MX\">historia.<\/span><\/p>\n<p align=\"JUSTIFY\">&#8212;-<\/p>\n<p align=\"JUSTIFY\">\u00abA los amigos, justicia\u00a0y gracia. A los enemigos, la Ley a secas\u201d: Benito Ju\u00e1rez.<span lang=\"es-MX\"> \u00bf<\/span>Les suena?<\/p>\n<p align=\"JUSTIFY\">Twitter: @ydlan<\/p>\n<p align=\"JUSTIFY\">Transparencia3.0@hotmail.com<\/p>\n","protected":false},"excerpt":{"rendered":"<p>Naldy Rodr\u00edguez Transparencia 3.0 Las mujeres solemos culpar a los hombres de todos nuestros males y acostumbramos tambi\u00e9n a generalizar sus conductas. Todos son infieles, machistas, a todos les gusta la fiesta y el trago, y todos se desentienden de los hijos. Nada m\u00e1s falso. Lo que s\u00ed es cierto es que todav\u00eda hay una [&hellip;]<\/p>\n","protected":false},"author":2,"featured_media":0,"comment_status":"open","ping_status":"open","sticky":false,"template":"","format":"standard","meta":{"tdm_status":"","tdm_grid_status":"","footnotes":""},"categories":[70],"tags":[462,7657,2830,5281,4378,463],"class_list":{"0":"post-31310","1":"post","2":"type-post","3":"status-publish","4":"format-standard","6":"category-de-opinion","7":"tag-hombres","8":"tag-hrvida","9":"tag-machismo","10":"tag-naldy-rodriguez","11":"tag-namiko-matzumoto","12":"tag-violencia"},"yoast_head":"<!-- This site is optimized with the Yoast SEO plugin v27.4 - https:\/\/yoast.com\/product\/yoast-seo-wordpress\/ -->\n<title>Deconstruir la masculinidad - Los pol\u00edticos Veracruz<\/title>\n<meta name=\"robots\" content=\"index, follow, max-snippet:-1, max-image-preview:large, max-video-preview:-1\" \/>\n<link rel=\"canonical\" href=\"https:\/\/lospoliticosveracruz.com\/?p=31310\" \/>\n<meta property=\"og:locale\" content=\"es_ES\" \/>\n<meta property=\"og:type\" content=\"article\" \/>\n<meta property=\"og:title\" content=\"Deconstruir la masculinidad - Los pol\u00edticos Veracruz\" \/>\n<meta property=\"og:description\" content=\"Naldy Rodr\u00edguez Transparencia 3.0 Las mujeres solemos culpar a los hombres de todos nuestros males y acostumbramos tambi\u00e9n a generalizar sus conductas. Todos son infieles, machistas, a todos les gusta la fiesta y el trago, y todos se desentienden de los hijos. Nada m\u00e1s falso. Lo que s\u00ed es cierto es que todav\u00eda hay una [&hellip;]\" \/>\n<meta property=\"og:url\" content=\"https:\/\/lospoliticosveracruz.com\/?p=31310\" \/>\n<meta property=\"og:site_name\" content=\"Los pol\u00edticos Veracruz\" \/>\n<meta property=\"article:publisher\" content=\"https:\/\/www.facebook.com\/people\/Notimemes-de-los-Polticos\/61565672886568\/\" \/>\n<meta property=\"article:published_time\" content=\"2017-03-10T15:22:58+00:00\" \/>\n<meta property=\"article:modified_time\" content=\"2017-03-10T15:23:14+00:00\" \/>\n<meta property=\"og:image\" content=\"https:\/\/lospoliticosveracruz.com\/wp-content\/uploads\/2016\/07\/Logo-Dor.jpg\" \/>\n\t<meta property=\"og:image:width\" content=\"200\" \/>\n\t<meta property=\"og:image:height\" content=\"200\" \/>\n\t<meta property=\"og:image:type\" content=\"image\/jpeg\" \/>\n<meta name=\"author\" content=\"Lo viste en Los Pol\u00edticos\" \/>\n<meta name=\"twitter:card\" content=\"summary_large_image\" \/>\n<meta name=\"twitter:creator\" content=\"@LosPoliticosVer\" \/>\n<meta name=\"twitter:site\" content=\"@LosPoliticosVer\" \/>\n<meta name=\"twitter:label1\" content=\"Escrito por\" \/>\n\t<meta name=\"twitter:data1\" content=\"Lo viste en Los Pol\u00edticos\" \/>\n\t<meta name=\"twitter:label2\" content=\"Tiempo de lectura\" \/>\n\t<meta name=\"twitter:data2\" content=\"3 minutos\" \/>\n<script type=\"application\/ld+json\" class=\"yoast-schema-graph\">{\"@context\":\"https:\\\/\\\/schema.org\",\"@graph\":[{\"@type\":\"Article\",\"@id\":\"https:\\\/\\\/lospoliticosveracruz.com\\\/?p=31310#article\",\"isPartOf\":{\"@id\":\"https:\\\/\\\/lospoliticosveracruz.com\\\/?p=31310\"},\"author\":{\"name\":\"Lo viste en Los Pol\u00edticos\",\"@id\":\"https:\\\/\\\/lospoliticosveracruz.com\\\/#\\\/schema\\\/person\\\/b8702bb0e538456e6efd07080bf2a4a2\"},\"headline\":\"Deconstruir la masculinidad\",\"datePublished\":\"2017-03-10T15:22:58+00:00\",\"dateModified\":\"2017-03-10T15:23:14+00:00\",\"mainEntityOfPage\":{\"@id\":\"https:\\\/\\\/lospoliticosveracruz.com\\\/?p=31310\"},\"wordCount\":646,\"commentCount\":0,\"publisher\":{\"@id\":\"https:\\\/\\\/lospoliticosveracruz.com\\\/#organization\"},\"keywords\":[\"Hombres\",\"HRVida\",\"Machismo\",\"Naldy Rodr\u00edguez\",\"Namiko Matzumoto\",\"violencia\"],\"articleSection\":[\"De Opini\u00f3n\"],\"inLanguage\":\"es\",\"potentialAction\":[{\"@type\":\"CommentAction\",\"name\":\"Comment\",\"target\":[\"https:\\\/\\\/lospoliticosveracruz.com\\\/?p=31310#respond\"]}]},{\"@type\":\"WebPage\",\"@id\":\"https:\\\/\\\/lospoliticosveracruz.com\\\/?p=31310\",\"url\":\"https:\\\/\\\/lospoliticosveracruz.com\\\/?p=31310\",\"name\":\"Deconstruir la masculinidad - Los pol\u00edticos Veracruz\",\"isPartOf\":{\"@id\":\"https:\\\/\\\/lospoliticosveracruz.com\\\/#website\"},\"datePublished\":\"2017-03-10T15:22:58+00:00\",\"dateModified\":\"2017-03-10T15:23:14+00:00\",\"breadcrumb\":{\"@id\":\"https:\\\/\\\/lospoliticosveracruz.com\\\/?p=31310#breadcrumb\"},\"inLanguage\":\"es\",\"potentialAction\":[{\"@type\":\"ReadAction\",\"target\":[\"https:\\\/\\\/lospoliticosveracruz.com\\\/?p=31310\"]}]},{\"@type\":\"BreadcrumbList\",\"@id\":\"https:\\\/\\\/lospoliticosveracruz.com\\\/?p=31310#breadcrumb\",\"itemListElement\":[{\"@type\":\"ListItem\",\"position\":1,\"name\":\"Portada\",\"item\":\"https:\\\/\\\/lospoliticosveracruz.com\\\/\"},{\"@type\":\"ListItem\",\"position\":2,\"name\":\"Deconstruir la masculinidad\"}]},{\"@type\":\"WebSite\",\"@id\":\"https:\\\/\\\/lospoliticosveracruz.com\\\/#website\",\"url\":\"https:\\\/\\\/lospoliticosveracruz.com\\\/\",\"name\":\"Los pol\u00edticos Veracruz\",\"description\":\"\",\"publisher\":{\"@id\":\"https:\\\/\\\/lospoliticosveracruz.com\\\/#organization\"},\"potentialAction\":[{\"@type\":\"SearchAction\",\"target\":{\"@type\":\"EntryPoint\",\"urlTemplate\":\"https:\\\/\\\/lospoliticosveracruz.com\\\/?s={search_term_string}\"},\"query-input\":{\"@type\":\"PropertyValueSpecification\",\"valueRequired\":true,\"valueName\":\"search_term_string\"}}],\"inLanguage\":\"es\"},{\"@type\":\"Organization\",\"@id\":\"https:\\\/\\\/lospoliticosveracruz.com\\\/#organization\",\"name\":\"Los pol\u00edticos Veracruz\",\"url\":\"https:\\\/\\\/lospoliticosveracruz.com\\\/\",\"logo\":{\"@type\":\"ImageObject\",\"inLanguage\":\"es\",\"@id\":\"https:\\\/\\\/lospoliticosveracruz.com\\\/#\\\/schema\\\/logo\\\/image\\\/\",\"url\":\"https:\\\/\\\/lospoliticosveracruz.com\\\/wp-content\\\/uploads\\\/2025\\\/12\\\/Logo-Nuevo-LOS-POLITICOS-1.jpg\",\"contentUrl\":\"https:\\\/\\\/lospoliticosveracruz.com\\\/wp-content\\\/uploads\\\/2025\\\/12\\\/Logo-Nuevo-LOS-POLITICOS-1.jpg\",\"width\":260,\"height\":70,\"caption\":\"Los pol\u00edticos Veracruz\"},\"image\":{\"@id\":\"https:\\\/\\\/lospoliticosveracruz.com\\\/#\\\/schema\\\/logo\\\/image\\\/\"},\"sameAs\":[\"https:\\\/\\\/www.facebook.com\\\/people\\\/Notimemes-de-los-Polticos\\\/61565672886568\\\/\",\"https:\\\/\\\/x.com\\\/LosPoliticosVer\"]},{\"@type\":\"Person\",\"@id\":\"https:\\\/\\\/lospoliticosveracruz.com\\\/#\\\/schema\\\/person\\\/b8702bb0e538456e6efd07080bf2a4a2\",\"name\":\"Lo viste en Los Pol\u00edticos\",\"image\":{\"@type\":\"ImageObject\",\"inLanguage\":\"es\",\"@id\":\"https:\\\/\\\/secure.gravatar.com\\\/avatar\\\/3a8de04a2656d44082be478bd6c086daa447c4651605818287b9532d3d0bd435?s=96&d=mm&r=g\",\"url\":\"https:\\\/\\\/secure.gravatar.com\\\/avatar\\\/3a8de04a2656d44082be478bd6c086daa447c4651605818287b9532d3d0bd435?s=96&d=mm&r=g\",\"contentUrl\":\"https:\\\/\\\/secure.gravatar.com\\\/avatar\\\/3a8de04a2656d44082be478bd6c086daa447c4651605818287b9532d3d0bd435?s=96&d=mm&r=g\",\"caption\":\"Lo viste en Los Pol\u00edticos\"},\"url\":\"https:\\\/\\\/lospoliticosveracruz.com\\\/?author=2\"}]}<\/script>\n<!-- \/ Yoast SEO plugin. -->","yoast_head_json":{"title":"Deconstruir la masculinidad - Los pol\u00edticos Veracruz","robots":{"index":"index","follow":"follow","max-snippet":"max-snippet:-1","max-image-preview":"max-image-preview:large","max-video-preview":"max-video-preview:-1"},"canonical":"https:\/\/lospoliticosveracruz.com\/?p=31310","og_locale":"es_ES","og_type":"article","og_title":"Deconstruir la masculinidad - Los pol\u00edticos Veracruz","og_description":"Naldy Rodr\u00edguez Transparencia 3.0 Las mujeres solemos culpar a los hombres de todos nuestros males y acostumbramos tambi\u00e9n a generalizar sus conductas. Todos son infieles, machistas, a todos les gusta la fiesta y el trago, y todos se desentienden de los hijos. Nada m\u00e1s falso. Lo que s\u00ed es cierto es que todav\u00eda hay una [&hellip;]","og_url":"https:\/\/lospoliticosveracruz.com\/?p=31310","og_site_name":"Los pol\u00edticos Veracruz","article_publisher":"https:\/\/www.facebook.com\/people\/Notimemes-de-los-Polticos\/61565672886568\/","article_published_time":"2017-03-10T15:22:58+00:00","article_modified_time":"2017-03-10T15:23:14+00:00","og_image":[{"width":200,"height":200,"url":"https:\/\/lospoliticosveracruz.com\/wp-content\/uploads\/2016\/07\/Logo-Dor.jpg","type":"image\/jpeg"}],"author":"Lo viste en Los Pol\u00edticos","twitter_card":"summary_large_image","twitter_creator":"@LosPoliticosVer","twitter_site":"@LosPoliticosVer","twitter_misc":{"Escrito por":"Lo viste en Los Pol\u00edticos","Tiempo de lectura":"3 minutos"},"schema":{"@context":"https:\/\/schema.org","@graph":[{"@type":"Article","@id":"https:\/\/lospoliticosveracruz.com\/?p=31310#article","isPartOf":{"@id":"https:\/\/lospoliticosveracruz.com\/?p=31310"},"author":{"name":"Lo viste en Los Pol\u00edticos","@id":"https:\/\/lospoliticosveracruz.com\/#\/schema\/person\/b8702bb0e538456e6efd07080bf2a4a2"},"headline":"Deconstruir la masculinidad","datePublished":"2017-03-10T15:22:58+00:00","dateModified":"2017-03-10T15:23:14+00:00","mainEntityOfPage":{"@id":"https:\/\/lospoliticosveracruz.com\/?p=31310"},"wordCount":646,"commentCount":0,"publisher":{"@id":"https:\/\/lospoliticosveracruz.com\/#organization"},"keywords":["Hombres","HRVida","Machismo","Naldy Rodr\u00edguez","Namiko Matzumoto","violencia"],"articleSection":["De Opini\u00f3n"],"inLanguage":"es","potentialAction":[{"@type":"CommentAction","name":"Comment","target":["https:\/\/lospoliticosveracruz.com\/?p=31310#respond"]}]},{"@type":"WebPage","@id":"https:\/\/lospoliticosveracruz.com\/?p=31310","url":"https:\/\/lospoliticosveracruz.com\/?p=31310","name":"Deconstruir la masculinidad - Los pol\u00edticos Veracruz","isPartOf":{"@id":"https:\/\/lospoliticosveracruz.com\/#website"},"datePublished":"2017-03-10T15:22:58+00:00","dateModified":"2017-03-10T15:23:14+00:00","breadcrumb":{"@id":"https:\/\/lospoliticosveracruz.com\/?p=31310#breadcrumb"},"inLanguage":"es","potentialAction":[{"@type":"ReadAction","target":["https:\/\/lospoliticosveracruz.com\/?p=31310"]}]},{"@type":"BreadcrumbList","@id":"https:\/\/lospoliticosveracruz.com\/?p=31310#breadcrumb","itemListElement":[{"@type":"ListItem","position":1,"name":"Portada","item":"https:\/\/lospoliticosveracruz.com\/"},{"@type":"ListItem","position":2,"name":"Deconstruir la masculinidad"}]},{"@type":"WebSite","@id":"https:\/\/lospoliticosveracruz.com\/#website","url":"https:\/\/lospoliticosveracruz.com\/","name":"Los pol\u00edticos Veracruz","description":"","publisher":{"@id":"https:\/\/lospoliticosveracruz.com\/#organization"},"potentialAction":[{"@type":"SearchAction","target":{"@type":"EntryPoint","urlTemplate":"https:\/\/lospoliticosveracruz.com\/?s={search_term_string}"},"query-input":{"@type":"PropertyValueSpecification","valueRequired":true,"valueName":"search_term_string"}}],"inLanguage":"es"},{"@type":"Organization","@id":"https:\/\/lospoliticosveracruz.com\/#organization","name":"Los pol\u00edticos Veracruz","url":"https:\/\/lospoliticosveracruz.com\/","logo":{"@type":"ImageObject","inLanguage":"es","@id":"https:\/\/lospoliticosveracruz.com\/#\/schema\/logo\/image\/","url":"https:\/\/lospoliticosveracruz.com\/wp-content\/uploads\/2025\/12\/Logo-Nuevo-LOS-POLITICOS-1.jpg","contentUrl":"https:\/\/lospoliticosveracruz.com\/wp-content\/uploads\/2025\/12\/Logo-Nuevo-LOS-POLITICOS-1.jpg","width":260,"height":70,"caption":"Los pol\u00edticos Veracruz"},"image":{"@id":"https:\/\/lospoliticosveracruz.com\/#\/schema\/logo\/image\/"},"sameAs":["https:\/\/www.facebook.com\/people\/Notimemes-de-los-Polticos\/61565672886568\/","https:\/\/x.com\/LosPoliticosVer"]},{"@type":"Person","@id":"https:\/\/lospoliticosveracruz.com\/#\/schema\/person\/b8702bb0e538456e6efd07080bf2a4a2","name":"Lo viste en Los Pol\u00edticos","image":{"@type":"ImageObject","inLanguage":"es","@id":"https:\/\/secure.gravatar.com\/avatar\/3a8de04a2656d44082be478bd6c086daa447c4651605818287b9532d3d0bd435?s=96&d=mm&r=g","url":"https:\/\/secure.gravatar.com\/avatar\/3a8de04a2656d44082be478bd6c086daa447c4651605818287b9532d3d0bd435?s=96&d=mm&r=g","contentUrl":"https:\/\/secure.gravatar.com\/avatar\/3a8de04a2656d44082be478bd6c086daa447c4651605818287b9532d3d0bd435?s=96&d=mm&r=g","caption":"Lo viste en Los Pol\u00edticos"},"url":"https:\/\/lospoliticosveracruz.com\/?author=2"}]}},"_links":{"self":[{"href":"https:\/\/lospoliticosveracruz.com\/index.php?rest_route=\/wp\/v2\/posts\/31310","targetHints":{"allow":["GET"]}}],"collection":[{"href":"https:\/\/lospoliticosveracruz.com\/index.php?rest_route=\/wp\/v2\/posts"}],"about":[{"href":"https:\/\/lospoliticosveracruz.com\/index.php?rest_route=\/wp\/v2\/types\/post"}],"author":[{"embeddable":true,"href":"https:\/\/lospoliticosveracruz.com\/index.php?rest_route=\/wp\/v2\/users\/2"}],"replies":[{"embeddable":true,"href":"https:\/\/lospoliticosveracruz.com\/index.php?rest_route=%2Fwp%2Fv2%2Fcomments&post=31310"}],"version-history":[{"count":1,"href":"https:\/\/lospoliticosveracruz.com\/index.php?rest_route=\/wp\/v2\/posts\/31310\/revisions"}],"predecessor-version":[{"id":31311,"href":"https:\/\/lospoliticosveracruz.com\/index.php?rest_route=\/wp\/v2\/posts\/31310\/revisions\/31311"}],"wp:attachment":[{"href":"https:\/\/lospoliticosveracruz.com\/index.php?rest_route=%2Fwp%2Fv2%2Fmedia&parent=31310"}],"wp:term":[{"taxonomy":"category","embeddable":true,"href":"https:\/\/lospoliticosveracruz.com\/index.php?rest_route=%2Fwp%2Fv2%2Fcategories&post=31310"},{"taxonomy":"post_tag","embeddable":true,"href":"https:\/\/lospoliticosveracruz.com\/index.php?rest_route=%2Fwp%2Fv2%2Ftags&post=31310"}],"curies":[{"name":"wp","href":"https:\/\/api.w.org\/{rel}","templated":true}]}}