{"id":31313,"date":"2017-03-10T16:20:15","date_gmt":"2017-03-10T22:20:15","guid":{"rendered":"http:\/\/www.lospoliticosveracruz.com.mx\/la-inminente-reestructuracion-de-la-deuda-veracruzana\/"},"modified":"2017-03-10T16:59:48","modified_gmt":"2017-03-10T22:59:48","slug":"la-inminente-reestructuracion-de-la-deuda-veracruzana","status":"publish","type":"post","link":"https:\/\/lospoliticosveracruz.com\/?p=31313","title":{"rendered":"La inminente reestructuraci\u00f3n de la deuda veracruzana"},"content":{"rendered":"<p><strong>Luis Alberto Romero<\/strong><\/p>\n<p><em>Hora Cero<\/em><\/p>\n<p>&nbsp;<\/p>\n<p>A pesar del voto en contra de los diputados del Movimiento de Regeneraci\u00f3n Nacional, Morena, en la Legislatura veracruzana se da pr\u00e1cticamente como un hecho la reestructuraci\u00f3n de la deuda del gobierno estatal, propuesta por el ejecutivo.<br \/>\nPanistas, perredistas, as\u00ed como algunos integrantes de la bancada del PRI y del llamado grupo \u201cJuntos por Veracruz\u201d levantar\u00edan la mano, a fin de aprobar la en\u00e9sima reestructura del pasivo en los \u00faltimos tres lustros.<br \/>\nLo cierto es que de no reestructurar la enorme deuda veracruzana, la viabilidad del actual gobierno estatal quedar\u00eda sumamente comprometida, dado que no existe capacidad financiera para saldar los compromisos con la banca y con los instrumentos burs\u00e1tiles de los dos anteriores sexenios.<br \/>\nLa deuda contratada por el gobierno de Miguel Alem\u00e1n, en el \u00faltimo tramo de la administraci\u00f3n (3 mil 500 millones de pesos), que en su momento caus\u00f3 esc\u00e1ndalo, hoy provoca risa, porque Veracruz debe ahora 20 veces m\u00e1s que entonces.<br \/>\nAtr\u00e1s y para el anecdotario qued\u00f3 la declaraci\u00f3n del ex gobernador Fidel Herrera, quien en 2006 sostuvo que su administraci\u00f3n pagar\u00eda esa deuda y dejar\u00eda 2 mil 500 millones de pesos en el caj\u00f3n del dinero estatal.<br \/>\nEl 15 de diciembre de 2006, con recursos de la bursatilizaci\u00f3n, Herrera Beltr\u00e1n entreg\u00f3 a Banorte, a Banamex y al Banco Interacciones casi 3 mil 120 millones de pesos para saldar la deuda contratada en las postrimer\u00edas del gobierno de Alem\u00e1n Velasco.<br \/>\nSin embargo, la deuda veracruzana sigui\u00f3 creciendo durante los gobiernos de Fidel Herrera y Javier Duarte.<br \/>\nHoy pr\u00e1cticamente no existe informaci\u00f3n confiable sobre el monto de la deuda del gobierno estatal, porque se han filtrado diversas cifras, la m\u00e1s conservadora apunta a m\u00e1s de 60 mil millones de pesos.<br \/>\nSobre el particular, el gobernador Miguel \u00c1ngel Yunes inform\u00f3 el pasado 3 de marzo que la deuda de la entidad representa un gasto de entre 500 y 600 millones de pesos mensuales; es decir, unos 20 millones de pesos diarios, lo que impide que se realicen inversiones para mejorar la seguridad, los servicios de salud, y para que se realice un programa de obras. Por ello, el gobernador urgi\u00f3 a los diputados locales aprobar la reestructuraci\u00f3n de la deuda, a un mayor plazo, 50 a\u00f1os, a fin de que Veracruz disponga de m\u00e1s recursos en lo inmediato.<br \/>\nDicho asunto lleg\u00f3 al Congreso local, donde comenz\u00f3 el debate entre los integrantes de las diferentes bancadas.<br \/>\nAl finalizar enero pasado, en la Legislatura no hubo acuerdos entre los grupos legislativos, como reconoci\u00f3 la diputada Mar\u00eda Josefina Gamboa, quien realiz\u00f3 un ejercicio de autocr\u00edtica al apuntar que al interior del Congreso falt\u00f3 el di\u00e1logo y el consenso. En esa ocasi\u00f3n, los diputados de Morena, del PRI y del grupo \u201cJuntos por Veracruz\u201d se negaron a que el asunto se discutiera en el pleno, con el argumento de que la propuesta enviada por el ejecutivo no les resultaba del todo clara.<br \/>\nAl concluir febrero, el tema volvi\u00f3 a tocarse en la Legislatura, pero tampoco hubo consenso, por lo que el dictamen que autorizar\u00eda al gobernador Miguel \u00c1ngel Yunes a reestructurar 28 cr\u00e9ditos bancarios y burs\u00e1tiles por un monto de m\u00e1s de 42 millones de pesos fue retirado de la orden del d\u00eda.<br \/>\nHasta este momento, los diputados no han establecido acuerdo alguno sobre esa reestructuraci\u00f3n de la deuda; sin embargo, nos comentan que ese asunto quedar\u00e1 resuelto con el consenso de los diputados de PAN, PRD, PRI y \u201cJuntos por Veracruz\u201d.<br \/>\nLos legisladores locales de Morena, mientras tanto, ya adelantaron que su voto ser\u00e1 en contra de la propuesta de Yunes Linares; incluso, el dirigente estatal, Manuel Huerta Ladr\u00f3n de Guevara, advirti\u00f3 que se retirar\u00eda la militancia a los diputados que voten a favor de la reestructuraci\u00f3n, dado que esa iniciativa representa que las malas pr\u00e1cticas en que habr\u00edan incurrido los ex gobernadores Fidel Herrera y Javier Duarte contin\u00faen con el actual gobierno.<\/p>\n<p><strong>La compraventa de conciencias<\/strong><br \/>\nAnte la falta de acuerdos, de forma reciente la diputada presidenta de la Mesa Directiva, Mar\u00eda Elisa Manterola Sainz subray\u00f3 que el dictamen de la reestructuraci\u00f3n de la deuda no ha sido aprobado porque \u201cno hay dinero para comprar conciencias\u201d; por supuesto, el comentario fue visto como pol\u00edticamente incorrecto, porque deja en evidencia a los responsables de dicha negociaci\u00f3n entre las diferentes fuerzas legislativas. Uno se preguntar\u00eda, con raz\u00f3n, si no es posible establecer acuerdos sin dinero de por medio.<br \/>\nSin embargo, hay otra interpretaci\u00f3n a la frase de la presidenta de la Mesa Directiva y \u00e9sta tiene que ver con las viejas costumbres que prevalecieron durante a\u00f1os en ese poder, donde seg\u00fan la leyenda urbana que circula en los pasillos del recinto legislativo, los diputados recib\u00edan jugosas compensaciones cada vez que aprobaban un tema tan escabroso como el que se relaciona con la deuda estatal.<br \/>\nEsa costumbre, la de recibir dinero y favores a cambio del voto, que volv\u00eda todav\u00eda m\u00e1s lucrativo el cargo de los diputados locales, ha quedado en el pasado, probablemente no por falta de intenci\u00f3n, sino por carencia de recursos, lo que vuelve m\u00e1s interesante el proceso de discusi\u00f3n en la Legislatura.<\/p>\n<p>@luisromero85<\/p>\n","protected":false},"excerpt":{"rendered":"<p>Luis Alberto Romero Hora Cero &nbsp; A pesar del voto en contra de los diputados del Movimiento de Regeneraci\u00f3n Nacional, Morena, en la Legislatura veracruzana se da pr\u00e1cticamente como un hecho la reestructuraci\u00f3n de la deuda del gobierno estatal, propuesta por el ejecutivo. Panistas, perredistas, as\u00ed como algunos integrantes de la bancada del PRI y [&hellip;]<\/p>\n","protected":false},"author":2,"featured_media":0,"comment_status":"open","ping_status":"open","sticky":false,"template":"","format":"standard","meta":{"tdm_status":"","tdm_grid_status":"","footnotes":""},"categories":[70],"tags":[79,162,6677,346,3857],"class_list":{"0":"post-31313","1":"post","2":"type-post","3":"status-publish","4":"format-standard","6":"category-de-opinion","7":"tag-fidel-herrera","8":"tag-javier-duarte","9":"tag-juntos-por-veracruz","10":"tag-miguel-aleman","11":"tag-reestructuracion-de-la-deuda"},"yoast_head":"<!-- This site is optimized with the Yoast SEO plugin v27.4 - https:\/\/yoast.com\/product\/yoast-seo-wordpress\/ -->\n<title>La inminente reestructuraci\u00f3n de la deuda veracruzana - Los pol\u00edticos Veracruz<\/title>\n<meta name=\"robots\" content=\"index, follow, max-snippet:-1, max-image-preview:large, max-video-preview:-1\" \/>\n<link rel=\"canonical\" href=\"https:\/\/lospoliticosveracruz.com\/?p=31313\" \/>\n<meta property=\"og:locale\" content=\"es_ES\" \/>\n<meta property=\"og:type\" content=\"article\" \/>\n<meta property=\"og:title\" content=\"La inminente reestructuraci\u00f3n de la deuda veracruzana - Los pol\u00edticos Veracruz\" \/>\n<meta property=\"og:description\" content=\"Luis Alberto Romero Hora Cero &nbsp; A pesar del voto en contra de los diputados del Movimiento de Regeneraci\u00f3n Nacional, Morena, en la Legislatura veracruzana se da pr\u00e1cticamente como un hecho la reestructuraci\u00f3n de la deuda del gobierno estatal, propuesta por el ejecutivo. Panistas, perredistas, as\u00ed como algunos integrantes de la bancada del PRI y [&hellip;]\" \/>\n<meta property=\"og:url\" content=\"https:\/\/lospoliticosveracruz.com\/?p=31313\" \/>\n<meta property=\"og:site_name\" content=\"Los pol\u00edticos Veracruz\" \/>\n<meta property=\"article:publisher\" content=\"https:\/\/www.facebook.com\/people\/Notimemes-de-los-Polticos\/61565672886568\/\" \/>\n<meta property=\"article:published_time\" content=\"2017-03-10T22:20:15+00:00\" \/>\n<meta property=\"article:modified_time\" content=\"2017-03-10T22:59:48+00:00\" \/>\n<meta property=\"og:image\" content=\"https:\/\/lospoliticosveracruz.com\/wp-content\/uploads\/2016\/07\/Logo-Dor.jpg\" \/>\n\t<meta property=\"og:image:width\" content=\"200\" \/>\n\t<meta property=\"og:image:height\" content=\"200\" \/>\n\t<meta property=\"og:image:type\" content=\"image\/jpeg\" \/>\n<meta name=\"author\" content=\"Lo viste en Los Pol\u00edticos\" \/>\n<meta name=\"twitter:card\" content=\"summary_large_image\" \/>\n<meta name=\"twitter:creator\" content=\"@LosPoliticosVer\" \/>\n<meta name=\"twitter:site\" content=\"@LosPoliticosVer\" \/>\n<meta name=\"twitter:label1\" content=\"Escrito por\" \/>\n\t<meta name=\"twitter:data1\" content=\"Lo viste en Los Pol\u00edticos\" \/>\n\t<meta name=\"twitter:label2\" content=\"Tiempo de lectura\" \/>\n\t<meta name=\"twitter:data2\" content=\"4 minutos\" \/>\n<script type=\"application\/ld+json\" class=\"yoast-schema-graph\">{\"@context\":\"https:\\\/\\\/schema.org\",\"@graph\":[{\"@type\":\"Article\",\"@id\":\"https:\\\/\\\/lospoliticosveracruz.com\\\/?p=31313#article\",\"isPartOf\":{\"@id\":\"https:\\\/\\\/lospoliticosveracruz.com\\\/?p=31313\"},\"author\":{\"name\":\"Lo viste en Los Pol\u00edticos\",\"@id\":\"https:\\\/\\\/lospoliticosveracruz.com\\\/#\\\/schema\\\/person\\\/b8702bb0e538456e6efd07080bf2a4a2\"},\"headline\":\"La inminente reestructuraci\u00f3n de la deuda veracruzana\",\"datePublished\":\"2017-03-10T22:20:15+00:00\",\"dateModified\":\"2017-03-10T22:59:48+00:00\",\"mainEntityOfPage\":{\"@id\":\"https:\\\/\\\/lospoliticosveracruz.com\\\/?p=31313\"},\"wordCount\":900,\"commentCount\":0,\"publisher\":{\"@id\":\"https:\\\/\\\/lospoliticosveracruz.com\\\/#organization\"},\"keywords\":[\"Fidel Herrera\",\"Javier Duarte\",\"Juntos por Veracruz\",\"Miguel Alem\u00e1n\",\"reestructuraci\u00f3n de la deuda\"],\"articleSection\":[\"De Opini\u00f3n\"],\"inLanguage\":\"es\",\"potentialAction\":[{\"@type\":\"CommentAction\",\"name\":\"Comment\",\"target\":[\"https:\\\/\\\/lospoliticosveracruz.com\\\/?p=31313#respond\"]}]},{\"@type\":\"WebPage\",\"@id\":\"https:\\\/\\\/lospoliticosveracruz.com\\\/?p=31313\",\"url\":\"https:\\\/\\\/lospoliticosveracruz.com\\\/?p=31313\",\"name\":\"La inminente reestructuraci\u00f3n de la deuda veracruzana - Los pol\u00edticos Veracruz\",\"isPartOf\":{\"@id\":\"https:\\\/\\\/lospoliticosveracruz.com\\\/#website\"},\"datePublished\":\"2017-03-10T22:20:15+00:00\",\"dateModified\":\"2017-03-10T22:59:48+00:00\",\"breadcrumb\":{\"@id\":\"https:\\\/\\\/lospoliticosveracruz.com\\\/?p=31313#breadcrumb\"},\"inLanguage\":\"es\",\"potentialAction\":[{\"@type\":\"ReadAction\",\"target\":[\"https:\\\/\\\/lospoliticosveracruz.com\\\/?p=31313\"]}]},{\"@type\":\"BreadcrumbList\",\"@id\":\"https:\\\/\\\/lospoliticosveracruz.com\\\/?p=31313#breadcrumb\",\"itemListElement\":[{\"@type\":\"ListItem\",\"position\":1,\"name\":\"Portada\",\"item\":\"https:\\\/\\\/lospoliticosveracruz.com\\\/\"},{\"@type\":\"ListItem\",\"position\":2,\"name\":\"La inminente reestructuraci\u00f3n de la deuda veracruzana\"}]},{\"@type\":\"WebSite\",\"@id\":\"https:\\\/\\\/lospoliticosveracruz.com\\\/#website\",\"url\":\"https:\\\/\\\/lospoliticosveracruz.com\\\/\",\"name\":\"Los pol\u00edticos Veracruz\",\"description\":\"\",\"publisher\":{\"@id\":\"https:\\\/\\\/lospoliticosveracruz.com\\\/#organization\"},\"potentialAction\":[{\"@type\":\"SearchAction\",\"target\":{\"@type\":\"EntryPoint\",\"urlTemplate\":\"https:\\\/\\\/lospoliticosveracruz.com\\\/?s={search_term_string}\"},\"query-input\":{\"@type\":\"PropertyValueSpecification\",\"valueRequired\":true,\"valueName\":\"search_term_string\"}}],\"inLanguage\":\"es\"},{\"@type\":\"Organization\",\"@id\":\"https:\\\/\\\/lospoliticosveracruz.com\\\/#organization\",\"name\":\"Los pol\u00edticos Veracruz\",\"url\":\"https:\\\/\\\/lospoliticosveracruz.com\\\/\",\"logo\":{\"@type\":\"ImageObject\",\"inLanguage\":\"es\",\"@id\":\"https:\\\/\\\/lospoliticosveracruz.com\\\/#\\\/schema\\\/logo\\\/image\\\/\",\"url\":\"https:\\\/\\\/lospoliticosveracruz.com\\\/wp-content\\\/uploads\\\/2025\\\/12\\\/Logo-Nuevo-LOS-POLITICOS-1.jpg\",\"contentUrl\":\"https:\\\/\\\/lospoliticosveracruz.com\\\/wp-content\\\/uploads\\\/2025\\\/12\\\/Logo-Nuevo-LOS-POLITICOS-1.jpg\",\"width\":260,\"height\":70,\"caption\":\"Los pol\u00edticos Veracruz\"},\"image\":{\"@id\":\"https:\\\/\\\/lospoliticosveracruz.com\\\/#\\\/schema\\\/logo\\\/image\\\/\"},\"sameAs\":[\"https:\\\/\\\/www.facebook.com\\\/people\\\/Notimemes-de-los-Polticos\\\/61565672886568\\\/\",\"https:\\\/\\\/x.com\\\/LosPoliticosVer\"]},{\"@type\":\"Person\",\"@id\":\"https:\\\/\\\/lospoliticosveracruz.com\\\/#\\\/schema\\\/person\\\/b8702bb0e538456e6efd07080bf2a4a2\",\"name\":\"Lo viste en Los Pol\u00edticos\",\"image\":{\"@type\":\"ImageObject\",\"inLanguage\":\"es\",\"@id\":\"https:\\\/\\\/secure.gravatar.com\\\/avatar\\\/3a8de04a2656d44082be478bd6c086daa447c4651605818287b9532d3d0bd435?s=96&d=mm&r=g\",\"url\":\"https:\\\/\\\/secure.gravatar.com\\\/avatar\\\/3a8de04a2656d44082be478bd6c086daa447c4651605818287b9532d3d0bd435?s=96&d=mm&r=g\",\"contentUrl\":\"https:\\\/\\\/secure.gravatar.com\\\/avatar\\\/3a8de04a2656d44082be478bd6c086daa447c4651605818287b9532d3d0bd435?s=96&d=mm&r=g\",\"caption\":\"Lo viste en Los Pol\u00edticos\"},\"url\":\"https:\\\/\\\/lospoliticosveracruz.com\\\/?author=2\"}]}<\/script>\n<!-- \/ Yoast SEO plugin. -->","yoast_head_json":{"title":"La inminente reestructuraci\u00f3n de la deuda veracruzana - Los pol\u00edticos Veracruz","robots":{"index":"index","follow":"follow","max-snippet":"max-snippet:-1","max-image-preview":"max-image-preview:large","max-video-preview":"max-video-preview:-1"},"canonical":"https:\/\/lospoliticosveracruz.com\/?p=31313","og_locale":"es_ES","og_type":"article","og_title":"La inminente reestructuraci\u00f3n de la deuda veracruzana - Los pol\u00edticos Veracruz","og_description":"Luis Alberto Romero Hora Cero &nbsp; A pesar del voto en contra de los diputados del Movimiento de Regeneraci\u00f3n Nacional, Morena, en la Legislatura veracruzana se da pr\u00e1cticamente como un hecho la reestructuraci\u00f3n de la deuda del gobierno estatal, propuesta por el ejecutivo. Panistas, perredistas, as\u00ed como algunos integrantes de la bancada del PRI y [&hellip;]","og_url":"https:\/\/lospoliticosveracruz.com\/?p=31313","og_site_name":"Los pol\u00edticos Veracruz","article_publisher":"https:\/\/www.facebook.com\/people\/Notimemes-de-los-Polticos\/61565672886568\/","article_published_time":"2017-03-10T22:20:15+00:00","article_modified_time":"2017-03-10T22:59:48+00:00","og_image":[{"width":200,"height":200,"url":"https:\/\/lospoliticosveracruz.com\/wp-content\/uploads\/2016\/07\/Logo-Dor.jpg","type":"image\/jpeg"}],"author":"Lo viste en Los Pol\u00edticos","twitter_card":"summary_large_image","twitter_creator":"@LosPoliticosVer","twitter_site":"@LosPoliticosVer","twitter_misc":{"Escrito por":"Lo viste en Los Pol\u00edticos","Tiempo de lectura":"4 minutos"},"schema":{"@context":"https:\/\/schema.org","@graph":[{"@type":"Article","@id":"https:\/\/lospoliticosveracruz.com\/?p=31313#article","isPartOf":{"@id":"https:\/\/lospoliticosveracruz.com\/?p=31313"},"author":{"name":"Lo viste en Los Pol\u00edticos","@id":"https:\/\/lospoliticosveracruz.com\/#\/schema\/person\/b8702bb0e538456e6efd07080bf2a4a2"},"headline":"La inminente reestructuraci\u00f3n de la deuda veracruzana","datePublished":"2017-03-10T22:20:15+00:00","dateModified":"2017-03-10T22:59:48+00:00","mainEntityOfPage":{"@id":"https:\/\/lospoliticosveracruz.com\/?p=31313"},"wordCount":900,"commentCount":0,"publisher":{"@id":"https:\/\/lospoliticosveracruz.com\/#organization"},"keywords":["Fidel Herrera","Javier Duarte","Juntos por Veracruz","Miguel Alem\u00e1n","reestructuraci\u00f3n de la deuda"],"articleSection":["De Opini\u00f3n"],"inLanguage":"es","potentialAction":[{"@type":"CommentAction","name":"Comment","target":["https:\/\/lospoliticosveracruz.com\/?p=31313#respond"]}]},{"@type":"WebPage","@id":"https:\/\/lospoliticosveracruz.com\/?p=31313","url":"https:\/\/lospoliticosveracruz.com\/?p=31313","name":"La inminente reestructuraci\u00f3n de la deuda veracruzana - Los pol\u00edticos Veracruz","isPartOf":{"@id":"https:\/\/lospoliticosveracruz.com\/#website"},"datePublished":"2017-03-10T22:20:15+00:00","dateModified":"2017-03-10T22:59:48+00:00","breadcrumb":{"@id":"https:\/\/lospoliticosveracruz.com\/?p=31313#breadcrumb"},"inLanguage":"es","potentialAction":[{"@type":"ReadAction","target":["https:\/\/lospoliticosveracruz.com\/?p=31313"]}]},{"@type":"BreadcrumbList","@id":"https:\/\/lospoliticosveracruz.com\/?p=31313#breadcrumb","itemListElement":[{"@type":"ListItem","position":1,"name":"Portada","item":"https:\/\/lospoliticosveracruz.com\/"},{"@type":"ListItem","position":2,"name":"La inminente reestructuraci\u00f3n de la deuda veracruzana"}]},{"@type":"WebSite","@id":"https:\/\/lospoliticosveracruz.com\/#website","url":"https:\/\/lospoliticosveracruz.com\/","name":"Los pol\u00edticos Veracruz","description":"","publisher":{"@id":"https:\/\/lospoliticosveracruz.com\/#organization"},"potentialAction":[{"@type":"SearchAction","target":{"@type":"EntryPoint","urlTemplate":"https:\/\/lospoliticosveracruz.com\/?s={search_term_string}"},"query-input":{"@type":"PropertyValueSpecification","valueRequired":true,"valueName":"search_term_string"}}],"inLanguage":"es"},{"@type":"Organization","@id":"https:\/\/lospoliticosveracruz.com\/#organization","name":"Los pol\u00edticos Veracruz","url":"https:\/\/lospoliticosveracruz.com\/","logo":{"@type":"ImageObject","inLanguage":"es","@id":"https:\/\/lospoliticosveracruz.com\/#\/schema\/logo\/image\/","url":"https:\/\/lospoliticosveracruz.com\/wp-content\/uploads\/2025\/12\/Logo-Nuevo-LOS-POLITICOS-1.jpg","contentUrl":"https:\/\/lospoliticosveracruz.com\/wp-content\/uploads\/2025\/12\/Logo-Nuevo-LOS-POLITICOS-1.jpg","width":260,"height":70,"caption":"Los pol\u00edticos Veracruz"},"image":{"@id":"https:\/\/lospoliticosveracruz.com\/#\/schema\/logo\/image\/"},"sameAs":["https:\/\/www.facebook.com\/people\/Notimemes-de-los-Polticos\/61565672886568\/","https:\/\/x.com\/LosPoliticosVer"]},{"@type":"Person","@id":"https:\/\/lospoliticosveracruz.com\/#\/schema\/person\/b8702bb0e538456e6efd07080bf2a4a2","name":"Lo viste en Los Pol\u00edticos","image":{"@type":"ImageObject","inLanguage":"es","@id":"https:\/\/secure.gravatar.com\/avatar\/3a8de04a2656d44082be478bd6c086daa447c4651605818287b9532d3d0bd435?s=96&d=mm&r=g","url":"https:\/\/secure.gravatar.com\/avatar\/3a8de04a2656d44082be478bd6c086daa447c4651605818287b9532d3d0bd435?s=96&d=mm&r=g","contentUrl":"https:\/\/secure.gravatar.com\/avatar\/3a8de04a2656d44082be478bd6c086daa447c4651605818287b9532d3d0bd435?s=96&d=mm&r=g","caption":"Lo viste en Los Pol\u00edticos"},"url":"https:\/\/lospoliticosveracruz.com\/?author=2"}]}},"_links":{"self":[{"href":"https:\/\/lospoliticosveracruz.com\/index.php?rest_route=\/wp\/v2\/posts\/31313","targetHints":{"allow":["GET"]}}],"collection":[{"href":"https:\/\/lospoliticosveracruz.com\/index.php?rest_route=\/wp\/v2\/posts"}],"about":[{"href":"https:\/\/lospoliticosveracruz.com\/index.php?rest_route=\/wp\/v2\/types\/post"}],"author":[{"embeddable":true,"href":"https:\/\/lospoliticosveracruz.com\/index.php?rest_route=\/wp\/v2\/users\/2"}],"replies":[{"embeddable":true,"href":"https:\/\/lospoliticosveracruz.com\/index.php?rest_route=%2Fwp%2Fv2%2Fcomments&post=31313"}],"version-history":[{"count":2,"href":"https:\/\/lospoliticosveracruz.com\/index.php?rest_route=\/wp\/v2\/posts\/31313\/revisions"}],"predecessor-version":[{"id":31315,"href":"https:\/\/lospoliticosveracruz.com\/index.php?rest_route=\/wp\/v2\/posts\/31313\/revisions\/31315"}],"wp:attachment":[{"href":"https:\/\/lospoliticosveracruz.com\/index.php?rest_route=%2Fwp%2Fv2%2Fmedia&parent=31313"}],"wp:term":[{"taxonomy":"category","embeddable":true,"href":"https:\/\/lospoliticosveracruz.com\/index.php?rest_route=%2Fwp%2Fv2%2Fcategories&post=31313"},{"taxonomy":"post_tag","embeddable":true,"href":"https:\/\/lospoliticosveracruz.com\/index.php?rest_route=%2Fwp%2Fv2%2Ftags&post=31313"}],"curies":[{"name":"wp","href":"https:\/\/api.w.org\/{rel}","templated":true}]}}